{"id":91561,"date":"2025-05-11T10:18:09","date_gmt":"2025-05-11T10:18:09","guid":{"rendered":"https:\/\/www.europesays.com\/fr\/91561\/"},"modified":"2025-05-11T10:18:09","modified_gmt":"2025-05-11T10:18:09","slug":"si-vous-trompez-marc-lavoine-lea-salame-met-les-pieds-dans-le-plat-face-a-adriana-karembeu","status":"publish","type":"post","link":"https:\/\/www.europesays.com\/fr\/91561\/","title":{"rendered":"\u201cSi vous trompez Marc Lavoine\u2026\u201d : L\u00e9a Salam\u00e9 met les pieds dans le plat face \u00e0 Adriana Karembeu"},"content":{"rendered":"<p>Ce samedi 10 mai 2025, l&rsquo;\u00e9mission \u00ab\u00a0Quelle \u00c9poque\u00a0\u00bb a r\u00e9uni<br \/>\n<a href=\"https:\/\/www.closermag.fr\/people\/cest-arrive-a-ma-mere-adriana-karembeu-parle-de-marc-lavoine-et-ca-fait-ecarquiller-les-yeux-3543563\" target=\"_blank\" rel=\"noopener\"><br \/>\nAdriana Karembeu<\/a> et Thierry Ardisson autour de L\u00e9a Salam\u00e9. Une<br \/>\nrencontre sous forme de retrouvailles pour les deux invit\u00e9s,<br \/>\nanciennement complices \u00e0 l&rsquo;\u00e9cran. Pour marquer le coup,<br \/>\nl&rsquo;animatrice a diffus\u00e9 un extrait d&rsquo;une ancienne \u00e9mission o\u00f9<br \/>\nArdisson interviewait la mannequin. Une archive qui a vite fait<br \/>\nmonter la temp\u00e9rature sur le plateau.<\/p>\n<p>Une archive qui s\u00e8me le trouble<\/p>\n<p>Dans la vid\u00e9o projet\u00e9e en plateau, on retrouve <a href=\"https:\/\/www.closermag.fr\/people\/je-les-ai-sexualisees-thierry-ardisson-sattaque-aux-feministes-et-ca-ne-va-pas-arranger-son-cas-3543342\" target=\"_blank\" rel=\"noopener\"><br \/>\nThierry Ardisson<\/a> en pleine interview avec Adriana Karembeu.<br \/>\nFid\u00e8le \u00e0 son style provocateur, l&rsquo;homme en noir posait alors une<br \/>\nquestion d\u00e9licate : \u00ab\u00a0Si vous trompez, est-ce que vous lui<br \/>\ndiriez ?\u00a0\u00bb Face \u00e0 lui, Adriana avait r\u00e9pondu simplement :<br \/>\n\u00ab\u00a0Non\u00a0\u00bb. Une r\u00e9action qui n&rsquo;a pas manqu\u00e9 d&rsquo;inspirer L\u00e9a<br \/>\nSalam\u00e9, toujours prompte \u00e0 relancer ses invit\u00e9s.<\/p>\n<p>D&rsquo;un ton vif, l&rsquo;animatrice a alors interpell\u00e9 Adriana Karembeu<br \/>\nen la ramenant \u00e0 sa situation actuelle : \u00ab\u00a0Donc si vous trompez<br \/>\nMarc Lavoine, vous ne lui diriez pas ?\u00a0\u00bb Une r\u00e9f\u00e9rence<br \/>\nexplicite \u00e0 la rumeur persistante d&rsquo;une relation entre la mannequin<br \/>\net le chanteur. Visiblement prise au d\u00e9pourvu, Adriana Karembeu a<br \/>\ntent\u00e9 de balayer l&#8217;embarras : \u00ab\u00a0Non \u00e7a ne peut jamais<br \/>\narriver\u00a0\u00bb, a-t-elle d\u00e9clar\u00e9 sans s&rsquo;\u00e9tendre.<\/p>\n<p>L\u00e9a Salam\u00e9 relance, Adriana reste<br \/>\nlaconique<\/p>\n<p>L\u00e9a Salam\u00e9 ne s&rsquo;est pas arr\u00eat\u00e9e l\u00e0. Rebondissant sur la r\u00e9action<br \/>\n\u00e9vasive de son invit\u00e9e, elle a poursuivi en glissant une remarque<br \/>\nteint\u00e9e d&rsquo;ironie : \u00a0\u00bb Bah dis donc, \u00e7a tient cette histoire, on<br \/>\nadore\u00a0\u00bb. Puis, dans la foul\u00e9e, elle a encha\u00een\u00e9 avec une<br \/>\nquestion plus douce mais tout aussi personnelle : \u00ab\u00a0C&rsquo;est quoi<br \/>\nle secret, est-ce que vous vous apaisez l&rsquo;un l&rsquo;autre ?\u00a0\u00bb<\/p>\n<p>La r\u00e9ponse d&rsquo;Adriana Karembeu, toujours aussi mesur\u00e9e, est<br \/>\nrest\u00e9e dans le registre de l&rsquo;\u00e9motion : \u00ab\u00a0Les histoires d&rsquo;amour,<br \/>\non ne les choisit pas, on aime et voil\u00e0 tout\u00a0\u00bb. Une phrase<br \/>\ncourte, sans commentaires suppl\u00e9mentaires, comme pour mettre fin au<br \/>\nsujet sans s&rsquo;y attarder davantage.<\/p>\n<p>Rappelons qu\u2019Adriana Karembeu et <a href=\"https:\/\/www.closermag.fr\/people\/ca-peut-durer-des-heures-adriana-karembeu-fait-des-confidences-sur-sa-vie-de-couple-avec-marc-lavoine-3542065\" target=\"_blank\" rel=\"noopener\"><br \/>\nMarc Lavoine<\/a> sont en couple depuis pr\u00e8s d\u2019un an. C\u2019est dans le<br \/>\nnum\u00e9ro du 24 juin 2024 de Paris Match que le grand public a<br \/>\nd\u00e9couvert leur idylle amoureuse. Leur derni\u00e8re apparition publique<br \/>\nremonte au 5 mai dernier o\u00f9 ils ont enregistr\u00e9 l\u2019\u00e9mission Vivement<br \/>\nDimanche, anim\u00e9e par Michel Drucker.<\/p>\n","protected":false},"excerpt":{"rendered":"Ce samedi 10 mai 2025, l&rsquo;\u00e9mission \u00ab\u00a0Quelle \u00c9poque\u00a0\u00bb a r\u00e9uni Adriana Karembeu et Thierry Ardisson autour de L\u00e9a&hellip;\n","protected":false},"author":2,"featured_media":91562,"comment_status":"","ping_status":"","sticky":false,"template":"","format":"standard","meta":{"footnotes":""},"categories":[1356],"tags":[6382,548,58,59,1011,27,3806,7593,252,1364],"class_list":{"0":"post-91561","1":"post","2":"type-post","3":"status-publish","4":"format-standard","5":"has-post-thumbnail","7":"category-television","8":"tag-adriana-karembeu","9":"tag-article-simple","10":"tag-divertissement","11":"tag-entertainment","12":"tag-fr","13":"tag-france","14":"tag-lea-salame","15":"tag-marc-lavoine","16":"tag-television","17":"tag-tv"},"share_on_mastodon":{"url":"https:\/\/pubeurope.com\/@fr\/114488692121231187","error":""},"_links":{"self":[{"href":"https:\/\/www.europesays.com\/fr\/wp-json\/wp\/v2\/posts\/91561","targetHints":{"allow":["GET"]}}],"collection":[{"href":"https:\/\/www.europesays.com\/fr\/wp-json\/wp\/v2\/posts"}],"about":[{"href":"https:\/\/www.europesays.com\/fr\/wp-json\/wp\/v2\/types\/post"}],"author":[{"embeddable":true,"href":"https:\/\/www.europesays.com\/fr\/wp-json\/wp\/v2\/users\/2"}],"replies":[{"embeddable":true,"href":"https:\/\/www.europesays.com\/fr\/wp-json\/wp\/v2\/comments?post=91561"}],"version-history":[{"count":0,"href":"https:\/\/www.europesays.com\/fr\/wp-json\/wp\/v2\/posts\/91561\/revisions"}],"wp:featuredmedia":[{"embeddable":true,"href":"https:\/\/www.europesays.com\/fr\/wp-json\/wp\/v2\/media\/91562"}],"wp:attachment":[{"href":"https:\/\/www.europesays.com\/fr\/wp-json\/wp\/v2\/media?parent=91561"}],"wp:term":[{"taxonomy":"category","embeddable":true,"href":"https:\/\/www.europesays.com\/fr\/wp-json\/wp\/v2\/categories?post=91561"},{"taxonomy":"post_tag","embeddable":true,"href":"https:\/\/www.europesays.com\/fr\/wp-json\/wp\/v2\/tags?post=91561"}],"curies":[{"name":"wp","href":"https:\/\/api.w.org\/{rel}","templated":true}]}}