{"id":91577,"date":"2025-05-11T10:26:14","date_gmt":"2025-05-11T10:26:14","guid":{"rendered":"https:\/\/www.europesays.com\/fr\/91577\/"},"modified":"2025-05-11T10:26:14","modified_gmt":"2025-05-11T10:26:14","slug":"leon-xiv-dans-un-sanctuaire-augustinien-et-sur-la-tombe-de-francois","status":"publish","type":"post","link":"https:\/\/www.europesays.com\/fr\/91577\/","title":{"rendered":"L\u00e9on XIV dans un sanctuaire augustinien et sur la tombe de Fran\u00e7ois"},"content":{"rendered":"<p>En fin d&rsquo;apr\u00e8s-midi ce samedi 10 mai, \u00e0 son retour du sanctuaire de Notre-Dame du Bon Conseil, confi\u00e9 \u00e0 des religieux augustiniens, le Pape L\u00e9on XIV s&rsquo;est rendu \u00e0 Sainte-Marie-Majeure.&#13;\n<\/p>\n<p><b>Vatican News<\/b><\/p>\n<p>Pour sa premi\u00e8re visite surprise, ce samedi 10 mai, le Pape L\u00e9on XIV a choisi de se rendre sur la tombe de Fran\u00e7ois, dans la basilique Sainte-Marie-Majeure. Il s\u2019est agenouill\u00e9 aupr\u00e8s de la pierre tombale, et a d\u00e9pos\u00e9 une rose blanche.\u00a0<\/p>\n<p>    <img decoding=\"async\" src=\"data:image\/gif;base64,R0lGODlhAQABAIAAAAAAAP\/\/\/yH5BAEAAAAALAAAAAABAAEAAAIBRAA7\" data-original=\"https:\/\/www.vaticannews.va\/content\/dam\/vaticannews\/agenzie\/images\/srv\/2025\/05\/10\/2025-05-10-visita-santa-maria-maggiore-\/1746899215360.jpg\/_jcr_content\/renditions\/cq5dam.thumbnail.cropped.750.422.jpeg\" alt=\"L\u00e9on XIV devant la tombe de Fran\u00e7ois \u00e0 Sainte Marie Majeure\" title=\"L\u00e9on XIV devant la tombe de Fran\u00e7ois \u00e0 Sainte Marie Majeure\"\/><\/p>\n<p>\n   L\u00e9on XIV devant la tombe de Fran\u00e7ois \u00e0 Sainte Marie Majeure \u00a0 (@Vatican Media)\n  <\/p>\n<p>Plus t\u00f4t dans l\u2019apr\u00e8s-midi, il a fait un autre d\u00e9placement dans un lieu symbolique, un sanctuaire \u00e0 une soixantaine kilom\u00e8tres de Rome, cher \u00e0 l\u2019Ordre de Saint-Augustin pr\u00e9sents depuis le XIIIe si\u00e8cle: le Sanctuaire de Notre-Dame-du-Bon-Conseil \u00e0 Genazzano. Le Souverain pontife s&rsquo;y est rendu vers 16 heures pour une visite priv\u00e9e.<\/p>\n<p>Confi\u00e9 aux religieux augustiniens, le sanctuaire abrite une ancienne repr\u00e9sentation de la Vierge, provenant de Shkod\u00ebr en Albanie, ch\u00e8re \u00e0 l&rsquo;ordre et \u00e0 la m\u00e9moire de L\u00e9on XIII. Le Souverain pontife du XIXe si\u00e8cle n&rsquo;a jamais pu la visiter, enferm\u00e9 \u00e0 l\u2019\u00e9poque au Vatican, mais l&rsquo;a \u00e9lev\u00e9e \u00e0 la dignit\u00e9 de basilique mineure en 1903. D&rsquo;autres Papes ont visit\u00e9 Notre-Dame-du-Bon-Conseil: Jean XXIII en 1959 et Jean-Paul II en 1993. Mais le 25 avril 2024, c&rsquo;est le futur Pape L\u00e9on XIV, alors cardinal, qui a c\u00e9l\u00e9br\u00e9 la messe au sanctuaire en la f\u00eate de Notre-Dame-du-Bon-Conseil. Dans son hom\u00e9lie, le cardinal Pr\u00e9vost avait alors exprim\u00e9 sa d\u00e9votion \u00e0 la Vierge, exhortant les fid\u00e8les \u00e0 s&rsquo;inspirer de Marie pour r\u00e9pandre la paix et la r\u00e9conciliation dans le monde.<\/p>\n<p>    <img decoding=\"async\" src=\"data:image\/gif;base64,R0lGODlhAQABAIAAAAAAAP\/\/\/yH5BAEAAAAALAAAAAABAAEAAAIBRAA7\" data-original=\"https:\/\/www.vaticannews.va\/content\/dam\/vaticannews\/multimedia\/2025\/maggio\/10\/WhatsApp-Image-2025-05-10-at-16.52.12.jpg\/_jcr_content\/renditions\/cq5dam.thumbnail.cropped.750.422.jpeg\" alt=\"Le Pape avec le recteur du sanctuaire. \" title=\"Le Pape avec le recteur du sanctuaire. \"\/><\/p>\n<p>\n   Le Pape avec le recteur du sanctuaire.\n  <\/p>\n<p><b>Saluer le peuple et prier la Vierge<\/b> <\/p>\n<p>Ce samedi 10 mai, le Pape L\u00e9on est arriv\u00e9 dans un minivan Volkswagen, assis sur le si\u00e8ge avant. Il a \u00e9t\u00e9 accueilli par une foule festive de centaines de personnes rassembl\u00e9es sur la place ou regardant par les fen\u00eatres et les balcons. Beaucoup criaient\u00a0\u00abLeone, Leone\u00bb (\u00abL\u00e9on, L\u00e9on\u00bb en fran\u00e7ais) et les rues avoisinantes se sont peu \u00e0 peu remplies. En entrant dans l&rsquo;\u00e9glise, o\u00f9 il a salu\u00e9 les religieux, le Souverain pontife s&rsquo;est arr\u00eat\u00e9 pour prier, d&rsquo;abord devant l&rsquo;autel, puis devant l&rsquo;image de la Vierge, d\u00e9posant un bouquet de roses blanches. Au sanctuaire, L\u00e9on XIV a fait don d&rsquo;un calice et d&rsquo;une pat\u00e8ne. Avec les personnes pr\u00e9sentes, il a r\u00e9cit\u00e9 la pri\u00e8re de Jean-Paul II \u00e0 Notre-Dame-du-Bon-Conseil.<\/p>\n<p>    <img decoding=\"async\" src=\"data:image\/gif;base64,R0lGODlhAQABAIAAAAAAAP\/\/\/yH5BAEAAAAALAAAAAABAAEAAAIBRAA7\" data-original=\"https:\/\/www.vaticannews.va\/content\/dam\/vaticannews\/multimedia\/2025\/maggio\/10\/WhatsApp-Image-2025-05-10-at-16.52.15.jpg\/_jcr_content\/renditions\/cq5dam.thumbnail.cropped.750.422.jpeg\" alt=\"Notre-Dame-du-Bon-Conseil \u00e0 Genazzano\" title=\"Notre-Dame-du-Bon-Conseil \u00e0 Genazzano\"\/><\/p>\n<p>\n   Notre-Dame-du-Bon-Conseil \u00e0 Genazzano\n  <\/p>\n<p><b>D\u00e9votion mariale<\/b> <\/p>\n<p>\u00c0 la fin, apr\u00e8s la pri\u00e8re de l\u2019Ave Maria et le chant du Salve Regina, le Pape s&rsquo;est adress\u00e9 aux personnes pr\u00e9sentes dans l&rsquo;\u00e9glise, les saluant ainsi que les habitants de Genazzano rassembl\u00e9s \u00e0 l&rsquo;ext\u00e9rieur: \u00abJ&rsquo;ai tant voulu venir ici en ces premiers jours du nouveau minist\u00e8re que l&rsquo;\u00c9glise m&rsquo;a confi\u00e9, pour mener \u00e0 bien cette mission de Successeur de Pierre\u00bb. Rappelant sa visite apr\u00e8s son \u00e9lection comme prieur g\u00e9n\u00e9ral de l&rsquo;ordre de Saint-Augustin, et son choix d&rsquo;\u00aboffrir sa vie \u00e0 l&rsquo;\u00c9glise\u00bb, L\u00e9on XIV a r\u00e9it\u00e9r\u00e9 sa \u00abconfiance en Notre-Dame-du-Bon-Conseil\u00bb, compagne de \u00ablumi\u00e8re, de sagesse\u00bb, avec les paroles adress\u00e9es par Marie aux serviteurs le jour des Noces de Cana, rapport\u00e9es dans l&rsquo;\u00c9vangile de Jean: \u00abTout ce qu\u2019il vous dira, faites-le\u00bb. Avec la communaut\u00e9 de religieux, le Pape s&rsquo;est ensuite rendu dans une salle int\u00e9rieure pour un entretien priv\u00e9.<\/p>\n<p>    <img decoding=\"async\" src=\"data:image\/gif;base64,R0lGODlhAQABAIAAAAAAAP\/\/\/yH5BAEAAAAALAAAAAABAAEAAAIBRAA7\" data-original=\"https:\/\/www.vaticannews.va\/content\/dam\/vaticannews\/multimedia\/2025\/maggio\/10\/WhatsApp-Image-2025-05-10-at-17.04.16-2.jpg\/_jcr_content\/renditions\/cq5dam.thumbnail.cropped.750.422.jpeg\" alt=\"L'arriv\u00e9e en voiture et l'accueil des fid\u00e8les. \" title=\"L'arriv\u00e9e en voiture et l'accueil des fid\u00e8les. \"\/><\/p>\n<p>\n   L&rsquo;arriv\u00e9e en voiture et l&rsquo;accueil des fid\u00e8les.\n  <\/p>\n<p><b>Un cadeau et une grande responsabilit\u00e9 pour Genazzano<\/b> <\/p>\n<p>Au terme de la rencontre avec la communaut\u00e9 augustinienne de Genazzano, le Souverain pontife s\u2019est arr\u00eat\u00e9 quelques instants devant la basilique et, saluant les personnes pr\u00e9sentes, il a adress\u00e9 quelques mots, exprimant sa joie d&rsquo;avoir pu venir prier Notre-Dame-du-Bon-Conseil, \u00abun si grand don\u00bb pour les habitants de la ville du Latium, dont il a \u00e9galement tir\u00e9 une grande responsabilit\u00e9: \u00abde m\u00eame que la M\u00e8re n&rsquo;abandonne jamais ses enfants, vous devez \u00e9galement \u00eatre fid\u00e8les \u00e0 la M\u00e8re\u00bb. Le Pape a ensuite salu\u00e9 les jeunes et a \u00e9voqu\u00e9 l&rsquo;enthousiasme avec lequel suivre J\u00e9sus, \u00e0 l&rsquo;exemple de Marie. Enfin, avant de quitter le sanctuaire, il a b\u00e9ni toutes les personnes pr\u00e9sentes.<\/p>\n","protected":false},"excerpt":{"rendered":"En fin d&rsquo;apr\u00e8s-midi ce samedi 10 mai, \u00e0 son retour du sanctuaire de Notre-Dame du Bon Conseil, confi\u00e9&hellip;\n","protected":false},"author":2,"featured_media":91578,"comment_status":"","ping_status":"","sticky":false,"template":"","format":"standard","meta":{"footnotes":""},"categories":[5],"tags":[11,1011,27,14,12,20114,3499,20273,28],"class_list":{"0":"post-91577","1":"post","2":"type-post","3":"status-publish","4":"format-standard","5":"has-post-thumbnail","7":"category-international","8":"tag-actualites","9":"tag-fr","10":"tag-france","11":"tag-international","12":"tag-news","13":"tag-pape-leon-xiv","14":"tag-rome","15":"tag-vierge-marie","16":"tag-world"},"share_on_mastodon":{"url":"https:\/\/pubeurope.com\/@fr\/114488731521618995","error":""},"_links":{"self":[{"href":"https:\/\/www.europesays.com\/fr\/wp-json\/wp\/v2\/posts\/91577","targetHints":{"allow":["GET"]}}],"collection":[{"href":"https:\/\/www.europesays.com\/fr\/wp-json\/wp\/v2\/posts"}],"about":[{"href":"https:\/\/www.europesays.com\/fr\/wp-json\/wp\/v2\/types\/post"}],"author":[{"embeddable":true,"href":"https:\/\/www.europesays.com\/fr\/wp-json\/wp\/v2\/users\/2"}],"replies":[{"embeddable":true,"href":"https:\/\/www.europesays.com\/fr\/wp-json\/wp\/v2\/comments?post=91577"}],"version-history":[{"count":0,"href":"https:\/\/www.europesays.com\/fr\/wp-json\/wp\/v2\/posts\/91577\/revisions"}],"wp:featuredmedia":[{"embeddable":true,"href":"https:\/\/www.europesays.com\/fr\/wp-json\/wp\/v2\/media\/91578"}],"wp:attachment":[{"href":"https:\/\/www.europesays.com\/fr\/wp-json\/wp\/v2\/media?parent=91577"}],"wp:term":[{"taxonomy":"category","embeddable":true,"href":"https:\/\/www.europesays.com\/fr\/wp-json\/wp\/v2\/categories?post=91577"},{"taxonomy":"post_tag","embeddable":true,"href":"https:\/\/www.europesays.com\/fr\/wp-json\/wp\/v2\/tags?post=91577"}],"curies":[{"name":"wp","href":"https:\/\/api.w.org\/{rel}","templated":true}]}}