{"id":91579,"date":"2025-05-11T10:27:08","date_gmt":"2025-05-11T10:27:08","guid":{"rendered":"https:\/\/www.europesays.com\/fr\/91579\/"},"modified":"2025-05-11T10:27:08","modified_gmt":"2025-05-11T10:27:08","slug":"tempetes-de-grele-en-gironde-inondations-dans-le-gers-le-sud-ouest-touche-par-de-violents-orages","status":"publish","type":"post","link":"https:\/\/www.europesays.com\/fr\/91579\/","title":{"rendered":"Temp\u00eates de gr\u00eale en Gironde, inondations dans le Gers\u2026 Le sud-ouest touch\u00e9 par de violents orages"},"content":{"rendered":"<p class=\"paragraph text_align_left\">M\u00e9t\u00e9o France avait pr\u00e9venu\u00a0: une violente d\u00e9gradation orageuse a frapp\u00e9 le sud-ouest de l\u2019Hexagone samedi en fin de journ\u00e9e. <a href=\"https:\/\/www.leparisien.fr\/meteo\/grelons-couche-de-blanc-les-images-spectaculaires-de-lorage-qui-a-balaye-paris-et-lile-de-france-03-05-2025-PKQNVJXULFAPPHSVOKUIOK3FAU.php\" target=\"_blank\" rel=\"nofollow noopener\">Des orages de gr\u00eale,<\/a> accompagn\u00e9s de rafale de vent et de pluies torrentielles, ont circul\u00e9 de l\u2019Aquitaine <a href=\"https:\/\/x.com\/BenJgayraud\/status\/1921242538930786478\" target=\"_blank\" rel=\"nofollow\">\u00e0 la Vend\u00e9e<\/a> samedi, \u00e0 cause de l\u2019arriv\u00e9e d\u2019une goutte froide.<\/p>\n<p class=\"paragraph text_align_left\">Plus de 10\u00a0000 \u00e9clairs ont \u00e9t\u00e9 enregistr\u00e9s, selon Keraunos, l\u2019observatoire fran\u00e7ais des orages. La Gironde et le Gers, plac\u00e9s en vigilance jaune samedi, ont \u00e9t\u00e9 particuli\u00e8rement touch\u00e9s.<\/p>\n<p>Des rues inond\u00e9es<\/p>\n<p class=\"paragraph text_align_left\">Dans le secteur du Langon (Gironde), les perturbations ont commenc\u00e9 aux alentours de 17\u00a0heures. Le sol a \u00e9t\u00e9 recouvert en quelques minutes d\u2019une couche blanche de gr\u00ealons, certains de la taille \u00ab\u00a0d\u2019\u0153uf de pigeon\u00a0\u00bb, selon des images partag\u00e9es sur les r\u00e9seaux sociaux. Le d\u00e9luge de gr\u00eale s\u2019est accompagn\u00e9 de pluies diluviennes, provoquant des inondations dans les rues. \u00ab\u00a0\u00c7a d\u00e9bordait des \u00e9gouts, l\u2019eau ruisselait tr\u00e8s rapidement. C\u2019\u00e9tait impressionnant\u00a0\u00bb, a racont\u00e9 un habitant du Langon au <a href=\"https:\/\/actu.fr\/nouvelle-aquitaine\/langon_33227\/je-nai-jamais-rien-vu-de-tel-en-gironde-la-ville-de-langon-frappee-par-un-violent-orage-de-grele_62619287.html\" rel=\"nofollow noopener\" target=\"_blank\">R\u00e9publicain Sud-Gironde<\/a>.<\/p>\n<blockquote cite=\"https:\/\/fr-fr.facebook.com\/joel.caillaud.7\/videos\/1207835577434380\/\" class=\"fb-xfbml-parse-ignore\"><p><a href=\"https:\/\/fr-fr.facebook.com\/joel.caillaud.7\/videos\/1207835577434380\/\" rel=\"nofollow noopener\" target=\"_blank\"><\/p>\n<p>Inondations a Langon le d\u00e9luge<\/p>\n<p>Publi\u00e9e par <a href=\"#\" role=\"button\">Joel Caillaud<\/a> sur Samedi 10 mai 2025<\/p><\/blockquote>\n<p class=\"paragraph text_align_left\">Selon <a href=\"https:\/\/www.sudouest.fr\/gironde\/langon\/video-gironde-le-secteur-de-langon-touche-par-un-gros-orage-de-grele-24372757.php\" target=\"_blank\" rel=\"nofollow noopener\">Sud-Ouest,<\/a> le d\u00e9luge a engendr\u00e9 quelques d\u00e9g\u00e2ts dans certains commerces du centre commercial Mol\u00e9on, avec des infiltrations d\u2019eau. \u00ab\u00a0Il a plu des seaux pendant 15 minutes\u00a0\u00bb, a racont\u00e9 une cliente au journal local. Des d\u00e9parts de feu ont \u00e9galement \u00e9t\u00e9 recens\u00e9s dans la for\u00eat de Lacanau \u00e0 cause de la foudre, rapporte Sud-Ouest, mais ne causant que des d\u00e9g\u00e2ts \u00ab\u00a0minimes\u00a0\u00bb selon les pompiers.<\/p>\n<p class=\"paragraph text_align_left\">Sur les r\u00e9seaux sociaux, le maire de Langon, J\u00e9r\u00f4me Guillem, a exprim\u00e9 son \u00ab\u00a0soutien \u00e0 celles et ceux qui ont subi des d\u00e9g\u00e2ts\u00a0\u00bb et a annonc\u00e9 un recensement des sinistres. Il a aussi d\u00e9taill\u00e9 les premi\u00e8res d\u00e9marches \u00e0 suivre pour les sinistr\u00e9s, tout en assurant de la pleine mobilisation des services municipaux.<\/p>\n<p class=\"paragraph text_align_left\">Le Gers voisin n\u2019a pas \u00e9t\u00e9 \u00e9pargn\u00e9. Des gr\u00ealons \u00ab\u00a0de\u00a03 \u00e0 4\u00a0cm\u00a0\u00bb ont \u00e9t\u00e9 enregistr\u00e9s \u00e0 Castex, selon les images partag\u00e9es par le m\u00e9t\u00e9orologue Lo\u00efc Spadafora, et la gr\u00eale a aussi recouvert le sol \u00e0 Estampes.<\/p>\n<blockquote class=\"twitter-tweet\">\n<p lang=\"fr\" dir=\"ltr\">\u26a1\ufe0f De forts orages de gr\u00eale affectent le sud-ouest ce samedi soir. Photo \u00e0 Estampes dans le Gers o\u00f9 la gr\u00eale a recouvert les sols ! (\u00a9 Virginie Corinne Soules) <a href=\"https:\/\/t.co\/HDjVGZrUA7\" rel=\"nofollow\">pic.twitter.com\/HDjVGZrUA7<\/a><\/p>\n<p>\u2014 M\u00e9t\u00e9o Express (@MeteoExpress) <a href=\"https:\/\/twitter.com\/MeteoExpress\/status\/1921245143425835441?ref_src=twsrc%5Etfw\" rel=\"nofollow noopener\" target=\"_blank\">May 10, 2025<\/a><\/p><\/blockquote>\n<p>Des orages encore dimanche<\/p>\n<p class=\"paragraph text_align_left\">La journ\u00e9e de ce dimanche sera encore perturb\u00e9e. Selon les pr\u00e9visions de M\u00e9t\u00e9o France, des orages ont encore \u00e9t\u00e9 observ\u00e9s dans la matin\u00e9e dans le Sud-Ouest et ils devraient gagner la moiti\u00e9 ouest du pays dans la journ\u00e9e.<\/p>\n<p class=\"paragraph text_align_left\">\u00ab\u00a0Un axe pluvio-orageux se met en place au fil des heures de Midi-Pyr\u00e9n\u00e9es vers le Centre, et gagne les r\u00e9gions allant du Languedoc-Roussillon vers la Bourgogne et la Normandie dans l\u2019apr\u00e8s-midi et en soir\u00e9e\u00a0\u00bb, \u00e9crit l\u2019organisme m\u00e9t\u00e9orologique.<\/p>\n<p class=\"paragraph text_align_left\">\u00ab\u00a0Les intensit\u00e9s pluvieuses sont surtout notables particuli\u00e8rement en Occitanie o\u00f9 ponctuellement les cumuls peuvent d\u00e9passer les 60\u00a0mm au terme de la journ\u00e9e\u00a0\u00bb, indique-t-il. La pluie s\u2019accompagnera de rafales de vent et \u00ab\u00a0des chutes de gr\u00eale ne sont pas exclues\u00a0\u00bb, pr\u00e9vient M\u00e9t\u00e9o France.<\/p>\n<p>\\n\\n\u00a0\u00bb,\u00a0\u00bbwidth\u00a0\u00bb:550,\u00a0\u00bbheight\u00a0\u00bb:null,\u00a0\u00bbtype\u00a0\u00bb:\u00a0\u00bbtwitter\u00a0\u00bb,\u00a0\u00bbcache_age\u00a0\u00bb:\u00a0\u00bb3153600000&Prime;,\u00a0\u00bbprovider_name\u00a0\u00bb:\u00a0\u00bbTwitter\u00a0\u00bb,\u00a0\u00bbprovider_url\u00a0\u00bb:\u00a0\u00bbhttps:\/\/twitter.com\u00a0\u00bb,\u00a0\u00bbversion\u00a0\u00bb:\u00a0\u00bb1.0&Prime;,\u00a0\u00bb_id\u00a0\u00bb:\u00a0\u00bbhttps:\/\/x.com\/meteo60\/status\/1921242160067641720&Prime;,\u00a0\u00bbadditional_properties\u00a0\u00bb:{\u00ab\u00a0_id\u00a0\u00bb:1746949433022}},\u00a0\u00bbreferent\u00a0\u00bb:{\u00ab\u00a0id\u00a0\u00bb:\u00a0\u00bbhttps:\/\/x.com\/meteo60\/status\/1921242160067641720&Prime;,\u00a0\u00bbprovider\u00a0\u00bb:\u00a0\u00bbhttps:\/\/publish.x.com\/oembed?url=\u00a0\u00bb,\u00a0\u00bbreferent_properties\u00a0\u00bb:{\u00ab\u00a0additional_properties\u00a0\u00bb:{\u00ab\u00a0_id\u00a0\u00bb:1746949433022}},\u00a0\u00bbservice\u00a0\u00bb:\u00a0\u00bboembed\u00a0\u00bb,\u00a0\u00bbtype\u00a0\u00bb:\u00a0\u00bbtwitter\u00a0\u00bb},\u00a0\u00bbcredits\u00a0\u00bb:{\u00ab\u00a0by\u00a0\u00bb:[]}},{\u00ab\u00a0type\u00a0\u00bb:\u00a0\u00bboembed_response\u00a0\u00bb,\u00a0\u00bbsubtype\u00a0\u00bb:\u00a0\u00bbtwitter\u00a0\u00bb,\u00a0\u00bb_id\u00a0\u00bb:\u00a0\u00bbHZLCRSERS5FWBMZHQEWFAFHLMI\u00a0\u00bb,\u00a0\u00bbraw_oembed\u00a0\u00bb:{\u00ab\u00a0url\u00a0\u00bb:\u00a0\u00bbhttps:\/\/twitter.com\/Meteovilles\/status\/1921248063932244097&Prime;,\u00a0\u00bbauthor_name\u00a0\u00bb:\u00a0\u00bbGuillaume S\u00e9chet\u00a0\u00bb,\u00a0\u00bbauthor_url\u00a0\u00bb:\u00a0\u00bbhttps:\/\/twitter.com\/Meteovilles\u00a0\u00bb,\u00a0\u00bbhtml\u00a0\u00bb:\u00a0\u00bb<\/p>\n<blockquote class=\\\"twitter-tweet\\\">\n<p lang=\\\"fr\\\" dir=\\\"ltr\\\">Grosse <a href=\\\"https:\/\/twitter.com\/hashtag\/gr%C3%AAle?src=hash&amp;ref_src=twsrc%5Etfw\\\">#gr\u00eale<\/a> recueillie \u00e0 <a href=\\\"https:\/\/twitter.com\/hashtag\/Langon?src=hash&amp;ref_src=twsrc%5Etfw\\\">#Langon<\/a> (Sud <a href=\\\"https:\/\/twitter.com\/hashtag\/Gironde?src=hash&amp;ref_src=twsrc%5Etfw\\\">#Gironde<\/a>) vers 18h <a href=\\\"https:\/\/twitter.com\/PradinesFr?ref_src=twsrc%5Etfw\\\">@PradinesFr<\/a> <a href=\\\"https:\/\/t.co\/psmuY7OlnD\\\">pic.twitter.com\/psmuY7OlnD<\/a><\/p>\n<p>&mdash; Guillaume S\u00e9chet (@Meteovilles) <a href=\\\"https:\/\/twitter.com\/Meteovilles\/status\/1921248063932244097?ref_src=twsrc%5Etfw\\\">May 10, 2025<\/a><\/p><\/blockquote>\n<p>\\n\\n\\n\u00a0\u00bb,\u00a0\u00bbwidth\u00a0\u00bb:550,\u00a0\u00bbheight\u00a0\u00bb:null,\u00a0\u00bbtype\u00a0\u00bb:\u00a0\u00bbtwitter\u00a0\u00bb,\u00a0\u00bbcache_age\u00a0\u00bb:\u00a0\u00bb3153600000&Prime;,\u00a0\u00bbprovider_name\u00a0\u00bb:\u00a0\u00bbTwitter\u00a0\u00bb,\u00a0\u00bbprovider_url\u00a0\u00bb:\u00a0\u00bbhttps:\/\/twitter.com\u00a0\u00bb,\u00a0\u00bbversion\u00a0\u00bb:\u00a0\u00bb1.0&Prime;,\u00a0\u00bb_id\u00a0\u00bb:\u00a0\u00bbhttps:\/\/x.com\/Meteovilles\/status\/1921248063932244097&Prime;,\u00a0\u00bbadditional_properties\u00a0\u00bb:{\u00ab\u00a0_id\u00a0\u00bb:1746949433023}},\u00a0\u00bbreferent\u00a0\u00bb:{\u00ab\u00a0id\u00a0\u00bb:\u00a0\u00bbhttps:\/\/x.com\/Meteovilles\/status\/1921248063932244097&Prime;,\u00a0\u00bbprovider\u00a0\u00bb:\u00a0\u00bbhttps:\/\/publish.x.com\/oembed?url=\u00a0\u00bb,\u00a0\u00bbreferent_properties\u00a0\u00bb:{\u00ab\u00a0additional_properties\u00a0\u00bb:{\u00ab\u00a0_id\u00a0\u00bb:1746949433023}},\u00a0\u00bbservice\u00a0\u00bb:\u00a0\u00bboembed\u00a0\u00bb,\u00a0\u00bbtype\u00a0\u00bb:\u00a0\u00bbtwitter\u00a0\u00bb},\u00a0\u00bbcredits\u00a0\u00bb:{\u00ab\u00a0by\u00a0\u00bb:[]}},{\u00ab\u00a0type\u00a0\u00bb:\u00a0\u00bboembed_response\u00a0\u00bb,\u00a0\u00bbsubtype\u00a0\u00bb:\u00a0\u00bbfacebook-video\u00a0\u00bb,\u00a0\u00bb_id\u00a0\u00bb:\u00a0\u00bbYQNAELSC6BFORA2YJNNHC7RJYM\u00a0\u00bb,\u00a0\u00bbraw_oembed\u00a0\u00bb:{\u00ab\u00a0author_name\u00a0\u00bb:\u00a0\u00bbJoel\u00a0\u00bb,\u00a0\u00bbprovider_url\u00a0\u00bb:\u00a0\u00bbhttps:\/\/www.facebook.com\u00a0\u00bb,\u00a0\u00bbprovider_name\u00a0\u00bb:\u00a0\u00bbFacebook\u00a0\u00bb,\u00a0\u00bbhtml\u00a0\u00bb:\u00a0\u00bb\\n<\/p>\n<blockquote cite=\\\"https:\/\/fr-fr.facebook.com\/joel.caillaud.7\/videos\/1207835577434380\/\\\" class=\\\"fb-xfbml-parse-ignore\\\"><p><a href=\\\"https:\/\/fr-fr.facebook.com\/joel.caillaud.7\/videos\/1207835577434380\/\\\"><\/a><\/p>\n<p>Inondations a Langon le d\u00e9luge<\/p>\n<p>Publi\u00e9e par <a href=\\\"#\\\" role=\\\"button\\\">Joel Caillaud<\/a> sur Samedi 10 mai 2025<\/p><\/blockquote>\n<p>\u00ab\u00a0,\u00a0\u00bbtype\u00a0\u00bb:\u00a0\u00bbfacebook-video\u00a0\u00bb,\u00a0\u00bbversion\u00a0\u00bb:\u00a0\u00bb1.0&Prime;,\u00a0\u00bbwidth\u00a0\u00bb:500,\u00a0\u00bb_id\u00a0\u00bb:\u00a0\u00bbhttps:\/\/www.facebook.com\/100001629123280\/videos\/1207835577434380\/\u00a0\u00bb,\u00a0\u00bbadditional_properties\u00a0\u00bb:{\u00ab\u00a0_id\u00a0\u00bb:1746949433024},\u00a0\u00bblocale\u00a0\u00bb:\u00a0\u00bbfr_FR\u00a0\u00bb},\u00a0\u00bbreferent\u00a0\u00bb:{\u00ab\u00a0id\u00a0\u00bb:\u00a0\u00bbhttps:\/\/www.facebook.com\/100001629123280\/videos\/1207835577434380\/\u00a0\u00bb,\u00a0\u00bbprovider\u00a0\u00bb:\u00a0\u00bbhttps:\/\/graph.facebook.com\/v8.0\/oembed_video?url=\u00a0\u00bb,\u00a0\u00bbreferent_properties\u00a0\u00bb:{\u00ab\u00a0additional_properties\u00a0\u00bb:{\u00ab\u00a0_id\u00a0\u00bb:1746949433024},\u00a0\u00bblocale\u00a0\u00bb:\u00a0\u00bbfr_FR\u00a0\u00bb},\u00a0\u00bbservice\u00a0\u00bb:\u00a0\u00bboembed\u00a0\u00bb,\u00a0\u00bbtype\u00a0\u00bb:\u00a0\u00bbfacebook-video\u00a0\u00bb},\u00a0\u00bbcredits\u00a0\u00bb:{\u00ab\u00a0by\u00a0\u00bb:[]}},{\u00ab\u00a0_id\u00a0\u00bb:\u00a0\u00bbSJNLUTZKIVH5PDUD24YO2QE7NI\u00a0\u00bb,\u00a0\u00bbadditional_properties\u00a0\u00bb:{\u00ab\u00a0_id\u00a0\u00bb:1746949433025},\u00a0\u00bbcontent\u00a0\u00bb:\u00a0\u00bbSelon <a href=\\\"https:\/\/www.sudouest.fr\/gironde\/langon\/video-gironde-le-secteur-de-langon-touche-par-un-gros-orage-de-grele-24372757.php\\\" target=\\\"_blank\\\">Sud-Ouest,<\/a> le d\u00e9luge a engendr\u00e9 quelques d\u00e9g\u00e2ts dans certains commerces du centre commercial Mol\u00e9on, avec des infiltrations d\u2019eau. \u00ab&nbsp;Il a plu des seaux pendant 15 minutes&nbsp;\u00bb, a racont\u00e9 une cliente au journal local. Des d\u00e9parts de feu ont \u00e9galement \u00e9t\u00e9 recens\u00e9s dans la for\u00eat de Lacanau \u00e0 cause de la foudre, rapporte Sud-Ouest, mais ne causant que des d\u00e9g\u00e2ts \u00ab&nbsp;minimes&nbsp;\u00bb selon les pompiers.\u00a0\u00bb,\u00a0\u00bbtype\u00a0\u00bb:\u00a0\u00bbtext\u00a0\u00bb,\u00a0\u00bbcredits\u00a0\u00bb:{\u00ab\u00a0by\u00a0\u00bb:[]}},{\u00ab\u00a0_id\u00a0\u00bb:\u00a0\u00bbQCNF3KJOBNHOBPBYFPHEWATP2Y\u00a0\u00bb,\u00a0\u00bbadditional_properties\u00a0\u00bb:{\u00ab\u00a0_id\u00a0\u00bb:1746949433026},\u00a0\u00bbcontent\u00a0\u00bb:\u00a0\u00bbSur les r\u00e9seaux sociaux, le maire de Langon, J\u00e9r\u00f4me Guillem, a exprim\u00e9 son \u00ab&nbsp;soutien \u00e0 celles et ceux qui ont subi des d\u00e9g\u00e2ts&nbsp;\u00bb et a annonc\u00e9 un recensement des sinistres. Il a aussi d\u00e9taill\u00e9 les premi\u00e8res d\u00e9marches \u00e0 suivre pour les sinistr\u00e9s, tout en assurant de la pleine mobilisation des services municipaux.\u00a0\u00bb,\u00a0\u00bbtype\u00a0\u00bb:\u00a0\u00bbtext\u00a0\u00bb,\u00a0\u00bbcredits\u00a0\u00bb:{\u00ab\u00a0by\u00a0\u00bb:[]}},{\u00ab\u00a0_id\u00a0\u00bb:\u00a0\u00bb5J74WIBQI5GV5HOZHVWN2VRW6Y\u00a0\u00bb,\u00a0\u00bbadditional_properties\u00a0\u00bb:{\u00ab\u00a0_id\u00a0\u00bb:1746949433027},\u00a0\u00bbcontent\u00a0\u00bb:\u00a0\u00bbLe Gers voisin n\u2019a pas \u00e9t\u00e9 \u00e9pargn\u00e9. Des gr\u00ealons \u00ab&nbsp;de&nbsp;3 \u00e0 4&nbsp;cm&nbsp;\u00bb ont \u00e9t\u00e9 enregistr\u00e9s \u00e0 Castex, selon les images partag\u00e9es par le m\u00e9t\u00e9orologue Lo\u00efc Spadafora, et la gr\u00eale a aussi recouvert le sol \u00e0 Estampes.\u00a0\u00bb,\u00a0\u00bbtype\u00a0\u00bb:\u00a0\u00bbtext\u00a0\u00bb,\u00a0\u00bbcredits\u00a0\u00bb:{\u00ab\u00a0by\u00a0\u00bb:[]}},{\u00ab\u00a0type\u00a0\u00bb:\u00a0\u00bboembed_response\u00a0\u00bb,\u00a0\u00bbsubtype\u00a0\u00bb:\u00a0\u00bbtwitter\u00a0\u00bb,\u00a0\u00bb_id\u00a0\u00bb:\u00a0\u00bbED2J4JIAFZCWDHHEDFLYJ5A7WU\u00a0\u00bb,\u00a0\u00bbraw_oembed\u00a0\u00bb:{\u00ab\u00a0url\u00a0\u00bb:\u00a0\u00bbhttps:\/\/twitter.com\/loicspadafora\/status\/1921266469569953847&Prime;,\u00a0\u00bbauthor_name\u00a0\u00bb:\u00a0\u00bbLo\u00efc Spadafora\u00a0\u00bb,\u00a0\u00bbauthor_url\u00a0\u00bb:\u00a0\u00bbhttps:\/\/twitter.com\/loicspadafora\u00a0\u00bb,\u00a0\u00bbhtml\u00a0\u00bb:\u00a0\u00bb<\/p>\n<blockquote class=\\\"twitter-tweet\\\">\n<p lang=\\\"fr\\\" dir=\\\"ltr\\\">Des gr\u00ealons de 3 \u00e0 4 cm tombent sous les orages \u00e0 <a href=\\\"https:\/\/twitter.com\/hashtag\/Castex?src=hash&amp;ref_src=twsrc%5Etfw\\\">#Castex<\/a> dans le <a href=\\\"https:\/\/twitter.com\/hashtag\/Gers?src=hash&amp;ref_src=twsrc%5Etfw\\\">#Gers<\/a> ce samedi soir  !  \ud83d\udcf8 Nathalie Dutaut via M\u00e9t\u00e9o Expres  <a href=\\\"https:\/\/twitter.com\/hashtag\/orages?src=hash&amp;ref_src=twsrc%5Etfw\\\">#orages<\/a> <a href=\\\"https:\/\/twitter.com\/hashtag\/grele?src=hash&amp;ref_src=twsrc%5Etfw\\\">#grele<\/a> <a href=\\\"https:\/\/twitter.com\/hashtag\/meteo?src=hash&amp;ref_src=twsrc%5Etfw\\\">#meteo<\/a> <a href=\\\"https:\/\/twitter.com\/hashtag\/occitanie?src=hash&amp;ref_src=twsrc%5Etfw\\\">#occitanie<\/a> <a href=\\\"https:\/\/t.co\/4gn6ct48Jx\\\">pic.twitter.com\/4gn6ct48Jx<\/a><\/p>\n<p>&mdash; Lo\u00efc Spadafora (@loicspadafora) <a href=\\\"https:\/\/twitter.com\/loicspadafora\/status\/1921266469569953847?ref_src=twsrc%5Etfw\\\">May 10, 2025<\/a><\/p><\/blockquote>\n<p>\\n\\n\\n\u00a0\u00bb,\u00a0\u00bbwidth\u00a0\u00bb:550,\u00a0\u00bbheight\u00a0\u00bb:null,\u00a0\u00bbtype\u00a0\u00bb:\u00a0\u00bbtwitter\u00a0\u00bb,\u00a0\u00bbcache_age\u00a0\u00bb:\u00a0\u00bb3153600000&Prime;,\u00a0\u00bbprovider_name\u00a0\u00bb:\u00a0\u00bbTwitter\u00a0\u00bb,\u00a0\u00bbprovider_url\u00a0\u00bb:\u00a0\u00bbhttps:\/\/twitter.com\u00a0\u00bb,\u00a0\u00bbversion\u00a0\u00bb:\u00a0\u00bb1.0&Prime;,\u00a0\u00bb_id\u00a0\u00bb:\u00a0\u00bbhttps:\/\/x.com\/loicspadafora\/status\/1921266469569953847&Prime;,\u00a0\u00bbadditional_properties\u00a0\u00bb:{\u00ab\u00a0_id\u00a0\u00bb:1746949433028}},\u00a0\u00bbreferent\u00a0\u00bb:{\u00ab\u00a0id\u00a0\u00bb:\u00a0\u00bbhttps:\/\/x.com\/loicspadafora\/status\/1921266469569953847&Prime;,\u00a0\u00bbprovider\u00a0\u00bb:\u00a0\u00bbhttps:\/\/publish.x.com\/oembed?url=\u00a0\u00bb,\u00a0\u00bbreferent_properties\u00a0\u00bb:{\u00ab\u00a0additional_properties\u00a0\u00bb:{\u00ab\u00a0_id\u00a0\u00bb:1746949433028}},\u00a0\u00bbservice\u00a0\u00bb:\u00a0\u00bboembed\u00a0\u00bb,\u00a0\u00bbtype\u00a0\u00bb:\u00a0\u00bbtwitter\u00a0\u00bb},\u00a0\u00bbcredits\u00a0\u00bb:{\u00ab\u00a0by\u00a0\u00bb:[]}},{\u00ab\u00a0type\u00a0\u00bb:\u00a0\u00bboembed_response\u00a0\u00bb,\u00a0\u00bbsubtype\u00a0\u00bb:\u00a0\u00bbtwitter\u00a0\u00bb,\u00a0\u00bb_id\u00a0\u00bb:\u00a0\u00bbGJZXFJL5Q5DGDEMGSGW4ETH7GE\u00a0\u00bb,\u00a0\u00bbraw_oembed\u00a0\u00bb:{\u00ab\u00a0url\u00a0\u00bb:\u00a0\u00bbhttps:\/\/twitter.com\/MeteoExpress\/status\/1921245143425835441&Prime;,\u00a0\u00bbauthor_name\u00a0\u00bb:\u00a0\u00bbM\u00e9t\u00e9o Express\u00a0\u00bb,\u00a0\u00bbauthor_url\u00a0\u00bb:\u00a0\u00bbhttps:\/\/twitter.com\/MeteoExpress\u00a0\u00bb,\u00a0\u00bbhtml\u00a0\u00bb:\u00a0\u00bb<\/p>\n<blockquote class=\\\"twitter-tweet\\\">\n<p lang=\\\"fr\\\" dir=\\\"ltr\\\">\u26a1\ufe0f De forts orages de gr\u00eale affectent le sud-ouest ce samedi soir. Photo \u00e0 Estampes dans le Gers o\u00f9 la gr\u00eale a recouvert les sols ! (\u00a9 Virginie Corinne Soules) <a href=\\\"https:\/\/t.co\/HDjVGZrUA7\\\">pic.twitter.com\/HDjVGZrUA7<\/a><\/p>\n<p>&mdash; M\u00e9t\u00e9o Express (@MeteoExpress) <a href=\\\"https:\/\/twitter.com\/MeteoExpress\/status\/1921245143425835441?ref_src=twsrc%5Etfw\\\">May 10, 2025<\/a><\/p><\/blockquote>\n<p>\\n\\n\\n\u00a0\u00bb,\u00a0\u00bbwidth\u00a0\u00bb:550,\u00a0\u00bbheight\u00a0\u00bb:null,\u00a0\u00bbtype\u00a0\u00bb:\u00a0\u00bbtwitter\u00a0\u00bb,\u00a0\u00bbcache_age\u00a0\u00bb:\u00a0\u00bb3153600000&Prime;,\u00a0\u00bbprovider_name\u00a0\u00bb:\u00a0\u00bbTwitter\u00a0\u00bb,\u00a0\u00bbprovider_url\u00a0\u00bb:\u00a0\u00bbhttps:\/\/twitter.com\u00a0\u00bb,\u00a0\u00bbversion\u00a0\u00bb:\u00a0\u00bb1.0&Prime;,\u00a0\u00bb_id\u00a0\u00bb:\u00a0\u00bbhttps:\/\/x.com\/MeteoExpress\/status\/1921245143425835441&Prime;,\u00a0\u00bbadditional_properties\u00a0\u00bb:{\u00ab\u00a0_id\u00a0\u00bb:1746949433029}},\u00a0\u00bbreferent\u00a0\u00bb:{\u00ab\u00a0id\u00a0\u00bb:\u00a0\u00bbhttps:\/\/x.com\/MeteoExpress\/status\/1921245143425835441&Prime;,\u00a0\u00bbprovider\u00a0\u00bb:\u00a0\u00bbhttps:\/\/publish.x.com\/oembed?url=\u00a0\u00bb,\u00a0\u00bbreferent_properties\u00a0\u00bb:{\u00ab\u00a0additional_properties\u00a0\u00bb:{\u00ab\u00a0_id\u00a0\u00bb:1746949433029}},\u00a0\u00bbservice\u00a0\u00bb:\u00a0\u00bboembed\u00a0\u00bb,\u00a0\u00bbtype\u00a0\u00bb:\u00a0\u00bbtwitter\u00a0\u00bb},\u00a0\u00bbcredits\u00a0\u00bb:{\u00ab\u00a0by\u00a0\u00bb:[]}},{\u00ab\u00a0_id\u00a0\u00bb:\u00a0\u00bbL6SR24HCQRD5NKPD4CCEGDKSFI\u00a0\u00bb,\u00a0\u00bbadditional_properties\u00a0\u00bb:{\u00ab\u00a0_id\u00a0\u00bb:1746949433030},\u00a0\u00bbcontent\u00a0\u00bb:\u00a0\u00bbDes orages encore dimanche\u00a0\u00bb,\u00a0\u00bblevel\u00a0\u00bb:1,\u00a0\u00bbtype\u00a0\u00bb:\u00a0\u00bbheader\u00a0\u00bb,\u00a0\u00bbcredits\u00a0\u00bb:{\u00ab\u00a0by\u00a0\u00bb:[]}},{\u00ab\u00a0_id\u00a0\u00bb:\u00a0\u00bbSSL6TSN55ZH4BD35ZAUAU6OJQQ\u00a0\u00bb,\u00a0\u00bbadditional_properties\u00a0\u00bb:{\u00ab\u00a0_id\u00a0\u00bb:1746949433031},\u00a0\u00bbcontent\u00a0\u00bb:\u00a0\u00bbLa journ\u00e9e de ce dimanche sera encore perturb\u00e9e. Selon les pr\u00e9visions de M\u00e9t\u00e9o France, des orages ont encore \u00e9t\u00e9 observ\u00e9s dans la matin\u00e9e dans le Sud-Ouest et ils devraient gagner la moiti\u00e9 ouest du pays dans la journ\u00e9e.\u00a0\u00bb,\u00a0\u00bbtype\u00a0\u00bb:\u00a0\u00bbtext\u00a0\u00bb,\u00a0\u00bbcredits\u00a0\u00bb:{\u00ab\u00a0by\u00a0\u00bb:[]}},{\u00ab\u00a0_id\u00a0\u00bb:\u00a0\u00bbAVZKJ2XTERHVTA5INRPUWNBP7M\u00a0\u00bb,\u00a0\u00bbadditional_properties\u00a0\u00bb:{\u00ab\u00a0_id\u00a0\u00bb:1746949433032},\u00a0\u00bbcontent\u00a0\u00bb:\u00a0\u00bb\u00ab&nbsp;Un axe pluvio-orageux se met en place au fil des heures de Midi-Pyr\u00e9n\u00e9es vers le Centre, et gagne les r\u00e9gions allant du Languedoc-Roussillon vers la Bourgogne et la Normandie dans l\u2019apr\u00e8s-midi et en soir\u00e9e&nbsp;\u00bb, \u00e9crit l\u2019organisme m\u00e9t\u00e9orologique.\u00a0\u00bb,\u00a0\u00bbtype\u00a0\u00bb:\u00a0\u00bbtext\u00a0\u00bb,\u00a0\u00bbcredits\u00a0\u00bb:{\u00ab\u00a0by\u00a0\u00bb:[]}},{\u00ab\u00a0_id\u00a0\u00bb:\u00a0\u00bbI7DQCZYMIVFTHDSHXVJJ6J66XE\u00a0\u00bb,\u00a0\u00bbadditional_properties\u00a0\u00bb:{\u00ab\u00a0_id\u00a0\u00bb:1746949433033},\u00a0\u00bbcontent\u00a0\u00bb:\u00a0\u00bb\u00ab&nbsp;Les intensit\u00e9s pluvieuses sont surtout notables particuli\u00e8rement en Occitanie o\u00f9 ponctuellement les cumuls peuvent d\u00e9passer les 60&nbsp;mm au terme de la journ\u00e9e&nbsp;\u00bb, indique-t-il. La pluie s\u2019accompagnera de rafales de vent et \u00ab&nbsp;des chutes de gr\u00eale ne sont pas exclues&nbsp;\u00bb, pr\u00e9vient M\u00e9t\u00e9o France.\u00a0\u00bb,\u00a0\u00bbtype\u00a0\u00bb:\u00a0\u00bbtext\u00a0\u00bb,\u00a0\u00bbcredits\u00a0\u00bb:{\u00ab\u00a0by\u00a0\u00bb:[]}}],\u00a0\u00bbcontent_restrictions\u00a0\u00bb:{\u00ab\u00a0content_code\u00a0\u00bb:\u00a0\u00bbmetered\u00a0\u00bb},\u00a0\u00bbcreated_date\u00a0\u00bb:\u00a0\u00bb2025-05-11T06:30:07.958Z\u00a0\u00bb,\u00a0\u00bbcredits\u00a0\u00bb:{\u00ab\u00a0by\u00a0\u00bb:[{\u00ab\u00a0_id\u00a0\u00bb:\u00a0\u00bbLe Parisien\u00a0\u00bb,\u00a0\u00bbtype\u00a0\u00bb:\u00a0\u00bbauthor\u00a0\u00bb,\u00a0\u00bbversion\u00a0\u00bb:\u00a0\u00bb0.5.8&Prime;,\u00a0\u00bbname\u00a0\u00bb:\u00a0\u00bbLe Parisien\u00a0\u00bb,\u00a0\u00bbslug\u00a0\u00bb:\u00a0\u00bb\u00a0\u00bb,\u00a0\u00bbsocial_links\u00a0\u00bb:[{\u00ab\u00a0site\u00a0\u00bb:\u00a0\u00bbemail\u00a0\u00bb,\u00a0\u00bburl\u00a0\u00bb:\u00a0\u00bbredacweb@leparisien.fr\u00a0\u00bb}],\u00a0\u00bbsocialLinks\u00a0\u00bb:[{\u00ab\u00a0site\u00a0\u00bb:\u00a0\u00bbemail\u00a0\u00bb,\u00a0\u00bburl\u00a0\u00bb:\u00a0\u00bbredacweb@leparisien.fr\u00a0\u00bb,\u00a0\u00bbdeprecated\u00a0\u00bb:true,\u00a0\u00bbdeprecation_msg\u00a0\u00bb:\u00a0\u00bbPlease use social_links.\u00a0\u00bb}],\u00a0\u00bbadditional_properties\u00a0\u00bb:{\u00ab\u00a0original\u00a0\u00bb:{\u00ab\u00a0_id\u00a0\u00bb:\u00a0\u00bbLe Parisien\u00a0\u00bb,\u00a0\u00bbbyline\u00a0\u00bb:\u00a0\u00bbLe Parisien\u00a0\u00bb,\u00a0\u00bbfirstName\u00a0\u00bb:\u00a0\u00bbLe\u00a0\u00bb,\u00a0\u00bblastName\u00a0\u00bb:\u00a0\u00bbParisien\u00a0\u00bb,\u00a0\u00bbemail\u00a0\u00bb:\u00a0\u00bbredacweb@leparisien.fr\u00a0\u00bb,\u00a0\u00bbslug\u00a0\u00bb:\u00a0\u00bb\u00a0\u00bb,\u00a0\u00bblongBio\u00a0\u00bb:\u00a0\u00bb\u00a0\u00bb,\u00a0\u00bbbooks\u00a0\u00bb:[],\u00a0\u00bbpodcasts\u00a0\u00bb:[],\u00a0\u00bbeducation\u00a0\u00bb:[],\u00a0\u00bbawards\u00a0\u00bb:[],\u00a0\u00bblast_updated_date\u00a0\u00bb:\u00a0\u00bb2024-12-10T16:24:13.383Z\u00a0\u00bb}},\u00a0\u00bbdisplay_name\u00a0\u00bb:\u00a0\u00bbLe Parisien\u00a0\u00bb}]},\u00a0\u00bbdescription\u00a0\u00bb:{\u00ab\u00a0basic\u00a0\u00bb:\u00a0\u00bb\u00a0\u00bb},\u00a0\u00bbdisplay_date\u00a0\u00bb:\u00a0\u00bb2025-05-11T07:51:50Z\u00a0\u00bb,\u00a0\u00bbdistributor\u00a0\u00bb:{\u00ab\u00a0category\u00a0\u00bb:\u00a0\u00bbstaff\u00a0\u00bb,\u00a0\u00bbname\u00a0\u00bb:\u00a0\u00bbleparisien\u00a0\u00bb,\u00a0\u00bbsubcategory\u00a0\u00bb:\u00a0\u00bb\u00a0\u00bb},\u00a0\u00bbfirst_publish_date\u00a0\u00bb:\u00a0\u00bb2025-05-11T07:51:50Z\u00a0\u00bb,\u00a0\u00bbheadlines\u00a0\u00bb:{\u00ab\u00a0basic\u00a0\u00bb:\u00a0\u00bbTemp\u00eates de gr\u00eale en Gironde, inondations dans le Gers\u2026 Le sud-ouest touch\u00e9 par de violents orages\u00a0\u00bb,\u00a0\u00bbmeta_title\u00a0\u00bb:\u00a0\u00bb\u00a0\u00bb,\u00a0\u00bbmobile\u00a0\u00bb:\u00a0\u00bb\u00a0\u00bb,\u00a0\u00bbnative\u00a0\u00bb:\u00a0\u00bb\u00a0\u00bb,\u00a0\u00bbprint\u00a0\u00bb:\u00a0\u00bb\u00a0\u00bb,\u00a0\u00bbtablet\u00a0\u00bb:\u00a0\u00bb\u00a0\u00bb,\u00a0\u00bbweb\u00a0\u00bb:\u00a0\u00bb\u00a0\u00bb},\u00a0\u00bblabel\u00a0\u00bb:{},\u00a0\u00bblast_updated_date\u00a0\u00bb:\u00a0\u00bb2025-05-11T07:51:51.051Z\u00a0\u00bb,\u00a0\u00bbowner\u00a0\u00bb:{\u00ab\u00a0id\u00a0\u00bb:\u00a0\u00bbleparisien\u00a0\u00bb,\u00a0\u00bbsponsored\u00a0\u00bb:false},\u00a0\u00bbpromo_items\u00a0\u00bb:{\u00ab\u00a0basic\u00a0\u00bb:{\u00ab\u00a0_id\u00a0\u00bb:\u00a0\u00bbKAKASEJWGFHD5OJ2E4QVP3QKYY\u00a0\u00bb,\u00a0\u00bbadditional_properties\u00a0\u00bb:{\u00ab\u00a0countryId\u00a0\u00bb:74,\u00a0\u00bbexpiration_date\u00a0\u00bb:\u00a0\u00bb2035-05-06T03:40:13Z\u00a0\u00bb,\u00a0\u00bbfullSizeResizeUrl\u00a0\u00bb:\u00a0\u00bb\/resizer\/v2\/KAKASEJWGFHD5OJ2E4QVP3QKYY.jpg?auth=9d647bc8ad4797db474ffd17a48747ca6cb08e51c99bb0dde1ddd62046284071&Prime;,\u00a0\u00bbgalleries\u00a0\u00bb:[],\u00a0\u00bbiptc_source\u00a0\u00bb:\u00a0\u00bbLeParisien\u00a0\u00bb,\u00a0\u00bbkeywords\u00a0\u00bb:[\u00ab\u00a0averse\u00a0\u00bb,\u00a0\u00bbGr\u00eale\u00a0\u00bb,\u00a0\u00bbM\u00e9t\u00e9o\u00a0\u00bb,\u00a0\u00bbGr\u00ealons\u00a0\u00bb,\u00a0\u00bbParis\u00a0\u00bb],\u00a0\u00bbmime_type\u00a0\u00bb:\u00a0\u00bbimage\/jpeg\u00a0\u00bb,\u00a0\u00bboriginalName\u00a0\u00bb:\u00a0\u00bbpabran_1746282744922.jpg\u00a0\u00bb,\u00a0\u00bboriginalUrl\u00a0\u00bb:\u00a0\u00bbhttps:\/\/cloudfront-eu-central-1.images.arcpublishing.com\/leparisien\/KAKASEJWGFHD5OJ2E4QVP3QKYY.jpg\u00a0\u00bb,\u00a0\u00bbproxyUrl\u00a0\u00bb:\u00a0\u00bb\/resizer\/v2\/KAKASEJWGFHD5OJ2E4QVP3QKYY.jpg?auth=9d647bc8ad4797db474ffd17a48747ca6cb08e51c99bb0dde1ddd62046284071&Prime;,\u00a0\u00bbpublished\u00a0\u00bb:true,\u00a0\u00bbresizeUrl\u00a0\u00bb:\u00a0\u00bb\/resizer\/v2\/KAKASEJWGFHD5OJ2E4QVP3QKYY.jpg?auth=9d647bc8ad4797db474ffd17a48747ca6cb08e51c99bb0dde1ddd62046284071&Prime;,\u00a0\u00bbrestricted\u00a0\u00bb:false,\u00a0\u00bbtakenOn\u00a0\u00bb:\u00a0\u00bb2025-05-03T00:00:00Z\u00a0\u00bb,\u00a0\u00bbthumbnailResizeUrl\u00a0\u00bb:\u00a0\u00bb\/resizer\/v2\/KAKASEJWGFHD5OJ2E4QVP3QKYY.jpg?auth=9d647bc8ad4797db474ffd17a48747ca6cb08e51c99bb0dde1ddd62046284071&#038;width=300&Prime;,\u00a0\u00bbusage_instructions\u00a0\u00bb:\u00a0\u00bbPhoto Web &#8211; Print\u00a0\u00bb,\u00a0\u00bbversion\u00a0\u00bb:4},\u00a0\u00bbaddress\u00a0\u00bb:{\u00ab\u00a0locality\u00a0\u00bb:\u00a0\u00bbParis\u00a0\u00bb,\u00a0\u00bbregion\u00a0\u00bb:\u00a0\u00bb75&Prime;,\u00a0\u00bbcountry_name\u00a0\u00bb:\u00a0\u00bbFRA\u00a0\u00bb},\u00a0\u00bbauth\u00a0\u00bb:{\u00ab\u00a01&Prime;:\u00a0\u00bb9d647bc8ad4797db474ffd17a48747ca6cb08e51c99bb0dde1ddd62046284071&Prime;},\u00a0\u00bbcaption\u00a0\u00bb:\u00a0\u00bbUn orage de gr\u00eale a frapp\u00e9 le le sud-ouest de la France samedi soir. (Illustration) LP\/Paul Abran\u00a0\u00bb,\u00a0\u00bbcreated_date\u00a0\u00bb:\u00a0\u00bb2025-05-03T14:34:31Z\u00a0\u00bb,\u00a0\u00bbcredits\u00a0\u00bb:{\u00ab\u00a0affiliation\u00a0\u00bb:[{\u00ab\u00a0name\u00a0\u00bb:\u00a0\u00bbLP\/Paul Abran\u00a0\u00bb,\u00a0\u00bbtype\u00a0\u00bb:\u00a0\u00bbauthor\u00a0\u00bb}],\u00a0\u00bbby\u00a0\u00bb:[]},\u00a0\u00bbdistributor\u00a0\u00bb:{\u00ab\u00a0additional_properties\u00a0\u00bb:{},\u00a0\u00bbcategory\u00a0\u00bb:\u00a0\u00bbstaff\u00a0\u00bb,\u00a0\u00bbmode\u00a0\u00bb:\u00a0\u00bbcustom\u00a0\u00bb,\u00a0\u00bbname\u00a0\u00bb:\u00a0\u00bbLocales\u00a0\u00bb},\u00a0\u00bbheight\u00a0\u00bb:3750,\u00a0\u00bblast_updated_date\u00a0\u00bb:\u00a0\u00bb2025-05-11T07:51:51Z\u00a0\u00bb,\u00a0\u00bblicensable\u00a0\u00bb:false,\u00a0\u00bbowner\u00a0\u00bb:{\u00ab\u00a0id\u00a0\u00bb:\u00a0\u00bbleparisien\u00a0\u00bb},\u00a0\u00bbslug\u00a0\u00bb:\u00a0\u00bbGr\u00eale Paris\u00a0\u00bb,\u00a0\u00bbsource\u00a0\u00bb:{\u00ab\u00a0name\u00a0\u00bb:\u00a0\u00bbLocales\u00a0\u00bb,\u00a0\u00bbsource_type\u00a0\u00bb:\u00a0\u00bbstaff\u00a0\u00bb,\u00a0\u00bbadditional_properties\u00a0\u00bb:{\u00ab\u00a0editor\u00a0\u00bb:\u00a0\u00bbphoto center\u00a0\u00bb},\u00a0\u00bbedit_url\u00a0\u00bb:\u00a0\u00bb\u00a0\u00bb,\u00a0\u00bbsystem\u00a0\u00bb:\u00a0\u00bbphoto center\u00a0\u00bb},\u00a0\u00bbtaxonomy\u00a0\u00bb:{},\u00a0\u00bbtype\u00a0\u00bb:\u00a0\u00bbimage\u00a0\u00bb,\u00a0\u00bburl\u00a0\u00bb:\u00a0\u00bbhttps:\/\/cloudfront-eu-central-1.images.arcpublishing.com\/leparisien\/KAKASEJWGFHD5OJ2E4QVP3QKYY.jpg\u00a0\u00bb,\u00a0\u00bbversion\u00a0\u00bb:\u00a0\u00bb0.10.9&Prime;,\u00a0\u00bbwidth\u00a0\u00bb:5000}},\u00a0\u00bbpublish_date\u00a0\u00bb:\u00a0\u00bb2025-05-11T07:51:50Z\u00a0\u00bb,\u00a0\u00bbrelated_content\u00a0\u00bb:{\u00ab\u00a0basic\u00a0\u00bb:[],\u00a0\u00bbredirect\u00a0\u00bb:[]},\u00a0\u00bbsource\u00a0\u00bb:{\u00ab\u00a0name\u00a0\u00bb:\u00a0\u00bbleparisien\u00a0\u00bb,\u00a0\u00bbsource_type\u00a0\u00bb:\u00a0\u00bbstaff\u00a0\u00bb,\u00a0\u00bbsystem\u00a0\u00bb:\u00a0\u00bbcomposer\u00a0\u00bb},\u00a0\u00bbsubheadlines\u00a0\u00bb:{\u00ab\u00a0basic\u00a0\u00bb:\u00a0\u00bbDes pluies diluviennes ont frapp\u00e9 le sud-ouest de la France samedi soir, accompagn\u00e9es de rafales de vent et de violents orages de gr\u00eale. Les images sont impressionnantes.\u00a0\u00bb},\u00a0\u00bbsubtype\u00a0\u00bb:\u00a0\u00bbART:\u00a0\u00bb,\u00a0\u00bbtaxonomy\u00a0\u00bb:{\u00ab\u00a0primary_section\u00a0\u00bb:{\u00ab\u00a0_id\u00a0\u00bb:\u00a0\u00bb\/gironde-33&Prime;,\u00a0\u00bb_website\u00a0\u00bb:\u00a0\u00bbleparisien\u00a0\u00bb,\u00a0\u00bbtype\u00a0\u00bb:\u00a0\u00bbsection\u00a0\u00bb,\u00a0\u00bbversion\u00a0\u00bb:\u00a0\u00bb0.6.0&Prime;,\u00a0\u00bbname\u00a0\u00bb:\u00a0\u00bbGironde\u00a0\u00bb,\u00a0\u00bbdescription\u00a0\u00bb:\u00a0\u00bbSuivez toute l&rsquo;actualit\u00e9 et les informations locales de la Gironde en direct et en vid\u00e9o sur le Parisien.fr\u00a0\u00bb,\u00a0\u00bbpath\u00a0\u00bb:\u00a0\u00bb\/gironde-33&Prime;,\u00a0\u00bbparent_id\u00a0\u00bb:\u00a0\u00bb\/en-region\u00a0\u00bb,\u00a0\u00bbparent\u00a0\u00bb:{\u00ab\u00a0default\u00a0\u00bb:\u00a0\u00bb\/en-region\u00a0\u00bb},\u00a0\u00bbadditional_properties\u00a0\u00bb:{\u00ab\u00a0original\u00a0\u00bb:{\u00ab\u00a0_id\u00a0\u00bb:\u00a0\u00bb\/gironde-33&Prime;,\u00a0\u00bbGoogle Analytics\u00a0\u00bb:{\u00ab\u00a0ga_name_level_1&Prime;:\u00a0\u00bbdepartements-horsidfo\u00a0\u00bb,\u00a0\u00bbga_name_level_2&Prime;:\u00a0\u00bbgironde-33&Prime;,\u00a0\u00bbga_name_level_3&Prime;:null},\u00a0\u00bb_admin\u00a0\u00bb:{\u00ab\u00a0alias_ids\u00a0\u00bb:[]},\u00a0\u00bbstory_list\u00a0\u00bb:{\u00ab\u00a0story_list_content\u00a0\u00bb:{}},\u00a0\u00bbsite\u00a0\u00bb:{\u00ab\u00a0site_title\u00a0\u00bb:\u00a0\u00bbActualit\u00e9s du d\u00e9partement de la Gironde (33) &#8211; Infos locales dans la Gironde &#8211; Le Parisien\u00a0\u00bb,\u00a0\u00bbsite_description\u00a0\u00bb:\u00a0\u00bbSuivez toute l&rsquo;actualit\u00e9 et les informations locales de la Gironde en direct et en vid\u00e9o sur le Parisien.fr\u00a0\u00bb},\u00a0\u00bb_website\u00a0\u00bb:\u00a0\u00bbleparisien\u00a0\u00bb,\u00a0\u00bbname\u00a0\u00bb:\u00a0\u00bbGironde\u00a0\u00bb,\u00a0\u00bborder\u00a0\u00bb:{\u00ab\u00a0Websked-plans\u00a0\u00bb:2034,\u00a0\u00bbdefault\u00a0\u00bb:2032,\u00a0\u00bbMaillage_SEO_Surfooter\u00a0\u00bb:2032},\u00a0\u00bbparent\u00a0\u00bb:{\u00ab\u00a0default\u00a0\u00bb:\u00a0\u00bb\/en-region\u00a0\u00bb,\u00a0\u00bbsub-nav\u00a0\u00bb:null,\u00a0\u00bbWebsked-plans\u00a0\u00bb:\u00a0\u00bb\/en-region\u00a0\u00bb,\u00a0\u00bbMaillage_SEO_Surfooter\u00a0\u00bb:\u00a0\u00bb\/en-region\u00a0\u00bb},\u00a0\u00bbancestors\u00a0\u00bb:{\u00ab\u00a0Websked-plans\u00a0\u00bb:[\u00ab\u00a0https:\/\/www.leparisien.fr\/\u00a0\u00bb,\u00a0\u00bb\/en-region\u00a0\u00bb],\u00a0\u00bbdefault\u00a0\u00bb:[\u00ab\u00a0\/en-region\u00a0\u00bb],\u00a0\u00bbMaillage_SEO_Surfooter\u00a0\u00bb:[\u00ab\u00a0\/en-region\u00a0\u00bb]},\u00a0\u00bbinactive\u00a0\u00bb:false,\u00a0\u00bbnode_type\u00a0\u00bb:\u00a0\u00bbsection\u00a0\u00bb}}},\u00a0\u00bbprimary_site\u00a0\u00bb:{\u00ab\u00a0_id\u00a0\u00bb:\u00a0\u00bb\/gironde-33&Prime;,\u00a0\u00bbtype\u00a0\u00bb:\u00a0\u00bbsite\u00a0\u00bb,\u00a0\u00bbversion\u00a0\u00bb:\u00a0\u00bb0.5.8&Prime;,\u00a0\u00bbname\u00a0\u00bb:\u00a0\u00bbGironde\u00a0\u00bb,\u00a0\u00bbdescription\u00a0\u00bb:\u00a0\u00bbSuivez toute l&rsquo;actualit\u00e9 et les informations locales de la Gironde en direct et en vid\u00e9o sur le Parisien.fr\u00a0\u00bb,\u00a0\u00bbpath\u00a0\u00bb:\u00a0\u00bb\/gironde-33&Prime;,\u00a0\u00bbparent_id\u00a0\u00bb:\u00a0\u00bb\/en-region\u00a0\u00bb,\u00a0\u00bbadditional_properties\u00a0\u00bb:{\u00ab\u00a0original\u00a0\u00bb:{\u00ab\u00a0_id\u00a0\u00bb:\u00a0\u00bb\/gironde-33&Prime;,\u00a0\u00bbGoogle Analytics\u00a0\u00bb:{\u00ab\u00a0ga_name_level_1&Prime;:\u00a0\u00bbdepartements-horsidfo\u00a0\u00bb,\u00a0\u00bbga_name_level_2&Prime;:\u00a0\u00bbgironde-33&Prime;,\u00a0\u00bbga_name_level_3&Prime;:null},\u00a0\u00bb_admin\u00a0\u00bb:{\u00ab\u00a0alias_ids\u00a0\u00bb:[]},\u00a0\u00bbstory_list\u00a0\u00bb:{\u00ab\u00a0story_list_content\u00a0\u00bb:{}},\u00a0\u00bbsite\u00a0\u00bb:{\u00ab\u00a0site_title\u00a0\u00bb:\u00a0\u00bbActualit\u00e9s du d\u00e9partement de la Gironde (33) &#8211; Infos locales dans la Gironde &#8211; Le Parisien\u00a0\u00bb,\u00a0\u00bbsite_description\u00a0\u00bb:\u00a0\u00bbSuivez toute l&rsquo;actualit\u00e9 et les informations locales de la Gironde en direct et en vid\u00e9o sur le Parisien.fr\u00a0\u00bb},\u00a0\u00bbname\u00a0\u00bb:\u00a0\u00bbGironde\u00a0\u00bb,\u00a0\u00bborder\u00a0\u00bb:{\u00ab\u00a0Websked-plans\u00a0\u00bb:2034,\u00a0\u00bbdefault\u00a0\u00bb:2032,\u00a0\u00bbMaillage_SEO_Surfooter\u00a0\u00bb:2032},\u00a0\u00bbparent\u00a0\u00bb:{\u00ab\u00a0default\u00a0\u00bb:\u00a0\u00bb\/en-region\u00a0\u00bb,\u00a0\u00bbsub-nav\u00a0\u00bb:null,\u00a0\u00bbWebsked-plans\u00a0\u00bb:\u00a0\u00bb\/en-region\u00a0\u00bb,\u00a0\u00bbMaillage_SEO_Surfooter\u00a0\u00bb:\u00a0\u00bb\/en-region\u00a0\u00bb},\u00a0\u00bbancestors\u00a0\u00bb:{\u00ab\u00a0Websked-plans\u00a0\u00bb:[\u00ab\u00a0https:\/\/www.leparisien.fr\/\u00a0\u00bb,\u00a0\u00bb\/en-region\u00a0\u00bb],\u00a0\u00bbdefault\u00a0\u00bb:[\u00ab\u00a0\/en-region\u00a0\u00bb],\u00a0\u00bbMaillage_SEO_Surfooter\u00a0\u00bb:[\u00ab\u00a0\/en-region\u00a0\u00bb]},\u00a0\u00bbinactive\u00a0\u00bb:false,\u00a0\u00bbnode_type\u00a0\u00bb:\u00a0\u00bbsection\u00a0\u00bb}}},\u00a0\u00bbsections\u00a0\u00bb:[{\u00ab\u00a0_id\u00a0\u00bb:\u00a0\u00bb\/gironde-33&Prime;,\u00a0\u00bb_website\u00a0\u00bb:\u00a0\u00bbleparisien\u00a0\u00bb,\u00a0\u00bbtype\u00a0\u00bb:\u00a0\u00bbsection\u00a0\u00bb,\u00a0\u00bbversion\u00a0\u00bb:\u00a0\u00bb0.6.0&Prime;,\u00a0\u00bbname\u00a0\u00bb:\u00a0\u00bbGironde\u00a0\u00bb,\u00a0\u00bbdescription\u00a0\u00bb:\u00a0\u00bbSuivez toute l&rsquo;actualit\u00e9 et les informations locales de la Gironde en direct et en vid\u00e9o sur le Parisien.fr\u00a0\u00bb,\u00a0\u00bbpath\u00a0\u00bb:\u00a0\u00bb\/gironde-33&Prime;,\u00a0\u00bbparent_id\u00a0\u00bb:\u00a0\u00bb\/en-region\u00a0\u00bb,\u00a0\u00bbparent\u00a0\u00bb:{\u00ab\u00a0default\u00a0\u00bb:\u00a0\u00bb\/en-region\u00a0\u00bb},\u00a0\u00bbadditional_properties\u00a0\u00bb:{\u00ab\u00a0original\u00a0\u00bb:{\u00ab\u00a0_id\u00a0\u00bb:\u00a0\u00bb\/gironde-33&Prime;,\u00a0\u00bbGoogle Analytics\u00a0\u00bb:{\u00ab\u00a0ga_name_level_1&Prime;:\u00a0\u00bbdepartements-horsidfo\u00a0\u00bb,\u00a0\u00bbga_name_level_2&Prime;:\u00a0\u00bbgironde-33&Prime;,\u00a0\u00bbga_name_level_3&Prime;:null},\u00a0\u00bb_admin\u00a0\u00bb:{\u00ab\u00a0alias_ids\u00a0\u00bb:[]},\u00a0\u00bbstory_list\u00a0\u00bb:{\u00ab\u00a0story_list_content\u00a0\u00bb:{}},\u00a0\u00bbsite\u00a0\u00bb:{\u00ab\u00a0site_title\u00a0\u00bb:\u00a0\u00bbActualit\u00e9s du d\u00e9partement de la Gironde (33) &#8211; Infos locales dans la Gironde &#8211; Le Parisien\u00a0\u00bb,\u00a0\u00bbsite_description\u00a0\u00bb:\u00a0\u00bbSuivez toute l&rsquo;actualit\u00e9 et les informations locales de la Gironde en direct et en vid\u00e9o sur le Parisien.fr\u00a0\u00bb},\u00a0\u00bb_website\u00a0\u00bb:\u00a0\u00bbleparisien\u00a0\u00bb,\u00a0\u00bbname\u00a0\u00bb:\u00a0\u00bbGironde\u00a0\u00bb,\u00a0\u00bborder\u00a0\u00bb:{\u00ab\u00a0Websked-plans\u00a0\u00bb:2034,\u00a0\u00bbdefault\u00a0\u00bb:2032,\u00a0\u00bbMaillage_SEO_Surfooter\u00a0\u00bb:2032},\u00a0\u00bbparent\u00a0\u00bb:{\u00ab\u00a0default\u00a0\u00bb:\u00a0\u00bb\/en-region\u00a0\u00bb,\u00a0\u00bbsub-nav\u00a0\u00bb:null,\u00a0\u00bbWebsked-plans\u00a0\u00bb:\u00a0\u00bb\/en-region\u00a0\u00bb,\u00a0\u00bbMaillage_SEO_Surfooter\u00a0\u00bb:\u00a0\u00bb\/en-region\u00a0\u00bb},\u00a0\u00bbancestors\u00a0\u00bb:{\u00ab\u00a0Websked-plans\u00a0\u00bb:[\u00ab\u00a0https:\/\/www.leparisien.fr\/\u00a0\u00bb,\u00a0\u00bb\/en-region\u00a0\u00bb],\u00a0\u00bbdefault\u00a0\u00bb:[\u00ab\u00a0\/en-region\u00a0\u00bb],\u00a0\u00bbMaillage_SEO_Surfooter\u00a0\u00bb:[\u00ab\u00a0\/en-region\u00a0\u00bb]},\u00a0\u00bbinactive\u00a0\u00bb:false,\u00a0\u00bbnode_type\u00a0\u00bb:\u00a0\u00bbsection\u00a0\u00bb}},\u00a0\u00bb_website_section_id\u00a0\u00bb:\u00a0\u00bbleparisien.\/gironde-33&Prime;},{\u00ab\u00a0_id\u00a0\u00bb:\u00a0\u00bb\/meteo\u00a0\u00bb,\u00a0\u00bb_website\u00a0\u00bb:\u00a0\u00bbleparisien\u00a0\u00bb,\u00a0\u00bbtype\u00a0\u00bb:\u00a0\u00bbsection\u00a0\u00bb,\u00a0\u00bbversion\u00a0\u00bb:\u00a0\u00bb0.6.0&Prime;,\u00a0\u00bbname\u00a0\u00bb:\u00a0\u00bbM\u00e9t\u00e9o\u00a0\u00bb,\u00a0\u00bbdescription\u00a0\u00bb:\u00a0\u00bbObservations en temps r\u00e9el et pr\u00e9visions m\u00e9t\u00e9o \u00e0 5 jours &#8211; Le temps \u00e0 Paris, Bordeaux, Marseille, Lille\u2026 Suivez toute la m\u00e9t\u00e9o en France et en Europe sur leParisien.fr\u00a0\u00bb,\u00a0\u00bbpath\u00a0\u00bb:\u00a0\u00bb\/meteo\u00a0\u00bb,\u00a0\u00bbparent_id\u00a0\u00bb:\u00a0\u00bbhttps:\/\/www.leparisien.fr\/\u00a0\u00bb,\u00a0\u00bbparent\u00a0\u00bb:{\u00ab\u00a0default\u00a0\u00bb:\u00a0\u00bbhttps:\/\/www.leparisien.fr\/\u00a0\u00bb},\u00a0\u00bbadditional_properties\u00a0\u00bb:{\u00ab\u00a0original\u00a0\u00bb:{\u00ab\u00a0_id\u00a0\u00bb:\u00a0\u00bb\/meteo\u00a0\u00bb,\u00a0\u00bbsite\u00a0\u00bb:{\u00ab\u00a0site_tagline\u00a0\u00bb:null,\u00a0\u00bbsite_about\u00a0\u00bb:null,\u00a0\u00bbsite_description\u00a0\u00bb:\u00a0\u00bbObservations en temps r\u00e9el et pr\u00e9visions m\u00e9t\u00e9o \u00e0 5 jours &#8211; Le temps \u00e0 Paris, Bordeaux, Marseille, Lille\u2026 Suivez toute la m\u00e9t\u00e9o en France et en Europe sur leParisien.fr\u00a0\u00bb,\u00a0\u00bbnative_app_rendering\u00a0\u00bb:null,\u00a0\u00bbsite_url\u00a0\u00bb:null,\u00a0\u00bbsite_title\u00a0\u00bb:\u00a0\u00bbActualit\u00e9s et pr\u00e9visions m\u00e9t\u00e9o \u00e0 7 jours Paris et IDF &#8211; Le Parisien M\u00e9t\u00e9o\u00a0\u00bb,\u00a0\u00bbpagebuilder_path_for_native_apps\u00a0\u00bb:null,\u00a0\u00bbsite_keywords\u00a0\u00bb:null,\u00a0\u00bbamp_deactivated\u00a0\u00bb:\u00a0\u00bbfalse\u00a0\u00bb,\u00a0\u00bbpaywall_deactivated\u00a0\u00bb:\u00a0\u00bbfalse\u00a0\u00bb,\u00a0\u00bbsection_show_videos\u00a0\u00bb:\u00a0\u00bbtrue\u00a0\u00bb},\u00a0\u00bbsocial\u00a0\u00bb:{\u00ab\u00a0twitter\u00a0\u00bb:null,\u00a0\u00bbrss\u00a0\u00bb:null,\u00a0\u00bbfacebook\u00a0\u00bb:null,\u00a0\u00bbarchives\u00a0\u00bb:null},\u00a0\u00bb_admin\u00a0\u00bb:{\u00ab\u00a0default_content\u00a0\u00bb:null,\u00a0\u00bbcommercial_node\u00a0\u00bb:null,\u00a0\u00bbalias_ids\u00a0\u00bb:[\u00ab\u00a0\/meteo\u00a0\u00bb],\u00a0\u00bbtracking_node\u00a0\u00bb:null,\u00a0\u00bbdo_not_show_on_site\u00a0\u00bb:null},\u00a0\u00bbnavigation\u00a0\u00bb:{\u00ab\u00a0nav_title\u00a0\u00bb:null,\u00a0\u00bbnav_display\u00a0\u00bb:null,\u00a0\u00bbdisplay_in_top_strip\u00a0\u00bb:null},\u00a0\u00bbin_the_news\u00a0\u00bb:{\u00ab\u00a0in_the_news_usefeature\u00a0\u00bb:null,\u00a0\u00bbin_the_news_usesectionbar\u00a0\u00bb:\u00a0\u00bbfalse\u00a0\u00bb,\u00a0\u00bbin_the_news_usebasepage\u00a0\u00bb:\u00a0\u00bb\/in-the-news-forsections\/\u00a0\u00bb},\u00a0\u00bbstory_list\u00a0\u00bb:{\u00ab\u00a0story_list_content\u00a0\u00bb:{}},\u00a0\u00bbGoogle Analytics\u00a0\u00bb:{\u00ab\u00a0ga_name_level_2&Prime;:null,\u00a0\u00bbga_name_level_3&Prime;:null,\u00a0\u00bbga_name_level_1&Prime;:\u00a0\u00bbmeteo\u00a0\u00bb},\u00a0\u00bbNewsletter\u00a0\u00bb:{\u00ab\u00a0newsletter_name\u00a0\u00bb:\u00a0\u00bbL&rsquo;Essentiel de l&rsquo;actu\u00a0\u00bb,\u00a0\u00bbnewsletter_optin\u00a0\u00bb:\u00a0\u00bb{\\\u00a0\u00bboptin_newsletter\\\u00a0\u00bb:1}\u00a0\u00bb,\u00a0\u00bbmodule_message\u00a0\u00bb:null},\u00a0\u00bbSponsor\u00a0\u00bb:{\u00ab\u00a0sponsor_name\u00a0\u00bb:null,\u00a0\u00bbsponsor_message\u00a0\u00bb:null,\u00a0\u00bbsponsor_type\u00a0\u00bb:null,\u00a0\u00bbsponsor_logo_url\u00a0\u00bb:null,\u00a0\u00bbcollection_id_for_pinned_content\u00a0\u00bb:\u00a0\u00bbHALPYGG7M5FNVD5C3NHQ3V3O2A\u00a0\u00bb},\u00a0\u00bbMobile\u00a0\u00bb:{\u00ab\u00a0xtpage\u00a0\u00bb:null,\u00a0\u00bblabel\u00a0\u00bb:null},\u00a0\u00bb_website\u00a0\u00bb:\u00a0\u00bbleparisien\u00a0\u00bb,\u00a0\u00bbname\u00a0\u00bb:\u00a0\u00bbM\u00e9t\u00e9o\u00a0\u00bb,\u00a0\u00bborder\u00a0\u00bb:{\u00ab\u00a0Websked-plans\u00a0\u00bb:1016,\u00a0\u00bbdefault\u00a0\u00bb:1009,\u00a0\u00bbburger-menu\u00a0\u00bb:2005,\u00a0\u00bbmenu\u00a0\u00bb:1013,\u00a0\u00bbMaillage_SEO_Surfooter\u00a0\u00bb:1076,\u00a0\u00bbsub-nav\u00a0\u00bb:1015,\u00a0\u00bbfooter\u00a0\u00bb:1009,\u00a0\u00bbmobile-menu-sections-list\u00a0\u00bb:1010,\u00a0\u00bbsurfooter\u00a0\u00bb:1009},\u00a0\u00bbparent\u00a0\u00bb:{\u00ab\u00a0default\u00a0\u00bb:\u00a0\u00bbhttps:\/\/www.leparisien.fr\/\u00a0\u00bb,\u00a0\u00bbWebsked-plans\u00a0\u00bb:\u00a0\u00bbhttps:\/\/www.leparisien.fr\/\u00a0\u00bb,\u00a0\u00bbsub-nav\u00a0\u00bb:\u00a0\u00bbhttps:\/\/www.leparisien.fr\/\u00a0\u00bb,\u00a0\u00bbburger-menu\u00a0\u00bb:\u00a0\u00bb\/societe\u00a0\u00bb,\u00a0\u00bbburger-menu-etudiant\u00a0\u00bb:null,\u00a0\u00bbmenu\u00a0\u00bb:\u00a0\u00bbhttps:\/\/www.leparisien.fr\/\u00a0\u00bb,\u00a0\u00bbMaillage_SEO_Surfooter\u00a0\u00bb:\u00a0\u00bbhttps:\/\/www.leparisien.fr\/\u00a0\u00bb,\u00a0\u00bbfooter\u00a0\u00bb:\u00a0\u00bbhttps:\/\/www.leparisien.fr\/\u00a0\u00bb,\u00a0\u00bbmobile-menu-sections-list\u00a0\u00bb:\u00a0\u00bbhttps:\/\/www.leparisien.fr\/\u00a0\u00bb,\u00a0\u00bbsurfooter\u00a0\u00bb:\u00a0\u00bbhttps:\/\/www.leparisien.fr\/\u00a0\u00bb},\u00a0\u00bbancestors\u00a0\u00bb:{\u00ab\u00a0default\u00a0\u00bb:[\u00ab\u00a0https:\/\/www.leparisien.fr\/\u00a0\u00bb],\u00a0\u00bbWebsked-plans\u00a0\u00bb:[\u00ab\u00a0https:\/\/www.leparisien.fr\/\u00a0\u00bb],\u00a0\u00bbsub-nav\u00a0\u00bb:[\u00ab\u00a0https:\/\/www.leparisien.fr\/\u00a0\u00bb],\u00a0\u00bbburger-menu\u00a0\u00bb:[\u00ab\u00a0https:\/\/www.leparisien.fr\/\u00a0\u00bb,\u00a0\u00bb\/societe\u00a0\u00bb],\u00a0\u00bbburger-menu-etudiant\u00a0\u00bb:[],\u00a0\u00bbmenu\u00a0\u00bb:[\u00ab\u00a0https:\/\/www.leparisien.fr\/\u00a0\u00bb],\u00a0\u00bbMaillage_SEO_Surfooter\u00a0\u00bb:[],\u00a0\u00bbfooter\u00a0\u00bb:[\u00ab\u00a0https:\/\/www.leparisien.fr\/\u00a0\u00bb],\u00a0\u00bbmobile-menu-sections-list\u00a0\u00bb:[\u00ab\u00a0https:\/\/www.leparisien.fr\/\u00a0\u00bb],\u00a0\u00bbsurfooter\u00a0\u00bb:[\u00ab\u00a0https:\/\/www.leparisien.fr\/\u00a0\u00bb]},\u00a0\u00bbinactive\u00a0\u00bb:false,\u00a0\u00bbnode_type\u00a0\u00bb:\u00a0\u00bbsection\u00a0\u00bb}},\u00a0\u00bb_website_section_id\u00a0\u00bb:\u00a0\u00bbleparisien.\/meteo\u00a0\u00bb},{\u00ab\u00a0_id\u00a0\u00bb:\u00a0\u00bb\/en-region\u00a0\u00bb,\u00a0\u00bb_website\u00a0\u00bb:\u00a0\u00bbleparisien\u00a0\u00bb,\u00a0\u00bbtype\u00a0\u00bb:\u00a0\u00bbsection\u00a0\u00bb,\u00a0\u00bbversion\u00a0\u00bb:\u00a0\u00bb0.6.0&Prime;,\u00a0\u00bbname\u00a0\u00bb:\u00a0\u00bbEn r\u00e9gion\u00a0\u00bb,\u00a0\u00bbdescription\u00a0\u00bb:\u00a0\u00bbRetrouvez toute l&rsquo;actu de votre r\u00e9gion avec Aujourd&rsquo;hui en France.\u00a0\u00bb,\u00a0\u00bbpath\u00a0\u00bb:\u00a0\u00bb\/en-region\u00a0\u00bb,\u00a0\u00bbparent_id\u00a0\u00bb:\u00a0\u00bbhttps:\/\/www.leparisien.fr\/\u00a0\u00bb,\u00a0\u00bbparent\u00a0\u00bb:{\u00ab\u00a0default\u00a0\u00bb:\u00a0\u00bbhttps:\/\/www.leparisien.fr\/\u00a0\u00bb},\u00a0\u00bbadditional_properties\u00a0\u00bb:{\u00ab\u00a0original\u00a0\u00bb:{\u00ab\u00a0_id\u00a0\u00bb:\u00a0\u00bb\/en-region\u00a0\u00bb,\u00a0\u00bbsite\u00a0\u00bb:{\u00ab\u00a0site_tagline\u00a0\u00bb:null,\u00a0\u00bbsite_about\u00a0\u00bb:null,\u00a0\u00bbsite_description\u00a0\u00bb:\u00a0\u00bbRetrouvez toute l&rsquo;actu de votre r\u00e9gion avec Aujourd&rsquo;hui en France.\u00a0\u00bb,\u00a0\u00bbnative_app_rendering\u00a0\u00bb:null,\u00a0\u00bbsite_url\u00a0\u00bb:null,\u00a0\u00bbsite_title\u00a0\u00bb:\u00a0\u00bbL&rsquo;info en r\u00e9gion &#8211; Aujourd&rsquo;hui en France\u00a0\u00bb,\u00a0\u00bbpagebuilder_path_for_native_apps\u00a0\u00bb:null,\u00a0\u00bbsite_keywords\u00a0\u00bb:null,\u00a0\u00bbamp_deactivated\u00a0\u00bb:\u00a0\u00bbfalse\u00a0\u00bb,\u00a0\u00bbpaywall_deactivated\u00a0\u00bb:\u00a0\u00bbfalse\u00a0\u00bb,\u00a0\u00bbis_clickable_on_menu\u00a0\u00bb:\u00a0\u00bbtrue\u00a0\u00bb,\u00a0\u00bbpresentation\u00a0\u00bb:null},\u00a0\u00bbsocial\u00a0\u00bb:{\u00ab\u00a0twitter\u00a0\u00bb:null,\u00a0\u00bbrss\u00a0\u00bb:null,\u00a0\u00bbfacebook\u00a0\u00bb:null,\u00a0\u00bbarchives\u00a0\u00bb:null},\u00a0\u00bb_admin\u00a0\u00bb:{\u00ab\u00a0default_content\u00a0\u00bb:null,\u00a0\u00bbcommercial_node\u00a0\u00bb:null,\u00a0\u00bbalias_ids\u00a0\u00bb:[\u00ab\u00a0\/en-region\u00a0\u00bb],\u00a0\u00bbtracking_node\u00a0\u00bb:null,\u00a0\u00bbdo_not_show_on_site\u00a0\u00bb:null},\u00a0\u00bbnavigation\u00a0\u00bb:{\u00ab\u00a0nav_title\u00a0\u00bb:null,\u00a0\u00bbnav_display\u00a0\u00bb:null,\u00a0\u00bbdisplay_in_top_strip\u00a0\u00bb:null},\u00a0\u00bbin_the_news\u00a0\u00bb:{\u00ab\u00a0in_the_news_usefeature\u00a0\u00bb:null,\u00a0\u00bbin_the_news_usesectionbar\u00a0\u00bb:\u00a0\u00bbfalse\u00a0\u00bb,\u00a0\u00bbin_the_news_usebasepage\u00a0\u00bb:\u00a0\u00bb\/in-the-news-forsections\/\u00a0\u00bb},\u00a0\u00bbstory_list\u00a0\u00bb:{\u00ab\u00a0story_list_content\u00a0\u00bb:{}},\u00a0\u00bbGoogle Analytics\u00a0\u00bb:{\u00ab\u00a0ga_name_level_2&Prime;:null,\u00a0\u00bbga_name_level_3&Prime;:null,\u00a0\u00bbga_name_level_1&Prime;:\u00a0\u00bbdepartements-horsidfo\u00a0\u00bb},\u00a0\u00bbNewsletter\u00a0\u00bb:{\u00ab\u00a0newsletter_name\u00a0\u00bb:\u00a0\u00bbL&rsquo;Essentiel de l&rsquo;actu\u00a0\u00bb,\u00a0\u00bbnewsletter_optin\u00a0\u00bb:\u00a0\u00bboptin_newsletter\u00a0\u00bb,\u00a0\u00bbmodule_message\u00a0\u00bb:null,\u00a0\u00bbnewsletter_color\u00a0\u00bb:\u00a0\u00bb#1EA0E6&Prime;,\u00a0\u00bbnewsletter_image\u00a0\u00bb:\u00a0\u00bbnewsletter-essentiel-matin-logo.png\u00a0\u00bb,\u00a0\u00bbnewsletter_label\u00a0\u00bb:\u00a0\u00bbL&rsquo;essentiel du matin\u00a0\u00bb,\u00a0\u00bbnewsletter_title\u00a0\u00bb:\u00a0\u00bbUn tour de l\u2019actualit\u00e9 pour commencer la journ\u00e9e\u00a0\u00bb},\u00a0\u00bbSponsor\u00a0\u00bb:{\u00ab\u00a0sponsor_name\u00a0\u00bb:null,\u00a0\u00bbsponsor_message\u00a0\u00bb:null,\u00a0\u00bbsponsor_type\u00a0\u00bb:null,\u00a0\u00bbsponsor_logo_url\u00a0\u00bb:null,\u00a0\u00bbcollection_id_for_pinned_content\u00a0\u00bb:null},\u00a0\u00bbMobile\u00a0\u00bb:{\u00ab\u00a0xtpage\u00a0\u00bb:null,\u00a0\u00bblabel\u00a0\u00bb:null,\u00a0\u00bbbackground_color_section\u00a0\u00bb:\u00a0\u00bb#C0C0C0&Prime;,\u00a0\u00bbbackground_image_section\u00a0\u00bb:null},\u00a0\u00bbevent_logo_url\u00a0\u00bb:\u00a0\u00bbhttps:\/\/leparisien-assets-prod.s3.eu-west-1.amazonaws.com\/website\/images\/events_logo\/aujourdhui-en-france.svg\u00a0\u00bb,\u00a0\u00bbevent_logo_desktop_width\u00a0\u00bb:\u00a0\u00bb204&Prime;,\u00a0\u00bbevent_logo_desktop_height\u00a0\u00bb:\u00a0\u00bb64&Prime;,\u00a0\u00bbevent_logo_mobile_width\u00a0\u00bb:\u00a0\u00bb128&Prime;,\u00a0\u00bbevent_logo_mobile_height\u00a0\u00bb:\u00a0\u00bb40&Prime;,\u00a0\u00bbevent_logo_tablet_width\u00a0\u00bb:\u00a0\u00bb153&Prime;,\u00a0\u00bbevent_logo_tablet_height\u00a0\u00bb:\u00a0\u00bb48&Prime;,\u00a0\u00bb_website\u00a0\u00bb:\u00a0\u00bbleparisien\u00a0\u00bb,\u00a0\u00bbname\u00a0\u00bb:\u00a0\u00bbEn r\u00e9gion\u00a0\u00bb,\u00a0\u00bborder\u00a0\u00bb:{\u00ab\u00a0burger-menu\u00a0\u00bb:1015,\u00a0\u00bbsub-nav\u00a0\u00bb:1009,\u00a0\u00bbWebsked-plans\u00a0\u00bb:1033,\u00a0\u00bbdefault\u00a0\u00bb:1059,\u00a0\u00bbmenu\u00a0\u00bb:1014,\u00a0\u00bbMaillage_SEO_Surfooter\u00a0\u00bb:1052},\u00a0\u00bbparent\u00a0\u00bb:{\u00ab\u00a0default\u00a0\u00bb:\u00a0\u00bbhttps:\/\/www.leparisien.fr\/\u00a0\u00bb,\u00a0\u00bbburger-menu\u00a0\u00bb:\u00a0\u00bbhttps:\/\/www.leparisien.fr\/\u00a0\u00bb,\u00a0\u00bbsub-nav\u00a0\u00bb:\u00a0\u00bbhttps:\/\/www.leparisien.fr\/\u00a0\u00bb,\u00a0\u00bbWebsked-plans\u00a0\u00bb:\u00a0\u00bbhttps:\/\/www.leparisien.fr\/\u00a0\u00bb,\u00a0\u00bbburger-menu-etudiant\u00a0\u00bb:null,\u00a0\u00bbmenu\u00a0\u00bb:\u00a0\u00bbhttps:\/\/www.leparisien.fr\/\u00a0\u00bb,\u00a0\u00bbMaillage_SEO_Surfooter\u00a0\u00bb:\u00a0\u00bbhttps:\/\/www.leparisien.fr\/\u00a0\u00bb},\u00a0\u00bbancestors\u00a0\u00bb:{\u00ab\u00a0default\u00a0\u00bb:[\u00ab\u00a0https:\/\/www.leparisien.fr\/\u00a0\u00bb],\u00a0\u00bbburger-menu\u00a0\u00bb:[\u00ab\u00a0https:\/\/www.leparisien.fr\/\u00a0\u00bb],\u00a0\u00bbsub-nav\u00a0\u00bb:[\u00ab\u00a0https:\/\/www.leparisien.fr\/\u00a0\u00bb],\u00a0\u00bbWebsked-plans\u00a0\u00bb:[\u00ab\u00a0https:\/\/www.leparisien.fr\/\u00a0\u00bb],\u00a0\u00bbburger-menu-etudiant\u00a0\u00bb:[],\u00a0\u00bbmenu\u00a0\u00bb:[\u00ab\u00a0https:\/\/www.leparisien.fr\/\u00a0\u00bb],\u00a0\u00bbMaillage_SEO_Surfooter\u00a0\u00bb:[]},\u00a0\u00bbinactive\u00a0\u00bb:false,\u00a0\u00bbnode_type\u00a0\u00bb:\u00a0\u00bbsection\u00a0\u00bb}},\u00a0\u00bb_website_section_id\u00a0\u00bb:\u00a0\u00bbleparisien.\/en-region\u00a0\u00bb}],\u00a0\u00bbsites\u00a0\u00bb:[{\u00ab\u00a0_id\u00a0\u00bb:\u00a0\u00bb\/gironde-33&Prime;,\u00a0\u00bbtype\u00a0\u00bb:\u00a0\u00bbsite\u00a0\u00bb,\u00a0\u00bbversion\u00a0\u00bb:\u00a0\u00bb0.5.8&Prime;,\u00a0\u00bbname\u00a0\u00bb:\u00a0\u00bbGironde\u00a0\u00bb,\u00a0\u00bbdescription\u00a0\u00bb:\u00a0\u00bbSuivez toute l&rsquo;actualit\u00e9 et les informations locales de la Gironde en direct et en vid\u00e9o sur le Parisien.fr\u00a0\u00bb,\u00a0\u00bbpath\u00a0\u00bb:\u00a0\u00bb\/gironde-33&Prime;,\u00a0\u00bbparent_id\u00a0\u00bb:\u00a0\u00bb\/en-region\u00a0\u00bb,\u00a0\u00bbadditional_properties\u00a0\u00bb:{\u00ab\u00a0original\u00a0\u00bb:{\u00ab\u00a0_id\u00a0\u00bb:\u00a0\u00bb\/gironde-33&Prime;,\u00a0\u00bbGoogle Analytics\u00a0\u00bb:{\u00ab\u00a0ga_name_level_1&Prime;:\u00a0\u00bbdepartements-horsidfo\u00a0\u00bb,\u00a0\u00bbga_name_level_2&Prime;:\u00a0\u00bbgironde-33&Prime;,\u00a0\u00bbga_name_level_3&Prime;:null},\u00a0\u00bb_admin\u00a0\u00bb:{\u00ab\u00a0alias_ids\u00a0\u00bb:[]},\u00a0\u00bbstory_list\u00a0\u00bb:{\u00ab\u00a0story_list_content\u00a0\u00bb:{}},\u00a0\u00bbsite\u00a0\u00bb:{\u00ab\u00a0site_title\u00a0\u00bb:\u00a0\u00bbActualit\u00e9s du d\u00e9partement de la Gironde (33) &#8211; Infos locales dans la Gironde &#8211; Le Parisien\u00a0\u00bb,\u00a0\u00bbsite_description\u00a0\u00bb:\u00a0\u00bbSuivez toute l&rsquo;actualit\u00e9 et les informations locales de la Gironde en direct et en vid\u00e9o sur le Parisien.fr\u00a0\u00bb},\u00a0\u00bbname\u00a0\u00bb:\u00a0\u00bbGironde\u00a0\u00bb,\u00a0\u00bborder\u00a0\u00bb:{\u00ab\u00a0Websked-plans\u00a0\u00bb:2034,\u00a0\u00bbdefault\u00a0\u00bb:2032,\u00a0\u00bbMaillage_SEO_Surfooter\u00a0\u00bb:2032},\u00a0\u00bbparent\u00a0\u00bb:{\u00ab\u00a0default\u00a0\u00bb:\u00a0\u00bb\/en-region\u00a0\u00bb,\u00a0\u00bbsub-nav\u00a0\u00bb:null,\u00a0\u00bbWebsked-plans\u00a0\u00bb:\u00a0\u00bb\/en-region\u00a0\u00bb,\u00a0\u00bbMaillage_SEO_Surfooter\u00a0\u00bb:\u00a0\u00bb\/en-region\u00a0\u00bb},\u00a0\u00bbancestors\u00a0\u00bb:{\u00ab\u00a0Websked-plans\u00a0\u00bb:[\u00ab\u00a0https:\/\/www.leparisien.fr\/\u00a0\u00bb,\u00a0\u00bb\/en-region\u00a0\u00bb],\u00a0\u00bbdefault\u00a0\u00bb:[\u00ab\u00a0\/en-region\u00a0\u00bb],\u00a0\u00bbMaillage_SEO_Surfooter\u00a0\u00bb:[\u00ab\u00a0\/en-region\u00a0\u00bb]},\u00a0\u00bbinactive\u00a0\u00bb:false,\u00a0\u00bbnode_type\u00a0\u00bb:\u00a0\u00bbsection\u00a0\u00bb}}},{\u00ab\u00a0_id\u00a0\u00bb:\u00a0\u00bb\/meteo\u00a0\u00bb,\u00a0\u00bbtype\u00a0\u00bb:\u00a0\u00bbsite\u00a0\u00bb,\u00a0\u00bbversion\u00a0\u00bb:\u00a0\u00bb0.5.8&Prime;,\u00a0\u00bbname\u00a0\u00bb:\u00a0\u00bbM\u00e9t\u00e9o\u00a0\u00bb,\u00a0\u00bbdescription\u00a0\u00bb:\u00a0\u00bbObservations en temps r\u00e9el et pr\u00e9visions m\u00e9t\u00e9o \u00e0 5 jours &#8211; Le temps \u00e0 Paris, Bordeaux, Marseille, Lille\u2026 Suivez toute la m\u00e9t\u00e9o en France et en Europe sur leParisien.fr\u00a0\u00bb,\u00a0\u00bbpath\u00a0\u00bb:\u00a0\u00bb\/meteo\u00a0\u00bb,\u00a0\u00bbparent_id\u00a0\u00bb:\u00a0\u00bbhttps:\/\/www.leparisien.fr\/\u00a0\u00bb,\u00a0\u00bbadditional_properties\u00a0\u00bb:{\u00ab\u00a0original\u00a0\u00bb:{\u00ab\u00a0_id\u00a0\u00bb:\u00a0\u00bb\/meteo\u00a0\u00bb,\u00a0\u00bbsite\u00a0\u00bb:{\u00ab\u00a0site_tagline\u00a0\u00bb:null,\u00a0\u00bbsite_about\u00a0\u00bb:null,\u00a0\u00bbsite_description\u00a0\u00bb:\u00a0\u00bbObservations en temps r\u00e9el et pr\u00e9visions m\u00e9t\u00e9o \u00e0 5 jours &#8211; Le temps \u00e0 Paris, Bordeaux, Marseille, Lille\u2026 Suivez toute la m\u00e9t\u00e9o en France et en Europe sur leParisien.fr\u00a0\u00bb,\u00a0\u00bbnative_app_rendering\u00a0\u00bb:null,\u00a0\u00bbsite_url\u00a0\u00bb:null,\u00a0\u00bbsite_title\u00a0\u00bb:\u00a0\u00bbActualit\u00e9s et pr\u00e9visions m\u00e9t\u00e9o \u00e0 7 jours Paris et IDF &#8211; Le Parisien M\u00e9t\u00e9o\u00a0\u00bb,\u00a0\u00bbpagebuilder_path_for_native_apps\u00a0\u00bb:null,\u00a0\u00bbsite_keywords\u00a0\u00bb:null,\u00a0\u00bbamp_deactivated\u00a0\u00bb:\u00a0\u00bbfalse\u00a0\u00bb,\u00a0\u00bbpaywall_deactivated\u00a0\u00bb:\u00a0\u00bbfalse\u00a0\u00bb,\u00a0\u00bbsection_show_videos\u00a0\u00bb:\u00a0\u00bbtrue\u00a0\u00bb},\u00a0\u00bbsocial\u00a0\u00bb:{\u00ab\u00a0twitter\u00a0\u00bb:null,\u00a0\u00bbrss\u00a0\u00bb:null,\u00a0\u00bbfacebook\u00a0\u00bb:null,\u00a0\u00bbarchives\u00a0\u00bb:null},\u00a0\u00bb_admin\u00a0\u00bb:{\u00ab\u00a0default_content\u00a0\u00bb:null,\u00a0\u00bbcommercial_node\u00a0\u00bb:null,\u00a0\u00bbalias_ids\u00a0\u00bb:[\u00ab\u00a0\/meteo\u00a0\u00bb],\u00a0\u00bbtracking_node\u00a0\u00bb:null,\u00a0\u00bbdo_not_show_on_site\u00a0\u00bb:null},\u00a0\u00bbnavigation\u00a0\u00bb:{\u00ab\u00a0nav_title\u00a0\u00bb:null,\u00a0\u00bbnav_display\u00a0\u00bb:null,\u00a0\u00bbdisplay_in_top_strip\u00a0\u00bb:null},\u00a0\u00bbin_the_news\u00a0\u00bb:{\u00ab\u00a0in_the_news_usefeature\u00a0\u00bb:null,\u00a0\u00bbin_the_news_usesectionbar\u00a0\u00bb:\u00a0\u00bbfalse\u00a0\u00bb,\u00a0\u00bbin_the_news_usebasepage\u00a0\u00bb:\u00a0\u00bb\/in-the-news-forsections\/\u00a0\u00bb},\u00a0\u00bbstory_list\u00a0\u00bb:{\u00ab\u00a0story_list_content\u00a0\u00bb:{}},\u00a0\u00bbGoogle Analytics\u00a0\u00bb:{\u00ab\u00a0ga_name_level_2&Prime;:null,\u00a0\u00bbga_name_level_3&Prime;:null,\u00a0\u00bbga_name_level_1&Prime;:\u00a0\u00bbmeteo\u00a0\u00bb},\u00a0\u00bbNewsletter\u00a0\u00bb:{\u00ab\u00a0newsletter_name\u00a0\u00bb:\u00a0\u00bbL&rsquo;Essentiel de l&rsquo;actu\u00a0\u00bb,\u00a0\u00bbnewsletter_optin\u00a0\u00bb:\u00a0\u00bb{\\\u00a0\u00bboptin_newsletter\\\u00a0\u00bb:1}\u00a0\u00bb,\u00a0\u00bbmodule_message\u00a0\u00bb:null},\u00a0\u00bbSponsor\u00a0\u00bb:{\u00ab\u00a0sponsor_name\u00a0\u00bb:null,\u00a0\u00bbsponsor_message\u00a0\u00bb:null,\u00a0\u00bbsponsor_type\u00a0\u00bb:null,\u00a0\u00bbsponsor_logo_url\u00a0\u00bb:null,\u00a0\u00bbcollection_id_for_pinned_content\u00a0\u00bb:\u00a0\u00bbHALPYGG7M5FNVD5C3NHQ3V3O2A\u00a0\u00bb},\u00a0\u00bbMobile\u00a0\u00bb:{\u00ab\u00a0xtpage\u00a0\u00bb:null,\u00a0\u00bblabel\u00a0\u00bb:null},\u00a0\u00bbname\u00a0\u00bb:\u00a0\u00bbM\u00e9t\u00e9o\u00a0\u00bb,\u00a0\u00bborder\u00a0\u00bb:{\u00ab\u00a0Websked-plans\u00a0\u00bb:1016,\u00a0\u00bbdefault\u00a0\u00bb:1009,\u00a0\u00bbburger-menu\u00a0\u00bb:2005,\u00a0\u00bbmenu\u00a0\u00bb:1013,\u00a0\u00bbMaillage_SEO_Surfooter\u00a0\u00bb:1076,\u00a0\u00bbsub-nav\u00a0\u00bb:1015,\u00a0\u00bbfooter\u00a0\u00bb:1009,\u00a0\u00bbmobile-menu-sections-list\u00a0\u00bb:1010,\u00a0\u00bbsurfooter\u00a0\u00bb:1009},\u00a0\u00bbparent\u00a0\u00bb:{\u00ab\u00a0default\u00a0\u00bb:\u00a0\u00bbhttps:\/\/www.leparisien.fr\/\u00a0\u00bb,\u00a0\u00bbWebsked-plans\u00a0\u00bb:\u00a0\u00bbhttps:\/\/www.leparisien.fr\/\u00a0\u00bb,\u00a0\u00bbsub-nav\u00a0\u00bb:\u00a0\u00bbhttps:\/\/www.leparisien.fr\/\u00a0\u00bb,\u00a0\u00bbburger-menu\u00a0\u00bb:\u00a0\u00bb\/societe\u00a0\u00bb,\u00a0\u00bbburger-menu-etudiant\u00a0\u00bb:null,\u00a0\u00bbmenu\u00a0\u00bb:\u00a0\u00bbhttps:\/\/www.leparisien.fr\/\u00a0\u00bb,\u00a0\u00bbMaillage_SEO_Surfooter\u00a0\u00bb:\u00a0\u00bbhttps:\/\/www.leparisien.fr\/\u00a0\u00bb,\u00a0\u00bbfooter\u00a0\u00bb:\u00a0\u00bbhttps:\/\/www.leparisien.fr\/\u00a0\u00bb,\u00a0\u00bbmobile-menu-sections-list\u00a0\u00bb:\u00a0\u00bbhttps:\/\/www.leparisien.fr\/\u00a0\u00bb,\u00a0\u00bbsurfooter\u00a0\u00bb:\u00a0\u00bbhttps:\/\/www.leparisien.fr\/\u00a0\u00bb},\u00a0\u00bbancestors\u00a0\u00bb:{\u00ab\u00a0default\u00a0\u00bb:[\u00ab\u00a0https:\/\/www.leparisien.fr\/\u00a0\u00bb],\u00a0\u00bbWebsked-plans\u00a0\u00bb:[\u00ab\u00a0https:\/\/www.leparisien.fr\/\u00a0\u00bb],\u00a0\u00bbsub-nav\u00a0\u00bb:[\u00ab\u00a0https:\/\/www.leparisien.fr\/\u00a0\u00bb],\u00a0\u00bbburger-menu\u00a0\u00bb:[\u00ab\u00a0https:\/\/www.leparisien.fr\/\u00a0\u00bb,\u00a0\u00bb\/societe\u00a0\u00bb],\u00a0\u00bbburger-menu-etudiant\u00a0\u00bb:[],\u00a0\u00bbmenu\u00a0\u00bb:[\u00ab\u00a0https:\/\/www.leparisien.fr\/\u00a0\u00bb],\u00a0\u00bbMaillage_SEO_Surfooter\u00a0\u00bb:[],\u00a0\u00bbfooter\u00a0\u00bb:[\u00ab\u00a0https:\/\/www.leparisien.fr\/\u00a0\u00bb],\u00a0\u00bbmobile-menu-sections-list\u00a0\u00bb:[\u00ab\u00a0https:\/\/www.leparisien.fr\/\u00a0\u00bb],\u00a0\u00bbsurfooter\u00a0\u00bb:[\u00ab\u00a0https:\/\/www.leparisien.fr\/\u00a0\u00bb]},\u00a0\u00bbinactive\u00a0\u00bb:false,\u00a0\u00bbnode_type\u00a0\u00bb:\u00a0\u00bbsection\u00a0\u00bb}}},{\u00ab\u00a0_id\u00a0\u00bb:\u00a0\u00bb\/en-region\u00a0\u00bb,\u00a0\u00bbtype\u00a0\u00bb:\u00a0\u00bbsite\u00a0\u00bb,\u00a0\u00bbversion\u00a0\u00bb:\u00a0\u00bb0.5.8&Prime;,\u00a0\u00bbname\u00a0\u00bb:\u00a0\u00bbEn r\u00e9gion\u00a0\u00bb,\u00a0\u00bbdescription\u00a0\u00bb:\u00a0\u00bbRetrouvez toute l&rsquo;actu de votre r\u00e9gion avec Aujourd&rsquo;hui en France.\u00a0\u00bb,\u00a0\u00bbpath\u00a0\u00bb:\u00a0\u00bb\/en-region\u00a0\u00bb,\u00a0\u00bbparent_id\u00a0\u00bb:\u00a0\u00bbhttps:\/\/www.leparisien.fr\/\u00a0\u00bb,\u00a0\u00bbadditional_properties\u00a0\u00bb:{\u00ab\u00a0original\u00a0\u00bb:{\u00ab\u00a0_id\u00a0\u00bb:\u00a0\u00bb\/en-region\u00a0\u00bb,\u00a0\u00bbsite\u00a0\u00bb:{\u00ab\u00a0site_tagline\u00a0\u00bb:null,\u00a0\u00bbsite_about\u00a0\u00bb:null,\u00a0\u00bbsite_description\u00a0\u00bb:\u00a0\u00bbRetrouvez toute l&rsquo;actu de votre r\u00e9gion avec Aujourd&rsquo;hui en France.\u00a0\u00bb,\u00a0\u00bbnative_app_rendering\u00a0\u00bb:null,\u00a0\u00bbsite_url\u00a0\u00bb:null,\u00a0\u00bbsite_title\u00a0\u00bb:\u00a0\u00bbL&rsquo;info en r\u00e9gion &#8211; Aujourd&rsquo;hui en France\u00a0\u00bb,\u00a0\u00bbpagebuilder_path_for_native_apps\u00a0\u00bb:null,\u00a0\u00bbsite_keywords\u00a0\u00bb:null,\u00a0\u00bbamp_deactivated\u00a0\u00bb:\u00a0\u00bbfalse\u00a0\u00bb,\u00a0\u00bbpaywall_deactivated\u00a0\u00bb:\u00a0\u00bbfalse\u00a0\u00bb,\u00a0\u00bbis_clickable_on_menu\u00a0\u00bb:\u00a0\u00bbtrue\u00a0\u00bb,\u00a0\u00bbpresentation\u00a0\u00bb:null},\u00a0\u00bbsocial\u00a0\u00bb:{\u00ab\u00a0twitter\u00a0\u00bb:null,\u00a0\u00bbrss\u00a0\u00bb:null,\u00a0\u00bbfacebook\u00a0\u00bb:null,\u00a0\u00bbarchives\u00a0\u00bb:null},\u00a0\u00bb_admin\u00a0\u00bb:{\u00ab\u00a0default_content\u00a0\u00bb:null,\u00a0\u00bbcommercial_node\u00a0\u00bb:null,\u00a0\u00bbalias_ids\u00a0\u00bb:[\u00ab\u00a0\/en-region\u00a0\u00bb],\u00a0\u00bbtracking_node\u00a0\u00bb:null,\u00a0\u00bbdo_not_show_on_site\u00a0\u00bb:null},\u00a0\u00bbnavigation\u00a0\u00bb:{\u00ab\u00a0nav_title\u00a0\u00bb:null,\u00a0\u00bbnav_display\u00a0\u00bb:null,\u00a0\u00bbdisplay_in_top_strip\u00a0\u00bb:null},\u00a0\u00bbin_the_news\u00a0\u00bb:{\u00ab\u00a0in_the_news_usefeature\u00a0\u00bb:null,\u00a0\u00bbin_the_news_usesectionbar\u00a0\u00bb:\u00a0\u00bbfalse\u00a0\u00bb,\u00a0\u00bbin_the_news_usebasepage\u00a0\u00bb:\u00a0\u00bb\/in-the-news-forsections\/\u00a0\u00bb},\u00a0\u00bbstory_list\u00a0\u00bb:{\u00ab\u00a0story_list_content\u00a0\u00bb:{}},\u00a0\u00bbGoogle Analytics\u00a0\u00bb:{\u00ab\u00a0ga_name_level_2&Prime;:null,\u00a0\u00bbga_name_level_3&Prime;:null,\u00a0\u00bbga_name_level_1&Prime;:\u00a0\u00bbdepartements-horsidfo\u00a0\u00bb},\u00a0\u00bbNewsletter\u00a0\u00bb:{\u00ab\u00a0newsletter_name\u00a0\u00bb:\u00a0\u00bbL&rsquo;Essentiel de l&rsquo;actu\u00a0\u00bb,\u00a0\u00bbnewsletter_optin\u00a0\u00bb:\u00a0\u00bboptin_newsletter\u00a0\u00bb,\u00a0\u00bbmodule_message\u00a0\u00bb:null,\u00a0\u00bbnewsletter_color\u00a0\u00bb:\u00a0\u00bb#1EA0E6&Prime;,\u00a0\u00bbnewsletter_image\u00a0\u00bb:\u00a0\u00bbnewsletter-essentiel-matin-logo.png\u00a0\u00bb,\u00a0\u00bbnewsletter_label\u00a0\u00bb:\u00a0\u00bbL&rsquo;essentiel du matin\u00a0\u00bb,\u00a0\u00bbnewsletter_title\u00a0\u00bb:\u00a0\u00bbUn tour de l\u2019actualit\u00e9 pour commencer la journ\u00e9e\u00a0\u00bb},\u00a0\u00bbSponsor\u00a0\u00bb:{\u00ab\u00a0sponsor_name\u00a0\u00bb:null,\u00a0\u00bbsponsor_message\u00a0\u00bb:null,\u00a0\u00bbsponsor_type\u00a0\u00bb:null,\u00a0\u00bbsponsor_logo_url\u00a0\u00bb:null,\u00a0\u00bbcollection_id_for_pinned_content\u00a0\u00bb:null},\u00a0\u00bbMobile\u00a0\u00bb:{\u00ab\u00a0xtpage\u00a0\u00bb:null,\u00a0\u00bblabel\u00a0\u00bb:null,\u00a0\u00bbbackground_color_section\u00a0\u00bb:\u00a0\u00bb#C0C0C0&Prime;,\u00a0\u00bbbackground_image_section\u00a0\u00bb:null},\u00a0\u00bbevent_logo_url\u00a0\u00bb:\u00a0\u00bbhttps:\/\/leparisien-assets-prod.s3.eu-west-1.amazonaws.com\/website\/images\/events_logo\/aujourdhui-en-france.svg\u00a0\u00bb,\u00a0\u00bbevent_logo_desktop_width\u00a0\u00bb:\u00a0\u00bb204&Prime;,\u00a0\u00bbevent_logo_desktop_height\u00a0\u00bb:\u00a0\u00bb64&Prime;,\u00a0\u00bbevent_logo_mobile_width\u00a0\u00bb:\u00a0\u00bb128&Prime;,\u00a0\u00bbevent_logo_mobile_height\u00a0\u00bb:\u00a0\u00bb40&Prime;,\u00a0\u00bbevent_logo_tablet_width\u00a0\u00bb:\u00a0\u00bb153&Prime;,\u00a0\u00bbevent_logo_tablet_height\u00a0\u00bb:\u00a0\u00bb48&Prime;,\u00a0\u00bbname\u00a0\u00bb:\u00a0\u00bbEn r\u00e9gion\u00a0\u00bb,\u00a0\u00bborder\u00a0\u00bb:{\u00ab\u00a0burger-menu\u00a0\u00bb:1015,\u00a0\u00bbsub-nav\u00a0\u00bb:1009,\u00a0\u00bbWebsked-plans\u00a0\u00bb:1033,\u00a0\u00bbdefault\u00a0\u00bb:1059,\u00a0\u00bbmenu\u00a0\u00bb:1014,\u00a0\u00bbMaillage_SEO_Surfooter\u00a0\u00bb:1052},\u00a0\u00bbparent\u00a0\u00bb:{\u00ab\u00a0default\u00a0\u00bb:\u00a0\u00bbhttps:\/\/www.leparisien.fr\/\u00a0\u00bb,\u00a0\u00bbburger-menu\u00a0\u00bb:\u00a0\u00bbhttps:\/\/www.leparisien.fr\/\u00a0\u00bb,\u00a0\u00bbsub-nav\u00a0\u00bb:\u00a0\u00bbhttps:\/\/www.leparisien.fr\/\u00a0\u00bb,\u00a0\u00bbWebsked-plans\u00a0\u00bb:\u00a0\u00bbhttps:\/\/www.leparisien.fr\/\u00a0\u00bb,\u00a0\u00bbburger-menu-etudiant\u00a0\u00bb:null,\u00a0\u00bbmenu\u00a0\u00bb:\u00a0\u00bbhttps:\/\/www.leparisien.fr\/\u00a0\u00bb,\u00a0\u00bbMaillage_SEO_Surfooter\u00a0\u00bb:\u00a0\u00bbhttps:\/\/www.leparisien.fr\/\u00a0\u00bb},\u00a0\u00bbancestors\u00a0\u00bb:{\u00ab\u00a0default\u00a0\u00bb:[\u00ab\u00a0https:\/\/www.leparisien.fr\/\u00a0\u00bb],\u00a0\u00bbburger-menu\u00a0\u00bb:[\u00ab\u00a0https:\/\/www.leparisien.fr\/\u00a0\u00bb],\u00a0\u00bbsub-nav\u00a0\u00bb:[\u00ab\u00a0https:\/\/www.leparisien.fr\/\u00a0\u00bb],\u00a0\u00bbWebsked-plans\u00a0\u00bb:[\u00ab\u00a0https:\/\/www.leparisien.fr\/\u00a0\u00bb],\u00a0\u00bbburger-menu-etudiant\u00a0\u00bb:[],\u00a0\u00bbmenu\u00a0\u00bb:[\u00ab\u00a0https:\/\/www.leparisien.fr\/\u00a0\u00bb],\u00a0\u00bbMaillage_SEO_Surfooter\u00a0\u00bb:[]},\u00a0\u00bbinactive\u00a0\u00bb:false,\u00a0\u00bbnode_type\u00a0\u00bb:\u00a0\u00bbsection\u00a0\u00bb}}}],\u00a0\u00bbtags\u00a0\u00bb:[{\u00ab\u00a0description\u00a0\u00bb:\u00a0\u00bbhttps:\/\/www.leparisien.fr\/meteo\/intemperies\/\u00a0\u00bb,\u00a0\u00bbslug\u00a0\u00bb:\u00a0\u00bbmeteo-intemperies\u00a0\u00bb,\u00a0\u00bbtext\u00a0\u00bb:\u00a0\u00bbM\u00e9t\u00e9o intemp\u00e9ries\u00a0\u00bb}],\u00a0\u00bbkeywords\u00a0\u00bb:[]},\u00a0\u00bbtype\u00a0\u00bb:\u00a0\u00bbstory\u00a0\u00bb,\u00a0\u00bbwebsites\u00a0\u00bb:{\u00ab\u00a0leparisien\u00a0\u00bb:{\u00ab\u00a0website_section\u00a0\u00bb:{\u00ab\u00a0_id\u00a0\u00bb:\u00a0\u00bb\/gironde-33&Prime;,\u00a0\u00bb_website\u00a0\u00bb:\u00a0\u00bbleparisien\u00a0\u00bb,\u00a0\u00bbtype\u00a0\u00bb:\u00a0\u00bbsection\u00a0\u00bb,\u00a0\u00bbversion\u00a0\u00bb:\u00a0\u00bb0.6.0&Prime;,\u00a0\u00bbname\u00a0\u00bb:\u00a0\u00bbGironde\u00a0\u00bb,\u00a0\u00bbdescription\u00a0\u00bb:\u00a0\u00bbSuivez toute l&rsquo;actualit\u00e9 et les informations locales de la Gironde en direct et en vid\u00e9o sur le Parisien.fr\u00a0\u00bb,\u00a0\u00bbpath\u00a0\u00bb:\u00a0\u00bb\/gironde-33&Prime;,\u00a0\u00bbparent_id\u00a0\u00bb:\u00a0\u00bb\/en-region\u00a0\u00bb,\u00a0\u00bbparent\u00a0\u00bb:{\u00ab\u00a0default\u00a0\u00bb:\u00a0\u00bb\/en-region\u00a0\u00bb},\u00a0\u00bbadditional_properties\u00a0\u00bb:{\u00ab\u00a0original\u00a0\u00bb:{\u00ab\u00a0_id\u00a0\u00bb:\u00a0\u00bb\/gironde-33&Prime;,\u00a0\u00bbGoogle Analytics\u00a0\u00bb:{\u00ab\u00a0ga_name_level_1&Prime;:\u00a0\u00bbdepartements-horsidfo\u00a0\u00bb,\u00a0\u00bbga_name_level_2&Prime;:\u00a0\u00bbgironde-33&Prime;,\u00a0\u00bbga_name_level_3&Prime;:null},\u00a0\u00bb_admin\u00a0\u00bb:{\u00ab\u00a0alias_ids\u00a0\u00bb:[]},\u00a0\u00bbstory_list\u00a0\u00bb:{\u00ab\u00a0story_list_content\u00a0\u00bb:{}},\u00a0\u00bbsite\u00a0\u00bb:{\u00ab\u00a0site_title\u00a0\u00bb:\u00a0\u00bbActualit\u00e9s du d\u00e9partement de la Gironde (33) &#8211; Infos locales dans la Gironde &#8211; Le Parisien\u00a0\u00bb,\u00a0\u00bbsite_description\u00a0\u00bb:\u00a0\u00bbSuivez toute l&rsquo;actualit\u00e9 et les informations locales de la Gironde en direct et en vid\u00e9o sur le Parisien.fr\u00a0\u00bb},\u00a0\u00bb_website\u00a0\u00bb:\u00a0\u00bbleparisien\u00a0\u00bb,\u00a0\u00bbname\u00a0\u00bb:\u00a0\u00bbGironde\u00a0\u00bb,\u00a0\u00bborder\u00a0\u00bb:{\u00ab\u00a0Websked-plans\u00a0\u00bb:2034,\u00a0\u00bbdefault\u00a0\u00bb:2032,\u00a0\u00bbMaillage_SEO_Surfooter\u00a0\u00bb:2032},\u00a0\u00bbparent\u00a0\u00bb:{\u00ab\u00a0default\u00a0\u00bb:\u00a0\u00bb\/en-region\u00a0\u00bb,\u00a0\u00bbsub-nav\u00a0\u00bb:null,\u00a0\u00bbWebsked-plans\u00a0\u00bb:\u00a0\u00bb\/en-region\u00a0\u00bb,\u00a0\u00bbMaillage_SEO_Surfooter\u00a0\u00bb:\u00a0\u00bb\/en-region\u00a0\u00bb},\u00a0\u00bbancestors\u00a0\u00bb:{\u00ab\u00a0Websked-plans\u00a0\u00bb:[\u00ab\u00a0https:\/\/www.leparisien.fr\/\u00a0\u00bb,\u00a0\u00bb\/en-region\u00a0\u00bb],\u00a0\u00bbdefault\u00a0\u00bb:[\u00ab\u00a0\/en-region\u00a0\u00bb],\u00a0\u00bbMaillage_SEO_Surfooter\u00a0\u00bb:[\u00ab\u00a0\/en-region\u00a0\u00bb]},\u00a0\u00bbinactive\u00a0\u00bb:false,\u00a0\u00bbnode_type\u00a0\u00bb:\u00a0\u00bbsection\u00a0\u00bb}},\u00a0\u00bb_website_section_id\u00a0\u00bb:\u00a0\u00bbleparisien.\/gironde-33&Prime;},\u00a0\u00bbwebsite_url\u00a0\u00bb:\u00a0\u00bb\/gironde-33\/tempetes-de-grele-en-gironde-inondations-dans-le-gers-le-sud-ouest-touche-par-de-violents-orages-11-05-2025-7GYGRIRZPZDG5ASOLSAXZJ4ZQM.php\u00a0\u00bb}},\u00a0\u00bbcanonical_url\u00a0\u00bb:\u00a0\u00bb\/gironde-33\/tempetes-de-grele-en-gironde-inondations-dans-le-gers-le-sud-ouest-touche-par-de-violents-orages-11-05-2025-7GYGRIRZPZDG5ASOLSAXZJ4ZQM.php\u00a0\u00bb,\u00a0\u00bbwebsite\u00a0\u00bb:\u00a0\u00bbleparisien\u00a0\u00bb,\u00a0\u00bbwebsite_url\u00a0\u00bb:\u00a0\u00bb\/gironde-33\/tempetes-de-grele-en-gironde-inondations-dans-le-gers-le-sud-ouest-touche-par-de-violents-orages-11-05-2025-7GYGRIRZPZDG5ASOLSAXZJ4ZQM.php\u00a0\u00bb,\u00a0\u00bbuserStatus\u00a0\u00bb:\u00a0\u00bbunknown\u00a0\u00bb,\u00a0\u00bbarticleTemplate\u00a0\u00bb:\u00a0\u00bbarticle\u00a0\u00bb,\u00a0\u00bbaudioUrl\u00a0\u00bb:\u00a0\u00bbhttps:\/\/audio.leparisien.fr\/7GYGRIRZPZDG5ASOLSAXZJ4ZQM.mp3&Prime;};Fusion.globalContentConfig={\u00ab\u00a0source\u00a0\u00bb:\u00a0\u00bbstory-card\u00a0\u00bb,\u00a0\u00bbquery\u00a0\u00bb:{\u00ab\u00a0uri\u00a0\u00bb:\u00a0\u00bb\/gironde-33\/tempetes-de-grele-en-gironde-inondations-dans-le-gers-le-sud-ouest-touche-par-de-violents-orages-11-05-2025-7GYGRIRZPZDG5ASOLSAXZJ4ZQM.php\u00a0\u00bb,\u00a0\u00bbwebsite\u00a0\u00bb:\u00a0\u00bbleparisien\u00a0\u00bb,\u00a0\u00bburl\u00a0\u00bb:\u00a0\u00bb\/gironde-33\/tempetes-de-grele-en-gironde-inondations-dans-le-gers-le-sud-ouest-touche-par-de-violents-orages-11-05-2025-7GYGRIRZPZDG5ASOLSAXZJ4ZQM.php\u00a0\u00bb,\u00a0\u00bbvariant\u00a0\u00bb:\u00a0\u00bb0&Prime;,\u00a0\u00bbarc-site\u00a0\u00bb:\u00a0\u00bbleparisien\u00a0\u00bb}};Fusion.lastModified=1746958802141;Fusion.contentCache={\u00ab\u00a0site-menu\u00a0\u00bb:{\u00ab\u00a0{\\\u00a0\u00bb_id\\\u00a0\u00bb:\\\u00a0\u00bb\/\\\u00a0\u00bb,\\\u00a0\u00bb_website\\\u00a0\u00bb:\\\u00a0\u00bbleparisien\\\u00a0\u00bb,\\\u00a0\u00bbhierarchy\\\u00a0\u00bb:\\\u00a0\u00bbmenu\\\u00a0\u00bb}\u00a0\u00bb:{\u00ab\u00a0data\u00a0\u00bb:{\u00ab\u00a0children\u00a0\u00bb:[{\u00ab\u00a0_id\u00a0\u00bb:\u00a0\u00bblink-TTDQP4MZR95Z98A67F95Y6AZ20&Prime;,\u00a0\u00bbchildren\u00a0\u00bb:[],\u00a0\u00bbdisplay_name\u00a0\u00bb:\u00a0\u00bb\u00c0 la une\u00a0\u00bb,\u00a0\u00bburl\u00a0\u00bb:\u00a0\u00bbhttps:\/\/www.leparisien.fr\/\u00a0\u00bb},{\u00ab\u00a0_id\u00a0\u00bb:\u00a0\u00bblink-PJZZOUS3L5GK3G2YHKRRI4A72I\u00a0\u00bb,\u00a0\u00bbchildren\u00a0\u00bb:[],\u00a0\u00bbdisplay_name\u00a0\u00bb:\u00a0\u00bbEn continu\u00a0\u00bb,\u00a0\u00bburl\u00a0\u00bb:\u00a0\u00bb\/actualites-en-continu\u00a0\u00bb},{\u00ab\u00a0_id\u00a0\u00bb:\u00a0\u00bb\/info-paris-ile-de-france-oise\u00a0\u00bb,\u00a0\u00bbchildren\u00a0\u00bb:[{\u00ab\u00a0_id\u00a0\u00bb:\u00a0\u00bb\/paris-75&Prime;,\u00a0\u00bbname\u00a0\u00bb:\u00a0\u00bbParis\u00a0\u00bb,\u00a0\u00bbsite\u00a0\u00bb:{}},{\u00ab\u00a0_id\u00a0\u00bb:\u00a0\u00bb\/essonne-91&Prime;,\u00a0\u00bbname\u00a0\u00bb:\u00a0\u00bbEssonne\u00a0\u00bb,\u00a0\u00bbsite\u00a0\u00bb:{}},{\u00ab\u00a0_id\u00a0\u00bb:\u00a0\u00bb\/hauts-de-seine-92&Prime;,\u00a0\u00bbname\u00a0\u00bb:\u00a0\u00bbHauts-de-Seine\u00a0\u00bb,\u00a0\u00bbsite\u00a0\u00bb:{}},{\u00ab\u00a0_id\u00a0\u00bb:\u00a0\u00bb\/seine-saint-denis-93&Prime;,\u00a0\u00bbname\u00a0\u00bb:\u00a0\u00bbSeine-Saint-Denis\u00a0\u00bb,\u00a0\u00bbsite\u00a0\u00bb:{}},{\u00ab\u00a0_id\u00a0\u00bb:\u00a0\u00bb\/val-d-oise-95&Prime;,\u00a0\u00bbname\u00a0\u00bb:\u00a0\u00bbVal-d&rsquo;Oise\u00a0\u00bb,\u00a0\u00bbsite\u00a0\u00bb:{}},{\u00ab\u00a0_id\u00a0\u00bb:\u00a0\u00bb\/val-de-marne-94&Prime;,\u00a0\u00bbname\u00a0\u00bb:\u00a0\u00bbVal-de-Marne\u00a0\u00bb,\u00a0\u00bbsite\u00a0\u00bb:{}},{\u00ab\u00a0_id\u00a0\u00bb:\u00a0\u00bb\/seine-et-marne-77&Prime;,\u00a0\u00bbname\u00a0\u00bb:\u00a0\u00bbSeine-et-Marne\u00a0\u00bb,\u00a0\u00bbsite\u00a0\u00bb:{}},{\u00ab\u00a0_id\u00a0\u00bb:\u00a0\u00bb\/yvelines-78&Prime;,\u00a0\u00bbname\u00a0\u00bb:\u00a0\u00bbYvelines\u00a0\u00bb,\u00a0\u00bbsite\u00a0\u00bb:{}},{\u00ab\u00a0_id\u00a0\u00bb:\u00a0\u00bb\/oise-60&Prime;,\u00a0\u00bbname\u00a0\u00bb:\u00a0\u00bbOise\u00a0\u00bb,\u00a0\u00bbsite\u00a0\u00bb:{}},{\u00ab\u00a0_id\u00a0\u00bb:\u00a0\u00bb\/info-paris-ile-de-france-oise\/transports\u00a0\u00bb,\u00a0\u00bbname\u00a0\u00bb:\u00a0\u00bbTransports IDF\u00a0\u00bb,\u00a0\u00bbsite\u00a0\u00bb:{}},{\u00ab\u00a0_id\u00a0\u00bb:\u00a0\u00bb\/immobilier\u00a0\u00bb,\u00a0\u00bbname\u00a0\u00bb:\u00a0\u00bbImmobilier\u00a0\u00bb,\u00a0\u00bbsite\u00a0\u00bb:{}}],\u00a0\u00bbname\u00a0\u00bb:\u00a0\u00bbParis &#038; \u00cele-de-France\u00a0\u00bb,\u00a0\u00bbsite\u00a0\u00bb:{}},{\u00ab\u00a0_id\u00a0\u00bb:\u00a0\u00bb\/faits-divers\u00a0\u00bb,\u00a0\u00bbchildren\u00a0\u00bb:[],\u00a0\u00bbname\u00a0\u00bb:\u00a0\u00bbFaits divers\u00a0\u00bb,\u00a0\u00bbsite\u00a0\u00bb:{}},{\u00ab\u00a0_id\u00a0\u00bb:\u00a0\u00bb\/politique\u00a0\u00bb,\u00a0\u00bbchildren\u00a0\u00bb:[{\u00ab\u00a0_id\u00a0\u00bb:\u00a0\u00bb\/politique\/emmanuel-macron\u00a0\u00bb,\u00a0\u00bbname\u00a0\u00bb:\u00a0\u00bbEmmanuel Macron\u00a0\u00bb,\u00a0\u00bbsite\u00a0\u00bb:{}},{\u00ab\u00a0_id\u00a0\u00bb:\u00a0\u00bb\/politique\/francois-bayrou\u00a0\u00bb,\u00a0\u00bbname\u00a0\u00bb:\u00a0\u00bbFran\u00e7ois Bayrou\u00a0\u00bb,\u00a0\u00bbsite\u00a0\u00bb:{}},{\u00ab\u00a0_id\u00a0\u00bb:\u00a0\u00bb\/elections\u00a0\u00bb,\u00a0\u00bbname\u00a0\u00bb:\u00a0\u00bb\u00c9lections\u00a0\u00bb,\u00a0\u00bbsite\u00a0\u00bb:{}},{\u00ab\u00a0_id\u00a0\u00bb:\u00a0\u00bb\/elections\/municipales\u00a0\u00bb,\u00a0\u00bbname\u00a0\u00bb:\u00a0\u00bbMunicipales 2026&Prime;,\u00a0\u00bbsite\u00a0\u00bb:{}}],\u00a0\u00bbname\u00a0\u00bb:\u00a0\u00bbPolitique\u00a0\u00bb,\u00a0\u00bbsite\u00a0\u00bb:{}},{\u00ab\u00a0_id\u00a0\u00bb:\u00a0\u00bb\/international\u00a0\u00bb,\u00a0\u00bbchildren\u00a0\u00bb:[{\u00ab\u00a0_id\u00a0\u00bb:\u00a0\u00bb\/international\/etats-unis\u00a0\u00bb,\u00a0\u00bbname\u00a0\u00bb:\u00a0\u00bb\u00c9tats-Unis\u00a0\u00bb,\u00a0\u00bbsite\u00a0\u00bb:{\u00ab\u00a0is_clickable_on_menu\u00a0\u00bb:\u00a0\u00bbtrue\u00a0\u00bb}},{\u00ab\u00a0_id\u00a0\u00bb:\u00a0\u00bb\/international\/etats-unis\/donald-trump\u00a0\u00bb,\u00a0\u00bbname\u00a0\u00bb:\u00a0\u00bbDonald Trump\u00a0\u00bb,\u00a0\u00bbsite\u00a0\u00bb:{\u00ab\u00a0is_clickable_on_menu\u00a0\u00bb:\u00a0\u00bbtrue\u00a0\u00bb}},{\u00ab\u00a0_id\u00a0\u00bb:\u00a0\u00bb\/international\/israel\u00a0\u00bb,\u00a0\u00bbname\u00a0\u00bb:\u00a0\u00bbGuerre au Proche-Orient\u00a0\u00bb,\u00a0\u00bbsite\u00a0\u00bb:{\u00ab\u00a0is_clickable_on_menu\u00a0\u00bb:\u00a0\u00bbtrue\u00a0\u00bb}},{\u00ab\u00a0_id\u00a0\u00bb:\u00a0\u00bb\/crise-ukraine-russie\u00a0\u00bb,\u00a0\u00bbname\u00a0\u00bb:\u00a0\u00bbGuerre en Ukraine\u00a0\u00bb,\u00a0\u00bbsite\u00a0\u00bb:{\u00ab\u00a0is_clickable_on_menu\u00a0\u00bb:\u00a0\u00bbtrue\u00a0\u00bb}},{\u00ab\u00a0_id\u00a0\u00bb:\u00a0\u00bb\/international\/syrie\u00a0\u00bb,\u00a0\u00bbname\u00a0\u00bb:\u00a0\u00bbSyrie\u00a0\u00bb,\u00a0\u00bbsite\u00a0\u00bb:{\u00ab\u00a0is_clickable_on_menu\u00a0\u00bb:\u00a0\u00bbtrue\u00a0\u00bb}}],\u00a0\u00bbname\u00a0\u00bb:\u00a0\u00bbInternational\u00a0\u00bb,\u00a0\u00bbsite\u00a0\u00bb:{}},{\u00ab\u00a0_id\u00a0\u00bb:\u00a0\u00bb\/sports\u00a0\u00bb,\u00a0\u00bbchildren\u00a0\u00bb:[{\u00ab\u00a0_id\u00a0\u00bb:\u00a0\u00bb\/sports\/football\u00a0\u00bb,\u00a0\u00bbname\u00a0\u00bb:\u00a0\u00bbFootball\u00a0\u00bb,\u00a0\u00bbsite\u00a0\u00bb:{}},{\u00ab\u00a0_id\u00a0\u00bb:\u00a0\u00bb\/sports\/football\/psg\u00a0\u00bb,\u00a0\u00bbname\u00a0\u00bb:\u00a0\u00bbPSG\u00a0\u00bb,\u00a0\u00bbsite\u00a0\u00bb:{}},{\u00ab\u00a0_id\u00a0\u00bb:\u00a0\u00bb\/sports\/football\/ligue-1&Prime;,\u00a0\u00bbname\u00a0\u00bb:\u00a0\u00bbLigue 1&Prime;,\u00a0\u00bbsite\u00a0\u00bb:{\u00ab\u00a0is_clickable_on_menu\u00a0\u00bb:\u00a0\u00bbtrue\u00a0\u00bb}},{\u00ab\u00a0_id\u00a0\u00bb:\u00a0\u00bb\/sports\/football\/ligue-des-champions\u00a0\u00bb,\u00a0\u00bbname\u00a0\u00bb:\u00a0\u00bbLigue des champions\u00a0\u00bb,\u00a0\u00bbsite\u00a0\u00bb:{\u00ab\u00a0is_clickable_on_menu\u00a0\u00bb:\u00a0\u00bbtrue\u00a0\u00bb}},{\u00ab\u00a0_id\u00a0\u00bb:\u00a0\u00bb\/sports\/rugby\u00a0\u00bb,\u00a0\u00bbname\u00a0\u00bb:\u00a0\u00bbRugby\u00a0\u00bb,\u00a0\u00bbsite\u00a0\u00bb:{}},{\u00ab\u00a0_id\u00a0\u00bb:\u00a0\u00bb\/sports\/basket\u00a0\u00bb,\u00a0\u00bbname\u00a0\u00bb:\u00a0\u00bbBasket\u00a0\u00bb,\u00a0\u00bbsite\u00a0\u00bb:{\u00ab\u00a0is_clickable_on_menu\u00a0\u00bb:\u00a0\u00bbtrue\u00a0\u00bb}},{\u00ab\u00a0_id\u00a0\u00bb:\u00a0\u00bb\/sports\/tennis\u00a0\u00bb,\u00a0\u00bbname\u00a0\u00bb:\u00a0\u00bbTennis\u00a0\u00bb,\u00a0\u00bbsite\u00a0\u00bb:{}},{\u00ab\u00a0_id\u00a0\u00bb:\u00a0\u00bb\/sports\/cyclisme\u00a0\u00bb,\u00a0\u00bbname\u00a0\u00bb:\u00a0\u00bbCyclisme\u00a0\u00bb,\u00a0\u00bbsite\u00a0\u00bb:{}},{\u00ab\u00a0_id\u00a0\u00bb:\u00a0\u00bb\/sports\/handball\u00a0\u00bb,\u00a0\u00bbname\u00a0\u00bb:\u00a0\u00bbHandball\u00a0\u00bb,\u00a0\u00bbsite\u00a0\u00bb:{\u00ab\u00a0is_clickable_on_menu\u00a0\u00bb:\u00a0\u00bbtrue\u00a0\u00bb}},{\u00ab\u00a0_id\u00a0\u00bb:\u00a0\u00bb\/sports\/formule-1&Prime;,\u00a0\u00bbname\u00a0\u00bb:\u00a0\u00bbFormule 1&Prime;,\u00a0\u00bbsite\u00a0\u00bb:{}},{\u00ab\u00a0_id\u00a0\u00bb:\u00a0\u00bb\/sports\/hippisme\u00a0\u00bb,\u00a0\u00bbname\u00a0\u00bb:\u00a0\u00bbHippisme\u00a0\u00bb,\u00a0\u00bbsite\u00a0\u00bb:{}},{\u00ab\u00a0_id\u00a0\u00bb:\u00a0\u00bb\/sports\/mma\u00a0\u00bb,\u00a0\u00bbname\u00a0\u00bb:\u00a0\u00bbMMA &#8211; Arts martiaux mixtes\u00a0\u00bb,\u00a0\u00bbsite\u00a0\u00bb:{\u00ab\u00a0is_clickable_on_menu\u00a0\u00bb:\u00a0\u00bbtrue\u00a0\u00bb}},{\u00ab\u00a0_id\u00a0\u00bb:\u00a0\u00bb\/sports\/JO\u00a0\u00bb,\u00a0\u00bbname\u00a0\u00bb:\u00a0\u00bbJeux olympiques\u00a0\u00bb,\u00a0\u00bbsite\u00a0\u00bb:{}}],\u00a0\u00bbname\u00a0\u00bb:\u00a0\u00bbSports\u00a0\u00bb,\u00a0\u00bbsite\u00a0\u00bb:{}},{\u00ab\u00a0_id\u00a0\u00bb:\u00a0\u00bb\/economie\u00a0\u00bb,\u00a0\u00bbchildren\u00a0\u00bb:[{\u00ab\u00a0_id\u00a0\u00bb:\u00a0\u00bb\/pouvoir-d-achat\u00a0\u00bb,\u00a0\u00bbname\u00a0\u00bb:\u00a0\u00bbPouvoir d&rsquo;achat\u00a0\u00bb,\u00a0\u00bbsite\u00a0\u00bb:{}},{\u00ab\u00a0_id\u00a0\u00bb:\u00a0\u00bb\/economie\/retraites\u00a0\u00bb,\u00a0\u00bbname\u00a0\u00bb:\u00a0\u00bbRetraites\u00a0\u00bb,\u00a0\u00bbsite\u00a0\u00bb:{}},{\u00ab\u00a0_id\u00a0\u00bb:\u00a0\u00bb\/economie\/consommation\u00a0\u00bb,\u00a0\u00bbname\u00a0\u00bb:\u00a0\u00bbConsommation\u00a0\u00bb,\u00a0\u00bbsite\u00a0\u00bb:{}},{\u00ab\u00a0_id\u00a0\u00bb:\u00a0\u00bb\/economie\/emploi\u00a0\u00bb,\u00a0\u00bbname\u00a0\u00bb:\u00a0\u00bbEmploi\u00a0\u00bb,\u00a0\u00bbsite\u00a0\u00bb:{}},{\u00ab\u00a0_id\u00a0\u00bb:\u00a0\u00bb\/economie\/impots\u00a0\u00bb,\u00a0\u00bbname\u00a0\u00bb:\u00a0\u00bbImp\u00f4ts \u00ab\u00a0,\u00a0\u00bbsite\u00a0\u00bb:{}},{\u00ab\u00a0_id\u00a0\u00bb:\u00a0\u00bb\/economie\/business\u00a0\u00bb,\u00a0\u00bbname\u00a0\u00bb:\u00a0\u00bbEntreprises &#038; start-up\u00a0\u00bb,\u00a0\u00bbsite\u00a0\u00bb:{}},{\u00ab\u00a0_id\u00a0\u00bb:\u00a0\u00bb\/vie-de-bureau\u00a0\u00bb,\u00a0\u00bbname\u00a0\u00bb:\u00a0\u00bbVie de bureau\u00a0\u00bb,\u00a0\u00bbsite\u00a0\u00bb:{\u00ab\u00a0is_clickable_on_menu\u00a0\u00bb:\u00a0\u00bbtrue\u00a0\u00bb}},{\u00ab\u00a0_id\u00a0\u00bb:\u00a0\u00bb\/automobile\u00a0\u00bb,\u00a0\u00bbname\u00a0\u00bb:\u00a0\u00bbAutomobile\u00a0\u00bb,\u00a0\u00bbsite\u00a0\u00bb:{}}],\u00a0\u00bbname\u00a0\u00bb:\u00a0\u00bb\u00c9conomie\u00a0\u00bb,\u00a0\u00bbsite\u00a0\u00bb:{}},{\u00ab\u00a0_id\u00a0\u00bb:\u00a0\u00bb\/futurs\u00a0\u00bb,\u00a0\u00bbchildren\u00a0\u00bb:[{\u00ab\u00a0_id\u00a0\u00bb:\u00a0\u00bb\/environnement\u00a0\u00bb,\u00a0\u00bbname\u00a0\u00bb:\u00a0\u00bbEnvironnement\u00a0\u00bb,\u00a0\u00bbsite\u00a0\u00bb:{}},{\u00ab\u00a0_id\u00a0\u00bb:\u00a0\u00bb\/environnement\/climat\u00a0\u00bb,\u00a0\u00bbname\u00a0\u00bb:\u00a0\u00bbClimat\u00a0\u00bb,\u00a0\u00bbsite\u00a0\u00bb:{\u00ab\u00a0is_clickable_on_menu\u00a0\u00bb:\u00a0\u00bbtrue\u00a0\u00bb}},{\u00ab\u00a0_id\u00a0\u00bb:\u00a0\u00bb\/high-tech\u00a0\u00bb,\u00a0\u00bbname\u00a0\u00bb:\u00a0\u00bbHigh-tech\u00a0\u00bb,\u00a0\u00bbsite\u00a0\u00bb:{}},{\u00ab\u00a0_id\u00a0\u00bb:\u00a0\u00bb\/sciences\u00a0\u00bb,\u00a0\u00bbname\u00a0\u00bb:\u00a0\u00bbSciences\u00a0\u00bb,\u00a0\u00bbsite\u00a0\u00bb:{}}],\u00a0\u00bbname\u00a0\u00bb:\u00a0\u00bbFuturs\u00a0\u00bb,\u00a0\u00bbsite\u00a0\u00bb:{\u00ab\u00a0is_clickable_on_menu\u00a0\u00bb:\u00a0\u00bbtrue\u00a0\u00bb}},{\u00ab\u00a0_id\u00a0\u00bb:\u00a0\u00bb\/societe\u00a0\u00bb,\u00a0\u00bbchildren\u00a0\u00bb:[{\u00ab\u00a0_id\u00a0\u00bb:\u00a0\u00bb\/societe\/famille\u00a0\u00bb,\u00a0\u00bbname\u00a0\u00bb:\u00a0\u00bbFamille\u00a0\u00bb,\u00a0\u00bbsite\u00a0\u00bb:{\u00ab\u00a0is_clickable_on_menu\u00a0\u00bb:\u00a0\u00bbtrue\u00a0\u00bb}},{\u00ab\u00a0_id\u00a0\u00bb:\u00a0\u00bb\/societe\/religions\u00a0\u00bb,\u00a0\u00bbname\u00a0\u00bb:\u00a0\u00bbReligions\u00a0\u00bb,\u00a0\u00bbsite\u00a0\u00bb:{\u00ab\u00a0is_clickable_on_menu\u00a0\u00bb:\u00a0\u00bbtrue\u00a0\u00bb}},{\u00ab\u00a0_id\u00a0\u00bb:\u00a0\u00bb\/intime\u00a0\u00bb,\u00a0\u00bbname\u00a0\u00bb:\u00a0\u00bbIntime\u00a0\u00bb,\u00a0\u00bbsite\u00a0\u00bb:{\u00ab\u00a0is_clickable_on_menu\u00a0\u00bb:\u00a0\u00bbtrue\u00a0\u00bb}},{\u00ab\u00a0_id\u00a0\u00bb:\u00a0\u00bblink-E3MRSAZGW5FZ7PZSNWBB3UZ62Q\u00a0\u00bb,\u00a0\u00bbdisplay_name\u00a0\u00bb:\u00a0\u00bbSentinelles\u00a0\u00bb,\u00a0\u00bburl\u00a0\u00bb:\u00a0\u00bbhttps:\/\/www.leparisien.fr\/sentinelles\/\u00a0\u00bb},{\u00ab\u00a0_id\u00a0\u00bb:\u00a0\u00bb\/bien-manger\u00a0\u00bb,\u00a0\u00bbname\u00a0\u00bb:\u00a0\u00bbBien manger\u00a0\u00bb,\u00a0\u00bbsite\u00a0\u00bb:{\u00ab\u00a0is_clickable_on_menu\u00a0\u00bb:\u00a0\u00bbtrue\u00a0\u00bb}}],\u00a0\u00bbname\u00a0\u00bb:\u00a0\u00bbSoci\u00e9t\u00e9\u00a0\u00bb,\u00a0\u00bbsite\u00a0\u00bb:{}},{\u00ab\u00a0_id\u00a0\u00bb:\u00a0\u00bb\/societe\/sante\u00a0\u00bb,\u00a0\u00bbchildren\u00a0\u00bb:[{\u00ab\u00a0_id\u00a0\u00bb:\u00a0\u00bb\/coronavirus\u00a0\u00bb,\u00a0\u00bbname\u00a0\u00bb:\u00a0\u00bbCovid-19&Prime;,\u00a0\u00bbsite\u00a0\u00bb:{}}],\u00a0\u00bbname\u00a0\u00bb:\u00a0\u00bbSant\u00e9\u00a0\u00bb,\u00a0\u00bbsite\u00a0\u00bb:{}},{\u00ab\u00a0_id\u00a0\u00bb:\u00a0\u00bb\/culture-loisirs\u00a0\u00bb,\u00a0\u00bbchildren\u00a0\u00bb:[{\u00ab\u00a0_id\u00a0\u00bb:\u00a0\u00bb\/culture-loisirs\/cinema\u00a0\u00bb,\u00a0\u00bbname\u00a0\u00bb:\u00a0\u00bbCin\u00e9ma\u00a0\u00bb,\u00a0\u00bbsite\u00a0\u00bb:{}},{\u00ab\u00a0_id\u00a0\u00bb:\u00a0\u00bblink-IWWE4RXB5VBDBAKJGWWHM3BILY\u00a0\u00bb,\u00a0\u00bbdisplay_name\u00a0\u00bb:\u00a0\u00bbFestival de Cannes 2025&Prime;,\u00a0\u00bburl\u00a0\u00bb:\u00a0\u00bbhttps:\/\/www.leparisien.fr\/culture-loisirs\/cinema\/festival-de-cannes\/\u00a0\u00bb},{\u00ab\u00a0_id\u00a0\u00bb:\u00a0\u00bb\/culture-loisirs\/series\u00a0\u00bb,\u00a0\u00bbname\u00a0\u00bb:\u00a0\u00bbS\u00e9ries\u00a0\u00bb,\u00a0\u00bbsite\u00a0\u00bb:{}},{\u00ab\u00a0_id\u00a0\u00bb:\u00a0\u00bb\/culture-loisirs\/tv\u00a0\u00bb,\u00a0\u00bbname\u00a0\u00bb:\u00a0\u00bbT\u00e9l\u00e9vision &#038; m\u00e9dias\u00a0\u00bb,\u00a0\u00bbsite\u00a0\u00bb:{}},{\u00ab\u00a0_id\u00a0\u00bb:\u00a0\u00bb\/culture-loisirs\/livres\u00a0\u00bb,\u00a0\u00bbname\u00a0\u00bb:\u00a0\u00bbLivres\u00a0\u00bb,\u00a0\u00bbsite\u00a0\u00bb:{}},{\u00ab\u00a0_id\u00a0\u00bb:\u00a0\u00bb\/culture-loisirs\/musique\u00a0\u00bb,\u00a0\u00bbname\u00a0\u00bb:\u00a0\u00bbMusique\u00a0\u00bb,\u00a0\u00bbsite\u00a0\u00bb:{}},{\u00ab\u00a0_id\u00a0\u00bb:\u00a0\u00bb\/culture-loisirs\/musique\/eurovision\u00a0\u00bb,\u00a0\u00bbname\u00a0\u00bb:\u00a0\u00bbEurovision 2025&Prime;,\u00a0\u00bbsite\u00a0\u00bb:{\u00ab\u00a0is_clickable_on_menu\u00a0\u00bb:\u00a0\u00bbtrue\u00a0\u00bb}},{\u00ab\u00a0_id\u00a0\u00bb:\u00a0\u00bb\/culture-loisirs\/sortir-region-parisienne\u00a0\u00bb,\u00a0\u00bbname\u00a0\u00bb:\u00a0\u00bbSorties IDF &#038; Oise\u00a0\u00bb,\u00a0\u00bbsite\u00a0\u00bb:{}}],\u00a0\u00bbname\u00a0\u00bb:\u00a0\u00bbCulture &#038; loisirs\u00a0\u00bb,\u00a0\u00bbsite\u00a0\u00bb:{}},{\u00ab\u00a0_id\u00a0\u00bb:\u00a0\u00bb\/meteo\u00a0\u00bb,\u00a0\u00bbchildren\u00a0\u00bb:[],\u00a0\u00bbname\u00a0\u00bb:\u00a0\u00bbM\u00e9t\u00e9o\u00a0\u00bb,\u00a0\u00bbsite\u00a0\u00bb:{}},{\u00ab\u00a0_id\u00a0\u00bb:\u00a0\u00bb\/en-region\u00a0\u00bb,\u00a0\u00bbchildren\u00a0\u00bb:[{\u00ab\u00a0_id\u00a0\u00bb:\u00a0\u00bb\/aube-10&Prime;,\u00a0\u00bbname\u00a0\u00bb:\u00a0\u00bbAube\u00a0\u00bb,\u00a0\u00bbsite\u00a0\u00bb:{}},{\u00ab\u00a0_id\u00a0\u00bb:\u00a0\u00bb\/calvados-14&Prime;,\u00a0\u00bbname\u00a0\u00bb:\u00a0\u00bbCalvados\u00a0\u00bb,\u00a0\u00bbsite\u00a0\u00bb:{}},{\u00ab\u00a0_id\u00a0\u00bb:\u00a0\u00bb\/charente-maritime-17&Prime;,\u00a0\u00bbname\u00a0\u00bb:\u00a0\u00bbCharente-Maritime\u00a0\u00bb,\u00a0\u00bbsite\u00a0\u00bb:{}},{\u00ab\u00a0_id\u00a0\u00bb:\u00a0\u00bb\/eure-27&Prime;,\u00a0\u00bbname\u00a0\u00bb:\u00a0\u00bbEure\u00a0\u00bb,\u00a0\u00bbsite\u00a0\u00bb:{}},{\u00ab\u00a0_id\u00a0\u00bb:\u00a0\u00bb\/eure-et-loir-28&Prime;,\u00a0\u00bbname\u00a0\u00bb:\u00a0\u00bbEure-et-Loir\u00a0\u00bb,\u00a0\u00bbsite\u00a0\u00bb:{}},{\u00ab\u00a0_id\u00a0\u00bb:\u00a0\u00bb\/finistere-29&Prime;,\u00a0\u00bbname\u00a0\u00bb:\u00a0\u00bbFinist\u00e8re\u00a0\u00bb,\u00a0\u00bbsite\u00a0\u00bb:{}},{\u00ab\u00a0_id\u00a0\u00bb:\u00a0\u00bb\/haute-garonne-31&Prime;,\u00a0\u00bbname\u00a0\u00bb:\u00a0\u00bbHaute-Garonne\u00a0\u00bb,\u00a0\u00bbsite\u00a0\u00bb:{}},{\u00ab\u00a0_id\u00a0\u00bb:\u00a0\u00bb\/loiret-45&Prime;,\u00a0\u00bbname\u00a0\u00bb:\u00a0\u00bbLoiret\u00a0\u00bb,\u00a0\u00bbsite\u00a0\u00bb:{}},{\u00ab\u00a0_id\u00a0\u00bb:\u00a0\u00bb\/marne-51&Prime;,\u00a0\u00bbname\u00a0\u00bb:\u00a0\u00bbMarne\u00a0\u00bb,\u00a0\u00bbsite\u00a0\u00bb:{}},{\u00ab\u00a0_id\u00a0\u00bb:\u00a0\u00bb\/puy-de-dome-63&Prime;,\u00a0\u00bbname\u00a0\u00bb:\u00a0\u00bbPuy-de-D\u00f4me\u00a0\u00bb,\u00a0\u00bbsite\u00a0\u00bb:{}},{\u00ab\u00a0_id\u00a0\u00bb:\u00a0\u00bb\/pyrenees-orientales-66&Prime;,\u00a0\u00bbname\u00a0\u00bb:\u00a0\u00bbPyr\u00e9n\u00e9es-Orientales\u00a0\u00bb,\u00a0\u00bbsite\u00a0\u00bb:{}},{\u00ab\u00a0_id\u00a0\u00bb:\u00a0\u00bb\/seine-maritime-76&Prime;,\u00a0\u00bbname\u00a0\u00bb:\u00a0\u00bbSeine-Maritime\u00a0\u00bb,\u00a0\u00bbsite\u00a0\u00bb:{}}],\u00a0\u00bbname\u00a0\u00bb:\u00a0\u00bbEn r\u00e9gion\u00a0\u00bb,\u00a0\u00bbsite\u00a0\u00bb:{\u00ab\u00a0is_clickable_on_menu\u00a0\u00bb:\u00a0\u00bbtrue\u00a0\u00bb}},{\u00ab\u00a0_id\u00a0\u00bb:\u00a0\u00bb\/week-end\u00a0\u00bb,\u00a0\u00bbchildren\u00a0\u00bb:[],\u00a0\u00bbname\u00a0\u00bb:\u00a0\u00bbLe Parisien Week-end\u00a0\u00bb,\u00a0\u00bbsite\u00a0\u00bb:{}},{\u00ab\u00a0_id\u00a0\u00bb:\u00a0\u00bb\/etudiant\u00a0\u00bb,\u00a0\u00bbchildren\u00a0\u00bb:[{\u00ab\u00a0_id\u00a0\u00bb:\u00a0\u00bb\/etudiant\/etudes\u00a0\u00bb,\u00a0\u00bbname\u00a0\u00bb:\u00a0\u00bbEnseignement sup\u00e9rieur\u00a0\u00bb,\u00a0\u00bbsite\u00a0\u00bb:{\u00ab\u00a0is_clickable_on_menu\u00a0\u00bb:\u00a0\u00bbtrue\u00a0\u00bb}},{\u00ab\u00a0_id\u00a0\u00bb:\u00a0\u00bb\/etudiant\/lycee\u00a0\u00bb,\u00a0\u00bbname\u00a0\u00bb:\u00a0\u00bbLyc\u00e9e\u00a0\u00bb,\u00a0\u00bbsite\u00a0\u00bb:{\u00ab\u00a0is_clickable_on_menu\u00a0\u00bb:\u00a0\u00bbtrue\u00a0\u00bb}},{\u00ab\u00a0_id\u00a0\u00bb:\u00a0\u00bb\/etudiant\/college\u00a0\u00bb,\u00a0\u00bbname\u00a0\u00bb:\u00a0\u00bbColl\u00e8ge\u00a0\u00bb,\u00a0\u00bbsite\u00a0\u00bb:{\u00ab\u00a0is_clickable_on_menu\u00a0\u00bb:\u00a0\u00bbtrue\u00a0\u00bb}},{\u00ab\u00a0_id\u00a0\u00bb:\u00a0\u00bblink-EDGWJW5SNBGGXH7O2NQ6ZX2C24&Prime;,\u00a0\u00bbdisplay_name\u00a0\u00bb:\u00a0\u00bbGuide des m\u00e9tiers\u00a0\u00bb,\u00a0\u00bburl\u00a0\u00bb:\u00a0\u00bb\/etudiant\/guide-metiers\u00a0\u00bb},{\u00ab\u00a0_id\u00a0\u00bb:\u00a0\u00bb\/etudiant\/vie-etudiante\u00a0\u00bb,\u00a0\u00bbname\u00a0\u00bb:\u00a0\u00bbVie \u00e9tudiante\u00a0\u00bb,\u00a0\u00bbsite\u00a0\u00bb:{\u00ab\u00a0is_clickable_on_menu\u00a0\u00bb:\u00a0\u00bbtrue\u00a0\u00bb}},{\u00ab\u00a0_id\u00a0\u00bb:\u00a0\u00bb\/etudiant\/jobs-stages\u00a0\u00bb,\u00a0\u00bbname\u00a0\u00bb:\u00a0\u00bbJobs Stages\u00a0\u00bb,\u00a0\u00bbsite\u00a0\u00bb:{\u00ab\u00a0is_clickable_on_menu\u00a0\u00bb:\u00a0\u00bbtrue\u00a0\u00bb}},{\u00ab\u00a0_id\u00a0\u00bb:\u00a0\u00bb\/etudiant\/sortir\u00a0\u00bb,\u00a0\u00bbname\u00a0\u00bb:\u00a0\u00bbAgenda sorties\u00a0\u00bb,\u00a0\u00bbsite\u00a0\u00bb:{\u00ab\u00a0is_clickable_on_menu\u00a0\u00bb:\u00a0\u00bbtrue\u00a0\u00bb}},{\u00ab\u00a0_id\u00a0\u00bb:\u00a0\u00bblink-ENPADD424JBC5KYBSBGULYHTAI\u00a0\u00bb,\u00a0\u00bbdisplay_name\u00a0\u00bb:\u00a0\u00bbClassement des lyc\u00e9es 2025&Prime;,\u00a0\u00bburl\u00a0\u00bb:\u00a0\u00bb\/etudiant\/orientation\/palmares-lycees\u00a0\u00bb}],\u00a0\u00bbname\u00a0\u00bb:\u00a0\u00bbLe Parisien \u00c9tudiant\u00a0\u00bb,\u00a0\u00bbsite\u00a0\u00bb:{\u00ab\u00a0is_clickable_on_menu\u00a0\u00bb:\u00a0\u00bbtrue\u00a0\u00bb}},{\u00ab\u00a0_id\u00a0\u00bb:\u00a0\u00bblink-EMKBI7BJXVBWVDRJ44OKJI6UMM\u00a0\u00bb,\u00a0\u00bbchildren\u00a0\u00bb:[],\u00a0\u00bbdisplay_name\u00a0\u00bb:\u00a0\u00bbLe Parisien Jardin\u00a0\u00bb,\u00a0\u00bburl\u00a0\u00bb:\u00a0\u00bb\/jardin\u00a0\u00bb},{\u00ab\u00a0_id\u00a0\u00bb:\u00a0\u00bblink-0C1X4Q949N1H331X6DX63HRF2W\u00a0\u00bb,\u00a0\u00bbchildren\u00a0\u00bb:[],\u00a0\u00bbdisplay_name\u00a0\u00bb:\u00a0\u00bbLe Parisien Jeux\u00a0\u00bb,\u00a0\u00bburl\u00a0\u00bb:\u00a0\u00bb\/jeux\u00a0\u00bb},{\u00ab\u00a0_id\u00a0\u00bb:\u00a0\u00bblink-JBUVMA7XQVHNPMKQ6EPRAHHOAE\u00a0\u00bb,\u00a0\u00bbchildren\u00a0\u00bb:[],\u00a0\u00bbdisplay_name\u00a0\u00bb:\u00a0\u00bbGuide d&rsquo;achat\u00a0\u00bb,\u00a0\u00bburl\u00a0\u00bb:\u00a0\u00bb\/guide-shopping\u00a0\u00bb},{\u00ab\u00a0_id\u00a0\u00bb:\u00a0\u00bb\/video\u00a0\u00bb,\u00a0\u00bbchildren\u00a0\u00bb:[{\u00ab\u00a0_id\u00a0\u00bb:\u00a0\u00bb\/biclou\u00a0\u00bb,\u00a0\u00bbname\u00a0\u00bb:\u00a0\u00bbBiclou\u00a0\u00bb,\u00a0\u00bbsite\u00a0\u00bb:{\u00ab\u00a0is_clickable_on_menu\u00a0\u00bb:\u00a0\u00bbtrue\u00a0\u00bb}},{\u00ab\u00a0_id\u00a0\u00bb:\u00a0\u00bb\/food-checking\u00a0\u00bb,\u00a0\u00bbname\u00a0\u00bb:\u00a0\u00bbFood-checking\u00a0\u00bb,\u00a0\u00bbsite\u00a0\u00bb:{\u00ab\u00a0is_clickable_on_menu\u00a0\u00bb:\u00a0\u00bbtrue\u00a0\u00bb}}],\u00a0\u00bbname\u00a0\u00bb:\u00a0\u00bbVid\u00e9os\u00a0\u00bb,\u00a0\u00bbsite\u00a0\u00bb:{}},{\u00ab\u00a0_id\u00a0\u00bb:\u00a0\u00bb\/podcasts\u00a0\u00bb,\u00a0\u00bbchildren\u00a0\u00bb:[{\u00ab\u00a0_id\u00a0\u00bb:\u00a0\u00bb\/podcasts\/code-source\u00a0\u00bb,\u00a0\u00bbname\u00a0\u00bb:\u00a0\u00bbCode source\u00a0\u00bb,\u00a0\u00bbsite\u00a0\u00bb:{}},{\u00ab\u00a0_id\u00a0\u00bb:\u00a0\u00bb\/podcasts\/crime-story\u00a0\u00bb,\u00a0\u00bbname\u00a0\u00bb:\u00a0\u00bbCrime story\u00a0\u00bb,\u00a0\u00bbsite\u00a0\u00bb:{\u00ab\u00a0is_clickable_on_menu\u00a0\u00bb:\u00a0\u00bbtrue\u00a0\u00bb}},{\u00ab\u00a0_id\u00a0\u00bb:\u00a0\u00bb\/podcasts\/le-sacre\u00a0\u00bb,\u00a0\u00bbname\u00a0\u00bb:\u00a0\u00bbLe Sacre\u00a0\u00bb,\u00a0\u00bbsite\u00a0\u00bb:{\u00ab\u00a0is_clickable_on_menu\u00a0\u00bb:\u00a0\u00bbtrue\u00a0\u00bb}}],\u00a0\u00bbname\u00a0\u00bb:\u00a0\u00bbPodcasts\u00a0\u00bb,\u00a0\u00bbsite\u00a0\u00bb:{}},{\u00ab\u00a0_id\u00a0\u00bb:\u00a0\u00bblink-QQU4NYD8BN0XZ3CAQ45EVQ2HYM\u00a0\u00bb,\u00a0\u00bbchildren\u00a0\u00bb:[],\u00a0\u00bbdisplay_name\u00a0\u00bb:\u00a0\u00bbNewsletters\u00a0\u00bb,\u00a0\u00bburl\u00a0\u00bb:\u00a0\u00bb\/inscription-newsletters\u00a0\u00bb},{\u00ab\u00a0_id\u00a0\u00bb:\u00a0\u00bblink-NFAA5D34P50ET85EVJRV7AYWAR\u00a0\u00bb,\u00a0\u00bbchildren\u00a0\u00bb:[],\u00a0\u00bbdisplay_name\u00a0\u00bb:\u00a0\u00bbJournal\u00a0\u00bb,\u00a0\u00bburl\u00a0\u00bb:\u00a0\u00bbhttps:\/\/www.kiosque.leparisien.fr\/\u00a0\u00bb},{\u00ab\u00a0_id\u00a0\u00bb:\u00a0\u00bblink-VT3PMSVXKZDW3PKZITTV5ZBDAA\u00a0\u00bb,\u00a0\u00bbchildren\u00a0\u00bb:[],\u00a0\u00bbdisplay_name\u00a0\u00bb:\u00a0\u00bbBoutique\u00a0\u00bb,\u00a0\u00bburl\u00a0\u00bb:\u00a0\u00bbhttps:\/\/abonnement.leparisien.fr\/hors-serie\u00a0\u00bb},{\u00ab\u00a0_id\u00a0\u00bb:\u00a0\u00bb\/annonces\u00a0\u00bb,\u00a0\u00bbchildren\u00a0\u00bb:[{\u00ab\u00a0_id\u00a0\u00bb:\u00a0\u00bblink-DS2YVERH4ZGG5IG4OFN65TGF6M\u00a0\u00bb,\u00a0\u00bbdisplay_name\u00a0\u00bb:\u00a0\u00bbAnnonces immobili\u00e8res\u00a0\u00bb,\u00a0\u00bburl\u00a0\u00bb:\u00a0\u00bbhttps:\/\/www.leparisien.fr\/nos-services\/annonces-immobilieres\/\u00a0\u00bb},{\u00ab\u00a0_id\u00a0\u00bb:\u00a0\u00bblink-96PM3HPAPD2QV8VNJQK51D2KZC\u00a0\u00bb,\u00a0\u00bbdisplay_name\u00a0\u00bb:\u00a0\u00bbAvis de d\u00e9c\u00e8s\u00a0\u00bb,\u00a0\u00bburl\u00a0\u00bb:\u00a0\u00bbhttps:\/\/carnet.leparisien.fr\/\u00a0\u00bb},{\u00ab\u00a0_id\u00a0\u00bb:\u00a0\u00bblink-H0QXF8QEJT2F707TW9FR4HYMQM\u00a0\u00bb,\u00a0\u00bbdisplay_name\u00a0\u00bb:\u00a0\u00bbAnnonces l\u00e9gales\u00a0\u00bb,\u00a0\u00bburl\u00a0\u00bb:\u00a0\u00bbhttps:\/\/annonces-legales.leparisien.fr\/\u00a0\u00bb},{\u00ab\u00a0_id\u00a0\u00bb:\u00a0\u00bblink-PN367P2VG5745792GVQE8X11FG\u00a0\u00bb,\u00a0\u00bbdisplay_name\u00a0\u00bb:\u00a0\u00bbMarch\u00e9s publics\u00a0\u00bb,\u00a0\u00bburl\u00a0\u00bb:\u00a0\u00bbhttps:\/\/avisdemarches.leparisien.fr\/\u00a0\u00bb},{\u00ab\u00a0_id\u00a0\u00bb:\u00a0\u00bblink-JNVWDN635VDLNDWGT4O2N4FDUM\u00a0\u00bb,\u00a0\u00bbdisplay_name\u00a0\u00bb:\u00a0\u00bbEnch\u00e8res publiques\u00a0\u00bb,\u00a0\u00bburl\u00a0\u00bb:\u00a0\u00bbhttps:\/\/ventes-aux-encheres.leparisien.fr\/\u00a0\u00bb}],\u00a0\u00bbname\u00a0\u00bb:\u00a0\u00bbAnnonces\u00a0\u00bb,\u00a0\u00bbsite\u00a0\u00bb:{\u00ab\u00a0is_clickable_on_menu\u00a0\u00bb:\u00a0\u00bbfalse\u00a0\u00bb}},{\u00ab\u00a0_id\u00a0\u00bb:\u00a0\u00bb\/nos-services\u00a0\u00bb,\u00a0\u00bbchildren\u00a0\u00bb:[{\u00ab\u00a0_id\u00a0\u00bb:\u00a0\u00bblink-FJ9WQRGY112Q980R32ZUEB8D50&Prime;,\u00a0\u00bbdisplay_name\u00a0\u00bb:\u00a0\u00bbCours d&rsquo;anglais\u00a0\u00bb,\u00a0\u00bburl\u00a0\u00bb:\u00a0\u00bbhttps:\/\/cours-anglais.leparisien.fr\/\u00a0\u00bb},{\u00ab\u00a0_id\u00a0\u00bb:\u00a0\u00bblink-3WNPNDBUU534N10GTYZU37ZPAC\u00a0\u00bb,\u00a0\u00bbdisplay_name\u00a0\u00bb:\u00a0\u00bbNos applications\u00a0\u00bb,\u00a0\u00bburl\u00a0\u00bb:\u00a0\u00bbhttps:\/\/www.leparisien.fr\/applications\/\u00a0\u00bb},{\u00ab\u00a0_id\u00a0\u00bb:\u00a0\u00bblink-XUFE6J20ZD2Z10RQKZ377J5QK4&Prime;,\u00a0\u00bbdisplay_name\u00a0\u00bb:\u00a0\u00bbComparateurs\u00a0\u00bb,\u00a0\u00bburl\u00a0\u00bb:\u00a0\u00bbhttps:\/\/comparateur.leparisien.fr\/\u00a0\u00bb},{\u00ab\u00a0_id\u00a0\u00bb:\u00a0\u00bblink-HZBZ0TWU9X3KD88989K9JZNF4M\u00a0\u00bb,\u00a0\u00bbdisplay_name\u00a0\u00bb:\u00a0\u00bbJeux Concours\u00a0\u00bb,\u00a0\u00bburl\u00a0\u00bb:\u00a0\u00bb\/jeux\/jeu-concours.php\u00a0\u00bb},{\u00ab\u00a0_id\u00a0\u00bb:\u00a0\u00bblink-PBN1N2E5316XX10RG10Q7H636R\u00a0\u00bb,\u00a0\u00bbdisplay_name\u00a0\u00bb:\u00a0\u00bbBilletterie\u00a0\u00bb,\u00a0\u00bburl\u00a0\u00bb:\u00a0\u00bbhttps:\/\/www.ticketmaster.fr\/fr\/index\/idtier\/43209120&Prime;},{\u00ab\u00a0_id\u00a0\u00bb:\u00a0\u00bblink-K6TDGRUCPFCWFDY6RJS5L5QBWM\u00a0\u00bb,\u00a0\u00bbdisplay_name\u00a0\u00bb:\u00a0\u00bbAnnonces immobili\u00e8res\u00a0\u00bb,\u00a0\u00bburl\u00a0\u00bb:\u00a0\u00bbhttps:\/\/www.leparisien.fr\/nos-services\/annonces-immobilieres\/\u00a0\u00bb}],\u00a0\u00bbname\u00a0\u00bb:\u00a0\u00bbServices\u00a0\u00bb,\u00a0\u00bbsite\u00a0\u00bb:{}},{\u00ab\u00a0_id\u00a0\u00bb:\u00a0\u00bblink-7AWCQT0FRN39199PD9Q658Z8VM\u00a0\u00bb,\u00a0\u00bbchildren\u00a0\u00bb:[],\u00a0\u00bbdisplay_name\u00a0\u00bb:\u00a0\u00bbContacter la r\u00e9daction\u00a0\u00bb,\u00a0\u00bburl\u00a0\u00bb:\u00a0\u00bb\/contact\u00a0\u00bb}],\u00a0\u00bb_id\u00a0\u00bb:\u00a0\u00bbhttps:\/\/www.leparisien.fr\/\u00a0\u00bb},\u00a0\u00bbexpires\u00a0\u00bb:1746958991100,\u00a0\u00bblastModified\u00a0\u00bb:1746958390742},\u00a0\u00bb{\\\u00a0\u00bb_id\\\u00a0\u00bb:\\\u00a0\u00bb\/\\\u00a0\u00bb,\\\u00a0\u00bb_website\\\u00a0\u00bb:\\\u00a0\u00bbleparisien\\\u00a0\u00bb,\\\u00a0\u00bbhierarchy\\\u00a0\u00bb:\\\u00a0\u00bbnav\\\u00a0\u00bb}\u00a0\u00bb:{\u00ab\u00a0data\u00a0\u00bb:{\u00ab\u00a0children\u00a0\u00bb:[{\u00ab\u00a0_id\u00a0\u00bb:\u00a0\u00bblink-2H5K0UW5J93258EYKHNEREX460&Prime;,\u00a0\u00bbchildren\u00a0\u00bb:[],\u00a0\u00bbdisplay_name\u00a0\u00bb:\u00a0\u00bb\u00c0 la une\u00a0\u00bb,\u00a0\u00bburl\u00a0\u00bb:\u00a0\u00bbhttps:\/\/www.leparisien.fr\/\u00a0\u00bb},{\u00ab\u00a0_id\u00a0\u00bb:\u00a0\u00bblink-CARE3IWDTNFIHIGE5CNV3X47YQ\u00a0\u00bb,\u00a0\u00bbchildren\u00a0\u00bb:[],\u00a0\u00bbdisplay_name\u00a0\u00bb:\u00a0\u00bbEn continu\u00a0\u00bb,\u00a0\u00bburl\u00a0\u00bb:\u00a0\u00bb\/actualites-en-continu\u00a0\u00bb},{\u00ab\u00a0_id\u00a0\u00bb:\u00a0\u00bb\/info-paris-ile-de-france-oise\u00a0\u00bb,\u00a0\u00bbchildren\u00a0\u00bb:[{\u00ab\u00a0_id\u00a0\u00bb:\u00a0\u00bb\/paris-75&Prime;,\u00a0\u00bbname\u00a0\u00bb:\u00a0\u00bbParis\u00a0\u00bb,\u00a0\u00bbsite\u00a0\u00bb:{}},{\u00ab\u00a0_id\u00a0\u00bb:\u00a0\u00bb\/essonne-91&Prime;,\u00a0\u00bbname\u00a0\u00bb:\u00a0\u00bbEssonne\u00a0\u00bb,\u00a0\u00bbsite\u00a0\u00bb:{}},{\u00ab\u00a0_id\u00a0\u00bb:\u00a0\u00bb\/hauts-de-seine-92&Prime;,\u00a0\u00bbname\u00a0\u00bb:\u00a0\u00bbHauts-de-Seine\u00a0\u00bb,\u00a0\u00bbsite\u00a0\u00bb:{}},{\u00ab\u00a0_id\u00a0\u00bb:\u00a0\u00bb\/seine-saint-denis-93&Prime;,\u00a0\u00bbname\u00a0\u00bb:\u00a0\u00bbSeine-Saint-Denis\u00a0\u00bb,\u00a0\u00bbsite\u00a0\u00bb:{}},{\u00ab\u00a0_id\u00a0\u00bb:\u00a0\u00bb\/val-de-marne-94&Prime;,\u00a0\u00bbname\u00a0\u00bb:\u00a0\u00bbVal-de-Marne\u00a0\u00bb,\u00a0\u00bbsite\u00a0\u00bb:{}},{\u00ab\u00a0_id\u00a0\u00bb:\u00a0\u00bb\/val-d-oise-95&Prime;,\u00a0\u00bbname\u00a0\u00bb:\u00a0\u00bbVal-d&rsquo;Oise\u00a0\u00bb,\u00a0\u00bbsite\u00a0\u00bb:{}},{\u00ab\u00a0_id\u00a0\u00bb:\u00a0\u00bb\/seine-et-marne-77&Prime;,\u00a0\u00bbname\u00a0\u00bb:\u00a0\u00bbSeine-et-Marne\u00a0\u00bb,\u00a0\u00bbsite\u00a0\u00bb:{}},{\u00ab\u00a0_id\u00a0\u00bb:\u00a0\u00bb\/yvelines-78&Prime;,\u00a0\u00bbname\u00a0\u00bb:\u00a0\u00bbYvelines\u00a0\u00bb,\u00a0\u00bbsite\u00a0\u00bb:{}},{\u00ab\u00a0_id\u00a0\u00bb:\u00a0\u00bb\/oise-60&Prime;,\u00a0\u00bbname\u00a0\u00bb:\u00a0\u00bbOise\u00a0\u00bb,\u00a0\u00bbsite\u00a0\u00bb:{}},{\u00ab\u00a0_id\u00a0\u00bb:\u00a0\u00bblink-75FLE22TTVCJNGKDBSZGJO3IDE\u00a0\u00bb,\u00a0\u00bbdisplay_name\u00a0\u00bb:\u00a0\u00bbTransports\u00a0\u00bb,\u00a0\u00bburl\u00a0\u00bb:\u00a0\u00bb\/info-paris-ile-de-france-oise\/transports\u00a0\u00bb}],\u00a0\u00bbname\u00a0\u00bb:\u00a0\u00bbParis &#038; \u00cele-de-France\u00a0\u00bb,\u00a0\u00bbsite\u00a0\u00bb:{}},{\u00ab\u00a0_id\u00a0\u00bb:\u00a0\u00bb\/faits-divers\u00a0\u00bb,\u00a0\u00bbchildren\u00a0\u00bb:[],\u00a0\u00bbname\u00a0\u00bb:\u00a0\u00bbFaits divers\u00a0\u00bb,\u00a0\u00bbsite\u00a0\u00bb:{}},{\u00ab\u00a0_id\u00a0\u00bb:\u00a0\u00bb\/politique\u00a0\u00bb,\u00a0\u00bbchildren\u00a0\u00bb:[],\u00a0\u00bbname\u00a0\u00bb:\u00a0\u00bbPolitique\u00a0\u00bb,\u00a0\u00bbsite\u00a0\u00bb:{}},{\u00ab\u00a0_id\u00a0\u00bb:\u00a0\u00bb\/international\u00a0\u00bb,\u00a0\u00bbchildren\u00a0\u00bb:[],\u00a0\u00bbname\u00a0\u00bb:\u00a0\u00bbInternational\u00a0\u00bb,\u00a0\u00bbsite\u00a0\u00bb:{}},{\u00ab\u00a0_id\u00a0\u00bb:\u00a0\u00bb\/economie\u00a0\u00bb,\u00a0\u00bbchildren\u00a0\u00bb:[],\u00a0\u00bbname\u00a0\u00bb:\u00a0\u00bb\u00c9conomie\u00a0\u00bb,\u00a0\u00bbsite\u00a0\u00bb:{}},{\u00ab\u00a0_id\u00a0\u00bb:\u00a0\u00bb\/societe\u00a0\u00bb,\u00a0\u00bbchildren\u00a0\u00bb:[],\u00a0\u00bbname\u00a0\u00bb:\u00a0\u00bbSoci\u00e9t\u00e9\u00a0\u00bb,\u00a0\u00bbsite\u00a0\u00bb:{}},{\u00ab\u00a0_id\u00a0\u00bb:\u00a0\u00bb\/sports\u00a0\u00bb,\u00a0\u00bbchildren\u00a0\u00bb:[],\u00a0\u00bbname\u00a0\u00bb:\u00a0\u00bbSports\u00a0\u00bb,\u00a0\u00bbsite\u00a0\u00bb:{}},{\u00ab\u00a0_id\u00a0\u00bb:\u00a0\u00bblink-QLQZ57ZTZRDSRDLYKVZN3AOLGE\u00a0\u00bb,\u00a0\u00bbchildren\u00a0\u00bb:[],\u00a0\u00bbdisplay_name\u00a0\u00bb:\u00a0\u00bbCulture\u00a0\u00bb,\u00a0\u00bburl\u00a0\u00bb:\u00a0\u00bb\/culture-loisirs\u00a0\u00bb},{\u00ab\u00a0_id\u00a0\u00bb:\u00a0\u00bblink-XVPDWNMJGN44D3KKNCHA0WJ9C0&Prime;,\u00a0\u00bbchildren\u00a0\u00bb:[],\u00a0\u00bbdisplay_name\u00a0\u00bb:\u00a0\u00bb\u00c9tudiant\u00a0\u00bb,\u00a0\u00bburl\u00a0\u00bb:\u00a0\u00bb\/etudiant\u00a0\u00bb},{\u00ab\u00a0_id\u00a0\u00bb:\u00a0\u00bb\/video\u00a0\u00bb,\u00a0\u00bbchildren\u00a0\u00bb:[],\u00a0\u00bbname\u00a0\u00bb:\u00a0\u00bbVid\u00e9os\u00a0\u00bb,\u00a0\u00bbsite\u00a0\u00bb:{}},{\u00ab\u00a0_id\u00a0\u00bb:\u00a0\u00bb\/guide-shopping\u00a0\u00bb,\u00a0\u00bbchildren\u00a0\u00bb:[],\u00a0\u00bbname\u00a0\u00bb:\u00a0\u00bbGuide d&rsquo;achat\u00a0\u00bb,\u00a0\u00bbsite\u00a0\u00bb:{}},{\u00ab\u00a0_id\u00a0\u00bb:\u00a0\u00bblink-LQXHVOZW6FENBABZ5WUDIF4TWA\u00a0\u00bb,\u00a0\u00bbchildren\u00a0\u00bb:[],\u00a0\u00bbdisplay_name\u00a0\u00bb:\u00a0\u00bbJardin\u00a0\u00bb,\u00a0\u00bburl\u00a0\u00bb:\u00a0\u00bbhttps:\/\/www.leparisien.fr\/jardin\/\u00a0\u00bb}],\u00a0\u00bb_id\u00a0\u00bb:\u00a0\u00bbhttps:\/\/www.leparisien.fr\/\u00a0\u00bb},\u00a0\u00bbexpires\u00a0\u00bb:1746959294980,\u00a0\u00bblastModified\u00a0\u00bb:1746958694764},\u00a0\u00bb{\\\u00a0\u00bb_id\\\u00a0\u00bb:\\\u00a0\u00bb\/\\\u00a0\u00bb,\\\u00a0\u00bb_website\\\u00a0\u00bb:\\\u00a0\u00bbleparisien\\\u00a0\u00bb,\\\u00a0\u00bbhierarchy\\\u00a0\u00bb:\\\u00a0\u00bbentretien-exterieurs\\\u00a0\u00bb}\u00a0\u00bb:{\u00ab\u00a0data\u00a0\u00bb:{\u00ab\u00a0_website\u00a0\u00bb:\u00a0\u00bbleparisien\u00a0\u00bb,\u00a0\u00bb_id\u00a0\u00bb:\u00a0\u00bbhttps:\/\/www.leparisien.fr\/\u00a0\u00bb,\u00a0\u00bbname\u00a0\u00bb:\u00a0\u00bbLe Parisien\u00a0\u00bb,\u00a0\u00bbnode_type\u00a0\u00bb:\u00a0\u00bbsection\u00a0\u00bb,\u00a0\u00bbchildren\u00a0\u00bb:[{\u00ab\u00a0_id\u00a0\u00bb:\u00a0\u00bblink-YI4EOL6FFJA6HAECOJ6X5PNFGQ\u00a0\u00bb,\u00a0\u00bb_website\u00a0\u00bb:\u00a0\u00bbleparisien\u00a0\u00bb,\u00a0\u00bbdisplay_name\u00a0\u00bb:\u00a0\u00bbEntretien pelouse\u00a0\u00bb,\u00a0\u00bburl\u00a0\u00bb:\u00a0\u00bbhttps:\/\/www.leparisien.fr\/jardin\/services\/service-de-tonte-de-pelouse-et-entretien-UXUAFJVETFANPOHQVBCWEY6JRY.php\u00a0\u00bb,\u00a0\u00bbparent\u00a0\u00bb:{\u00ab\u00a0entretien-exterieurs\u00a0\u00bb:\u00a0\u00bbhttps:\/\/www.leparisien.fr\/\u00a0\u00bb},\u00a0\u00bborder\u00a0\u00bb:{\u00ab\u00a0entretien-exterieurs\u00a0\u00bb:1001},\u00a0\u00bbnode_type\u00a0\u00bb:\u00a0\u00bblink\u00a0\u00bb,\u00a0\u00bbchildren\u00a0\u00bb:[]},{\u00ab\u00a0_id\u00a0\u00bb:\u00a0\u00bblink-QHZUEYCPWND5DFFQ3V3WZ42X4Q\u00a0\u00bb,\u00a0\u00bb_website\u00a0\u00bb:\u00a0\u00bbleparisien\u00a0\u00bb,\u00a0\u00bbdisplay_name\u00a0\u00bb:\u00a0\u00bbAbattage d\u2019arbre\u00a0\u00bb,\u00a0\u00bburl\u00a0\u00bb:\u00a0\u00bbhttps:\/\/www.leparisien.fr\/jardin\/services\/service-dabattage-darbre-KEDQ2XNJ5JE65ECP5G6A4OFA6M.php\u00a0\u00bb,\u00a0\u00bbparent\u00a0\u00bb:{\u00ab\u00a0entretien-exterieurs\u00a0\u00bb:\u00a0\u00bbhttps:\/\/www.leparisien.fr\/\u00a0\u00bb},\u00a0\u00bborder\u00a0\u00bb:{\u00ab\u00a0entretien-exterieurs\u00a0\u00bb:1002},\u00a0\u00bbnode_type\u00a0\u00bb:\u00a0\u00bblink\u00a0\u00bb,\u00a0\u00bbchildren\u00a0\u00bb:[]},{\u00ab\u00a0_id\u00a0\u00bb:\u00a0\u00bblink-SHCWNUIWDZGYBJVJT76ATZYOUQ\u00a0\u00bb,\u00a0\u00bb_website\u00a0\u00bb:\u00a0\u00bbleparisien\u00a0\u00bb,\u00a0\u00bbdisplay_name\u00a0\u00bb:\u00a0\u00bbPaysagiste\u00a0\u00bb,\u00a0\u00bburl\u00a0\u00bb:\u00a0\u00bbhttps:\/\/www.leparisien.fr\/jardin\/services\/paysagiste-a-domicile-QUI524ONOZF23ALVTGSD5O4PR4.php\u00a0\u00bb,\u00a0\u00bbparent\u00a0\u00bb:{\u00ab\u00a0entretien-exterieurs\u00a0\u00bb:\u00a0\u00bbhttps:\/\/www.leparisien.fr\/\u00a0\u00bb},\u00a0\u00bborder\u00a0\u00bb:{\u00ab\u00a0entretien-exterieurs\u00a0\u00bb:1003},\u00a0\u00bbnode_type\u00a0\u00bb:\u00a0\u00bblink\u00a0\u00bb,\u00a0\u00bbchildren\u00a0\u00bb:[]},{\u00ab\u00a0_id\u00a0\u00bb:\u00a0\u00bblink-OTRMJ6S5AZCIHKJAQA7LHTM57A\u00a0\u00bb,\u00a0\u00bb_website\u00a0\u00bb:\u00a0\u00bbleparisien\u00a0\u00bb,\u00a0\u00bbdisplay_name\u00a0\u00bb:\u00a0\u00bbEntretien du jardin\u00a0\u00bb,\u00a0\u00bburl\u00a0\u00bb:\u00a0\u00bbhttps:\/\/www.leparisien.fr\/jardin\/services\/jardinage-a-domicile-et-entretien-du-jardin-AQH777DWHBGYRDDQQNY33VDI5A.php\u00a0\u00bb,\u00a0\u00bbparent\u00a0\u00bb:{\u00ab\u00a0entretien-exterieurs\u00a0\u00bb:\u00a0\u00bbhttps:\/\/www.leparisien.fr\/\u00a0\u00bb},\u00a0\u00bborder\u00a0\u00bb:{\u00ab\u00a0entretien-exterieurs\u00a0\u00bb:1004},\u00a0\u00bbnode_type\u00a0\u00bb:\u00a0\u00bblink\u00a0\u00bb,\u00a0\u00bbchildren\u00a0\u00bb:[]},{\u00ab\u00a0_id\u00a0\u00bb:\u00a0\u00bblink-UQYSFQ6RZFC77EOGHBFPVPAJIA\u00a0\u00bb,\u00a0\u00bb_website\u00a0\u00bb:\u00a0\u00bbleparisien\u00a0\u00bb,\u00a0\u00bbdisplay_name\u00a0\u00bb:\u00a0\u00bbAm\u00e9nagement terrasse\u00a0\u00bb,\u00a0\u00bburl\u00a0\u00bb:\u00a0\u00bbhttps:\/\/www.leparisien.fr\/jardin\/service-8-construction-pose-et-amenagement-terrasse-NQ73NXTBLVAANAE26BG36RZVVE.php\u00a0\u00bb,\u00a0\u00bbparent\u00a0\u00bb:{\u00ab\u00a0entretien-exterieurs\u00a0\u00bb:\u00a0\u00bbhttps:\/\/www.leparisien.fr\/\u00a0\u00bb},\u00a0\u00bborder\u00a0\u00bb:{\u00ab\u00a0entretien-exterieurs\u00a0\u00bb:1005},\u00a0\u00bbnode_type\u00a0\u00bb:\u00a0\u00bblink\u00a0\u00bb,\u00a0\u00bbchildren\u00a0\u00bb:[]},{\u00ab\u00a0_id\u00a0\u00bb:\u00a0\u00bblink-3UU5LBEHNJCU5BWIN4T2UMWXSI\u00a0\u00bb,\u00a0\u00bb_website\u00a0\u00bb:\u00a0\u00bbleparisien\u00a0\u00bb,\u00a0\u00bbdisplay_name\u00a0\u00bb:\u00a0\u00bbEntretien arbres\u00a0\u00bb,\u00a0\u00bburl\u00a0\u00bb:\u00a0\u00bbhttps:\/\/www.leparisien.fr\/jardin\/services\/elagage-et-taille-darbre-a-domicile-GGWHSQVRJNCE3D3TIW642IWJVM.php\u00a0\u00bb,\u00a0\u00bbparent\u00a0\u00bb:{\u00ab\u00a0entretien-exterieurs\u00a0\u00bb:\u00a0\u00bbhttps:\/\/www.leparisien.fr\/\u00a0\u00bb},\u00a0\u00bborder\u00a0\u00bb:{\u00ab\u00a0entretien-exterieurs\u00a0\u00bb:1006},\u00a0\u00bbnode_type\u00a0\u00bb:\u00a0\u00bblink\u00a0\u00bb,\u00a0\u00bbchildren\u00a0\u00bb:[]},{\u00ab\u00a0_id\u00a0\u00bb:\u00a0\u00bblink-RVEZGAZJ6FCUNLDQZZ2LL24GEI\u00a0\u00bb,\u00a0\u00bb_website\u00a0\u00bb:\u00a0\u00bbleparisien\u00a0\u00bb,\u00a0\u00bbdisplay_name\u00a0\u00bb:\u00a0\u00bbAm\u00e9nagement all\u00e9e de jardin\u00a0\u00bb,\u00a0\u00bburl\u00a0\u00bb:\u00a0\u00bbhttps:\/\/www.leparisien.fr\/jardin\/services\/amenagement-allee-de-jardin-6P3X3ZM7OJFPTAEM4T463C3AKI.php\u00a0\u00bb,\u00a0\u00bbparent\u00a0\u00bb:{\u00ab\u00a0entretien-exterieurs\u00a0\u00bb:\u00a0\u00bbhttps:\/\/www.leparisien.fr\/\u00a0\u00bb},\u00a0\u00bborder\u00a0\u00bb:{\u00ab\u00a0entretien-exterieurs\u00a0\u00bb:1007},\u00a0\u00bbnode_type\u00a0\u00bb:\u00a0\u00bblink\u00a0\u00bb,\u00a0\u00bbchildren\u00a0\u00bb:[]},{\u00ab\u00a0_id\u00a0\u00bb:\u00a0\u00bblink-M3IOR4HBAZDMLLAWM5ZP62YSGU\u00a0\u00bb,\u00a0\u00bb_website\u00a0\u00bb:\u00a0\u00bbleparisien\u00a0\u00bb,\u00a0\u00bbdisplay_name\u00a0\u00bb:\u00a0\u00bbPose de v\u00e9randa\u00a0\u00bb,\u00a0\u00bburl\u00a0\u00bb:\u00a0\u00bbhttps:\/\/www.leparisien.fr\/jardin\/services\/installation-de-veranda-NFM4CXHW5BASZF3YMM75OLPZGI.php\u00a0\u00bb,\u00a0\u00bbparent\u00a0\u00bb:{\u00ab\u00a0entretien-exterieurs\u00a0\u00bb:\u00a0\u00bbhttps:\/\/www.leparisien.fr\/\u00a0\u00bb},\u00a0\u00bborder\u00a0\u00bb:{\u00ab\u00a0entretien-exterieurs\u00a0\u00bb:1008},\u00a0\u00bbnode_type\u00a0\u00bb:\u00a0\u00bblink\u00a0\u00bb,\u00a0\u00bbchildren\u00a0\u00bb:[]},{\u00ab\u00a0_id\u00a0\u00bb:\u00a0\u00bblink-DWIGRU3PZVHBTCB7D4IY3KLKJQ\u00a0\u00bb,\u00a0\u00bb_website\u00a0\u00bb:\u00a0\u00bbleparisien\u00a0\u00bb,\u00a0\u00bbdisplay_name\u00a0\u00bb:\u00a0\u00bbInstallation de portail\u00a0\u00bb,\u00a0\u00bburl\u00a0\u00bb:\u00a0\u00bbhttps:\/\/www.leparisien.fr\/jardin\/services\/installation-de-portail-ZJQTCSYIDZCDNN4LUCWGSZKCVQ.php\u00a0\u00bb,\u00a0\u00bbparent\u00a0\u00bb:{\u00ab\u00a0entretien-exterieurs\u00a0\u00bb:\u00a0\u00bbhttps:\/\/www.leparisien.fr\/\u00a0\u00bb},\u00a0\u00bborder\u00a0\u00bb:{\u00ab\u00a0entretien-exterieurs\u00a0\u00bb:1009},\u00a0\u00bbnode_type\u00a0\u00bb:\u00a0\u00bblink\u00a0\u00bb,\u00a0\u00bbchildren\u00a0\u00bb:[]},{\u00ab\u00a0_id\u00a0\u00bb:\u00a0\u00bblink-TRYZEMHRZZBYNNEVCQFDCFGDIM\u00a0\u00bb,\u00a0\u00bb_website\u00a0\u00bb:\u00a0\u00bbleparisien\u00a0\u00bb,\u00a0\u00bbdisplay_name\u00a0\u00bb:\u00a0\u00bbPose de pergola\u00a0\u00bb,\u00a0\u00bburl\u00a0\u00bb:\u00a0\u00bbhttps:\/\/www.leparisien.fr\/jardin\/services\/installation-de-pergola-ZRO4E2TKBFHRJKT67BCVDCPNZQ.php\u00a0\u00bb,\u00a0\u00bbparent\u00a0\u00bb:{\u00ab\u00a0entretien-exterieurs\u00a0\u00bb:\u00a0\u00bbhttps:\/\/www.leparisien.fr\/\u00a0\u00bb},\u00a0\u00bborder\u00a0\u00bb:{\u00ab\u00a0entretien-exterieurs\u00a0\u00bb:1010},\u00a0\u00bbnode_type\u00a0\u00bb:\u00a0\u00bblink\u00a0\u00bb,\u00a0\u00bbchildren\u00a0\u00bb:[]},{\u00ab\u00a0_id\u00a0\u00bb:\u00a0\u00bblink-FCJB4JG6VVBFLO5V43KDRZQKWY\u00a0\u00bb,\u00a0\u00bb_website\u00a0\u00bb:\u00a0\u00bbleparisien\u00a0\u00bb,\u00a0\u00bbdisplay_name\u00a0\u00bb:\u00a0\u00bbPose de store banne\u00a0\u00bb,\u00a0\u00bburl\u00a0\u00bb:\u00a0\u00bbhttps:\/\/www.leparisien.fr\/jardin\/services\/pose-et-installation-de-store-banne-65NHO65FZ5BA7OMFGJR76XNCAI.php\u00a0\u00bb,\u00a0\u00bbparent\u00a0\u00bb:{\u00ab\u00a0entretien-exterieurs\u00a0\u00bb:\u00a0\u00bbhttps:\/\/www.leparisien.fr\/\u00a0\u00bb},\u00a0\u00bborder\u00a0\u00bb:{\u00ab\u00a0entretien-exterieurs\u00a0\u00bb:1011},\u00a0\u00bbnode_type\u00a0\u00bb:\u00a0\u00bblink\u00a0\u00bb,\u00a0\u00bbchildren\u00a0\u00bb:[]},{\u00ab\u00a0_id\u00a0\u00bb:\u00a0\u00bblink-GVITD3GYK5EEZD4VYJKLJYKWY4&Prime;,\u00a0\u00bb_website\u00a0\u00bb:\u00a0\u00bbleparisien\u00a0\u00bb,\u00a0\u00bbdisplay_name\u00a0\u00bb:\u00a0\u00bbMontage d\u2019abri de jardin\u00a0\u00bb,\u00a0\u00bburl\u00a0\u00bb:\u00a0\u00bbhttps:\/\/www.leparisien.fr\/jardin\/services\/montage-abri-de-jardin-GD7FELN37RHX3FBK2M3QHUJ3SU.php\u00a0\u00bb,\u00a0\u00bbparent\u00a0\u00bb:{\u00ab\u00a0entretien-exterieurs\u00a0\u00bb:\u00a0\u00bbhttps:\/\/www.leparisien.fr\/\u00a0\u00bb},\u00a0\u00bborder\u00a0\u00bb:{\u00ab\u00a0entretien-exterieurs\u00a0\u00bb:1012},\u00a0\u00bbnode_type\u00a0\u00bb:\u00a0\u00bblink\u00a0\u00bb,\u00a0\u00bbchildren\u00a0\u00bb:[]}]},\u00a0\u00bbexpires\u00a0\u00bb:1746959019200,\u00a0\u00bblastModified\u00a0\u00bb:1746958418991},\u00a0\u00bb{\\\u00a0\u00bb_id\\\u00a0\u00bb:\\\u00a0\u00bb\/\\\u00a0\u00bb,\\\u00a0\u00bb_website\\\u00a0\u00bb:\\\u00a0\u00bbleparisien\\\u00a0\u00bb,\\\u00a0\u00bbhierarchy\\\u00a0\u00bb:\\\u00a0\u00bbservices-guide\\\u00a0\u00bb}\u00a0\u00bb:{\u00ab\u00a0data\u00a0\u00bb:{\u00ab\u00a0_website\u00a0\u00bb:\u00a0\u00bbleparisien\u00a0\u00bb,\u00a0\u00bb_id\u00a0\u00bb:\u00a0\u00bbhttps:\/\/www.leparisien.fr\/\u00a0\u00bb,\u00a0\u00bbname\u00a0\u00bb:\u00a0\u00bbLe Parisien\u00a0\u00bb,\u00a0\u00bbnode_type\u00a0\u00bb:\u00a0\u00bbsection\u00a0\u00bb,\u00a0\u00bbchildren\u00a0\u00bb:[{\u00ab\u00a0_id\u00a0\u00bb:\u00a0\u00bblink-59YEJQQ6Z52BQE6R88DXY0YW34&Prime;,\u00a0\u00bb_website\u00a0\u00bb:\u00a0\u00bbleparisien\u00a0\u00bb,\u00a0\u00bbdisplay_name\u00a0\u00bb:\u00a0\u00bbMots fl\u00e9ch\u00e9s, sudoku\u00a0\u00bb,\u00a0\u00bburl\u00a0\u00bb:\u00a0\u00bbhttps:\/\/www.leparisien.fr\/jeux\/\u00a0\u00bb,\u00a0\u00bbparent\u00a0\u00bb:{\u00ab\u00a0services-guide\u00a0\u00bb:\u00a0\u00bbhttps:\/\/www.leparisien.fr\/\u00a0\u00bb},\u00a0\u00bborder\u00a0\u00bb:{\u00ab\u00a0services-guide\u00a0\u00bb:1002},\u00a0\u00bbnode_type\u00a0\u00bb:\u00a0\u00bblink\u00a0\u00bb,\u00a0\u00bbchildren\u00a0\u00bb:[]},{\u00ab\u00a0_id\u00a0\u00bb:\u00a0\u00bblink-WR8AT09G812XNAJU5WX3HY9KUC\u00a0\u00bb,\u00a0\u00bb_website\u00a0\u00bb:\u00a0\u00bbleparisien\u00a0\u00bb,\u00a0\u00bbdisplay_name\u00a0\u00bb:\u00a0\u00bbComparateur\u00a0\u00bb,\u00a0\u00bburl\u00a0\u00bb:\u00a0\u00bbhttps:\/\/comparateur.leparisien.fr\/\u00a0\u00bb,\u00a0\u00bbparent\u00a0\u00bb:{\u00ab\u00a0services-guide\u00a0\u00bb:\u00a0\u00bbhttps:\/\/www.leparisien.fr\/\u00a0\u00bb,\u00a0\u00bbsub-nav\u00a0\u00bb:null,\u00a0\u00bbburger-menu-etudiant\u00a0\u00bb:null},\u00a0\u00bborder\u00a0\u00bb:{\u00ab\u00a0services-guide\u00a0\u00bb:1004},\u00a0\u00bbnode_type\u00a0\u00bb:\u00a0\u00bblink\u00a0\u00bb,\u00a0\u00bbchildren\u00a0\u00bb:[]},{\u00ab\u00a0_id\u00a0\u00bb:\u00a0\u00bblink-WAYF4CY86X1BFCN83Q28XT4DFR\u00a0\u00bb,\u00a0\u00bb_website\u00a0\u00bb:\u00a0\u00bbleparisien\u00a0\u00bb,\u00a0\u00bbdisplay_name\u00a0\u00bb:\u00a0\u00bbCitations et proverbes\u00a0\u00bb,\u00a0\u00bburl\u00a0\u00bb:\u00a0\u00bbhttps:\/\/citation-celebre.leparisien.fr\/\u00a0\u00bb,\u00a0\u00bbparent\u00a0\u00bb:{\u00ab\u00a0services-guide\u00a0\u00bb:\u00a0\u00bbhttps:\/\/www.leparisien.fr\/\u00a0\u00bb},\u00a0\u00bborder\u00a0\u00bb:{\u00ab\u00a0services-guide\u00a0\u00bb:1004},\u00a0\u00bbnode_type\u00a0\u00bb:\u00a0\u00bblink\u00a0\u00bb,\u00a0\u00bbchildren\u00a0\u00bb:[]},{\u00ab\u00a0_id\u00a0\u00bb:\u00a0\u00bblink-YCD7TVQE112GKA3CJVBMME9CH8&Prime;,\u00a0\u00bb_website\u00a0\u00bb:\u00a0\u00bbleparisien\u00a0\u00bb,\u00a0\u00bbdisplay_name\u00a0\u00bb:\u00a0\u00bbBilletterie\u00a0\u00bb,\u00a0\u00bburl\u00a0\u00bb:\u00a0\u00bbhttps:\/\/www.ticketmaster.fr\/fr\/index\/idtier\/43209120&Prime;,\u00a0\u00bbparent\u00a0\u00bb:{\u00ab\u00a0burger-menu\u00a0\u00bb:\u00a0\u00bb\/nos-services\u00a0\u00bb,\u00a0\u00bbservices-guide\u00a0\u00bb:\u00a0\u00bbhttps:\/\/www.leparisien.fr\/\u00a0\u00bb},\u00a0\u00bborder\u00a0\u00bb:{\u00ab\u00a0burger-menu\u00a0\u00bb:2007,\u00a0\u00bbservices-guide\u00a0\u00bb:1005},\u00a0\u00bbnode_type\u00a0\u00bb:\u00a0\u00bblink\u00a0\u00bb,\u00a0\u00bbchildren\u00a0\u00bb:[]},{\u00ab\u00a0_id\u00a0\u00bb:\u00a0\u00bblink-DS2YVERH4ZGG5IG4OFN65TGF6M\u00a0\u00bb,\u00a0\u00bb_website\u00a0\u00bb:\u00a0\u00bbleparisien\u00a0\u00bb,\u00a0\u00bbdisplay_name\u00a0\u00bb:\u00a0\u00bbAnnonces immobili\u00e8res\u00a0\u00bb,\u00a0\u00bburl\u00a0\u00bb:\u00a0\u00bbhttps:\/\/www.leparisien.fr\/nos-services\/annonces-immobilieres\/\u00a0\u00bb,\u00a0\u00bbparent\u00a0\u00bb:{\u00ab\u00a0menu\u00a0\u00bb:\u00a0\u00bb\/annonces\u00a0\u00bb,\u00a0\u00bbservices-guide\u00a0\u00bb:\u00a0\u00bbhttps:\/\/www.leparisien.fr\/\u00a0\u00bb},\u00a0\u00bborder\u00a0\u00bb:{\u00ab\u00a0menu\u00a0\u00bb:2001,\u00a0\u00bbservices-guide\u00a0\u00bb:1006},\u00a0\u00bbnode_type\u00a0\u00bb:\u00a0\u00bblink\u00a0\u00bb,\u00a0\u00bbchildren\u00a0\u00bb:[]},{\u00ab\u00a0_id\u00a0\u00bb:\u00a0\u00bblink-R1JENZM0WN1DKEXZ8138W77T1R\u00a0\u00bb,\u00a0\u00bb_website\u00a0\u00bb:\u00a0\u00bbleparisien\u00a0\u00bb,\u00a0\u00bbdisplay_name\u00a0\u00bb:\u00a0\u00bbBlog de vin\u00a0\u00bb,\u00a0\u00bburl\u00a0\u00bb:\u00a0\u00bbhttp:\/\/lesgrappes.leparisien.fr\/\u00a0\u00bb,\u00a0\u00bbparent\u00a0\u00bb:{\u00ab\u00a0services-guide\u00a0\u00bb:\u00a0\u00bbhttps:\/\/www.leparisien.fr\/\u00a0\u00bb},\u00a0\u00bborder\u00a0\u00bb:{\u00ab\u00a0services-guide\u00a0\u00bb:1008},\u00a0\u00bbnode_type\u00a0\u00bb:\u00a0\u00bblink\u00a0\u00bb,\u00a0\u00bbchildren\u00a0\u00bb:[]},{\u00ab\u00a0_id\u00a0\u00bb:\u00a0\u00bblink-15VBQMHKHH55ZFTM89WBP6TRHG\u00a0\u00bb,\u00a0\u00bb_website\u00a0\u00bb:\u00a0\u00bbleparisien\u00a0\u00bb,\u00a0\u00bbdisplay_name\u00a0\u00bb:\u00a0\u00bbAvis de d\u00e9c\u00e8s\u00a0\u00bb,\u00a0\u00bburl\u00a0\u00bb:\u00a0\u00bbhttps:\/\/carnet.leparisien.fr\u00a0\u00bb,\u00a0\u00bbparent\u00a0\u00bb:{\u00ab\u00a0services-guide\u00a0\u00bb:\u00a0\u00bbhttps:\/\/www.leparisien.fr\/\u00a0\u00bb},\u00a0\u00bborder\u00a0\u00bb:{\u00ab\u00a0services-guide\u00a0\u00bb:1009},\u00a0\u00bbnode_type\u00a0\u00bb:\u00a0\u00bblink\u00a0\u00bb,\u00a0\u00bbchildren\u00a0\u00bb:[]},{\u00ab\u00a0_id\u00a0\u00bb:\u00a0\u00bblink-KKP5NQR14T4ZXB8AYAJMFAPQBR\u00a0\u00bb,\u00a0\u00bb_website\u00a0\u00bb:\u00a0\u00bbleparisien\u00a0\u00bb,\u00a0\u00bbdisplay_name\u00a0\u00bb:\u00a0\u00bbAnnonces l\u00e9gales\u00a0\u00bb,\u00a0\u00bburl\u00a0\u00bb:\u00a0\u00bbhttps:\/\/www.annonces-legales.fr\/lp\/leparisien\/choisir-votre-journal\u00a0\u00bb,\u00a0\u00bbparent\u00a0\u00bb:{\u00ab\u00a0services-guide\u00a0\u00bb:\u00a0\u00bbhttps:\/\/www.leparisien.fr\/\u00a0\u00bb},\u00a0\u00bborder\u00a0\u00bb:{\u00ab\u00a0services-guide\u00a0\u00bb:1010},\u00a0\u00bbnode_type\u00a0\u00bb:\u00a0\u00bblink\u00a0\u00bb,\u00a0\u00bbchildren\u00a0\u00bb:[]},{\u00ab\u00a0_id\u00a0\u00bb:\u00a0\u00bblink-0HTUYEWW6136F3MYJF4P38B7A8&Prime;,\u00a0\u00bb_website\u00a0\u00bb:\u00a0\u00bbleparisien\u00a0\u00bb,\u00a0\u00bbdisplay_name\u00a0\u00bb:\u00a0\u00bbMarch\u00e9s publics\u00a0\u00bb,\u00a0\u00bburl\u00a0\u00bb:\u00a0\u00bbhttps:\/\/avisdemarches.leparisien.fr\/\u00a0\u00bb,\u00a0\u00bbparent\u00a0\u00bb:{\u00ab\u00a0services-guide\u00a0\u00bb:\u00a0\u00bbhttps:\/\/www.leparisien.fr\/\u00a0\u00bb},\u00a0\u00bborder\u00a0\u00bb:{\u00ab\u00a0services-guide\u00a0\u00bb:1011},\u00a0\u00bbnode_type\u00a0\u00bb:\u00a0\u00bblink\u00a0\u00bb,\u00a0\u00bbchildren\u00a0\u00bb:[]}]},\u00a0\u00bbexpires\u00a0\u00bb:1746959296421,\u00a0\u00bblastModified\u00a0\u00bb:1746958696229},\u00a0\u00bb{\\\u00a0\u00bb_id\\\u00a0\u00bb:\\\u00a0\u00bb\/\\\u00a0\u00bb,\\\u00a0\u00bb_website\\\u00a0\u00bb:\\\u00a0\u00bbleparisien\\\u00a0\u00bb,\\\u00a0\u00bbhierarchy\\\u00a0\u00bb:\\\u00a0\u00bbfooter-last\\\u00a0\u00bb}\u00a0\u00bb:{\u00ab\u00a0data\u00a0\u00bb:{\u00ab\u00a0children\u00a0\u00bb:[{\u00ab\u00a0display_name\u00a0\u00bb:\u00a0\u00bbNous \u00e9crire\u00a0\u00bb,\u00a0\u00bburl\u00a0\u00bb:\u00a0\u00bbhttps:\/\/www.leparisien.fr\/contact\/\u00a0\u00bb},{\u00ab\u00a0display_name\u00a0\u00bb:\u00a0\u00bbQui sommes nous ?\u00a0\u00bb,\u00a0\u00bburl\u00a0\u00bb:\u00a0\u00bbhttps:\/\/www.leparisien.fr\/qui-sommes-nous\/\u00a0\u00bb},{\u00ab\u00a0display_name\u00a0\u00bb:\u00a0\u00bbNos chartes\u00a0\u00bb,\u00a0\u00bburl\u00a0\u00bb:\u00a0\u00bbhttps:\/\/www.leparisien.fr\/charte.php\u00a0\u00bb},{\u00ab\u00a0display_name\u00a0\u00bb:\u00a0\u00bbCGU\u00a0\u00bb,\u00a0\u00bburl\u00a0\u00bb:\u00a0\u00bbhttps:\/\/www.leparisien.fr\/cgu\/\u00a0\u00bb},{\u00ab\u00a0display_name\u00a0\u00bb:\u00a0\u00bbPolitique de confidentialit\u00e9\u00a0\u00bb,\u00a0\u00bburl\u00a0\u00bb:\u00a0\u00bbhttps:\/\/www.leparisien.fr\/politique-confidentialite\/\u00a0\u00bb},{\u00ab\u00a0display_name\u00a0\u00bb:\u00a0\u00bbGestion des cookies\u00a0\u00bb,\u00a0\u00bburl\u00a0\u00bb:\u00a0\u00bbhttps:\/\/www.leparisien.fr\/cookies\/\u00a0\u00bb},{\u00ab\u00a0display_name\u00a0\u00bb:\u00a0\u00bbEspace pro\u00a0\u00bb,\u00a0\u00bburl\u00a0\u00bb:\u00a0\u00bbhttps:\/\/www.leparisien.fr\/espace-professionnel\/\u00a0\u00bb},{\u00ab\u00a0display_name\u00a0\u00bb:\u00a0\u00bbEspace presse\u00a0\u00bb,\u00a0\u00bburl\u00a0\u00bb:\u00a0\u00bbhttp:\/\/pressroom-lesechos-leparisien.com\/\u00a0\u00bb}],\u00a0\u00bb_id\u00a0\u00bb:\u00a0\u00bbhttps:\/\/www.leparisien.fr\/\u00a0\u00bb},\u00a0\u00bbexpires\u00a0\u00bb:1746958840559,\u00a0\u00bblastModified\u00a0\u00bb:1746958240350}},\u00a0\u00bbstory-card-feed-fullquery\u00a0\u00bb:{\u00ab\u00a0{\\\u00a0\u00bbfilterContent\\\u00a0\u00bb:[\\\u00a0\u00bb_id\\\u00a0\u00bb,\\\u00a0\u00bbheadlines\\\u00a0\u00bb,\\\u00a0\u00bbwebsite_url\\\u00a0\u00bb,\\\u00a0\u00bblabel\\\u00a0\u00bb],\\\u00a0\u00bboffset\\\u00a0\u00bb:0,\\\u00a0\u00bbsecondarySectionPath\\\u00a0\u00bb:\\\u00a0\u00bb\\\\\\\u00a0\u00bb\/gironde-33\\\\\\\u00a0\u00bb,\\\\\\\u00a0\u00bb\/meteo\\\\\\\u00a0\u00bb,\\\\\\\u00a0\u00bb\/en-region\\\\\\\u00a0\u00bb\\\u00a0\u00bb,\\\u00a0\u00bbsize\\\u00a0\u00bb:3,\\\u00a0\u00bbsubtype\\\u00a0\u00bb:\\\u00a0\u00bbarticle_live\\\u00a0\u00bb,\\\u00a0\u00bbtags\\\u00a0\u00bb:[{\\\u00a0\u00bbdescription\\\u00a0\u00bb:\\\u00a0\u00bb\/meteo\/intemperies\/\\\u00a0\u00bb,\\\u00a0\u00bbslug\\\u00a0\u00bb:\\\u00a0\u00bbmeteo-intemperies\\\u00a0\u00bb,\\\u00a0\u00bbtext\\\u00a0\u00bb:\\\u00a0\u00bbM\u00e9t\u00e9o intemp\u00e9ries\\\u00a0\u00bb}]}\u00a0\u00bb:{\u00ab\u00a0data\u00a0\u00bb:{\u00ab\u00a0content_elements\u00a0\u00bb:[{\u00ab\u00a0_id\u00a0\u00bb:\u00a0\u00bbAPBKJQ2UPVGNHPHEGTF6SEQFKE\u00a0\u00bb,\u00a0\u00bbadditional_properties\u00a0\u00bb:{\u00ab\u00a0config\u00a0\u00bb:{\u00ab\u00a0isLiveFinished\u00a0\u00bb:true}},\u00a0\u00bbfirst_publish_date\u00a0\u00bb:\u00a0\u00bb2025-01-04T15:42:53Z\u00a0\u00bb,\u00a0\u00bbheadlines\u00a0\u00bb:{\u00ab\u00a0basic\u00a0\u00bb:\u00a0\u00bbNeige et verglas : fin de la vigilance orange sur une partie de l&rsquo;\u00cele-de-France\u00a0\u00bb},\u00a0\u00bbtaxonomy\u00a0\u00bb:{\u00ab\u00a0primary_section\u00a0\u00bb:{\u00ab\u00a0_id\u00a0\u00bb:\u00a0\u00bb\/meteo\u00a0\u00bb,\u00a0\u00bbadditional_properties\u00a0\u00bb:{\u00ab\u00a0original\u00a0\u00bb:{\u00ab\u00a0site\u00a0\u00bb:{\u00ab\u00a0paywall_deactivated\u00a0\u00bb:\u00a0\u00bbfalse\u00a0\u00bb}}},\u00a0\u00bbname\u00a0\u00bb:\u00a0\u00bbM\u00e9t\u00e9o\u00a0\u00bb},\u00a0\u00bbtags\u00a0\u00bb:[{\u00ab\u00a0text\u00a0\u00bb:\u00a0\u00bbM\u00e9t\u00e9o froid\u00a0\u00bb},{\u00ab\u00a0text\u00a0\u00bb:\u00a0\u00bbM\u00e9t\u00e9o neige\u00a0\u00bb},{\u00ab\u00a0text\u00a0\u00bb:\u00a0\u00bbM\u00e9t\u00e9o intemp\u00e9ries\u00a0\u00bb}]},\u00a0\u00bbwebsite_url\u00a0\u00bb:\u00a0\u00bb\/meteo\/direct-neige-et-verglas-vitesse-abaissee-en-ile-de-france-appel-a-la-prudence-dans-le-nord-un-episode-bref-mais-intense-redoute-04-01-2025-APBKJQ2UPVGNHPHEGTF6SEQFKE.php\u00a0\u00bb},{\u00ab\u00a0_id\u00a0\u00bb:\u00a0\u00bbMQJFBGTZPZDTLKL77MNLGCG5KU\u00a0\u00bb,\u00a0\u00bbadditional_properties\u00a0\u00bb:{\u00ab\u00a0config\u00a0\u00bb:{\u00ab\u00a0isChatActive\u00a0\u00bb:false,\u00a0\u00bbisLiveFinished\u00a0\u00bb:true}},\u00a0\u00bbfirst_publish_date\u00a0\u00bb:\u00a0\u00bb2024-10-30T08:59:36Z\u00a0\u00bb,\u00a0\u00bbheadlines\u00a0\u00bb:{\u00ab\u00a0basic\u00a0\u00bb:\u00a0\u00bbInondations meurtri\u00e8res en Espagne : au moins 95 morts ce mercredi soir, le bilan pourrait encore s&rsquo;alourdir\u00a0\u00bb},\u00a0\u00bbtaxonomy\u00a0\u00bb:{\u00ab\u00a0primary_section\u00a0\u00bb:{\u00ab\u00a0_id\u00a0\u00bb:\u00a0\u00bb\/meteo\u00a0\u00bb,\u00a0\u00bbadditional_properties\u00a0\u00bb:{\u00ab\u00a0original\u00a0\u00bb:{\u00ab\u00a0site\u00a0\u00bb:{\u00ab\u00a0paywall_deactivated\u00a0\u00bb:\u00a0\u00bbfalse\u00a0\u00bb}}},\u00a0\u00bbname\u00a0\u00bb:\u00a0\u00bbM\u00e9t\u00e9o\u00a0\u00bb},\u00a0\u00bbtags\u00a0\u00bb:[{\u00ab\u00a0text\u00a0\u00bb:\u00a0\u00bbM\u00e9t\u00e9o intemp\u00e9ries\u00a0\u00bb},{\u00ab\u00a0text\u00a0\u00bb:\u00a0\u00bbM\u00e9t\u00e9o inondations\u00a0\u00bb},{\u00ab\u00a0text\u00a0\u00bb:\u00a0\u00bbM\u00e9t\u00e9o orage\u00a0\u00bb}]},\u00a0\u00bbwebsite_url\u00a0\u00bb:\u00a0\u00bb\/meteo\/direct-inondations-en-espagne-plus-de-cinquante-morts-de-nombreux-disparus-la-region-de-valence-sous-les-eaux-30-10-2024-MQJFBGTZPZDTLKL77MNLGCG5KU.php\u00a0\u00bb},{\u00ab\u00a0_id\u00a0\u00bb:\u00a0\u00bbHJBZRCD6AVGPFKAXZS56VGXKIA\u00a0\u00bb,\u00a0\u00bbadditional_properties\u00a0\u00bb:{\u00ab\u00a0config\u00a0\u00bb:{\u00ab\u00a0isChatActive\u00a0\u00bb:false,\u00a0\u00bbisLiveFinished\u00a0\u00bb:true}},\u00a0\u00bbfirst_publish_date\u00a0\u00bb:\u00a0\u00bb2024-10-18T04:05:08Z\u00a0\u00bb,\u00a0\u00bbheadlines\u00a0\u00bb:{\u00ab\u00a0basic\u00a0\u00bb:\u00a0\u00bbDIRECT. Intemp\u00e9ries : \u00ab2300 interventions ont sauv\u00e9 des vies\u00bb, annonce Michel Barnier\u00a0\u00bb},\u00a0\u00bbtaxonomy\u00a0\u00bb:{\u00ab\u00a0primary_section\u00a0\u00bb:{\u00ab\u00a0_id\u00a0\u00bb:\u00a0\u00bb\/meteo\u00a0\u00bb,\u00a0\u00bbadditional_properties\u00a0\u00bb:{\u00ab\u00a0original\u00a0\u00bb:{\u00ab\u00a0site\u00a0\u00bb:{\u00ab\u00a0paywall_deactivated\u00a0\u00bb:\u00a0\u00bbfalse\u00a0\u00bb}}},\u00a0\u00bbname\u00a0\u00bb:\u00a0\u00bbM\u00e9t\u00e9o\u00a0\u00bb},\u00a0\u00bbtags\u00a0\u00bb:[{\u00ab\u00a0text\u00a0\u00bb:\u00a0\u00bbM\u00e9t\u00e9o inondations\u00a0\u00bb},{\u00ab\u00a0text\u00a0\u00bb:\u00a0\u00bbM\u00e9t\u00e9o intemp\u00e9ries\u00a0\u00bb}]},\u00a0\u00bbwebsite_url\u00a0\u00bb:\u00a0\u00bb\/meteo\/direct-intemperies-fin-de-la-vigilance-rouge-18-departements-en-orange-ce-vendredi-18-10-2024-HJBZRCD6AVGPFKAXZS56VGXKIA.php\u00a0\u00bb}],\u00a0\u00bbcount\u00a0\u00bb:6,\u00a0\u00bbnext\u00a0\u00bb:3,\u00a0\u00bb_id\u00a0\u00bb:\u00a0\u00bb8821225fe261c9bee78b5d7b4d0e2714c970ce74bd9f7503b7b29d6d5847f537&Prime;},\u00a0\u00bbexpires\u00a0\u00bb:1746958908090,\u00a0\u00bblastModified\u00a0\u00bb:1746958788010},\u00a0\u00bb{\\\u00a0\u00bbexcludeSections\\\u00a0\u00bb:[\\\u00a0\u00bb\/podcasts\/code-source\\\u00a0\u00bb,\\\u00a0\u00bb\/politique\/newsletter\\\u00a0\u00bb,\\\u00a0\u00bb\/newsletters\\\u00a0\u00bb],\\\u00a0\u00bbexcludeSubtype\\\u00a0\u00bb:\\\u00a0\u00bbarticle_sponsored,article_like\\\u00a0\u00bb,\\\u00a0\u00bbfilterContent\\\u00a0\u00bb:[\\\u00a0\u00bb_id\\\u00a0\u00bb,\\\u00a0\u00bbheadlines\\\u00a0\u00bb,\\\u00a0\u00bbwebsite_url\\\u00a0\u00bb,\\\u00a0\u00bblabel\\\u00a0\u00bb],\\\u00a0\u00bboffset\\\u00a0\u00bb:0,\\\u00a0\u00bbsectionPath\\\u00a0\u00bb:\\\u00a0\u00bb\/gironde-33\\\u00a0\u00bb,\\\u00a0\u00bbsize\\\u00a0\u00bb:20,\\\u00a0\u00bbtags\\\u00a0\u00bb:[{\\\u00a0\u00bbdescription\\\u00a0\u00bb:\\\u00a0\u00bb\/meteo\/intemperies\/\\\u00a0\u00bb,\\\u00a0\u00bbslug\\\u00a0\u00bb:\\\u00a0\u00bbmeteo-intemperies\\\u00a0\u00bb,\\\u00a0\u00bbtext\\\u00a0\u00bb:\\\u00a0\u00bbM\u00e9t\u00e9o intemp\u00e9ries\\\u00a0\u00bb}],\\\u00a0\u00bbwebsite\\\u00a0\u00bb:\\\u00a0\u00bbleparisien\\\u00a0\u00bb}\u00a0\u00bb:{\u00ab\u00a0data\u00a0\u00bb:{\u00ab\u00a0content_elements\u00a0\u00bb:[{\u00ab\u00a0_id\u00a0\u00bb:\u00a0\u00bb7GYGRIRZPZDG5ASOLSAXZJ4ZQM\u00a0\u00bb,\u00a0\u00bbcontent_restrictions\u00a0\u00bb:{\u00ab\u00a0content_code\u00a0\u00bb:\u00a0\u00bbmetered\u00a0\u00bb},\u00a0\u00bbdistributor\u00a0\u00bb:{\u00ab\u00a0name\u00a0\u00bb:\u00a0\u00bbleparisien\u00a0\u00bb},\u00a0\u00bbheadlines\u00a0\u00bb:{\u00ab\u00a0basic\u00a0\u00bb:\u00a0\u00bbTemp\u00eates de gr\u00eale en Gironde, inondations dans le Gers\u2026 Le sud-ouest touch\u00e9 par de violents orages\u00a0\u00bb},\u00a0\u00bblabel\u00a0\u00bb:{},\u00a0\u00bbpromo_items\u00a0\u00bb:{\u00ab\u00a0basic\u00a0\u00bb:{\u00ab\u00a0additional_properties\u00a0\u00bb:{},\u00a0\u00bbcaption\u00a0\u00bb:\u00a0\u00bbUn orage de gr\u00eale a frapp\u00e9 le le sud-ouest de la France samedi soir. (Illustration) LP\/Paul Abran\u00a0\u00bb,\u00a0\u00bbheight\u00a0\u00bb:3750,\u00a0\u00bbtype\u00a0\u00bb:\u00a0\u00bbimage\u00a0\u00bb,\u00a0\u00bburl\u00a0\u00bb:\u00a0\u00bbhttps:\/\/cloudfront-eu-central-1.images.arcpublishing.com\/leparisien\/KAKASEJWGFHD5OJ2E4QVP3QKYY.jpg\u00a0\u00bb,\u00a0\u00bbwidth\u00a0\u00bb:5000}},\u00a0\u00bbsubtype\u00a0\u00bb:\u00a0\u00bbART:\u00a0\u00bb,\u00a0\u00bbtaxonomy\u00a0\u00bb:{\u00ab\u00a0primary_section\u00a0\u00bb:{\u00ab\u00a0_id\u00a0\u00bb:\u00a0\u00bb\/gironde-33&Prime;,\u00a0\u00bbadditional_properties\u00a0\u00bb:{\u00ab\u00a0original\u00a0\u00bb:{\u00ab\u00a0site\u00a0\u00bb:{}}},\u00a0\u00bbname\u00a0\u00bb:\u00a0\u00bbGironde\u00a0\u00bb},\u00a0\u00bbtags\u00a0\u00bb:[{\u00ab\u00a0text\u00a0\u00bb:\u00a0\u00bbM\u00e9t\u00e9o intemp\u00e9ries\u00a0\u00bb}]},\u00a0\u00bbwebsite_url\u00a0\u00bb:\u00a0\u00bb\/gironde-33\/tempetes-de-grele-en-gironde-inondations-dans-le-gers-le-sud-ouest-touche-par-de-violents-orages-11-05-2025-7GYGRIRZPZDG5ASOLSAXZJ4ZQM.php\u00a0\u00bb},{\u00ab\u00a0_id\u00a0\u00bb:\u00a0\u00bbFMB7SSY4DVB5PB6T3VXFGYHDFY\u00a0\u00bb,\u00a0\u00bbcontent_restrictions\u00a0\u00bb:{\u00ab\u00a0content_code\u00a0\u00bb:\u00a0\u00bbmetered\u00a0\u00bb},\u00a0\u00bbdistributor\u00a0\u00bb:{\u00ab\u00a0name\u00a0\u00bb:\u00a0\u00bbleparisien\u00a0\u00bb},\u00a0\u00bbheadlines\u00a0\u00bb:{\u00ab\u00a0basic\u00a0\u00bb:\u00a0\u00bbCrues\u00a0: la Gironde et la Charente-Maritime maintenues en vigilance orange jusqu\u2019\u00e0 samedi\u00a0\u00bb},\u00a0\u00bblabel\u00a0\u00bb:{},\u00a0\u00bbpromo_items\u00a0\u00bb:{\u00ab\u00a0basic\u00a0\u00bb:{\u00ab\u00a0additional_properties\u00a0\u00bb:{},\u00a0\u00bbcaption\u00a0\u00bb:\u00a0\u00bbLa Dordogne est repass\u00e9 en vigilance jaune jeudi matin. \u00c0 Montignac-Lascaux, lundi, la V\u00e9z\u00e8re \u00e9tait en crue. LP \/ Klervi Le Cozic\u00a0\u00bb,\u00a0\u00bbheight\u00a0\u00bb:1080,\u00a0\u00bbtype\u00a0\u00bb:\u00a0\u00bbimage\u00a0\u00bb,\u00a0\u00bburl\u00a0\u00bb:\u00a0\u00bbhttps:\/\/cloudfront-eu-central-1.images.arcpublishing.com\/leparisien\/BSXS64Z23NFJFE52R7ZXNFP4N4.jpg\u00a0\u00bb,\u00a0\u00bbwidth\u00a0\u00bb:1616}},\u00a0\u00bbsubtype\u00a0\u00bb:\u00a0\u00bbART:\u00a0\u00bb,\u00a0\u00bbtaxonomy\u00a0\u00bb:{\u00ab\u00a0primary_section\u00a0\u00bb:{\u00ab\u00a0_id\u00a0\u00bb:\u00a0\u00bb\/meteo\u00a0\u00bb,\u00a0\u00bbadditional_properties\u00a0\u00bb:{\u00ab\u00a0original\u00a0\u00bb:{\u00ab\u00a0site\u00a0\u00bb:{\u00ab\u00a0paywall_deactivated\u00a0\u00bb:\u00a0\u00bbfalse\u00a0\u00bb}}},\u00a0\u00bbname\u00a0\u00bb:\u00a0\u00bbM\u00e9t\u00e9o\u00a0\u00bb},\u00a0\u00bbtags\u00a0\u00bb:[{\u00ab\u00a0text\u00a0\u00bb:\u00a0\u00bbM\u00e9t\u00e9o intemp\u00e9ries\u00a0\u00bb}]},\u00a0\u00bbwebsite_url\u00a0\u00bb:\u00a0\u00bbhttps:\/\/www.leparisien.fr\/meteo\/crues-la-gironde-et-la-charente-maritime-maintenues-en-vigilance-orange-jusqua-samedi-25-04-2025-FMB7SSY4DVB5PB6T3VXFGYHDFY.php\u00a0\u00bb},{\u00ab\u00a0_id\u00a0\u00bb:\u00a0\u00bbXA7MADL5RJBNPGULMZQMUGMSCQ\u00a0\u00bb,\u00a0\u00bbcontent_restrictions\u00a0\u00bb:{\u00ab\u00a0content_code\u00a0\u00bb:\u00a0\u00bbmetered\u00a0\u00bb},\u00a0\u00bbdistributor\u00a0\u00bb:{\u00ab\u00a0name\u00a0\u00bb:\u00a0\u00bbleparisien\u00a0\u00bb},\u00a0\u00bbheadlines\u00a0\u00bb:{\u00ab\u00a0basic\u00a0\u00bb:\u00a0\u00bb25,9\u00a0\u00b0C\u00a0: Paris et Strasbourg ont connu la temp\u00e9rature la plus \u00e9lev\u00e9e de France samedi\u00a0\u00bb},\u00a0\u00bblabel\u00a0\u00bb:{},\u00a0\u00bbpromo_items\u00a0\u00bb:{\u00ab\u00a0basic\u00a0\u00bb:{\u00ab\u00a0additional_properties\u00a0\u00bb:{},\u00a0\u00bbcaption\u00a0\u00bb:\u00a0\u00bbR\u00e9flexe par beau temps : filer en terrasse, pour profiter du temps qui passe. LP\/Philippe Labrosse\u00a0\u00bb,\u00a0\u00bbheight\u00a0\u00bb:2667,\u00a0\u00bbtype\u00a0\u00bb:\u00a0\u00bbimage\u00a0\u00bb,\u00a0\u00bburl\u00a0\u00bb:\u00a0\u00bbhttps:\/\/cloudfront-eu-central-1.images.arcpublishing.com\/leparisien\/DUVQKNCRU5GJFLWBX2MTTDC35E.jpg\u00a0\u00bb,\u00a0\u00bbwidth\u00a0\u00bb:4000}},\u00a0\u00bbsubtype\u00a0\u00bb:\u00a0\u00bbART:\u00a0\u00bb,\u00a0\u00bbtaxonomy\u00a0\u00bb:{\u00ab\u00a0primary_section\u00a0\u00bb:{\u00ab\u00a0_id\u00a0\u00bb:\u00a0\u00bb\/meteo\u00a0\u00bb,\u00a0\u00bbadditional_properties\u00a0\u00bb:{\u00ab\u00a0original\u00a0\u00bb:{\u00ab\u00a0site\u00a0\u00bb:{\u00ab\u00a0paywall_deactivated\u00a0\u00bb:\u00a0\u00bbfalse\u00a0\u00bb}}},\u00a0\u00bbname\u00a0\u00bb:\u00a0\u00bbM\u00e9t\u00e9o\u00a0\u00bb},\u00a0\u00bbtags\u00a0\u00bb:[{\u00ab\u00a0text\u00a0\u00bb:\u00a0\u00bbM\u00e9t\u00e9o intemp\u00e9ries\u00a0\u00bb}]},\u00a0\u00bbwebsite_url\u00a0\u00bb:\u00a0\u00bbhttps:\/\/www.leparisien.fr\/meteo\/259-c-paris-et-strasbourg-ont-connu-la-temperature-la-plus-elevee-de-france-samedi-06-04-2025-XA7MADL5RJBNPGULMZQMUGMSCQ.php\u00a0\u00bb},{\u00ab\u00a0_id\u00a0\u00bb:\u00a0\u00bbBWS2C7WKCFA73HPYT6M4M5CMH4&Prime;,\u00a0\u00bbcontent_restrictions\u00a0\u00bb:{\u00ab\u00a0content_code\u00a0\u00bb:\u00a0\u00bbhard-paywall\u00a0\u00bb},\u00a0\u00bbdistributor\u00a0\u00bb:{\u00ab\u00a0name\u00a0\u00bb:\u00a0\u00bbleparisien\u00a0\u00bb},\u00a0\u00bbheadlines\u00a0\u00bb:{\u00ab\u00a0basic\u00a0\u00bb:\u00a0\u00bbCinq mois apr\u00e8s la crue du si\u00e8cle \u00e0 Givors et Annonay, la vie reprend tant bien que mal\u00a0\u00bb},\u00a0\u00bblabel\u00a0\u00bb:{\u00ab\u00a0format\u00a0\u00bb:{\u00ab\u00a0text\u00a0\u00bb:\u00a0\u00bbR\u00e9cit\u00a0\u00bb,\u00a0\u00bburl\u00a0\u00bb:\u00a0\u00bb\/recit\u00a0\u00bb},\u00a0\u00bbprofil\u00a0\u00bb:{\u00ab\u00a0text\u00a0\u00bb:\u00a0\u00bbABO\u00a0\u00bb}},\u00a0\u00bbpromo_items\u00a0\u00bb:{\u00ab\u00a0basic\u00a0\u00bb:{\u00ab\u00a0additional_properties\u00a0\u00bb:{},\u00a0\u00bbcaption\u00a0\u00bb:\u00a0\u00bbLe matin du 17 octobre 2024, le centre-ville d&rsquo;Annonay, am\u00e9nag\u00e9 sur le lit d&rsquo;une rivi\u00e8re depuis les ann\u00e9es 1970, \u00e9tait ravag\u00e9 par la mont\u00e9e des eaux de la De\u00fbme. LP\/Cyril Michaud\u00a0\u00bb,\u00a0\u00bbheight\u00a0\u00bb:2832,\u00a0\u00bbtype\u00a0\u00bb:\u00a0\u00bbimage\u00a0\u00bb,\u00a0\u00bburl\u00a0\u00bb:\u00a0\u00bbhttps:\/\/cloudfront-eu-central-1.images.arcpublishing.com\/leparisien\/Y6FNOJRNVJCORDPNIB3FG4YYBE.jpg\u00a0\u00bb,\u00a0\u00bbwidth\u00a0\u00bb:4256}},\u00a0\u00bbsubtype\u00a0\u00bb:\u00a0\u00bbART:\u00a0\u00bb,\u00a0\u00bbtaxonomy\u00a0\u00bb:{\u00ab\u00a0primary_section\u00a0\u00bb:{\u00ab\u00a0_id\u00a0\u00bb:\u00a0\u00bb\/rhone-69&Prime;,\u00a0\u00bbadditional_properties\u00a0\u00bb:{\u00ab\u00a0original\u00a0\u00bb:{\u00ab\u00a0site\u00a0\u00bb:{}}},\u00a0\u00bbname\u00a0\u00bb:\u00a0\u00bbRh\u00f4ne\u00a0\u00bb},\u00a0\u00bbtags\u00a0\u00bb:[{\u00ab\u00a0text\u00a0\u00bb:\u00a0\u00bbM\u00e9t\u00e9o inondations\u00a0\u00bb},{\u00ab\u00a0text\u00a0\u00bb:\u00a0\u00bbM\u00e9t\u00e9o intemp\u00e9ries\u00a0\u00bb}]},\u00a0\u00bbwebsite_url\u00a0\u00bb:\u00a0\u00bbhttps:\/\/www.leparisien.fr\/rhone-69\/cinq-mois-apres-la-crue-du-siecle-a-givors-et-annonay-la-vie-reprend-tant-bien-que-mal-27-03-2025-BWS2C7WKCFA73HPYT6M4M5CMH4.php\u00a0\u00bb},{\u00ab\u00a0_id\u00a0\u00bb:\u00a0\u00bbJ42YUNZKVRE6RAWX5POYEZAK5I\u00a0\u00bb,\u00a0\u00bbcontent_restrictions\u00a0\u00bb:{\u00ab\u00a0content_code\u00a0\u00bb:\u00a0\u00bbmetered\u00a0\u00bb},\u00a0\u00bbdistributor\u00a0\u00bb:{\u00ab\u00a0name\u00a0\u00bb:\u00a0\u00bbleparisien\u00a0\u00bb},\u00a0\u00bbheadlines\u00a0\u00bb:{\u00ab\u00a0basic\u00a0\u00bb:\u00a0\u00bbPluie, vent et baisse des temp\u00e9ratures\u00a0: un week-end perturb\u00e9 en perspective\u00a0\u00bb},\u00a0\u00bblabel\u00a0\u00bb:{},\u00a0\u00bbpromo_items\u00a0\u00bb:{\u00ab\u00a0basic\u00a0\u00bb:{\u00ab\u00a0additional_properties\u00a0\u00bb:{},\u00a0\u00bbcaption\u00a0\u00bb:\u00a0\u00bbLa parapluie sera n\u00e9cessaire dans quasiment tout le pays pendant presque tout le week-end. (illustration) LP\/Philippe Lavieille\u00a0\u00bb,\u00a0\u00bbheight\u00a0\u00bb:3333,\u00a0\u00bbtype\u00a0\u00bb:\u00a0\u00bbimage\u00a0\u00bb,\u00a0\u00bburl\u00a0\u00bb:\u00a0\u00bbhttps:\/\/cloudfront-eu-central-1.images.arcpublishing.com\/leparisien\/Z37TYD7SXFEM5GPOGUOEMCPHEE.jpg\u00a0\u00bb,\u00a0\u00bbwidth\u00a0\u00bb:5000}},\u00a0\u00bbsubtype\u00a0\u00bb:\u00a0\u00bbART:\u00a0\u00bb,\u00a0\u00bbtaxonomy\u00a0\u00bb:{\u00ab\u00a0primary_section\u00a0\u00bb:{\u00ab\u00a0_id\u00a0\u00bb:\u00a0\u00bb\/meteo\u00a0\u00bb,\u00a0\u00bbadditional_properties\u00a0\u00bb:{\u00ab\u00a0original\u00a0\u00bb:{\u00ab\u00a0site\u00a0\u00bb:{\u00ab\u00a0paywall_deactivated\u00a0\u00bb:\u00a0\u00bbfalse\u00a0\u00bb}}},\u00a0\u00bbname\u00a0\u00bb:\u00a0\u00bbM\u00e9t\u00e9o\u00a0\u00bb},\u00a0\u00bbtags\u00a0\u00bb:[{\u00ab\u00a0text\u00a0\u00bb:\u00a0\u00bbM\u00e9t\u00e9o intemp\u00e9ries\u00a0\u00bb}]},\u00a0\u00bbwebsite_url\u00a0\u00bb:\u00a0\u00bb\/meteo\/pluie-vent-et-baisse-des-temperatures-un-week-end-perturbe-en-perspective-21-03-2025-J42YUNZKVRE6RAWX5POYEZAK5I.php\u00a0\u00bb},{\u00ab\u00a0_id\u00a0\u00bb:\u00a0\u00bbZSFND7SPH5AINHILUZUZTW6JBI\u00a0\u00bb,\u00a0\u00bbcontent_restrictions\u00a0\u00bb:{\u00ab\u00a0content_code\u00a0\u00bb:\u00a0\u00bbmetered\u00a0\u00bb},\u00a0\u00bbdistributor\u00a0\u00bb:{\u00ab\u00a0name\u00a0\u00bb:\u00a0\u00bbleparisien\u00a0\u00bb},\u00a0\u00bbheadlines\u00a0\u00bb:{\u00ab\u00a0basic\u00a0\u00bb:\u00a0\u00bbVents violents et vagues-submersion\u00a0: sept d\u00e9partements d\u00e9sormais en vigilance orange\u00a0\u00bb},\u00a0\u00bblabel\u00a0\u00bb:{},\u00a0\u00bbpromo_items\u00a0\u00bb:{\u00ab\u00a0basic\u00a0\u00bb:{\u00ab\u00a0additional_properties\u00a0\u00bb:{},\u00a0\u00bbcaption\u00a0\u00bb:\u00a0\u00bbD&rsquo;importantes vagues sont susceptibles de se produire le long du littoral de la M\u00e9diterran\u00e9e. (illustration) LP\/Olivier Boitet\u00a0\u00bb,\u00a0\u00bbheight\u00a0\u00bb:1868,\u00a0\u00bbtype\u00a0\u00bb:\u00a0\u00bbimage\u00a0\u00bb,\u00a0\u00bburl\u00a0\u00bb:\u00a0\u00bbhttps:\/\/cloudfront-eu-central-1.images.arcpublishing.com\/leparisien\/MEG2NJVUKZFELJ2BYADT6IDWNA.jpg\u00a0\u00bb,\u00a0\u00bbwidth\u00a0\u00bb:2800}},\u00a0\u00bbsubtype\u00a0\u00bb:\u00a0\u00bbART:\u00a0\u00bb,\u00a0\u00bbtaxonomy\u00a0\u00bb:{\u00ab\u00a0primary_section\u00a0\u00bb:{\u00ab\u00a0_id\u00a0\u00bb:\u00a0\u00bb\/meteo\u00a0\u00bb,\u00a0\u00bbadditional_properties\u00a0\u00bb:{\u00ab\u00a0original\u00a0\u00bb:{\u00ab\u00a0site\u00a0\u00bb:{\u00ab\u00a0paywall_deactivated\u00a0\u00bb:\u00a0\u00bbfalse\u00a0\u00bb}}},\u00a0\u00bbname\u00a0\u00bb:\u00a0\u00bbM\u00e9t\u00e9o\u00a0\u00bb},\u00a0\u00bbtags\u00a0\u00bb:[{\u00ab\u00a0text\u00a0\u00bb:\u00a0\u00bbM\u00e9t\u00e9o intemp\u00e9ries\u00a0\u00bb}]},\u00a0\u00bbwebsite_url\u00a0\u00bb:\u00a0\u00bb\/meteo\/vents-violents-et-vagues-submersion-sept-departements-desormais-places-en-vigilance-orange-21-03-2025-ZSFND7SPH5AINHILUZUZTW6JBI.php\u00a0\u00bb},{\u00ab\u00a0_id\u00a0\u00bb:\u00a0\u00bbJIT5MIEWIFBXPP3WHBKI36A2FM\u00a0\u00bb,\u00a0\u00bbcontent_restrictions\u00a0\u00bb:{\u00ab\u00a0content_code\u00a0\u00bb:\u00a0\u00bbmetered\u00a0\u00bb},\u00a0\u00bbdistributor\u00a0\u00bb:{\u00ab\u00a0name\u00a0\u00bb:\u00a0\u00bbleparisien\u00a0\u00bb},\u00a0\u00bbheadlines\u00a0\u00bb:{\u00ab\u00a0basic\u00a0\u00bb:\u00a0\u00bbNette baisse des temp\u00e9ratures et de plus en plus de pluie\u00a0: ce que vous r\u00e9serve la m\u00e9t\u00e9o de la semaine en France\u00a0\u00bb},\u00a0\u00bblabel\u00a0\u00bb:{},\u00a0\u00bbpromo_items\u00a0\u00bb:{\u00ab\u00a0basic\u00a0\u00bb:{\u00ab\u00a0additional_properties\u00a0\u00bb:{},\u00a0\u00bbcaption\u00a0\u00bb:\u00a0\u00bbLa tendance est tr\u00e8s nettement pluvieuse pour les prochains jours. (illustration) LP\/ Aur\u00e9lie Audureau\u00a0\u00bb,\u00a0\u00bbheight\u00a0\u00bb:2100,\u00a0\u00bbtype\u00a0\u00bb:\u00a0\u00bbimage\u00a0\u00bb,\u00a0\u00bburl\u00a0\u00bb:\u00a0\u00bbhttps:\/\/cloudfront-eu-central-1.images.arcpublishing.com\/leparisien\/4P5B6VPW55FETPHGEMJ4SFZAY4.jpg\u00a0\u00bb,\u00a0\u00bbwidth\u00a0\u00bb:2800}},\u00a0\u00bbsubtype\u00a0\u00bb:\u00a0\u00bbART:\u00a0\u00bb,\u00a0\u00bbtaxonomy\u00a0\u00bb:{\u00ab\u00a0primary_section\u00a0\u00bb:{\u00ab\u00a0_id\u00a0\u00bb:\u00a0\u00bb\/meteo\u00a0\u00bb,\u00a0\u00bbadditional_properties\u00a0\u00bb:{\u00ab\u00a0original\u00a0\u00bb:{\u00ab\u00a0site\u00a0\u00bb:{\u00ab\u00a0paywall_deactivated\u00a0\u00bb:\u00a0\u00bbfalse\u00a0\u00bb}}},\u00a0\u00bbname\u00a0\u00bb:\u00a0\u00bbM\u00e9t\u00e9o\u00a0\u00bb},\u00a0\u00bbtags\u00a0\u00bb:[{\u00ab\u00a0text\u00a0\u00bb:\u00a0\u00bbM\u00e9t\u00e9o intemp\u00e9ries\u00a0\u00bb}]},\u00a0\u00bbwebsite_url\u00a0\u00bb:\u00a0\u00bb\/meteo\/nette-baisse-des-temperatures-et-de-plus-en-plus-de-pluie-ce-que-vous-reserve-la-meteo-de-la-semaine-en-france-09-03-2025-JIT5MIEWIFBXPP3WHBKI36A2FM.php\u00a0\u00bb},{\u00ab\u00a0_id\u00a0\u00bb:\u00a0\u00bb6GECKMBEYVCOVHDEXRMNNMQNBQ\u00a0\u00bb,\u00a0\u00bbcontent_restrictions\u00a0\u00bb:{\u00ab\u00a0content_code\u00a0\u00bb:\u00a0\u00bbmetered\u00a0\u00bb},\u00a0\u00bbdistributor\u00a0\u00bb:{\u00ab\u00a0name\u00a0\u00bb:\u00a0\u00bbleparisien\u00a0\u00bb},\u00a0\u00bbheadlines\u00a0\u00bb:{\u00ab\u00a0basic\u00a0\u00bb:\u00a0\u00bbVent violent\u00a0: seules les Bouches-du-Rh\u00f4ne restent en vigilance orange\u00a0\u00bb},\u00a0\u00bblabel\u00a0\u00bb:{},\u00a0\u00bbpromo_items\u00a0\u00bb:{\u00ab\u00a0basic\u00a0\u00bb:{\u00ab\u00a0additional_properties\u00a0\u00bb:{},\u00a0\u00bbcaption\u00a0\u00bb:\u00a0\u00bbLe vent continue de souffler fort dans le Sud ce dimanche. (Illustration) LP\/Delphine Goldsztejn\u00a0\u00bb,\u00a0\u00bbheight\u00a0\u00bb:3644,\u00a0\u00bbtype\u00a0\u00bb:\u00a0\u00bbimage\u00a0\u00bb,\u00a0\u00bburl\u00a0\u00bb:\u00a0\u00bbhttps:\/\/cloudfront-eu-central-1.images.arcpublishing.com\/leparisien\/3SNPGRR4UNA3VI6SV23WWJFZDM.jpg\u00a0\u00bb,\u00a0\u00bbwidth\u00a0\u00bb:4795}},\u00a0\u00bbsubtype\u00a0\u00bb:\u00a0\u00bbART:\u00a0\u00bb,\u00a0\u00bbtaxonomy\u00a0\u00bb:{\u00ab\u00a0primary_section\u00a0\u00bb:{\u00ab\u00a0_id\u00a0\u00bb:\u00a0\u00bb\/meteo\u00a0\u00bb,\u00a0\u00bbadditional_properties\u00a0\u00bb:{\u00ab\u00a0original\u00a0\u00bb:{\u00ab\u00a0site\u00a0\u00bb:{\u00ab\u00a0paywall_deactivated\u00a0\u00bb:\u00a0\u00bbfalse\u00a0\u00bb}}},\u00a0\u00bbname\u00a0\u00bb:\u00a0\u00bbM\u00e9t\u00e9o\u00a0\u00bb},\u00a0\u00bbtags\u00a0\u00bb:[{\u00ab\u00a0text\u00a0\u00bb:\u00a0\u00bbM\u00e9t\u00e9o intemp\u00e9ries\u00a0\u00bb}]},\u00a0\u00bbwebsite_url\u00a0\u00bb:\u00a0\u00bb\/meteo\/vents-violents-les-bouches-du-rhone-passent-en-vigilance-orange-fin-dalerte-dans-le-tarn-et-le-tarn-et-garonne-09-03-2025-6GECKMBEYVCOVHDEXRMNNMQNBQ.php\u00a0\u00bb},{\u00ab\u00a0_id\u00a0\u00bb:\u00a0\u00bbEWRZPM6VT5FW3NY76OGX3BWSWA\u00a0\u00bb,\u00a0\u00bbcontent_restrictions\u00a0\u00bb:{\u00ab\u00a0content_code\u00a0\u00bb:\u00a0\u00bbmetered\u00a0\u00bb},\u00a0\u00bbdistributor\u00a0\u00bb:{\u00ab\u00a0name\u00a0\u00bb:\u00a0\u00bbleparisien\u00a0\u00bb},\u00a0\u00bbheadlines\u00a0\u00bb:{\u00ab\u00a0basic\u00a0\u00bb:\u00a0\u00bbTemp\u00eate Garance\u00a0: la R\u00e9union plac\u00e9e en alerte cyclonique orange ce mercredi\u00a0\u00bb},\u00a0\u00bblabel\u00a0\u00bb:{},\u00a0\u00bbpromo_items\u00a0\u00bb:{\u00ab\u00a0basic\u00a0\u00bb:{\u00ab\u00a0additional_properties\u00a0\u00bb:{},\u00a0\u00bbcaption\u00a0\u00bb:\u00a0\u00bbLa temp\u00eate Garance devrait passer au plus pr\u00e8s de l\u2019\u00eele \u00ab jeudi en journ\u00e9e ou dans la nuit \u00bb, \u00e0 environ 70 km des c\u00f4tes, possiblement au stade de cyclone tropical. AFP\/Richard Bouhet\u00a0\u00bb,\u00a0\u00bbheight\u00a0\u00bb:1844,\u00a0\u00bbtype\u00a0\u00bb:\u00a0\u00bbimage\u00a0\u00bb,\u00a0\u00bburl\u00a0\u00bb:\u00a0\u00bbhttps:\/\/cloudfront-eu-central-1.images.arcpublishing.com\/leparisien\/PLK4TZAOPRBU3FZX2NFXVVQZB4.jpg\u00a0\u00bb,\u00a0\u00bbwidth\u00a0\u00bb:2800},\u00a0\u00bblead_art_dailymotion\u00a0\u00bb:{\u00ab\u00a0embed\u00a0\u00bb:{\u00ab\u00a0id\u00a0\u00bb:\u00a0\u00bbx9f8zpa\u00a0\u00bb,\u00a0\u00bburl\u00a0\u00bb:\u00a0\u00bbhttps:\/\/www.dailymotion.com\/video\/x9f8zpa\u00a0\u00bb},\u00a0\u00bbsubtype\u00a0\u00bb:\u00a0\u00bbvideo_dm\u00a0\u00bb,\u00a0\u00bbtype\u00a0\u00bb:\u00a0\u00bbcustom_embed\u00a0\u00bb}},\u00a0\u00bbsubtype\u00a0\u00bb:\u00a0\u00bbART:\u00a0\u00bb,\u00a0\u00bbtaxonomy\u00a0\u00bb:{\u00ab\u00a0primary_section\u00a0\u00bb:{\u00ab\u00a0_id\u00a0\u00bb:\u00a0\u00bb\/la-reunion-974&Prime;,\u00a0\u00bbadditional_properties\u00a0\u00bb:{\u00ab\u00a0original\u00a0\u00bb:{\u00ab\u00a0site\u00a0\u00bb:{\u00ab\u00a0paywall_deactivated\u00a0\u00bb:\u00a0\u00bbfalse\u00a0\u00bb}}},\u00a0\u00bbname\u00a0\u00bb:\u00a0\u00bbLa R\u00e9union\u00a0\u00bb},\u00a0\u00bbtags\u00a0\u00bb:[{\u00ab\u00a0text\u00a0\u00bb:\u00a0\u00bbM\u00e9t\u00e9o intemp\u00e9ries\u00a0\u00bb}]},\u00a0\u00bbwebsite_url\u00a0\u00bb:\u00a0\u00bb\/la-reunion-974\/tempete-garance-la-reunion-placee-en-alerte-cyclonique-orange-ce-mercredi-25-02-2025-EWRZPM6VT5FW3NY76OGX3BWSWA.php\u00a0\u00bb},{\u00ab\u00a0_id\u00a0\u00bb:\u00a0\u00bbUGQXBC7OT5GXLJAZBA7G3EPJTQ\u00a0\u00bb,\u00a0\u00bbcontent_restrictions\u00a0\u00bb:{\u00ab\u00a0content_code\u00a0\u00bb:\u00a0\u00bbmetered\u00a0\u00bb},\u00a0\u00bbdistributor\u00a0\u00bb:{\u00ab\u00a0name\u00a0\u00bb:\u00a0\u00bbleparisien\u00a0\u00bb},\u00a0\u00bbheadlines\u00a0\u00bb:{\u00ab\u00a0basic\u00a0\u00bb:\u00a0\u00bbM\u00e9t\u00e9o\u00a0: ce qui vous attend ce premier week-end des vacances scolaires \u00ab\u00a0},\u00a0\u00bblabel\u00a0\u00bb:{},\u00a0\u00bbpromo_items\u00a0\u00bb:{\u00ab\u00a0basic\u00a0\u00bb:{\u00ab\u00a0additional_properties\u00a0\u00bb:{},\u00a0\u00bbcaption\u00a0\u00bb:\u00a0\u00bbLa France sera d&rsquo;abord concern\u00e9e par un temps perturb\u00e9 pendant le week-end. (Illustration) LP\/Philippe Lavieille\u00a0\u00bb,\u00a0\u00bbheight\u00a0\u00bb:3333,\u00a0\u00bbtype\u00a0\u00bb:\u00a0\u00bbimage\u00a0\u00bb,\u00a0\u00bburl\u00a0\u00bb:\u00a0\u00bbhttps:\/\/cloudfront-eu-central-1.images.arcpublishing.com\/leparisien\/DFGYSQNL3VHBDA7H7DMWXFIZUA.jpg\u00a0\u00bb,\u00a0\u00bbwidth\u00a0\u00bb:5000}},\u00a0\u00bbsubtype\u00a0\u00bb:\u00a0\u00bbART:\u00a0\u00bb,\u00a0\u00bbtaxonomy\u00a0\u00bb:{\u00ab\u00a0primary_section\u00a0\u00bb:{\u00ab\u00a0_id\u00a0\u00bb:\u00a0\u00bb\/meteo\u00a0\u00bb,\u00a0\u00bbadditional_properties\u00a0\u00bb:{\u00ab\u00a0original\u00a0\u00bb:{\u00ab\u00a0site\u00a0\u00bb:{\u00ab\u00a0paywall_deactivated\u00a0\u00bb:\u00a0\u00bbfalse\u00a0\u00bb}}},\u00a0\u00bbname\u00a0\u00bb:\u00a0\u00bbM\u00e9t\u00e9o\u00a0\u00bb},\u00a0\u00bbtags\u00a0\u00bb:[{\u00ab\u00a0text\u00a0\u00bb:\u00a0\u00bbM\u00e9t\u00e9o intemp\u00e9ries\u00a0\u00bb}]},\u00a0\u00bbwebsite_url\u00a0\u00bb:\u00a0\u00bb\/meteo\/meteo-ce-qui-vous-attend-ce-premier-week-end-des-vacances-scolaires-07-02-2025-UGQXBC7OT5GXLJAZBA7G3EPJTQ.php\u00a0\u00bb},{\u00ab\u00a0_id\u00a0\u00bb:\u00a0\u00bbIGYNFNXZNBAZXMM4AMAZLOT2WM\u00a0\u00bb,\u00a0\u00bbcontent_restrictions\u00a0\u00bb:{\u00ab\u00a0content_code\u00a0\u00bb:\u00a0\u00bbmetered\u00a0\u00bb},\u00a0\u00bbdistributor\u00a0\u00bb:{\u00ab\u00a0name\u00a0\u00bb:\u00a0\u00bbleparisien\u00a0\u00bb},\u00a0\u00bbheadlines\u00a0\u00bb:{\u00ab\u00a0basic\u00a0\u00bb:\u00a0\u00bbRecords historiques de pluie dans le Nord-Ouest en janvier, d\u00e9ficits dans le Sud-Est\u00a0\u00bb},\u00a0\u00bblabel\u00a0\u00bb:{},\u00a0\u00bbpromo_items\u00a0\u00bb:{\u00ab\u00a0basic\u00a0\u00bb:{\u00ab\u00a0additional_properties\u00a0\u00bb:{},\u00a0\u00bbcaption\u00a0\u00bb:\u00a0\u00bbLes pluies ont \u00e9t\u00e9 abondantes dans plusieurs r\u00e9gions depuis le 1er janvier. (illustration) LP\/Philippe Lavieille\u00a0\u00bb,\u00a0\u00bbheight\u00a0\u00bb:3333,\u00a0\u00bbtype\u00a0\u00bb:\u00a0\u00bbimage\u00a0\u00bb,\u00a0\u00bburl\u00a0\u00bb:\u00a0\u00bbhttps:\/\/cloudfront-eu-central-1.images.arcpublishing.com\/leparisien\/GXVLN6P76JCDFEZBTHRUKT6C6Y.jpg\u00a0\u00bb,\u00a0\u00bbwidth\u00a0\u00bb:5000}},\u00a0\u00bbsubtype\u00a0\u00bb:\u00a0\u00bbART:\u00a0\u00bb,\u00a0\u00bbtaxonomy\u00a0\u00bb:{\u00ab\u00a0primary_section\u00a0\u00bb:{\u00ab\u00a0_id\u00a0\u00bb:\u00a0\u00bb\/meteo\u00a0\u00bb,\u00a0\u00bbadditional_properties\u00a0\u00bb:{\u00ab\u00a0original\u00a0\u00bb:{\u00ab\u00a0site\u00a0\u00bb:{\u00ab\u00a0paywall_deactivated\u00a0\u00bb:\u00a0\u00bbfalse\u00a0\u00bb}}},\u00a0\u00bbname\u00a0\u00bb:\u00a0\u00bbM\u00e9t\u00e9o\u00a0\u00bb},\u00a0\u00bbtags\u00a0\u00bb:[{\u00ab\u00a0text\u00a0\u00bb:\u00a0\u00bbM\u00e9t\u00e9o intemp\u00e9ries\u00a0\u00bb}]},\u00a0\u00bbwebsite_url\u00a0\u00bb:\u00a0\u00bb\/meteo\/records-historiques-de-pluie-dans-le-nord-ouest-en-janvier-deficits-dans-le-sud-est-03-02-2025-IGYNFNXZNBAZXMM4AMAZLOT2WM.php\u00a0\u00bb},{\u00ab\u00a0_id\u00a0\u00bb:\u00a0\u00bbPPANAOV56BG45AFVHCSMLNILWY\u00a0\u00bb,\u00a0\u00bbcontent_restrictions\u00a0\u00bb:{\u00ab\u00a0content_code\u00a0\u00bb:\u00a0\u00bbhard-paywall\u00a0\u00bb},\u00a0\u00bbdistributor\u00a0\u00bb:{\u00ab\u00a0name\u00a0\u00bb:\u00a0\u00bbleparisien\u00a0\u00bb},\u00a0\u00bbheadlines\u00a0\u00bb:{\u00ab\u00a0basic\u00a0\u00bb:\u00a0\u00bb\u00c9boulement en Savoie\u00a0: \u00ab\u00a0Cet \u00e9pisode montre surtout la vuln\u00e9rabilit\u00e9 des routes\u00a0\u00bb\u00a0\u00bb},\u00a0\u00bblabel\u00a0\u00bb:{\u00ab\u00a0format\u00a0\u00bb:{\u00ab\u00a0text\u00a0\u00bb:\u00a0\u00bbD\u00e9cryptage\u00a0\u00bb,\u00a0\u00bburl\u00a0\u00bb:\u00a0\u00bb\/decryptage\u00a0\u00bb},\u00a0\u00bbprofil\u00a0\u00bb:{\u00ab\u00a0text\u00a0\u00bb:\u00a0\u00bbABO\u00a0\u00bb}},\u00a0\u00bbpromo_items\u00a0\u00bb:{\u00ab\u00a0basic\u00a0\u00bb:{\u00ab\u00a0additional_properties\u00a0\u00bb:{},\u00a0\u00bbcaption\u00a0\u00bb:\u00a0\u00bbLes impressionnants blocs de roche qui sont tomb\u00e9s sur la nationale 90, bloquant l&rsquo;acc\u00e8s aux stations de ski de la Tarentaise, en Savoie, ce samedi. X\/@SavoieDepart\u00a0\u00bb,\u00a0\u00bbheight\u00a0\u00bb:780,\u00a0\u00bbtype\u00a0\u00bb:\u00a0\u00bbimage\u00a0\u00bb,\u00a0\u00bburl\u00a0\u00bb:\u00a0\u00bbhttps:\/\/cloudfront-eu-central-1.images.arcpublishing.com\/leparisien\/MX6CHCY6O5DARH6FRWAWFYHBLQ.jpg\u00a0\u00bb,\u00a0\u00bbwidth\u00a0\u00bb:1248}},\u00a0\u00bbsubtype\u00a0\u00bb:\u00a0\u00bbART:\u00a0\u00bb,\u00a0\u00bbtaxonomy\u00a0\u00bb:{\u00ab\u00a0primary_section\u00a0\u00bb:{\u00ab\u00a0_id\u00a0\u00bb:\u00a0\u00bb\/environnement\/climat\u00a0\u00bb,\u00a0\u00bbadditional_properties\u00a0\u00bb:{\u00ab\u00a0original\u00a0\u00bb:{\u00ab\u00a0site\u00a0\u00bb:{\u00ab\u00a0paywall_deactivated\u00a0\u00bb:\u00a0\u00bbfalse\u00a0\u00bb}}},\u00a0\u00bbname\u00a0\u00bb:\u00a0\u00bbClimat\u00a0\u00bb},\u00a0\u00bbtags\u00a0\u00bb:[{\u00ab\u00a0text\u00a0\u00bb:\u00a0\u00bbM\u00e9t\u00e9o intemp\u00e9ries\u00a0\u00bb}]},\u00a0\u00bbwebsite_url\u00a0\u00bb:\u00a0\u00bb\/environnement\/climat\/eboulement-en-savoie-cet-episode-montre-surtout-la-vulnerabilite-des-routes-02-02-2025-PPANAOV56BG45AFVHCSMLNILWY.php\u00a0\u00bb},{\u00ab\u00a0_id\u00a0\u00bb:\u00a0\u00bbQOSSROIVKZDVJISF3K6QMVJJAQ\u00a0\u00bb,\u00a0\u00bbcontent_restrictions\u00a0\u00bb:{\u00ab\u00a0content_code\u00a0\u00bb:\u00a0\u00bbmetered\u00a0\u00bb},\u00a0\u00bbdistributor\u00a0\u00bb:{\u00ab\u00a0name\u00a0\u00bb:\u00a0\u00bbleparisien\u00a0\u00bb},\u00a0\u00bbheadlines\u00a0\u00bb:{\u00ab\u00a0basic\u00a0\u00bb:\u00a0\u00bbVigilance rouge, pic de crue redout\u00e9, trafic SNCF interrompu\u2026 \u00c0 quoi s\u2019attendre en Bretagne et dans le Grand Ouest\u00a0?\u00a0\u00bb},\u00a0\u00bblabel\u00a0\u00bb:{},\u00a0\u00bbpromo_items\u00a0\u00bb:{\u00ab\u00a0basic\u00a0\u00bb:{\u00ab\u00a0additional_properties\u00a0\u00bb:{},\u00a0\u00bbcaption\u00a0\u00bb:\u00a0\u00bbEn raison des fortes crues, le trafic ferroviaire est quasiment \u00e0 l&rsquo;arr\u00eat en Ille-et-Vilaine, en Loire-Atlantique et dans le Morbihan. JEAN-FRANCOIS MONIER \/ AFP\u00a0\u00bb,\u00a0\u00bbheight\u00a0\u00bb:1866,\u00a0\u00bbtype\u00a0\u00bb:\u00a0\u00bbimage\u00a0\u00bb,\u00a0\u00bburl\u00a0\u00bb:\u00a0\u00bbhttps:\/\/cloudfront-eu-central-1.images.arcpublishing.com\/leparisien\/6PNSJVHFCFHWZPAAQU4BLJJFIA.jpg\u00a0\u00bb,\u00a0\u00bbwidth\u00a0\u00bb:2800},\u00a0\u00bblead_art_dailymotion\u00a0\u00bb:{\u00ab\u00a0embed\u00a0\u00bb:{\u00ab\u00a0id\u00a0\u00bb:\u00a0\u00bbx9d7smm\u00a0\u00bb,\u00a0\u00bburl\u00a0\u00bb:\u00a0\u00bbhttps:\/\/www.dailymotion.com\/video\/x9d7smm\u00a0\u00bb},\u00a0\u00bbsubtype\u00a0\u00bb:\u00a0\u00bbvideo_dm\u00a0\u00bb,\u00a0\u00bbtype\u00a0\u00bb:\u00a0\u00bbcustom_embed\u00a0\u00bb}},\u00a0\u00bbsubtype\u00a0\u00bb:\u00a0\u00bbART:\u00a0\u00bb,\u00a0\u00bbtaxonomy\u00a0\u00bb:{\u00ab\u00a0primary_section\u00a0\u00bb:{\u00ab\u00a0_id\u00a0\u00bb:\u00a0\u00bb\/meteo\u00a0\u00bb,\u00a0\u00bbadditional_properties\u00a0\u00bb:{\u00ab\u00a0original\u00a0\u00bb:{\u00ab\u00a0site\u00a0\u00bb:{\u00ab\u00a0paywall_deactivated\u00a0\u00bb:\u00a0\u00bbfalse\u00a0\u00bb}}},\u00a0\u00bbname\u00a0\u00bb:\u00a0\u00bbM\u00e9t\u00e9o\u00a0\u00bb},\u00a0\u00bbtags\u00a0\u00bb:[{\u00ab\u00a0text\u00a0\u00bb:\u00a0\u00bbM\u00e9t\u00e9o inondations\u00a0\u00bb},{\u00ab\u00a0text\u00a0\u00bb:\u00a0\u00bbM\u00e9t\u00e9o intemp\u00e9ries\u00a0\u00bb}]},\u00a0\u00bbwebsite_url\u00a0\u00bb:\u00a0\u00bb\/meteo\/vigilance-rouge-pic-de-crue-redoute-trafic-sncf-interrompu-a-quoi-sattendre-en-bretagne-et-dans-le-grand-ouest-29-01-2025-QOSSROIVKZDVJISF3K6QMVJJAQ.php\u00a0\u00bb},{\u00ab\u00a0_id\u00a0\u00bb:\u00a0\u00bbQDKW46MJIVDYJAUXVMM3A5NQGI\u00a0\u00bb,\u00a0\u00bbcontent_restrictions\u00a0\u00bb:{\u00ab\u00a0content_code\u00a0\u00bb:\u00a0\u00bbmetered\u00a0\u00bb},\u00a0\u00bbdistributor\u00a0\u00bb:{\u00ab\u00a0name\u00a0\u00bb:\u00a0\u00bbleparisien\u00a0\u00bb},\u00a0\u00bbheadlines\u00a0\u00bb:{\u00ab\u00a0basic\u00a0\u00bb:\u00a0\u00bbDes rafales \u00e0 plus de 100\u00a0km\/h et de nouvelles pluies\u00a0: la d\u00e9pression Ivo va toucher la Bretagne mercredi\u00a0\u00bb},\u00a0\u00bblabel\u00a0\u00bb:{},\u00a0\u00bbpromo_items\u00a0\u00bb:{\u00ab\u00a0basic\u00a0\u00bb:{\u00ab\u00a0additional_properties\u00a0\u00bb:{},\u00a0\u00bbcaption\u00a0\u00bb:\u00a0\u00bbL&rsquo;ouest du pays et la Bretagne en particulier n&rsquo;en ont pas fini avec la pluie et le vent fort. Mais la situation va changer en fin de semaine. (illustration) LP\/Philippe Lavieille\u00a0\u00bb,\u00a0\u00bbheight\u00a0\u00bb:3333,\u00a0\u00bbtype\u00a0\u00bb:\u00a0\u00bbimage\u00a0\u00bb,\u00a0\u00bburl\u00a0\u00bb:\u00a0\u00bbhttps:\/\/cloudfront-eu-central-1.images.arcpublishing.com\/leparisien\/7XEM56RIQFHUDFUDL6LTFDWOPU.jpg\u00a0\u00bb,\u00a0\u00bbwidth\u00a0\u00bb:5000}},\u00a0\u00bbsubtype\u00a0\u00bb:\u00a0\u00bbART:\u00a0\u00bb,\u00a0\u00bbtaxonomy\u00a0\u00bb:{\u00ab\u00a0primary_section\u00a0\u00bb:{\u00ab\u00a0_id\u00a0\u00bb:\u00a0\u00bb\/meteo\u00a0\u00bb,\u00a0\u00bbadditional_properties\u00a0\u00bb:{\u00ab\u00a0original\u00a0\u00bb:{\u00ab\u00a0site\u00a0\u00bb:{\u00ab\u00a0paywall_deactivated\u00a0\u00bb:\u00a0\u00bbfalse\u00a0\u00bb}}},\u00a0\u00bbname\u00a0\u00bb:\u00a0\u00bbM\u00e9t\u00e9o\u00a0\u00bb},\u00a0\u00bbtags\u00a0\u00bb:[{\u00ab\u00a0text\u00a0\u00bb:\u00a0\u00bbM\u00e9t\u00e9o intemp\u00e9ries\u00a0\u00bb}]},\u00a0\u00bbwebsite_url\u00a0\u00bb:\u00a0\u00bb\/meteo\/des-rafales-a-plus-de-100-kmh-et-de-nouvelles-pluies-la-depression-ivo-va-toucher-la-bretagne-mercredi-28-01-2025-QDKW46MJIVDYJAUXVMM3A5NQGI.php\u00a0\u00bb},{\u00ab\u00a0_id\u00a0\u00bb:\u00a0\u00bbS37K6KTEIBH5RCTVXQ2R5FOLEI\u00a0\u00bb,\u00a0\u00bbcontent_restrictions\u00a0\u00bb:{\u00ab\u00a0content_code\u00a0\u00bb:\u00a0\u00bbmetered\u00a0\u00bb},\u00a0\u00bbdistributor\u00a0\u00bb:{\u00ab\u00a0name\u00a0\u00bb:\u00a0\u00bbleparisien\u00a0\u00bb},\u00a0\u00bbheadlines\u00a0\u00bb:{\u00ab\u00a0basic\u00a0\u00bb:\u00a0\u00bbCrues, vent, vagues, avalanches, orages\u00a0: \u00e0 quoi s\u2019attendre ce mardi\u00a0?\u00a0\u00bb},\u00a0\u00bblabel\u00a0\u00bb:{},\u00a0\u00bbpromo_items\u00a0\u00bb:{\u00ab\u00a0basic\u00a0\u00bb:{\u00ab\u00a0additional_properties\u00a0\u00bb:{},\u00a0\u00bbcaption\u00a0\u00bb:\u00a0\u00bbLes intemp\u00e9ries sont nombreuses en France ce mardi. (Illustration) LP\/Philippe Lavieille\u00a0\u00bb,\u00a0\u00bbheight\u00a0\u00bb:3333,\u00a0\u00bbtype\u00a0\u00bb:\u00a0\u00bbimage\u00a0\u00bb,\u00a0\u00bburl\u00a0\u00bb:\u00a0\u00bbhttps:\/\/cloudfront-eu-central-1.images.arcpublishing.com\/leparisien\/GXVLN6P76JCDFEZBTHRUKT6C6Y.jpg\u00a0\u00bb,\u00a0\u00bbwidth\u00a0\u00bb:5000}},\u00a0\u00bbsubtype\u00a0\u00bb:\u00a0\u00bbART:\u00a0\u00bb,\u00a0\u00bbtaxonomy\u00a0\u00bb:{\u00ab\u00a0primary_section\u00a0\u00bb:{\u00ab\u00a0_id\u00a0\u00bb:\u00a0\u00bb\/meteo\u00a0\u00bb,\u00a0\u00bbadditional_properties\u00a0\u00bb:{\u00ab\u00a0original\u00a0\u00bb:{\u00ab\u00a0site\u00a0\u00bb:{\u00ab\u00a0paywall_deactivated\u00a0\u00bb:\u00a0\u00bbfalse\u00a0\u00bb}}},\u00a0\u00bbname\u00a0\u00bb:\u00a0\u00bbM\u00e9t\u00e9o\u00a0\u00bb},\u00a0\u00bbtags\u00a0\u00bb:[{\u00ab\u00a0text\u00a0\u00bb:\u00a0\u00bbM\u00e9t\u00e9o intemp\u00e9ries\u00a0\u00bb}]},\u00a0\u00bbwebsite_url\u00a0\u00bb:\u00a0\u00bb\/meteo\/crues-vent-vagues-avalanches-orages-a-quoi-sattendre-ce-mardi-28-01-2025-S37K6KTEIBH5RCTVXQ2R5FOLEI.php\u00a0\u00bb},{\u00ab\u00a0_id\u00a0\u00bb:\u00a0\u00bbNLXAMJ44TJFUZIP2D5PZVMZYP4&Prime;,\u00a0\u00bbcontent_restrictions\u00a0\u00bb:{\u00ab\u00a0content_code\u00a0\u00bb:\u00a0\u00bbmetered\u00a0\u00bb},\u00a0\u00bbdistributor\u00a0\u00bb:{\u00ab\u00a0name\u00a0\u00bb:\u00a0\u00bbleparisien\u00a0\u00bb},\u00a0\u00bbheadlines\u00a0\u00bb:{\u00ab\u00a0basic\u00a0\u00bb:\u00a0\u00bbTemp\u00eate Herminia\u00a0: des rafales \u00e0 plus de 150\u00a0km\/h en Bretagne et \u00e0 190\u00a0km\/h dans les Pyr\u00e9n\u00e9es\u00a0\u00bb},\u00a0\u00bblabel\u00a0\u00bb:{},\u00a0\u00bbpromo_items\u00a0\u00bb:{\u00ab\u00a0basic\u00a0\u00bb:{\u00ab\u00a0additional_properties\u00a0\u00bb:{},\u00a0\u00bbcaption\u00a0\u00bb:\u00a0\u00bbLe vent souffle tr\u00e8s fort ce dimanche le long des c\u00f4tes du nord-ouest de la France. (illustration) istrock\/MathieuRivrin\u00a0\u00bb,\u00a0\u00bbheight\u00a0\u00bb:1863,\u00a0\u00bbtype\u00a0\u00bb:\u00a0\u00bbimage\u00a0\u00bb,\u00a0\u00bburl\u00a0\u00bb:\u00a0\u00bbhttps:\/\/cloudfront-eu-central-1.images.arcpublishing.com\/leparisien\/EDCEOOCE5VEK5GSSBDTIXT43YY.jpg\u00a0\u00bb,\u00a0\u00bbwidth\u00a0\u00bb:2800},\u00a0\u00bblead_art_dailymotion\u00a0\u00bb:{\u00ab\u00a0embed\u00a0\u00bb:{\u00ab\u00a0id\u00a0\u00bb:\u00a0\u00bbx9d1k4y\u00a0\u00bb,\u00a0\u00bburl\u00a0\u00bb:\u00a0\u00bbhttps:\/\/www.dailymotion.com\/video\/x9d1k4y\u00a0\u00bb},\u00a0\u00bbsubtype\u00a0\u00bb:\u00a0\u00bbvideo_dm\u00a0\u00bb,\u00a0\u00bbtype\u00a0\u00bb:\u00a0\u00bbcustom_embed\u00a0\u00bb}},\u00a0\u00bbsubtype\u00a0\u00bb:\u00a0\u00bbART:\u00a0\u00bb,\u00a0\u00bbtaxonomy\u00a0\u00bb:{\u00ab\u00a0primary_section\u00a0\u00bb:{\u00ab\u00a0_id\u00a0\u00bb:\u00a0\u00bb\/meteo\u00a0\u00bb,\u00a0\u00bbadditional_properties\u00a0\u00bb:{\u00ab\u00a0original\u00a0\u00bb:{\u00ab\u00a0site\u00a0\u00bb:{\u00ab\u00a0paywall_deactivated\u00a0\u00bb:\u00a0\u00bbfalse\u00a0\u00bb}}},\u00a0\u00bbname\u00a0\u00bb:\u00a0\u00bbM\u00e9t\u00e9o\u00a0\u00bb},\u00a0\u00bbtags\u00a0\u00bb:[{\u00ab\u00a0text\u00a0\u00bb:\u00a0\u00bbM\u00e9t\u00e9o intemp\u00e9ries\u00a0\u00bb},{\u00ab\u00a0text\u00a0\u00bb:\u00a0\u00bbM\u00e9t\u00e9o temp\u00eate\u00a0\u00bb}]},\u00a0\u00bbwebsite_url\u00a0\u00bb:\u00a0\u00bb\/meteo\/tempete-herminia-des-rafales-a-plus-de-150-kmh-en-bretagne-et-a-plus-de-160-kmh-dans-les-pyrenees-26-01-2025-NLXAMJ44TJFUZIP2D5PZVMZYP4.php\u00a0\u00bb},{\u00ab\u00a0_id\u00a0\u00bb:\u00a0\u00bbXOUKX5IUZRB7ZCDSUFCZ7HERHY\u00a0\u00bb,\u00a0\u00bbcontent_restrictions\u00a0\u00bb:{\u00ab\u00a0content_code\u00a0\u00bb:\u00a0\u00bbmetered\u00a0\u00bb},\u00a0\u00bbdistributor\u00a0\u00bb:{\u00ab\u00a0name\u00a0\u00bb:\u00a0\u00bbleparisien\u00a0\u00bb},\u00a0\u00bbheadlines\u00a0\u00bb:{\u00ab\u00a0basic\u00a0\u00bb:\u00a0\u00bbHerminia, une nouvelle temp\u00eate, va toucher la France\u00a0: \u00e0 quoi s\u2019attendre\u00a0ce dimanche\u00a0?\u00a0\u00bb},\u00a0\u00bblabel\u00a0\u00bb:{},\u00a0\u00bbpromo_items\u00a0\u00bb:{\u00ab\u00a0basic\u00a0\u00bb:{\u00ab\u00a0additional_properties\u00a0\u00bb:{},\u00a0\u00bbcaption\u00a0\u00bb:\u00a0\u00bbL&rsquo;ouest de la France va \u00eatre concern\u00e9 par des vents forts d\u00e8s dimanche matin. (illustration) LP\/Aur\u00e9lie Audureau\u00a0\u00bb,\u00a0\u00bbheight\u00a0\u00bb:1972,\u00a0\u00bbtype\u00a0\u00bb:\u00a0\u00bbimage\u00a0\u00bb,\u00a0\u00bburl\u00a0\u00bb:\u00a0\u00bbhttps:\/\/cloudfront-eu-central-1.images.arcpublishing.com\/leparisien\/YQXYE7ZHWJEQDNIYI7NPR2676Q.jpg\u00a0\u00bb,\u00a0\u00bbwidth\u00a0\u00bb:2800}},\u00a0\u00bbsubtype\u00a0\u00bb:\u00a0\u00bbART:\u00a0\u00bb,\u00a0\u00bbtaxonomy\u00a0\u00bb:{\u00ab\u00a0primary_section\u00a0\u00bb:{\u00ab\u00a0_id\u00a0\u00bb:\u00a0\u00bb\/meteo\u00a0\u00bb,\u00a0\u00bbadditional_properties\u00a0\u00bb:{\u00ab\u00a0original\u00a0\u00bb:{\u00ab\u00a0site\u00a0\u00bb:{\u00ab\u00a0paywall_deactivated\u00a0\u00bb:\u00a0\u00bbfalse\u00a0\u00bb}}},\u00a0\u00bbname\u00a0\u00bb:\u00a0\u00bbM\u00e9t\u00e9o\u00a0\u00bb},\u00a0\u00bbtags\u00a0\u00bb:[{\u00ab\u00a0text\u00a0\u00bb:\u00a0\u00bbM\u00e9t\u00e9o intemp\u00e9ries\u00a0\u00bb},{\u00ab\u00a0text\u00a0\u00bb:\u00a0\u00bbM\u00e9t\u00e9o temp\u00eate\u00a0\u00bb}]},\u00a0\u00bbwebsite_url\u00a0\u00bb:\u00a0\u00bb\/meteo\/herminia-une-nouvelle-tempete-va-toucher-la-france-a-quoi-sattendre-ce-dimanche-25-01-2025-XOUKX5IUZRB7ZCDSUFCZ7HERHY.php\u00a0\u00bb},{\u00ab\u00a0_id\u00a0\u00bb:\u00a0\u00bb75CDBLSNIFF6JF3PRF45MDVTD4&Prime;,\u00a0\u00bbcontent_restrictions\u00a0\u00bb:{\u00ab\u00a0content_code\u00a0\u00bb:\u00a0\u00bbmetered\u00a0\u00bb},\u00a0\u00bbdistributor\u00a0\u00bb:{\u00ab\u00a0name\u00a0\u00bb:\u00a0\u00bbleparisien\u00a0\u00bb},\u00a0\u00bbheadlines\u00a0\u00bb:{\u00ab\u00a0basic\u00a0\u00bb:\u00a0\u00bbVID\u00c9O. Les images impressionnantes d\u2019un orage supercellulaire aper\u00e7u au Br\u00e9sil\u00a0\u00bb},\u00a0\u00bblabel\u00a0\u00bb:{},\u00a0\u00bbpromo_items\u00a0\u00bb:{\u00ab\u00a0basic\u00a0\u00bb:{\u00ab\u00a0additional_properties\u00a0\u00bb:{},\u00a0\u00bbcaption\u00a0\u00bb:\u00a0\u00bbUn orage supercellulaire est souvent associ\u00e9 \u00e0 de fortes pluies, de la grosse gr\u00eale voire des tornades. DR\u00a0\u00bb,\u00a0\u00bbheight\u00a0\u00bb:1080,\u00a0\u00bbtype\u00a0\u00bb:\u00a0\u00bbimage\u00a0\u00bb,\u00a0\u00bburl\u00a0\u00bb:\u00a0\u00bbhttps:\/\/cloudfront-eu-central-1.images.arcpublishing.com\/leparisien\/Q6DNH5EHZBA3PJVAOM7RBZIMV4.jpg\u00a0\u00bb,\u00a0\u00bbwidth\u00a0\u00bb:1920},\u00a0\u00bblead_art_dailymotion\u00a0\u00bb:{\u00ab\u00a0embed\u00a0\u00bb:{\u00ab\u00a0id\u00a0\u00bb:\u00a0\u00bbx9cu3x8&Prime;,\u00a0\u00bburl\u00a0\u00bb:\u00a0\u00bbhttps:\/\/www.dailymotion.com\/video\/x9cu3x8&Prime;},\u00a0\u00bbsubtype\u00a0\u00bb:\u00a0\u00bbvideo_dm\u00a0\u00bb,\u00a0\u00bbtype\u00a0\u00bb:\u00a0\u00bbcustom_embed\u00a0\u00bb}},\u00a0\u00bbsubtype\u00a0\u00bb:\u00a0\u00bbART:\u00a0\u00bb,\u00a0\u00bbtaxonomy\u00a0\u00bb:{\u00ab\u00a0primary_section\u00a0\u00bb:{\u00ab\u00a0_id\u00a0\u00bb:\u00a0\u00bb\/meteo\u00a0\u00bb,\u00a0\u00bbadditional_properties\u00a0\u00bb:{\u00ab\u00a0original\u00a0\u00bb:{\u00ab\u00a0site\u00a0\u00bb:{\u00ab\u00a0paywall_deactivated\u00a0\u00bb:\u00a0\u00bbfalse\u00a0\u00bb}}},\u00a0\u00bbname\u00a0\u00bb:\u00a0\u00bbM\u00e9t\u00e9o\u00a0\u00bb},\u00a0\u00bbtags\u00a0\u00bb:[{\u00ab\u00a0text\u00a0\u00bb:\u00a0\u00bbM\u00e9t\u00e9o intemp\u00e9ries\u00a0\u00bb}]},\u00a0\u00bbwebsite_url\u00a0\u00bb:\u00a0\u00bb\/meteo\/video-les-images-impressionnantes-dun-orage-supercellulaire-apercu-au-bresil-22-01-2025-75CDBLSNIFF6JF3PRF45MDVTD4.php\u00a0\u00bb},{\u00ab\u00a0_id\u00a0\u00bb:\u00a0\u00bbVS5GDJXADFCGDCWIJWOS2PBZKE\u00a0\u00bb,\u00a0\u00bbcontent_restrictions\u00a0\u00bb:{\u00ab\u00a0content_code\u00a0\u00bb:\u00a0\u00bbmetered\u00a0\u00bb},\u00a0\u00bbdistributor\u00a0\u00bb:{\u00ab\u00a0name\u00a0\u00bb:\u00a0\u00bbleparisien\u00a0\u00bb},\u00a0\u00bbheadlines\u00a0\u00bb:{\u00ab\u00a0basic\u00a0\u00bb:\u00a0\u00bbMayotte n\u2019en a pas fini avec les pluies \u00e0 cause du Kashkasi\u00a0\u00bb},\u00a0\u00bbpromo_items\u00a0\u00bb:{\u00ab\u00a0basic\u00a0\u00bb:{\u00ab\u00a0additional_properties\u00a0\u00bb:{},\u00a0\u00bbcaption\u00a0\u00bb:\u00a0\u00bbMzouazia (Mayotte), lundi. Des pompiers et gendarmes interviennent sur une route bloqu\u00e9e. AFP\/Marine Gachet\u00a0\u00bb,\u00a0\u00bbheight\u00a0\u00bb:1822,\u00a0\u00bbtype\u00a0\u00bb:\u00a0\u00bbimage\u00a0\u00bb,\u00a0\u00bburl\u00a0\u00bb:\u00a0\u00bbhttps:\/\/cloudfront-eu-central-1.images.arcpublishing.com\/leparisien\/FSBAHJQYUVFFZLCXPG2YV6EO7Y.jpg\u00a0\u00bb,\u00a0\u00bbwidth\u00a0\u00bb:2732}},\u00a0\u00bbsubtype\u00a0\u00bb:\u00a0\u00bbART:\u00a0\u00bb,\u00a0\u00bbtaxonomy\u00a0\u00bb:{\u00ab\u00a0primary_section\u00a0\u00bb:{\u00ab\u00a0_id\u00a0\u00bb:\u00a0\u00bb\/meteo\u00a0\u00bb,\u00a0\u00bbadditional_properties\u00a0\u00bb:{\u00ab\u00a0original\u00a0\u00bb:{\u00ab\u00a0site\u00a0\u00bb:{\u00ab\u00a0paywall_deactivated\u00a0\u00bb:\u00a0\u00bbfalse\u00a0\u00bb}}},\u00a0\u00bbname\u00a0\u00bb:\u00a0\u00bbM\u00e9t\u00e9o\u00a0\u00bb},\u00a0\u00bbtags\u00a0\u00bb:[{\u00ab\u00a0text\u00a0\u00bb:\u00a0\u00bbM\u00e9t\u00e9o intemp\u00e9ries\u00a0\u00bb},{\u00ab\u00a0text\u00a0\u00bb:\u00a0\u00bbM\u00e9t\u00e9o cyclone &#038; ouragan\u00a0\u00bb}]},\u00a0\u00bbwebsite_url\u00a0\u00bb:\u00a0\u00bb\/meteo\/mayotte-nen-a-pas-fini-avec-les-pluies-a-cause-du-kashkasi-13-01-2025-VS5GDJXADFCGDCWIJWOS2PBZKE.php\u00a0\u00bb},{\u00ab\u00a0_id\u00a0\u00bb:\u00a0\u00bbAPBKJQ2UPVGNHPHEGTF6SEQFKE\u00a0\u00bb,\u00a0\u00bbcontent_restrictions\u00a0\u00bb:{\u00ab\u00a0content_code\u00a0\u00bb:\u00a0\u00bbmetered\u00a0\u00bb},\u00a0\u00bbdistributor\u00a0\u00bb:{\u00ab\u00a0name\u00a0\u00bb:\u00a0\u00bbleparisien\u00a0\u00bb},\u00a0\u00bbheadlines\u00a0\u00bb:{\u00ab\u00a0basic\u00a0\u00bb:\u00a0\u00bbNeige et verglas : fin de la vigilance orange sur une partie de l&rsquo;\u00cele-de-France\u00a0\u00bb},\u00a0\u00bblabel\u00a0\u00bb:{\u00ab\u00a0format\u00a0\u00bb:{\u00ab\u00a0text\u00a0\u00bb:\u00a0\u00bbLive\u00a0\u00bb,\u00a0\u00bburl\u00a0\u00bb:\u00a0\u00bb\/direct\u00a0\u00bb}},\u00a0\u00bbpromo_items\u00a0\u00bb:{\u00ab\u00a0basic\u00a0\u00bb:{\u00ab\u00a0additional_properties\u00a0\u00bb:{},\u00a0\u00bbcaption\u00a0\u00bb:\u00a0\u00bbPlusieurs accidents ont \u00e9t\u00e9 signal\u00e9s sur les routes bourguignonnes. (Illustration) LP\/Arnaud Journois\u00a0\u00bb,\u00a0\u00bbheight\u00a0\u00bb:3333,\u00a0\u00bbtype\u00a0\u00bb:\u00a0\u00bbimage\u00a0\u00bb,\u00a0\u00bburl\u00a0\u00bb:\u00a0\u00bbhttps:\/\/cloudfront-eu-central-1.images.arcpublishing.com\/leparisien\/VUFUKBW52NHAZB2Z46WHRPHJOA.jpg\u00a0\u00bb,\u00a0\u00bbwidth\u00a0\u00bb:5000}},\u00a0\u00bbsubtype\u00a0\u00bb:\u00a0\u00bbarticle_live\u00a0\u00bb,\u00a0\u00bbtaxonomy\u00a0\u00bb:{\u00ab\u00a0primary_section\u00a0\u00bb:{\u00ab\u00a0_id\u00a0\u00bb:\u00a0\u00bb\/meteo\u00a0\u00bb,\u00a0\u00bbadditional_properties\u00a0\u00bb:{\u00ab\u00a0original\u00a0\u00bb:{\u00ab\u00a0site\u00a0\u00bb:{\u00ab\u00a0paywall_deactivated\u00a0\u00bb:\u00a0\u00bbfalse\u00a0\u00bb}}},\u00a0\u00bbname\u00a0\u00bb:\u00a0\u00bbM\u00e9t\u00e9o\u00a0\u00bb},\u00a0\u00bbtags\u00a0\u00bb:[{\u00ab\u00a0text\u00a0\u00bb:\u00a0\u00bbM\u00e9t\u00e9o froid\u00a0\u00bb},{\u00ab\u00a0text\u00a0\u00bb:\u00a0\u00bbM\u00e9t\u00e9o neige\u00a0\u00bb},{\u00ab\u00a0text\u00a0\u00bb:\u00a0\u00bbM\u00e9t\u00e9o intemp\u00e9ries\u00a0\u00bb}]},\u00a0\u00bbwebsite_url\u00a0\u00bb:\u00a0\u00bb\/meteo\/direct-neige-et-verglas-vitesse-abaissee-en-ile-de-france-appel-a-la-prudence-dans-le-nord-un-episode-bref-mais-intense-redoute-04-01-2025-APBKJQ2UPVGNHPHEGTF6SEQFKE.php\u00a0\u00bb}],\u00a0\u00bbcount\u00a0\u00bb:223,\u00a0\u00bbnext\u00a0\u00bb:20,\u00a0\u00bb_id\u00a0\u00bb:\u00a0\u00bb89279097a2c2c2daac2db2aff2a40aab7ffeb112282d7e6087ee4a4a1db4b9a0&Prime;},\u00a0\u00bbexpires\u00a0\u00bb:1746958922073,\u00a0\u00bblastModified\u00a0\u00bb:1746958801947},\u00a0\u00bb{\\\u00a0\u00bbexcludeSections\\\u00a0\u00bb:[\\\u00a0\u00bb\/podcasts\\\u00a0\u00bb],\\\u00a0\u00bbexcludeSubtype\\\u00a0\u00bb:\\\u00a0\u00bb\\\u00a0\u00bb,\\\u00a0\u00bboffset\\\u00a0\u00bb:0,\\\u00a0\u00bbsectionPath\\\u00a0\u00bb:\\\u00a0\u00bb\/gironde-33\\\u00a0\u00bb,\\\u00a0\u00bbsize\\\u00a0\u00bb:9,\\\u00a0\u00bbsources\\\u00a0\u00bb:[\\\u00a0\u00bb_id\\\u00a0\u00bb,\\\u00a0\u00bbheadlines\\\u00a0\u00bb,\\\u00a0\u00bbwebsite_url\\\u00a0\u00bb,\\\u00a0\u00bblabel\\\u00a0\u00bb]}\u00a0\u00bb:{\u00ab\u00a0data\u00a0\u00bb:{\u00ab\u00a0content_elements\u00a0\u00bb:[{\u00ab\u00a0_id\u00a0\u00bb:\u00a0\u00bb7GYGRIRZPZDG5ASOLSAXZJ4ZQM\u00a0\u00bb,\u00a0\u00bbcontent_restrictions\u00a0\u00bb:{\u00ab\u00a0content_code\u00a0\u00bb:\u00a0\u00bbmetered\u00a0\u00bb},\u00a0\u00bbdistributor\u00a0\u00bb:{\u00ab\u00a0name\u00a0\u00bb:\u00a0\u00bbleparisien\u00a0\u00bb},\u00a0\u00bbheadlines\u00a0\u00bb:{\u00ab\u00a0basic\u00a0\u00bb:\u00a0\u00bbTemp\u00eates de gr\u00eale en Gironde, inondations dans le Gers\u2026 Le sud-ouest touch\u00e9 par de violents orages\u00a0\u00bb},\u00a0\u00bblabel\u00a0\u00bb:{},\u00a0\u00bbpromo_items\u00a0\u00bb:{\u00ab\u00a0basic\u00a0\u00bb:{\u00ab\u00a0additional_properties\u00a0\u00bb:{},\u00a0\u00bbcaption\u00a0\u00bb:\u00a0\u00bbUn orage de gr\u00eale a frapp\u00e9 le le sud-ouest de la France samedi soir. (Illustration) LP\/Paul Abran\u00a0\u00bb,\u00a0\u00bbheight\u00a0\u00bb:3750,\u00a0\u00bbtype\u00a0\u00bb:\u00a0\u00bbimage\u00a0\u00bb,\u00a0\u00bburl\u00a0\u00bb:\u00a0\u00bbhttps:\/\/cloudfront-eu-central-1.images.arcpublishing.com\/leparisien\/KAKASEJWGFHD5OJ2E4QVP3QKYY.jpg\u00a0\u00bb,\u00a0\u00bbwidth\u00a0\u00bb:5000}},\u00a0\u00bbsubtype\u00a0\u00bb:\u00a0\u00bbART:\u00a0\u00bb,\u00a0\u00bbtaxonomy\u00a0\u00bb:{\u00ab\u00a0primary_section\u00a0\u00bb:{\u00ab\u00a0_id\u00a0\u00bb:\u00a0\u00bb\/gironde-33&Prime;,\u00a0\u00bbadditional_properties\u00a0\u00bb:{\u00ab\u00a0original\u00a0\u00bb:{\u00ab\u00a0site\u00a0\u00bb:{}}},\u00a0\u00bbname\u00a0\u00bb:\u00a0\u00bbGironde\u00a0\u00bb},\u00a0\u00bbtags\u00a0\u00bb:[{\u00ab\u00a0text\u00a0\u00bb:\u00a0\u00bbM\u00e9t\u00e9o intemp\u00e9ries\u00a0\u00bb}]},\u00a0\u00bbwebsite_url\u00a0\u00bb:\u00a0\u00bb\/gironde-33\/tempetes-de-grele-en-gironde-inondations-dans-le-gers-le-sud-ouest-touche-par-de-violents-orages-11-05-2025-7GYGRIRZPZDG5ASOLSAXZJ4ZQM.php\u00a0\u00bb},{\u00ab\u00a0_id\u00a0\u00bb:\u00a0\u00bbJD35GMNQ3NFMBB64HZ6N7WQH6Y\u00a0\u00bb,\u00a0\u00bbcontent_restrictions\u00a0\u00bb:{\u00ab\u00a0content_code\u00a0\u00bb:\u00a0\u00bbmetered\u00a0\u00bb},\u00a0\u00bbdistributor\u00a0\u00bb:{\u00ab\u00a0name\u00a0\u00bb:\u00a0\u00bbleparisien\u00a0\u00bb},\u00a0\u00bbheadlines\u00a0\u00bb:{\u00ab\u00a0basic\u00a0\u00bb:\u00a0\u00bbUne dizaine de femmes hospitalis\u00e9es apr\u00e8s avoir mang\u00e9 un \u00ab space cake \u00bb lors d\u2019un enterrement de vie de jeune fille\u00a0\u00bb},\u00a0\u00bblabel\u00a0\u00bb:{},\u00a0\u00bbpromo_items\u00a0\u00bb:{\u00ab\u00a0basic\u00a0\u00bb:{\u00ab\u00a0additional_properties\u00a0\u00bb:{},\u00a0\u00bbcaption\u00a0\u00bb:\u00a0\u00bbLes fleurs de CBD ne doivent pas d\u00e9passer un certain taux de THC pour \u00eatre commercialis\u00e9es. (Illustration) LP\/Arnaud Journois\u00a0\u00bb,\u00a0\u00bbheight\u00a0\u00bb:3333,\u00a0\u00bbtype\u00a0\u00bb:\u00a0\u00bbimage\u00a0\u00bb,\u00a0\u00bburl\u00a0\u00bb:\u00a0\u00bbhttps:\/\/cloudfront-eu-central-1.images.arcpublishing.com\/leparisien\/ZUWYUDUAKRADNAQG2OEYR7HICM.jpg\u00a0\u00bb,\u00a0\u00bbwidth\u00a0\u00bb:5000}},\u00a0\u00bbsubtype\u00a0\u00bb:\u00a0\u00bbART:\u00a0\u00bb,\u00a0\u00bbtaxonomy\u00a0\u00bb:{\u00ab\u00a0primary_section\u00a0\u00bb:{\u00ab\u00a0_id\u00a0\u00bb:\u00a0\u00bb\/faits-divers\u00a0\u00bb,\u00a0\u00bbadditional_properties\u00a0\u00bb:{\u00ab\u00a0original\u00a0\u00bb:{\u00ab\u00a0site\u00a0\u00bb:{}}},\u00a0\u00bbname\u00a0\u00bb:\u00a0\u00bbFaits divers\u00a0\u00bb}},\u00a0\u00bbwebsite_url\u00a0\u00bb:\u00a0\u00bb\/faits-divers\/une-dizaine-de-femmes-hospitalisees-apres-avoir-mange-un-space-cake-lors-dun-enterrement-de-vie-de-jeune-fille-10-05-2025-JD35GMNQ3NFMBB64HZ6N7WQH6Y.php\u00a0\u00bb},{\u00ab\u00a0_id\u00a0\u00bb:\u00a0\u00bbZ7PPCGGOLRAMHFG2L4JN2CJ2UY\u00a0\u00bb,\u00a0\u00bbcontent_restrictions\u00a0\u00bb:{\u00ab\u00a0content_code\u00a0\u00bb:\u00a0\u00bbmetered\u00a0\u00bb},\u00a0\u00bbdistributor\u00a0\u00bb:{\u00ab\u00a0name\u00a0\u00bb:\u00a0\u00bbleparisien\u00a0\u00bb},\u00a0\u00bbheadlines\u00a0\u00bb:{\u00ab\u00a0basic\u00a0\u00bb:\u00a0\u00bbUn important rod\u00e9o urbain stopp\u00e9 apr\u00e8s une intervention polici\u00e8re \u00e0 Bordeaux\u00a0\u00bb},\u00a0\u00bblabel\u00a0\u00bb:{},\u00a0\u00bbpromo_items\u00a0\u00bb:{\u00ab\u00a0basic\u00a0\u00bb:{\u00ab\u00a0additional_properties\u00a0\u00bb:{},\u00a0\u00bbcaption\u00a0\u00bb:\u00a0\u00bbG\u00e9rald Darmanin demande de saisir les v\u00e9hicules impliques dans les rod\u00e9os. (Illustration) DR\u00a0\u00bb,\u00a0\u00bbheight\u00a0\u00bb:750,\u00a0\u00bbtype\u00a0\u00bb:\u00a0\u00bbimage\u00a0\u00bb,\u00a0\u00bburl\u00a0\u00bb:\u00a0\u00bbhttps:\/\/cloudfront-eu-central-1.images.arcpublishing.com\/leparisien\/H2QBAXMJKZFVTBXANM3SCYD7JU.jpg\u00a0\u00bb,\u00a0\u00bbwidth\u00a0\u00bb:1000}},\u00a0\u00bbsubtype\u00a0\u00bb:\u00a0\u00bbART:\u00a0\u00bb,\u00a0\u00bbtaxonomy\u00a0\u00bb:{\u00ab\u00a0primary_section\u00a0\u00bb:{\u00ab\u00a0_id\u00a0\u00bb:\u00a0\u00bb\/faits-divers\u00a0\u00bb,\u00a0\u00bbadditional_properties\u00a0\u00bb:{\u00ab\u00a0original\u00a0\u00bb:{\u00ab\u00a0site\u00a0\u00bb:{}}},\u00a0\u00bbname\u00a0\u00bb:\u00a0\u00bbFaits divers\u00a0\u00bb}},\u00a0\u00bbwebsite_url\u00a0\u00bb:\u00a0\u00bb\/faits-divers\/un-important-rodeo-urbain-stoppe-apres-une-intervention-policiere-a-bordeaux-10-05-2025-Z7PPCGGOLRAMHFG2L4JN2CJ2UY.php\u00a0\u00bb},{\u00ab\u00a0_id\u00a0\u00bb:\u00a0\u00bbJB4CWRG4DFGPBGXQXA74IMVBG4&Prime;,\u00a0\u00bbcontent_restrictions\u00a0\u00bb:{\u00ab\u00a0content_code\u00a0\u00bb:\u00a0\u00bbmetered\u00a0\u00bb},\u00a0\u00bbdistributor\u00a0\u00bb:{\u00ab\u00a0name\u00a0\u00bb:\u00a0\u00bbleparisien\u00a0\u00bb},\u00a0\u00bbheadlines\u00a0\u00bb:{\u00ab\u00a0basic\u00a0\u00bb:\u00a0\u00bb\u00c9lu agress\u00e9 lors d\u2019un rod\u00e9o urbain en Gironde\u00a0: les quatre gardes \u00e0 vue lev\u00e9es sans poursuites\u00a0\u00bb},\u00a0\u00bblabel\u00a0\u00bb:{},\u00a0\u00bbpromo_items\u00a0\u00bb:{\u00ab\u00a0basic\u00a0\u00bb:{\u00ab\u00a0additional_properties\u00a0\u00bb:{},\u00a0\u00bbcaption\u00a0\u00bb:\u00a0\u00bbL&rsquo;\u00e9lu municipal avait \u00e9t\u00e9 violemment agress\u00e9 par des individus qui effectuaient un rod\u00e9o urbain en Gironde, samedi 3 mai 2025. (Illustration) AFP\/Serge Tenani\u00a0\u00bb,\u00a0\u00bbheight\u00a0\u00bb:1867,\u00a0\u00bbtype\u00a0\u00bb:\u00a0\u00bbimage\u00a0\u00bb,\u00a0\u00bburl\u00a0\u00bb:\u00a0\u00bbhttps:\/\/cloudfront-eu-central-1.images.arcpublishing.com\/leparisien\/JNDYLU2A75DLXN6U2XEVEPXSGM.jpg\u00a0\u00bb,\u00a0\u00bbwidth\u00a0\u00bb:2800}},\u00a0\u00bbsubtype\u00a0\u00bb:\u00a0\u00bbART:\u00a0\u00bb,\u00a0\u00bbtaxonomy\u00a0\u00bb:{\u00ab\u00a0primary_section\u00a0\u00bb:{\u00ab\u00a0_id\u00a0\u00bb:\u00a0\u00bb\/faits-divers\u00a0\u00bb,\u00a0\u00bbadditional_properties\u00a0\u00bb:{\u00ab\u00a0original\u00a0\u00bb:{\u00ab\u00a0site\u00a0\u00bb:{}}},\u00a0\u00bbname\u00a0\u00bb:\u00a0\u00bbFaits divers\u00a0\u00bb}},\u00a0\u00bbwebsite_url\u00a0\u00bb:\u00a0\u00bb\/faits-divers\/elu-agresse-lors-dun-rodeo-urbain-en-gironde-les-quatre-gardes-a-vue-levees-sans-poursuites-07-05-2025-JB4CWRG4DFGPBGXQXA74IMVBG4.php\u00a0\u00bb},{\u00ab\u00a0_id\u00a0\u00bb:\u00a0\u00bbFOCI4FT4WJE47EVHLO2G2LAHA4&Prime;,\u00a0\u00bbcontent_restrictions\u00a0\u00bb:{\u00ab\u00a0content_code\u00a0\u00bb:\u00a0\u00bbmetered\u00a0\u00bb},\u00a0\u00bbdistributor\u00a0\u00bb:{\u00ab\u00a0name\u00a0\u00bb:\u00a0\u00bbleparisien\u00a0\u00bb},\u00a0\u00bbheadlines\u00a0\u00bb:{\u00ab\u00a0basic\u00a0\u00bb:\u00a0\u00bbIl voulait \u00ab\u00a0tirer une balle dans la t\u00eate\u00a0\u00bb du maire\u00a0: un homme de 27 ans en garde \u00e0 vue, des armes trouv\u00e9es chez lui\u00a0\u00bb},\u00a0\u00bblabel\u00a0\u00bb:{},\u00a0\u00bbpromo_items\u00a0\u00bb:{\u00ab\u00a0basic\u00a0\u00bb:{\u00ab\u00a0additional_properties\u00a0\u00bb:{},\u00a0\u00bbcaption\u00a0\u00bb:\u00a0\u00bbApr\u00e8s avoir \u00e9t\u00e9 verbalis\u00e9 par la police municipale, l&rsquo;homme a prof\u00e9r\u00e9 des menaces \u00e0 l&rsquo;encontre du maire de Libourne, Philippe Buisson.  Marcel Roblin\/Wikicommons.\u00a0\u00bb,\u00a0\u00bbheight\u00a0\u00bb:3024,\u00a0\u00bbtype\u00a0\u00bb:\u00a0\u00bbimage\u00a0\u00bb,\u00a0\u00bburl\u00a0\u00bb:\u00a0\u00bbhttps:\/\/cloudfront-eu-central-1.images.arcpublishing.com\/leparisien\/T6ZCKEKNCBEORFOJKMBUPYWES4.png\u00a0\u00bb,\u00a0\u00bbwidth\u00a0\u00bb:4032}},\u00a0\u00bbsubtype\u00a0\u00bb:\u00a0\u00bbART:\u00a0\u00bb,\u00a0\u00bbtaxonomy\u00a0\u00bb:{\u00ab\u00a0primary_section\u00a0\u00bb:{\u00ab\u00a0_id\u00a0\u00bb:\u00a0\u00bb\/faits-divers\u00a0\u00bb,\u00a0\u00bbadditional_properties\u00a0\u00bb:{\u00ab\u00a0original\u00a0\u00bb:{\u00ab\u00a0site\u00a0\u00bb:{}}},\u00a0\u00bbname\u00a0\u00bb:\u00a0\u00bbFaits divers\u00a0\u00bb}},\u00a0\u00bbwebsite_url\u00a0\u00bb:\u00a0\u00bb\/faits-divers\/il-voulait-tirer-une-balle-dans-la-tete-du-maire-un-homme-de-27-ans-en-garde-a-vue-des-armes-trouvees-chez-lui-07-05-2025-FOCI4FT4WJE47EVHLO2G2LAHA4.php\u00a0\u00bb},{\u00ab\u00a0_id\u00a0\u00bb:\u00a0\u00bbUKU6DZSACFGGDEYHXXU7KBIT24&Prime;,\u00a0\u00bbcontent_restrictions\u00a0\u00bb:{\u00ab\u00a0content_code\u00a0\u00bb:\u00a0\u00bbmetered\u00a0\u00bb},\u00a0\u00bbdistributor\u00a0\u00bb:{\u00ab\u00a0name\u00a0\u00bb:\u00a0\u00bbleparisien\u00a0\u00bb},\u00a0\u00bbheadlines\u00a0\u00bb:{\u00ab\u00a0basic\u00a0\u00bb:\u00a0\u00bb\u00c9lu agress\u00e9 lors d\u2019un rod\u00e9o urbain en Gironde\u00a0: quatre personnes dont deux mineurs en garde \u00e0 vue\u00a0\u00bb},\u00a0\u00bblabel\u00a0\u00bb:{},\u00a0\u00bbpromo_items\u00a0\u00bb:{\u00ab\u00a0basic\u00a0\u00bb:{\u00ab\u00a0additional_properties\u00a0\u00bb:{},\u00a0\u00bbcaption\u00a0\u00bb:\u00a0\u00bbLa route du ball-trapp de Gauriaguet o\u00f9 un \u00e9lu \u00e0 \u00e9t\u00e9 violemment agress\u00e9 samedi 3 mai alors qu&rsquo;il tentait d&rsquo;interrompre un rod\u00e9o. LP\/Klervi Le Cozic\u00a0\u00bb,\u00a0\u00bbheight\u00a0\u00bb:1080,\u00a0\u00bbtype\u00a0\u00bb:\u00a0\u00bbimage\u00a0\u00bb,\u00a0\u00bburl\u00a0\u00bb:\u00a0\u00bbhttps:\/\/cloudfront-eu-central-1.images.arcpublishing.com\/leparisien\/AVSL3MJR7FFQTFIHTWL3TD7Y3M.jpg\u00a0\u00bb,\u00a0\u00bbwidth\u00a0\u00bb:1616}},\u00a0\u00bbsubtype\u00a0\u00bb:\u00a0\u00bbART:\u00a0\u00bb,\u00a0\u00bbtaxonomy\u00a0\u00bb:{\u00ab\u00a0primary_section\u00a0\u00bb:{\u00ab\u00a0_id\u00a0\u00bb:\u00a0\u00bb\/faits-divers\u00a0\u00bb,\u00a0\u00bbadditional_properties\u00a0\u00bb:{\u00ab\u00a0original\u00a0\u00bb:{\u00ab\u00a0site\u00a0\u00bb:{}}},\u00a0\u00bbname\u00a0\u00bb:\u00a0\u00bbFaits divers\u00a0\u00bb}},\u00a0\u00bbwebsite_url\u00a0\u00bb:\u00a0\u00bb\/faits-divers\/gironde-quatre-personnes-en-garde-a-vue-apres-lagression-dun-elu-municipal-lors-dun-rodeo-urbain-06-05-2025-UKU6DZSACFGGDEYHXXU7KBIT24.php\u00a0\u00bb},{\u00ab\u00a0_id\u00a0\u00bb:\u00a0\u00bbGDLV3OY2LJEMBLA2TNRVHPXRFU\u00a0\u00bb,\u00a0\u00bbcontent_restrictions\u00a0\u00bb:{\u00ab\u00a0content_code\u00a0\u00bb:\u00a0\u00bbhard-paywall\u00a0\u00bb},\u00a0\u00bbdistributor\u00a0\u00bb:{\u00ab\u00a0name\u00a0\u00bb:\u00a0\u00bbleparisien\u00a0\u00bb},\u00a0\u00bbheadlines\u00a0\u00bb:{\u00ab\u00a0basic\u00a0\u00bb:\u00a0\u00bb\u00c9lu agress\u00e9 apr\u00e8s un rod\u00e9o\u00a0: \u00ab\u00a0C\u2019est quasiment une tentative de meurtre\u00a0\u00bb, d\u00e9nonce le maire de Gauriaguet\u00a0\u00bb},\u00a0\u00bblabel\u00a0\u00bb:{\u00ab\u00a0profil\u00a0\u00bb:{\u00ab\u00a0text\u00a0\u00bb:\u00a0\u00bbABO\u00a0\u00bb}},\u00a0\u00bbpromo_items\u00a0\u00bb:{\u00ab\u00a0basic\u00a0\u00bb:{\u00ab\u00a0additional_properties\u00a0\u00bb:{},\u00a0\u00bbcaption\u00a0\u00bb:\u00a0\u00bbEn ville ou \u00e0 la campagne, les rod\u00e9os sont d\u00e9sormais monnaie courante quand reviennent les beaux jours (illustration). PhotoPQR\/Sud Ouest\/Xavier L\u00e9oty\u00a0\u00bb,\u00a0\u00bbheight\u00a0\u00bb:3246,\u00a0\u00bbtype\u00a0\u00bb:\u00a0\u00bbimage\u00a0\u00bb,\u00a0\u00bburl\u00a0\u00bb:\u00a0\u00bbhttps:\/\/cloudfront-eu-central-1.images.arcpublishing.com\/leparisien\/IQBMKQSLBJERBLEPIXZ6AXOXA4.jpg\u00a0\u00bb,\u00a0\u00bbwidth\u00a0\u00bb:4869}},\u00a0\u00bbsubtype\u00a0\u00bb:\u00a0\u00bbART:\u00a0\u00bb,\u00a0\u00bbtaxonomy\u00a0\u00bb:{\u00ab\u00a0primary_section\u00a0\u00bb:{\u00ab\u00a0_id\u00a0\u00bb:\u00a0\u00bb\/faits-divers\u00a0\u00bb,\u00a0\u00bbadditional_properties\u00a0\u00bb:{\u00ab\u00a0original\u00a0\u00bb:{\u00ab\u00a0site\u00a0\u00bb:{}}},\u00a0\u00bbname\u00a0\u00bb:\u00a0\u00bbFaits divers\u00a0\u00bb}},\u00a0\u00bbwebsite_url\u00a0\u00bb:\u00a0\u00bb\/faits-divers\/elu-agresse-apres-un-rodeo-cest-quasiment-une-tentative-de-meurtre-denonce-le-maire-de-gauriaguet-05-05-2025-GDLV3OY2LJEMBLA2TNRVHPXRFU.php\u00a0\u00bb},{\u00ab\u00a0_id\u00a0\u00bb:\u00a0\u00bbOOWZDDHQ5FBIFFAQOU652UQXX4&Prime;,\u00a0\u00bbcontent_restrictions\u00a0\u00bb:{\u00ab\u00a0content_code\u00a0\u00bb:\u00a0\u00bbmetered\u00a0\u00bb},\u00a0\u00bbdistributor\u00a0\u00bb:{\u00ab\u00a0name\u00a0\u00bb:\u00a0\u00bbleparisien\u00a0\u00bb},\u00a0\u00bbheadlines\u00a0\u00bb:{\u00ab\u00a0basic\u00a0\u00bb:\u00a0\u00bb\u00ab\u00a0Je ne vais pas les laisser faire\u00a0\u00bb, t\u00e9moigne l\u2019\u00e9lu agress\u00e9 en Gironde apr\u00e8s avoir tent\u00e9 d\u2019arr\u00eater un rod\u00e9o urbain\u00a0\u00bb},\u00a0\u00bbpromo_items\u00a0\u00bb:{\u00ab\u00a0basic\u00a0\u00bb:{\u00ab\u00a0additional_properties\u00a0\u00bb:{},\u00a0\u00bbcaption\u00a0\u00bb:\u00a0\u00bbUne quinzaine de motards \u00e9taient r\u00e9unis pour un rod\u00e9o urbain lorsque l&rsquo;\u00e9lu a \u00e9t\u00e9 agress\u00e9 en Gironde samedi. (Illustration) LP\/St\u00e9phanie Forestier\u00a0\u00bb,\u00a0\u00bbheight\u00a0\u00bb:1500,\u00a0\u00bbtype\u00a0\u00bb:\u00a0\u00bbimage\u00a0\u00bb,\u00a0\u00bburl\u00a0\u00bb:\u00a0\u00bbhttps:\/\/cloudfront-eu-central-1.images.arcpublishing.com\/leparisien\/GI3ZO33M2JD4LLTZKHMTV6Q4LE.jpg\u00a0\u00bb,\u00a0\u00bbwidth\u00a0\u00bb:2000}},\u00a0\u00bbsubtype\u00a0\u00bb:\u00a0\u00bbART:\u00a0\u00bb,\u00a0\u00bbtaxonomy\u00a0\u00bb:{\u00ab\u00a0primary_section\u00a0\u00bb:{\u00ab\u00a0_id\u00a0\u00bb:\u00a0\u00bb\/faits-divers\u00a0\u00bb,\u00a0\u00bbadditional_properties\u00a0\u00bb:{\u00ab\u00a0original\u00a0\u00bb:{\u00ab\u00a0site\u00a0\u00bb:{}}},\u00a0\u00bbname\u00a0\u00bb:\u00a0\u00bbFaits divers\u00a0\u00bb}},\u00a0\u00bbwebsite_url\u00a0\u00bb:\u00a0\u00bb\/faits-divers\/je-ne-vais-pas-les-laisser-faire-temoigne-lelu-agresse-en-gironde-apres-avoir-tente-darreter-un-rodeo-urbain-05-05-2025-OOWZDDHQ5FBIFFAQOU652UQXX4.php\u00a0\u00bb},{\u00ab\u00a0_id\u00a0\u00bb:\u00a0\u00bb5MZAUWW2KBAKDLOYQX5SQHXLYU\u00a0\u00bb,\u00a0\u00bbcontent_restrictions\u00a0\u00bb:{\u00ab\u00a0content_code\u00a0\u00bb:\u00a0\u00bbmetered\u00a0\u00bb},\u00a0\u00bbdistributor\u00a0\u00bb:{\u00ab\u00a0name\u00a0\u00bb:\u00a0\u00bbleparisien\u00a0\u00bb},\u00a0\u00bbheadlines\u00a0\u00bb:{\u00ab\u00a0basic\u00a0\u00bb:\u00a0\u00bbUn \u00e9lu municipal de Gironde rou\u00e9 de coups apr\u00e8s avoir tent\u00e9 d\u2019arr\u00eater un rod\u00e9o urbain\u00a0\u00bb},\u00a0\u00bblabel\u00a0\u00bb:{},\u00a0\u00bbpromo_items\u00a0\u00bb:{\u00ab\u00a0basic\u00a0\u00bb:{\u00ab\u00a0additional_properties\u00a0\u00bb:{},\u00a0\u00bbcaption\u00a0\u00bb:\u00a0\u00bbUn \u00e9lu municipal a \u00e9t\u00e9 violemment agress\u00e9 par des individus qui effectuaient un rod\u00e9o urbain samedi en Gironde. (Illustration) AFP\/Serge Tenani\u00a0\u00bb,\u00a0\u00bbheight\u00a0\u00bb:1867,\u00a0\u00bbtype\u00a0\u00bb:\u00a0\u00bbimage\u00a0\u00bb,\u00a0\u00bburl\u00a0\u00bb:\u00a0\u00bbhttps:\/\/cloudfront-eu-central-1.images.arcpublishing.com\/leparisien\/JNDYLU2A75DLXN6U2XEVEPXSGM.jpg\u00a0\u00bb,\u00a0\u00bbwidth\u00a0\u00bb:2800}},\u00a0\u00bbsubtype\u00a0\u00bb:\u00a0\u00bbART:\u00a0\u00bb,\u00a0\u00bbtaxonomy\u00a0\u00bb:{\u00ab\u00a0primary_section\u00a0\u00bb:{\u00ab\u00a0_id\u00a0\u00bb:\u00a0\u00bb\/faits-divers\u00a0\u00bb,\u00a0\u00bbadditional_properties\u00a0\u00bb:{\u00ab\u00a0original\u00a0\u00bb:{\u00ab\u00a0site\u00a0\u00bb:{}}},\u00a0\u00bbname\u00a0\u00bb:\u00a0\u00bbFaits divers\u00a0\u00bb}},\u00a0\u00bbwebsite_url\u00a0\u00bb:\u00a0\u00bb\/faits-divers\/gironde-un-elu-municipal-qui-tentait-darreter-un-rodeo-urbain-violemment-agresse-04-05-2025-5MZAUWW2KBAKDLOYQX5SQHXLYU.php\u00a0\u00bb}],\u00a0\u00bbcount\u00a0\u00bb:2474,\u00a0\u00bbnext\u00a0\u00bb:9,\u00a0\u00bb_id\u00a0\u00bb:\u00a0\u00bb1f742aee97f983afb3a35276cdb539dad6515b5d40d7e629dc6cf384c766af4e\u00a0\u00bb},\u00a0\u00bbexpires\u00a0\u00bb:1746958823453,\u00a0\u00bblastModified\u00a0\u00bb:1746958703363}},\u00a0\u00bbpopins\u00a0\u00bb:{\u00ab\u00a0undefined\u00a0\u00bb:{\u00ab\u00a0data\u00a0\u00bb:[{\u00ab\u00a0popinCampaign\u00a0\u00bb:\u00a0\u00bbPromo_80-ans\u00a0\u00bb,\u00a0\u00bbtargetedDevices\u00a0\u00bb:\u00a0\u00bbweb-mobile\u00a0\u00bb,\u00a0\u00bbtargetedSections\u00a0\u00bb:[\u00ab\u00a0\/val-de-marne-94&Prime;,\u00a0\u00bb\/val-d-oise-95&Prime;,\u00a0\u00bb\/seine-et-marne-77&Prime;,\u00a0\u00bb\/faits-divers\u00a0\u00bb,\u00a0\u00bb\/voyage\u00a0\u00bb,\u00a0\u00bb\/politique\u00a0\u00bb,\u00a0\u00bb\/podcasts\u00a0\u00bb,\u00a0\u00bb\/environnement\u00a0\u00bb,\u00a0\u00bb\/international\u00a0\u00bb,\u00a0\u00bb\/paris-75&Prime;,\u00a0\u00bb\/yvelines-78&Prime;,\u00a0\u00bb\/essonne-91&Prime;,\u00a0\u00bb\/jo-paris-2024&Prime;,\u00a0\u00bb\/jo-paralympiques-paris-2024&Prime;,\u00a0\u00bb\/seine-saint-denis-93&Prime;,\u00a0\u00bb\/meteo\u00a0\u00bb,\u00a0\u00bb\/oise-60&Prime;,\u00a0\u00bb\/animaux\u00a0\u00bb,\u00a0\u00bb\/automobile\u00a0\u00bb,\u00a0\u00bb\/bien-manger\u00a0\u00bb,\u00a0\u00bb\/societe\u00a0\u00bb,\u00a0\u00bb\/sports\u00a0\u00bb,\u00a0\u00bb\/sports\/hippisme\u00a0\u00bb,\u00a0\u00bb\/elections\u00a0\u00bb,\u00a0\u00bb\/info-paris-ile-de-france-oise\u00a0\u00bb,\u00a0\u00bb\/intime\u00a0\u00bb,\u00a0\u00bb\/culture-loisirs\u00a0\u00bb],\u00a0\u00bbtargetedUserStatus\u00a0\u00bb:[\u00ab\u00a0unknown\u00a0\u00bb,\u00a0\u00bblogged\u00a0\u00bb,\u00a0\u00bbsubscribed\u00a0\u00bb],\u00a0\u00bbcappingFrequencyTime\u00a0\u00bb:86400000,\u00a0\u00bbdisplayOnPremiumArticles\u00a0\u00bb:true,\u00a0\u00bbdisplayOnHomePage\u00a0\u00bb:true,\u00a0\u00bbtitle\u00a0\u00bb:\u00a0\u00bbLe Parisien f\u00eate ses 80 ans !\u00a0\u00bb,\u00a0\u00bbpriority\u00a0\u00bb:1,\u00a0\u00bbctaLabel\u00a0\u00bb:\u00a0\u00bbD\u00e9couvrir\u00a0\u00bb,\u00a0\u00bbtracking\u00a0\u00bb:{\u00ab\u00a0campaign\u00a0\u00bb:\u00a0\u00bbnewsletter\u00a0\u00bb,\u00a0\u00bbcreation\u00a0\u00bb:\u00a0\u00bbalerte-inscription-resultats\u00a0\u00bb},\u00a0\u00bbctaRedirectLink\u00a0\u00bb:\u00a0\u00bbhttps:\/\/www.leparisien.fr\/80-ans-du-parisien\/\u00a0\u00bb,\u00a0\u00bbdisplayOnSectionPages\u00a0\u00bb:true,\u00a0\u00bbcappingDisplaysPerUser\u00a0\u00bb:4,\u00a0\u00bbtext\u00a0\u00bb:\u00a0\u00bbA l&rsquo;occasion du 80e anniversaire du quotidien, sa r\u00e9daction s&rsquo;est plong\u00e9e dans huit d\u00e9cennies d&rsquo;archives, qui racontent notre soci\u00e9t\u00e9 et son \u00e9volution.\u00a0\u00bb,\u00a0\u00bbtag\u00a0\u00bb:\u00a0\u00bb\u00c9v\u00e9nement\u00a0\u00bb,\u00a0\u00bbisPopinActivated\u00a0\u00bb:false,\u00a0\u00bbpicto\u00a0\u00bb:\u00a0\u00bbhttps:\/\/assets.leparisien.fr\/website\/images\/events_logo\/80th-birthday.png\u00a0\u00bb,\u00a0\u00bbpopinType\u00a0\u00bb:\u00a0\u00bbredirection\u00a0\u00bb},{\u00ab\u00a0popinCampaign\u00a0\u00bb:\u00a0\u00bbDL_apps_JO\u00a0\u00bb,\u00a0\u00bbtargetedDevices\u00a0\u00bb:\u00a0\u00bbmobile\u00a0\u00bb,\u00a0\u00bbtargetedSections\u00a0\u00bb:[\u00ab\u00a0\/jo-paris-2024&Prime;,\u00a0\u00bb\/sports\u00a0\u00bb],\u00a0\u00bbtargetedUserStatus\u00a0\u00bb:[\u00ab\u00a0unknown\u00a0\u00bb,\u00a0\u00bblogged\u00a0\u00bb,\u00a0\u00bbsubscribed\u00a0\u00bb],\u00a0\u00bbcappingFrequencyTime\u00a0\u00bb:86400000,\u00a0\u00bbdisplayOnPremiumArticles\u00a0\u00bb:false,\u00a0\u00bbdisplayOnHomePage\u00a0\u00bb:false,\u00a0\u00bbtitle\u00a0\u00bb:\u00a0\u00bbVivez pleinement les JO dans l&rsquo;application\u00a0\u00bb,\u00a0\u00bbpriority\u00a0\u00bb:1,\u00a0\u00bbctaLabel\u00a0\u00bb:\u00a0\u00bbT\u00e9l\u00e9charger l&rsquo;application\u00a0\u00bb,\u00a0\u00bbtracking\u00a0\u00bb:{\u00ab\u00a0campaign\u00a0\u00bb:\u00a0\u00bbnewsletter\u00a0\u00bb,\u00a0\u00bbcreation\u00a0\u00bb:\u00a0\u00bbalerte-inscription-resultats\u00a0\u00bb},\u00a0\u00bbctaRedirectLink\u00a0\u00bb:\u00a0\u00bbhttps:\/\/app.adjust.com\/ejwg1cd_xew8wjk\u00a0\u00bb,\u00a0\u00bbdisplayOnSectionPages\u00a0\u00bb:true,\u00a0\u00bbcappingDisplaysPerUser\u00a0\u00bb:5,\u00a0\u00bbtext\u00a0\u00bb:\u00a0\u00bbSoyez inform\u00e9s en temps r\u00e9el gr\u00e2ce aux notifications et profitez de contenus exclusifs.\u00a0\u00bb,\u00a0\u00bbisPopinActivated\u00a0\u00bb:false,\u00a0\u00bbpicto\u00a0\u00bb:\u00a0\u00bbhttps:\/\/assets.leparisien.fr\/website\/images\/design-system\/illustration\/1.6\/devices-jo.png\u00a0\u00bb,\u00a0\u00bbpopinType\u00a0\u00bb:\u00a0\u00bbredirection\u00a0\u00bb},{\u00ab\u00a0popinCampaign\u00a0\u00bb:\u00a0\u00bbDL_apps_standard\u00a0\u00bb,\u00a0\u00bbtargetedDevices\u00a0\u00bb:\u00a0\u00bbmobile\u00a0\u00bb,\u00a0\u00bbtargetedSections\u00a0\u00bb:[\u00ab\u00a0\/jo-paris-2024&Prime;,\u00a0\u00bb\/val-d-oise-95&Prime;,\u00a0\u00bb\/val-de-marne-94&Prime;,\u00a0\u00bb\/seine-saint-denis-93&Prime;,\u00a0\u00bb\/seine-et-marne-77&Prime;,\u00a0\u00bb\/yvelines-78&Prime;,\u00a0\u00bb\/essonne-91&Prime;,\u00a0\u00bb\/hauts-de-seine-92&Prime;,\u00a0\u00bb\/oise-60&Prime;,\u00a0\u00bb\/meteo\u00a0\u00bb,\u00a0\u00bb\/jo-paralympiques-paris-2024&Prime;,\u00a0\u00bb\/paris-75&Prime;,\u00a0\u00bb\/faits-divers\u00a0\u00bb,\u00a0\u00bb\/environnement\u00a0\u00bb,\u00a0\u00bb\/info-paris-ile-de-france-oise\u00a0\u00bb,\u00a0\u00bb\/intime\u00a0\u00bb,\u00a0\u00bb\/animaux\u00a0\u00bb,\u00a0\u00bb\/voyage\u00a0\u00bb,\u00a0\u00bb\/international\u00a0\u00bb,\u00a0\u00bb\/sports\/hippisme\u00a0\u00bb,\u00a0\u00bb\/sports\u00a0\u00bb,\u00a0\u00bb\/bien-manger\u00a0\u00bb,\u00a0\u00bb\/automobile\u00a0\u00bb,\u00a0\u00bb\/societe\u00a0\u00bb],\u00a0\u00bbtargetedUserStatus\u00a0\u00bb:[\u00ab\u00a0logged\u00a0\u00bb,\u00a0\u00bbsubscribed\u00a0\u00bb,\u00a0\u00bbunknown\u00a0\u00bb],\u00a0\u00bbcappingFrequencyTime\u00a0\u00bb:172800000,\u00a0\u00bbdisplayOnPremiumArticles\u00a0\u00bb:false,\u00a0\u00bbdisplayOnHomePage\u00a0\u00bb:false,\u00a0\u00bbtitle\u00a0\u00bb:\u00a0\u00bbL&rsquo;info en direct dans l&rsquo;app\u00a0\u00bb,\u00a0\u00bbpriority\u00a0\u00bb:1,\u00a0\u00bbctaLabel\u00a0\u00bb:\u00a0\u00bbT\u00e9l\u00e9charger l&rsquo;application\u00a0\u00bb,\u00a0\u00bbtracking\u00a0\u00bb:{\u00ab\u00a0campaign\u00a0\u00bb:\u00a0\u00bbappli\u00a0\u00bb,\u00a0\u00bbcreation\u00a0\u00bb:\u00a0\u00bbdl-app_fev25&Prime;},\u00a0\u00bbctaRedirectLink\u00a0\u00bb:\u00a0\u00bbhttps:\/\/app.adjust.com\/ejwg1cd_xew8wjk\u00a0\u00bb,\u00a0\u00bbdisplayOnSectionPages\u00a0\u00bb:true,\u00a0\u00bbcappingDisplaysPerUser\u00a0\u00bb:10,\u00a0\u00bbtext\u00a0\u00bb:\u00a0\u00bbSoyez inform\u00e9 en temps r\u00e9el gr\u00e2ce aux notifications et profitez de contenus exclusifs\u00a0\u00bb,\u00a0\u00bbisPopinActivated\u00a0\u00bb:false,\u00a0\u00bbpicto\u00a0\u00bb:\u00a0\u00bbhttps:\/\/assets.leparisien.fr\/website\/images\/events_logo\/devices.png\u00a0\u00bb,\u00a0\u00bbpopinType\u00a0\u00bb:\u00a0\u00bbredirection\u00a0\u00bb},{\u00ab\u00a0popinCampaign\u00a0\u00bb:\u00a0\u00bbNewsletter_JO\u00a0\u00bb,\u00a0\u00bbtargetedDevices\u00a0\u00bb:\u00a0\u00bbweb-mobile\u00a0\u00bb,\u00a0\u00bbtargetedSections\u00a0\u00bb:[\u00ab\u00a0\/jo-paris-2024&Prime;],\u00a0\u00bbtargetedUserStatus\u00a0\u00bb:[\u00ab\u00a0unknown\u00a0\u00bb,\u00a0\u00bblogged\u00a0\u00bb,\u00a0\u00bbsubscribed\u00a0\u00bb],\u00a0\u00bbcappingFrequencyTime\u00a0\u00bb:432000000,\u00a0\u00bbnewsletterSlug\u00a0\u00bb:\u00a0\u00bbomnisports\u00a0\u00bb,\u00a0\u00bbdisplayOnPremiumArticles\u00a0\u00bb:false,\u00a0\u00bbdisplayOnHomePage\u00a0\u00bb:false,\u00a0\u00bbtitle\u00a0\u00bb:\u00a0\u00bbVous semblez int\u00e9ress\u00e9 par les JO 2024&Prime;,\u00a0\u00bbpriority\u00a0\u00bb:1,\u00a0\u00bbctaLabel\u00a0\u00bb:\u00a0\u00bbS&rsquo;inscrire \u00e0 la newsletter\u00a0\u00bb,\u00a0\u00bbtracking\u00a0\u00bb:{\u00ab\u00a0campaign\u00a0\u00bb:\u00a0\u00bbnewsletter\u00a0\u00bb},\u00a0\u00bbdisplayOnSectionPages\u00a0\u00bb:false,\u00a0\u00bbcappingDisplaysPerUser\u00a0\u00bb:4,\u00a0\u00bbtext\u00a0\u00bb:\u00a0\u00bbRecevez l\u2019essentiel des informations sur les Jeux de Paris 2024, pour vivre cet \u00e9v\u00e9nement historique au coeur de la capitale.\u00a0\u00bb,\u00a0\u00bbtag\u00a0\u00bb:\u00a0\u00bbNouveau\u00a0\u00bb,\u00a0\u00bbisPopinActivated\u00a0\u00bb:false,\u00a0\u00bbpopinType\u00a0\u00bb:\u00a0\u00bbnewsletter\u00a0\u00bb},{\u00ab\u00a0popinCampaign\u00a0\u00bb:\u00a0\u00bbDL_app_Le-Journal\u00a0\u00bb,\u00a0\u00bbtargetedDevices\u00a0\u00bb:\u00a0\u00bbmobile\u00a0\u00bb,\u00a0\u00bbtargetedSections\u00a0\u00bb:[\u00ab\u00a0\/val-d-oise-95&Prime;,\u00a0\u00bb\/jo-paris-2024&Prime;,\u00a0\u00bb\/etudiant\u00a0\u00bb,\u00a0\u00bb\/culture-loisirs\u00a0\u00bb,\u00a0\u00bb\/faits-divers\u00a0\u00bb,\u00a0\u00bb\/val-de-marne-94&Prime;,\u00a0\u00bb\/paris-75&Prime;,\u00a0\u00bb\/seine-saint-denis-93&Prime;,\u00a0\u00bb\/voyage\u00a0\u00bb,\u00a0\u00bb\/intime\u00a0\u00bb,\u00a0\u00bb\/animaux\u00a0\u00bb,\u00a0\u00bb\/hauts-de-seine-92&Prime;,\u00a0\u00bb\/podcasts\u00a0\u00bb,\u00a0\u00bb\/essonne-91&Prime;,\u00a0\u00bb\/politique\u00a0\u00bb,\u00a0\u00bb\/automobile\u00a0\u00bb,\u00a0\u00bb\/bien-manger\u00a0\u00bb,\u00a0\u00bb\/environnement\u00a0\u00bb,\u00a0\u00bb\/yvelines-78&Prime;,\u00a0\u00bb\/seine-et-marne-77&Prime;,\u00a0\u00bb\/international\u00a0\u00bb,\u00a0\u00bb\/societe\u00a0\u00bb,\u00a0\u00bb\/sports\u00a0\u00bb,\u00a0\u00bb\/elections\u00a0\u00bb,\u00a0\u00bb\/week-end\u00a0\u00bb,\u00a0\u00bb\/meteo\u00a0\u00bb,\u00a0\u00bb\/oise-60&Prime;,\u00a0\u00bb\/jo-paralympiques-paris-2024&Prime;,\u00a0\u00bb\/info-paris-ile-de-france-oise\u00a0\u00bb,\u00a0\u00bb\/sports\/hippisme\u00a0\u00bb],\u00a0\u00bbtargetedUserStatus\u00a0\u00bb:[\u00ab\u00a0subscribed\u00a0\u00bb],\u00a0\u00bbcappingFrequencyTime\u00a0\u00bb:172800000,\u00a0\u00bbdisplayOnPremiumArticles\u00a0\u00bb:true,\u00a0\u00bbdisplayOnHomePage\u00a0\u00bb:true,\u00a0\u00bbtitle\u00a0\u00bb:\u00a0\u00bbL\u2019application journal d\u00e9di\u00e9e aux abonn\u00e9s\u00a0\u00bb,\u00a0\u00bbpriority\u00a0\u00bb:1,\u00a0\u00bbctaLabel\u00a0\u00bb:\u00a0\u00bbT\u00e9l\u00e9charger l\u2019application du journal\u00a0\u00bb,\u00a0\u00bbtracking\u00a0\u00bb:{\u00ab\u00a0campaign\u00a0\u00bb:\u00a0\u00bbjournal\u00a0\u00bb},\u00a0\u00bbdisplayOnSectionPages\u00a0\u00bb:true,\u00a0\u00bbcappingDisplaysPerUser\u00a0\u00bb:3,\u00a0\u00bbtext\u00a0\u00bb:\u00a0\u00bbUn confort de lecture in\u00e9gal\u00e9 sur smartphone et tablette gr\u00e2ce \u00e0 une navigation fluide. Acc\u00e9dez au journal du jour d\u00e8s 22h30 ainsi qu\u2019\u00e0 toutes les \u00e9ditions, suppl\u00e9ments et hors-s\u00e9ries.\u00a0\u00bb,\u00a0\u00bbisPopinActivated\u00a0\u00bb:false,\u00a0\u00bbpicto\u00a0\u00bb:\u00a0\u00bbhttps:\/\/assets.leparisien.fr\/website\/images\/ancrages-abo\/pictos\/paper-app.svg\u00a0\u00bb,\u00a0\u00bbpopinType\u00a0\u00bb:\u00a0\u00bbapplication\u00a0\u00bb},{\u00ab\u00a0popinCampaign\u00a0\u00bb:\u00a0\u00bbPromo_Vid\u00e9os-jardin\u00a0\u00bb,\u00a0\u00bbtargetedDevices\u00a0\u00bb:\u00a0\u00bbweb-mobile\u00a0\u00bb,\u00a0\u00bbtargetedSections\u00a0\u00bb:[\u00ab\u00a0\/jo-paris-2024&Prime;,\u00a0\u00bb\/jardin\u00a0\u00bb,\u00a0\u00bb\/sports\/hippisme\u00a0\u00bb,\u00a0\u00bb\/elections\u00a0\u00bb,\u00a0\u00bb\/meteo\u00a0\u00bb,\u00a0\u00bb\/jo-paralympiques-paris-2024&Prime;,\u00a0\u00bb\/environnement\u00a0\u00bb,\u00a0\u00bb\/animaux\u00a0\u00bb,\u00a0\u00bb\/bien-manger\u00a0\u00bb,\u00a0\u00bb\/voyage\u00a0\u00bb],\u00a0\u00bbtargetedUserStatus\u00a0\u00bb:[\u00ab\u00a0unknown\u00a0\u00bb,\u00a0\u00bblogged\u00a0\u00bb],\u00a0\u00bbcappingFrequencyTime\u00a0\u00bb:86400000,\u00a0\u00bbdisplayOnPremiumArticles\u00a0\u00bb:false,\u00a0\u00bbdisplayOnHomePage\u00a0\u00bb:false,\u00a0\u00bbtitle\u00a0\u00bb:\u00a0\u00bbEn mai, apprenez \u00e0 jardiner&#8230; en vid\u00e9o !\u00a0\u00bb,\u00a0\u00bbpriority\u00a0\u00bb:1,\u00a0\u00bbctaLabel\u00a0\u00bb:\u00a0\u00bbD\u00e9couvrir les vid\u00e9os\u00a0\u00bb,\u00a0\u00bbtracking\u00a0\u00bb:{\u00ab\u00a0campaign\u00a0\u00bb:\u00a0\u00bbbizdev\u00a0\u00bb,\u00a0\u00bbcreation\u00a0\u00bb:\u00a0\u00bbamazon\u00a0\u00bb},\u00a0\u00bbctaRedirectLink\u00a0\u00bb:\u00a0\u00bbhttps:\/\/www.leparisien.fr\/jardin\/jardinage-pratique\/potager\/planter-des-fraisiers-de-printemps-en-pot-recoltez-de-savoureuses-fraises-precoces-des-le-mois-de-mai-D7PSIYDURBGDNKGWDQTSY22FZQ.php\u00a0\u00bb,\u00a0\u00bbdisplayOnSectionPages\u00a0\u00bb:true,\u00a0\u00bbcappingDisplaysPerUser\u00a0\u00bb:1,\u00a0\u00bbtext\u00a0\u00bb:\u00a0\u00bbExperts ou passionn\u00e9s, retrouvez tous les conseils pratiques et astuces pour cultiver votre jardin comme un pro !\u00a0\u00bb,\u00a0\u00bbisPopinActivated\u00a0\u00bb:true,\u00a0\u00bbpicto\u00a0\u00bb:\u00a0\u00bbhttps:\/\/assets.leparisien.fr\/website\/images\/events_logo\/popin-jardin.png\u00a0\u00bb,\u00a0\u00bbpopinType\u00a0\u00bb:\u00a0\u00bbredirection\u00a0\u00bb}],\u00a0\u00bbexpires\u00a0\u00bb:1746958813392,\u00a0\u00bblastModified\u00a0\u00bb:1746958513270}},\u00a0\u00bbmost-read\u00a0\u00bb:{\u00ab\u00a0{\\\u00a0\u00bbsection\\\u00a0\u00bb:null,\\\u00a0\u00bbsize\\\u00a0\u00bb:5,\\\u00a0\u00bbtype\\\u00a0\u00bb:\\\u00a0\u00bball-sections\\\u00a0\u00bb,\\\u00a0\u00bbwebsite\\\u00a0\u00bb:\\\u00a0\u00bbleparisien\\\u00a0\u00bb}\u00a0\u00bb:{\u00ab\u00a0data\u00a0\u00bb:{\u00ab\u00a0content_elements\u00a0\u00bb:[{\u00ab\u00a0headlines\u00a0\u00bb:{\u00ab\u00a0basic\u00a0\u00bb:\u00a0\u00bb\u00ab\u00a0Tout Pantin le pleure\u00a0\u00bb\u00a0: pr\u00e8s de 500 personnes rendent hommage \u00e0 Bader, 21 ans, tu\u00e9 d\u2019un coup de couteau \u00ab\u00a0},\u00a0\u00bbwebsite_url\u00a0\u00bb:\u00a0\u00bb\/seine-saint-denis-93\/tout-pantin-le-pleure-pres-de-500-personnes-rendent-hommage-a-bader-21-ans-tue-dun-coup-de-couteau-10-05-2025-RMA4KPHJBFCTDMIBC3LB5WPPWE.php\u00a0\u00bb},{\u00ab\u00a0headlines\u00a0\u00bb:{\u00ab\u00a0basic\u00a0\u00bb:\u00a0\u00bb\u00ab\u00a0Elle est morte ignor\u00e9e, sous les yeux de tous\u00a0\u00bb\u00a0: Royal Air Maroc accus\u00e9 d\u2019avoir d\u00e9laiss\u00e9 une passag\u00e8re plus de trois heures sur un vol\u00a0\u00bb},\u00a0\u00bbwebsite_url\u00a0\u00bb:\u00a0\u00bb\/faits-divers\/elle-est-morte-ignoree-sous-les-yeux-de-tous-royal-air-maroc-accuse-davoir-delaisse-une-passagere-plus-de-4-heures-sur-un-vol-10-05-2025-UMWLIBG7ZNANVM62LCFSEZFUZU.php\u00a0\u00bb},{\u00ab\u00a0headlines\u00a0\u00bb:{\u00ab\u00a0basic\u00a0\u00bb:\u00a0\u00bb\u00ab\u00a0C\u2019est insoutenable \u00e0 vivre\u00a0\u00bb\u00a0: \u00e0 Saint-Brieuc, une fillette de 9 ans meurt \u00e9cras\u00e9e par une voiture devant un magasin Emma\u00fcs\u00a0\u00bb},\u00a0\u00bbwebsite_url\u00a0\u00bb:\u00a0\u00bb\/faits-divers\/cest-insoutenable-a-vivre-a-saint-brieuc-une-fillette-de-9-ans-meurt-ecrasee-par-une-voiture-devant-un-magasin-emmaus-10-05-2025-DYM5QHFW2NAHLHLILQHOBALUXA.php\u00a0\u00bb},{\u00ab\u00a0headlines\u00a0\u00bb:{\u00ab\u00a0basic\u00a0\u00bb:\u00a0\u00bbUn pub les accuse d\u2019\u00eatre partis sans payer sur Facebook, ils r\u00e9cup\u00e8rent 89\u00a0000\u00a0euros en d\u00e9dommagement\u00a0\u00bb},\u00a0\u00bbwebsite_url\u00a0\u00bb:\u00a0\u00bb\/faits-divers\/un-pub-les-accuse-detre-partis-sans-payer-sur-facebook-ils-recuperent-89-000-euros-en-dedommagement-10-05-2025-JZJMZT7KKFHQBKFYRROQIAAKPY.php\u00a0\u00bb},{\u00ab\u00a0headlines\u00a0\u00bb:{\u00ab\u00a0basic\u00a0\u00bb:\u00a0\u00bbUne dizaine de femmes hospitalis\u00e9es apr\u00e8s avoir mang\u00e9 un \u00ab space cake \u00bb lors d\u2019un enterrement de vie de jeune fille\u00a0\u00bb},\u00a0\u00bbwebsite_url\u00a0\u00bb:\u00a0\u00bb\/faits-divers\/une-dizaine-de-femmes-hospitalisees-apres-avoir-mange-un-space-cake-lors-dun-enterrement-de-vie-de-jeune-fille-10-05-2025-JD35GMNQ3NFMBB64HZ6N7WQH6Y.php\u00a0\u00bb}],\u00a0\u00bb_id\u00a0\u00bb:\u00a0\u00bbfaaa32c376b6753c7180c2cecffbd1c1aa7cab97d8eec7334d5cf29243a227d5&Prime;},\u00a0\u00bbexpires\u00a0\u00bb:1746960059866,\u00a0\u00bblastModified\u00a0\u00bb:1746956455354}},\u00a0\u00bbget-comment\u00a0\u00bb:{\u00ab\u00a0{\\\u00a0\u00bbarticleId\\\u00a0\u00bb:\\\u00a0\u00bb7GYGRIRZPZDG5ASOLSAXZJ4ZQM\\\u00a0\u00bb,\\\u00a0\u00bblimit\\\u00a0\u00bb:1000}\u00a0\u00bb:{\u00ab\u00a0data\u00a0\u00bb:{\u00ab\u00a0comments\u00a0\u00bb:[{\u00ab\u00a0id\u00a0\u00bb:\u00a0\u00bb173ee8d5-e358-44f0-a31d-64c0fe971f8a\u00a0\u00bb,\u00a0\u00bbusername\u00a0\u00bb:\u00a0\u00bbMinouch13&Prime;,\u00a0\u00bbmessage\u00a0\u00bb:\u00a0\u00bbla r\u00e9gion de Langon , c&rsquo;est la r\u00e9gion de ce vin sucr\u00e9 qu&rsquo;on appelle le Sauterne , j&rsquo;esp\u00e8re que les vignes ne sont pas trop  touch\u00e9es , ce dont on ne parle pas , \u00e7a m&#8217;emb\u00eaterait qu&rsquo;il en manque  pour faire la sauce de mon poulet au vin jaune &#8230;\u00a0\u00bb,\u00a0\u00bbcreatedAt\u00a0\u00bb:\u00a0\u00bb2025-05-11T08:15:06+00:00&Prime;,\u00a0\u00bbarticleTitle\u00a0\u00bb:\u00a0\u00bbTemp\u00eates de gr\u00eale en Gironde, inondations dans le Gers\u2026 Le sud-ouest touch\u00e9 par de violents orages\u00a0\u00bb,\u00a0\u00bbarticleUrl\u00a0\u00bb:\u00a0\u00bbhttps:\/\/www.leparisien.fr\/gironde-33\/tempetes-de-grele-en-gironde-inondations-dans-le-gers-le-sud-ouest-touche-par-de-violents-orages-11-05-2025-7GYGRIRZPZDG5ASOLSAXZJ4ZQM.php\u00a0\u00bb,\u00a0\u00bbarticleId\u00a0\u00bb:\u00a0\u00bb7GYGRIRZPZDG5ASOLSAXZJ4ZQM\u00a0\u00bb}],\u00a0\u00bbid\u00a0\u00bb:\u00a0\u00bb\u00a0\u00bb,\u00a0\u00bbcreatedAt\u00a0\u00bb:\u00a0\u00bb\u00a0\u00bb,\u00a0\u00bb_id\u00a0\u00bb:\u00a0\u00bb\u00a0\u00bb},\u00a0\u00bbexpires\u00a0\u00bb:1746958808560,\u00a0\u00bblastModified\u00a0\u00bb:1746958508375}},\u00a0\u00bbguide-third-party\u00a0\u00bb:{\u00ab\u00a0{}\u00a0\u00bb:{\u00ab\u00a0data\u00a0\u00bb:{\u00ab\u00a0type\u00a0\u00bb:\u00a0\u00bbresults\u00a0\u00bb,\u00a0\u00bbversion\u00a0\u00bb:\u00a0\u00bb0.6.0&Prime;,\u00a0\u00bbcontent_elements\u00a0\u00bb:[{\u00ab\u00a0headlines\u00a0\u00bb:{\u00ab\u00a0basic\u00a0\u00bb:\u00a0\u00bbVacances d\u2019\u00e9t\u00e9 pas ch\u00e8res : 60 \u20ac de remise sur vos s\u00e9jours avec ce code promo Lastminute !\u00a0\u00bb},\u00a0\u00bbpromo_items\u00a0\u00bb:{\u00ab\u00a0basic\u00a0\u00bb:{\u00ab\u00a0owner\u00a0\u00bb:{\u00ab\u00a0sponsored\u00a0\u00bb:false,\u00a0\u00bbid\u00a0\u00bb:\u00a0\u00bblpguideshopping\u00a0\u00bb},\u00a0\u00bbcredits\u00a0\u00bb:{\u00ab\u00a0affiliation\u00a0\u00bb:[]},\u00a0\u00bbsubtitle\u00a0\u00bb:\u00a0\u00bbcode promo lastminute\u00a0\u00bb,\u00a0\u00bbwidth\u00a0\u00bb:6000,\u00a0\u00bbcaption\u00a0\u00bb:\u00a0\u00bbVacances d\u2019\u00e9t\u00e9 pas ch\u00e8res : 60 \u20ac de remise sur vos s\u00e9jours avec ce code promo Lastminute ! \/ \u00a9 lifeforstock sur Freepik\u00a0\u00bb,\u00a0\u00bbsource\u00a0\u00bb:{\u00ab\u00a0system\u00a0\u00bb:\u00a0\u00bbphoto center\u00a0\u00bb,\u00a0\u00bbedit_url\u00a0\u00bb:\u00a0\u00bb\u00a0\u00bb,\u00a0\u00bbadditional_properties\u00a0\u00bb:{\u00ab\u00a0editor\u00a0\u00bb:\u00a0\u00bbphoto center\u00a0\u00bb}},\u00a0\u00bbtype\u00a0\u00bb:\u00a0\u00bbimage\u00a0\u00bb,\u00a0\u00bburl\u00a0\u00bb:\u00a0\u00bbhttps:\/\/cloudfront-eu-central-1.images.arcpublishing.com\/lpguideshopping\/7Z6IV7FFKBDCHGGOJXYFKCRBFQ.png\u00a0\u00bb,\u00a0\u00bbheight\u00a0\u00bb:3274}},\u00a0\u00bbcanonical_url\u00a0\u00bb:\u00a0\u00bbhttps:\/\/www.leparisien.fr\/codes-promo\/bons-plans\/vacances-dete-pas-cheres-60-de-remise-sur-vos-sejours-avec-ce-code-promo-lastminute-11-05-2025-2KZHXFE57ZDPJCUEEUKQ5Z3SFQ.php\u00a0\u00bb,\u00a0\u00bb_id\u00a0\u00bb:\u00a0\u00bb2KZHXFE57ZDPJCUEEUKQ5Z3SFQ\u00a0\u00bb},{\u00ab\u00a0headlines\u00a0\u00bb:{\u00ab\u00a0basic\u00a0\u00bb:\u00a0\u00bbMaisons du Monde brade ce salon de jardin chic et confortable \u00e0 -20 %\u00a0\u00bb},\u00a0\u00bbpromo_items\u00a0\u00bb:{\u00ab\u00a0basic\u00a0\u00bb:{\u00ab\u00a0owner\u00a0\u00bb:{\u00ab\u00a0sponsored\u00a0\u00bb:false,\u00a0\u00bbid\u00a0\u00bb:\u00a0\u00bblpguideshopping\u00a0\u00bb},\u00a0\u00bbcredits\u00a0\u00bb:{\u00ab\u00a0affiliation\u00a0\u00bb:[]},\u00a0\u00bbsubtitle\u00a0\u00bb:\u00a0\u00bbsalon-de-jardin\u00a0\u00bb,\u00a0\u00bbwidth\u00a0\u00bb:1200,\u00a0\u00bbcaption\u00a0\u00bb:\u00a0\u00bbMaisons du Monde brade ce salon de jardin chic et confortable \u00e0 -20 % \/\/ Maisons du Monde\u00a0\u00bb,\u00a0\u00bbsource\u00a0\u00bb:{\u00ab\u00a0system\u00a0\u00bb:\u00a0\u00bbphoto center\u00a0\u00bb,\u00a0\u00bbedit_url\u00a0\u00bb:\u00a0\u00bb\u00a0\u00bb,\u00a0\u00bbadditional_properties\u00a0\u00bb:{\u00ab\u00a0editor\u00a0\u00bb:\u00a0\u00bbphoto center\u00a0\u00bb}},\u00a0\u00bbtype\u00a0\u00bb:\u00a0\u00bbimage\u00a0\u00bb,\u00a0\u00bburl\u00a0\u00bb:\u00a0\u00bbhttps:\/\/cloudfront-eu-central-1.images.arcpublishing.com\/lpguideshopping\/EY2P5EEHKRH4RATNEKYNPRMFBI.png\u00a0\u00bb,\u00a0\u00bbheight\u00a0\u00bb:800}},\u00a0\u00bbcanonical_url\u00a0\u00bb:\u00a0\u00bbhttps:\/\/www.leparisien.fr\/guide-shopping\/bricolage-jardin\/maisons-du-monde-brade-ce-salon-de-jardin-chic-et-confortable-a-20-11-05-2025-EN5ZVL7LWBC5LMYDJ5GZGIZOHU.php\u00a0\u00bb,\u00a0\u00bb_id\u00a0\u00bb:\u00a0\u00bbEN5ZVL7LWBC5LMYDJ5GZGIZOHU\u00a0\u00bb},{\u00ab\u00a0headlines\u00a0\u00bb:{\u00ab\u00a0basic\u00a0\u00bb:\u00a0\u00bbAvec une heure d\u2019autonomie, cet aspirateur est le plus puissant et le plus intelligent de la marque Dyson\u00a0\u00bb},\u00a0\u00bbpromo_items\u00a0\u00bb:{\u00ab\u00a0basic\u00a0\u00bb:{\u00ab\u00a0owner\u00a0\u00bb:{\u00ab\u00a0sponsored\u00a0\u00bb:false,\u00a0\u00bbid\u00a0\u00bb:\u00a0\u00bblpguideshopping\u00a0\u00bb},\u00a0\u00bbcredits\u00a0\u00bb:{\u00ab\u00a0affiliation\u00a0\u00bb:[]},\u00a0\u00bbsubtitle\u00a0\u00bb:\u00a0\u00bbv15&Prime;,\u00a0\u00bbwidth\u00a0\u00bb:1280,\u00a0\u00bbcaption\u00a0\u00bb:\u00a0\u00bbAvec une heure d\u2019autonomie, cet aspirateur est le plus puissant et le plus intelligent de la marque Dyson \/\/ Dyson\u00a0\u00bb,\u00a0\u00bbsource\u00a0\u00bb:{\u00ab\u00a0system\u00a0\u00bb:\u00a0\u00bbphoto center\u00a0\u00bb,\u00a0\u00bbedit_url\u00a0\u00bb:\u00a0\u00bb\u00a0\u00bb,\u00a0\u00bbadditional_properties\u00a0\u00bb:{\u00ab\u00a0editor\u00a0\u00bb:\u00a0\u00bbphoto center\u00a0\u00bb}},\u00a0\u00bbtype\u00a0\u00bb:\u00a0\u00bbimage\u00a0\u00bb,\u00a0\u00bburl\u00a0\u00bb:\u00a0\u00bbhttps:\/\/cloudfront-eu-central-1.images.arcpublishing.com\/lpguideshopping\/T73LKCW6TRA7VNCUDO5LPRY5TU.png\u00a0\u00bb,\u00a0\u00bbheight\u00a0\u00bb:800}},\u00a0\u00bbcanonical_url\u00a0\u00bb:\u00a0\u00bbhttps:\/\/www.leparisien.fr\/guide-shopping\/maison\/electromenager\/avec-une-heure-dautonomie-cet-aspirateur-est-le-plus-puissant-et-le-plus-intelligent-de-la-marque-dyson-11-05-2025-CG6OCQEK2FBJJJ5QU24VSK62FE.php\u00a0\u00bb,\u00a0\u00bb_id\u00a0\u00bb:\u00a0\u00bbCG6OCQEK2FBJJJ5QU24VSK62FE\u00a0\u00bb},{\u00ab\u00a0headlines\u00a0\u00bb:{\u00ab\u00a0basic\u00a0\u00bb:\u00a0\u00bbCe polo Tommy Hilfiger est en ce moment \u00e0 prix brad\u00e9 sur Amazon\u00a0\u00bb},\u00a0\u00bbpromo_items\u00a0\u00bb:{\u00ab\u00a0basic\u00a0\u00bb:{\u00ab\u00a0owner\u00a0\u00bb:{\u00ab\u00a0sponsored\u00a0\u00bb:false,\u00a0\u00bbid\u00a0\u00bb:\u00a0\u00bblpguideshopping\u00a0\u00bb},\u00a0\u00bbcredits\u00a0\u00bb:{\u00ab\u00a0affiliation\u00a0\u00bb:[]},\u00a0\u00bbsubtitle\u00a0\u00bb:\u00a0\u00bbpolo_Tommy_hilfiger\u00a0\u00bb,\u00a0\u00bbwidth\u00a0\u00bb:1280,\u00a0\u00bbcaption\u00a0\u00bb:\u00a0\u00bbCe polo Tommy Hilfiger est en ce moment \u00e0 prix brad\u00e9 sur Amazon \/\/ Amazon\u00a0\u00bb,\u00a0\u00bbsource\u00a0\u00bb:{\u00ab\u00a0system\u00a0\u00bb:\u00a0\u00bbphoto center\u00a0\u00bb,\u00a0\u00bbedit_url\u00a0\u00bb:\u00a0\u00bb\u00a0\u00bb,\u00a0\u00bbadditional_properties\u00a0\u00bb:{\u00ab\u00a0editor\u00a0\u00bb:\u00a0\u00bbphoto center\u00a0\u00bb}},\u00a0\u00bbtype\u00a0\u00bb:\u00a0\u00bbimage\u00a0\u00bb,\u00a0\u00bburl\u00a0\u00bb:\u00a0\u00bbhttps:\/\/cloudfront-eu-central-1.images.arcpublishing.com\/lpguideshopping\/B43ZW4QUOBDKTHVLYTB4W6VYLY.jpg\u00a0\u00bb,\u00a0\u00bbheight\u00a0\u00bb:800}},\u00a0\u00bbcanonical_url\u00a0\u00bb:\u00a0\u00bbhttps:\/\/www.leparisien.fr\/guide-shopping\/mode-soins\/mode\/ce-polo-tommy-hilfiger-est-en-ce-moment-a-prix-brade-sur-amazon-11-05-2025-CYW3YBRQSJDCHKNORKFZIL35QU.php\u00a0\u00bb,\u00a0\u00bb_id\u00a0\u00bb:\u00a0\u00bbCYW3YBRQSJDCHKNORKFZIL35QU\u00a0\u00bb}],\u00a0\u00bbadditional_properties\u00a0\u00bb:{\u00ab\u00a0took\u00a0\u00bb:41,\u00a0\u00bbtimed_out\u00a0\u00bb:false},\u00a0\u00bbcount\u00a0\u00bb:10000,\u00a0\u00bbnext\u00a0\u00bb:4,\u00a0\u00bb_id\u00a0\u00bb:\u00a0\u00bb5a440ea16a16b4b189cf4a74a59f8cfc693b3dd4288eaf60b71d4d6605b4ec38&Prime;},\u00a0\u00bbexpires\u00a0\u00bb:1746958991801,\u00a0\u00bblastModified\u00a0\u00bb:1746955391697}},\u00a0\u00bbbienici-annonce-immo\u00a0\u00bb:{\u00ab\u00a0{\\\u00a0\u00bbfileCode\\\u00a0\u00bb:\\\u00a0\u00bbe24228ac-9c82-4ef2-85d6-cf6dfd28ebd4\\\u00a0\u00bb}\u00a0\u00bb:{\u00ab\u00a0data\u00a0\u00bb:{\u00ab\u00a0@version\u00a0\u00bb:2,\u00a0\u00bbchannel\u00a0\u00bb:{\u00ab\u00a0item\u00a0\u00bb:[{\u00ab\u00a0title\u00a0\u00bb:\u00a0\u00bbMaison 7\u00a0pi\u00e8ces 182\u00a0m\u00b2\u00a0\u00bb,\u00a0\u00bbdescription\u00a0\u00bb:\u00a0\u00bbCasavo vous propose \u00e0 la vente : Maison de charme de 182 m\u00b2 \u00e0 Vienne \u2013 Vue imprenable, prestations haut de gamme\\n\\nCasavo vous propose en exclusivit\u00e9 cette magnifique maison de 182 m\u00b2, id\u00e9alement situ\u00e9e dans un quartier recherch\u00e9 de Vienne, \u00e0 seulement 5 minutes du centre-ville. Ce bien rare allie le cachet de l&rsquo;ancien \u00e0 des mat\u00e9riaux contemporains de grande qualit\u00e9, le tout dans un environnement privil\u00e9gi\u00e9, calme et verdoyant.\\n\\nD\u00e8s l&rsquo;entr\u00e9e, un vaste hall vous accueille, distribuant harmonieusement les diff\u00e9rents espaces de vie via deux escaliers facilitant la circulation entre les niveaux. Un local technique et un cellier sont intelligemment dissimul\u00e9s sous les escaliers.\\n\\nVous serez s\u00e9duit par la spacieuse cuisine de 23 m\u00b2, moderne, ouverte et enti\u00e8rement \u00e9quip\u00e9e, avec un grand \u00eelot central parfait pour recevoir famille et amis. Celle-ci s&rsquo;ouvre sur une large terrasse, agr\u00e9ment\u00e9e d&rsquo;une pergola bioclimatique. En enfilade de la cuisine, un s\u00e9jour chaleureux de 21 m\u00b2 avec po\u00eale \u00e0 granul\u00e9s b\u00e9n\u00e9ficie d&rsquo;une superbe luminosit\u00e9 gr\u00e2ce \u00e0 une baie vitr\u00e9e ouvrant sur une terrasse surplombant le jardin arbor\u00e9 et offrant une vue magnifique sur la ville de Vienne.\\n\\nAu rez-de-chauss\u00e9e, une suite parentale (ou chambre d&rsquo;amis) avec salle d&rsquo;eau privative et WC s\u00e9par\u00e9 compl\u00e8te cet espace de vie confortable.\\n\\n\u00c0 l&rsquo;\u00e9tage, vous trouverez deux belles chambres (17 m\u00b2 et 11 m\u00b2), dont une avec salle de bain privative, une salle d&rsquo;eau suppl\u00e9mentaire, une buanderie, un WC ind\u00e9pendant ainsi qu&rsquo;un espace bureau ouvert de 12 m\u00b2 id\u00e9al pour le t\u00e9l\u00e9travail.\\n\\nLes ext\u00e9rieurs n&rsquo;ont rien \u00e0 envier \u00e0 l&rsquo;int\u00e9rieur : un terrain de 2 888 m\u00b2 soigneusement paysag\u00e9 vous attend, avec piscine, terrain de p\u00e9tanque, cabane pour enfants, arbres fruitiers, cabanon de jardin et de vastes espaces pour vos loisirs.\\n\\nUn garage, des ateliers, une cave \u00e0 vin, ainsi que des \u00e9quipements modernes (aspiration centralis\u00e9e, panneaux photovolta\u00efques, pompe \u00e0 chaleur air\/eau) viennent parfaire ce bien d&rsquo;exception.\\n\\n Localisation : quartier calme et recherch\u00e9 de Vienne\\nSurface habitable : 182 m\u00b2\\n Terrain : 2 888 m\u00b2\\nChambres : 3 + bureau\\n Salles d&rsquo;eau : 2 + 1 salle de bain\\n Confort : po\u00eale \u00e0 granul\u00e9s, pompe \u00e0 chaleur, terrasse bioclimatique\\n Ext\u00e9rieurs : piscine, jardin arbor\u00e9, vue d\u00e9gag\u00e9e\\n\\n Contactez-nous pour organiser une visite ( directement sur l&rsquo;annonce)\\n Ce bien d&rsquo;exception est commercialis\u00e9 par Casavo.\\n\\nInt\u00e9ress\u00e9 par ce bien ? Plus d&rsquo;informations sur le site de Casavo.\u00a0\u00bb,\u00a0\u00bblink\u00a0\u00bb:\u00a0\u00bbhttps:\/\/www.bienici.com\/annonce\/ag755942-470520893&Prime;,\u00a0\u00bbguid\u00a0\u00bb:{\u00ab\u00a0@isPermaLink\u00a0\u00bb:\u00a0\u00bbfalse\u00a0\u00bb,\u00a0\u00bb#\u00a0\u00bb:\u00a0\u00bbce1f0405109c3e78a64a2795f82bc470404693a3&Prime;},\u00a0\u00bbg:brand\u00a0\u00bb:\u00a0\u00bbBien ici\u00a0\u00bb,\u00a0\u00bbg:mpn\u00a0\u00bb:\u00a0\u00bbag755942-470520893&Prime;,\u00a0\u00bbg:google_product_category\u00a0\u00bb:\u00a0\u00bbMaison et jardin\u00a0\u00bb,\u00a0\u00bbg:product_type\u00a0\u00bb:\u00a0\u00bbMaison et jardin\u00a0\u00bb,\u00a0\u00bbg:shipping\u00a0\u00bb:{\u00ab\u00a0g:country\u00a0\u00bb:\u00a0\u00bbFR\u00a0\u00bb,\u00a0\u00bbg:price\u00a0\u00bb:\u00a0\u00bb0 EUR\u00a0\u00bb},\u00a0\u00bbg:availability\u00a0\u00bb:\u00a0\u00bben stock\u00a0\u00bb,\u00a0\u00bbg:condition\u00a0\u00bb:\u00a0\u00bboccasion\u00a0\u00bb,\u00a0\u00bbg:adType\u00a0\u00bb:\u00a0\u00bbbuy\u00a0\u00bb,\u00a0\u00bbg:propertyType\u00a0\u00bb:\u00a0\u00bbmaisonvilla\u00a0\u00bb,\u00a0\u00bbg:departement\u00a0\u00bb:\u00a0\u00bb38&Prime;,\u00a0\u00bbg:departement_name\u00a0\u00bb:\u00a0\u00bbIs\u00e8re\u00a0\u00bb,\u00a0\u00bbg:in_the_departement_name\u00a0\u00bb:\u00a0\u00bben Is\u00e8re\u00a0\u00bb,\u00a0\u00bbg:region_name\u00a0\u00bb:\u00a0\u00bbAuvergne-Rh\u00f4ne-Alpes\u00a0\u00bb,\u00a0\u00bbg:in_the_region_name\u00a0\u00bb:\u00a0\u00bben Auvergne-Rh\u00f4ne-Alpes\u00a0\u00bb,\u00a0\u00bbg:old_region_name\u00a0\u00bb:\u00a0\u00bbRh\u00f4ne-Alpes\u00a0\u00bb,\u00a0\u00bbg:old_in_the_region_name\u00a0\u00bb:\u00a0\u00bben Rh\u00f4ne-Alpes\u00a0\u00bb,\u00a0\u00bbg:city\u00a0\u00bb:\u00a0\u00bbVienne\u00a0\u00bb,\u00a0\u00bbg:in_city\u00a0\u00bb:\u00a0\u00bb\u00e0 Vienne\u00a0\u00bb,\u00a0\u00bbg:postal_code\u00a0\u00bb:\u00a0\u00bb38200&Prime;,\u00a0\u00bbg:surfaceArea\u00a0\u00bb:\u00a0\u00bb182&Prime;,\u00a0\u00bbg:roomsQuantity\u00a0\u00bb:\u00a0\u00bb7&Prime;,\u00a0\u00bbg:bedroomsQuantity\u00a0\u00bb:\u00a0\u00bb3&Prime;,\u00a0\u00bbg:energyClassification\u00a0\u00bb:\u00a0\u00bbNS\u00a0\u00bb,\u00a0\u00bbg:greenhouseGazClassification\u00a0\u00bb:\u00a0\u00bbNS\u00a0\u00bb,\u00a0\u00bbg:id\u00a0\u00bb:\u00a0\u00bbce1f0405109c3e78a64a2795f82bc470404693a3&Prime;,\u00a0\u00bbg:publicationDate\u00a0\u00bb:\u00a0\u00bb2025-05-11T02:07:58.764Z\u00a0\u00bb,\u00a0\u00bbg:modificationDate\u00a0\u00bb:\u00a0\u00bb2025-05-11T02:07:58.764Z\u00a0\u00bb,\u00a0\u00bbg:price\u00a0\u00bb:\u00a0\u00bb589000 EUR\u00a0\u00bb,\u00a0\u00bbg:image_link\u00a0\u00bb:\u00a0\u00bbhttps:\/\/file.bienici.com\/photo\/ag755942-470520893_photos.ubiflow.net_755942_470520893_photos_1.jpg_INSOON_EB_5512801818_20250511012023&Prime;,\u00a0\u00bbg:additional_image_link\u00a0\u00bb:[\u00ab\u00a0https:\/\/file.bienici.com\/photo\/ag755942-470520893_photos.ubiflow.net_755942_470520893_photos_2.jpg_INSOON_EB_5512801818_20250511012023&Prime;,\u00a0\u00bbhttps:\/\/file.bienici.com\/photo\/ag755942-470520893_photos.ubiflow.net_755942_470520893_photos_3.jpg_INSOON_EB_5512801818_20250511012023&Prime;,\u00a0\u00bbhttps:\/\/file.bienici.com\/photo\/ag755942-470520893_photos.ubiflow.net_755942_470520893_photos_4.jpg_INSOON_EB_5512801818_20250511012023&Prime;,\u00a0\u00bbhttps:\/\/file.bienici.com\/photo\/ag755942-470520893_photos.ubiflow.net_755942_470520893_photos_5.jpg_INSOON_EB_5512801818_20250511012023&Prime;,\u00a0\u00bbhttps:\/\/file.bienici.com\/photo\/ag755942-470520893_photos.ubiflow.net_755942_470520893_photos_6.jpg_INSOON_EB_5512801818_20250511012023&Prime;,\u00a0\u00bbhttps:\/\/file.bienici.com\/photo\/ag755942-470520893_photos.ubiflow.net_755942_470520893_photos_7.jpg_INSOON_EB_5512801818_20250511012023&Prime;,\u00a0\u00bbhttps:\/\/file.bienici.com\/photo\/ag755942-470520893_photos.ubiflow.net_755942_470520893_photos_8.jpg_INSOON_EB_5512801818_20250511012023&Prime;,\u00a0\u00bbhttps:\/\/file.bienici.com\/photo\/ag755942-470520893_photos.ubiflow.net_755942_470520893_photos_9.jpg_INSOON_EB_5512801818_20250511012023&Prime;,\u00a0\u00bbhttps:\/\/file.bienici.com\/photo\/ag755942-470520893_photos.ubiflow.net_755942_470520893_photos_10.jpg_INSOON_EB_5512801818_20250511012023&Prime;],\u00a0\u00bbg:latitude\u00a0\u00bb:\u00a0\u00bb45.502533983782016&Prime;,\u00a0\u00bbg:longitude\u00a0\u00bb:\u00a0\u00bb4.86627447385796&Prime;},{\u00ab\u00a0title\u00a0\u00bb:\u00a0\u00bbMaison 7\u00a0pi\u00e8ces 114\u00a0m\u00b2\u00a0\u00bb,\u00a0\u00bbdescription\u00a0\u00bb:\u00a0\u00bbMaison lumineuse et familiale \u00e0 deux pas de la gare de Clamart.\\n\u00c0 seulement 500 m\u00e8tres de la gare de Clamart et des commerces, d\u00e9couvrez cette charmante maison des ann\u00e9es 30, baign\u00e9e de lumi\u00e8re et parfaitement entretenue. Nich\u00e9e dans un environnement calme, elle offre un cadre de vie id\u00e9al pour une famille.\\nAu rez-de-chauss\u00e9e, vous serez accueilli par une entr\u00e9e desservant un s\u00e9jour avec salle \u00e0 manger, ainsi qu&rsquo;une cuisine enti\u00e8rement \u00e9quip\u00e9e ouvrant sur une agr\u00e9able terrasse arbor\u00e9e \u00e0 l&rsquo;arri\u00e8re de la maison \u2014 un v\u00e9ritable havre de paix.\\nLe premier \u00e9tage se compose de trois chambres confortables et d&rsquo;une salle de bains. Au deuxi\u00e8me \u00e9tage, vous trouverez deux chambres suppl\u00e9mentaires, un bureau id\u00e9al pour le t\u00e9l\u00e9travail, et une salle d&rsquo;eau.\\nLes combles ont \u00e9t\u00e9 am\u00e9nag\u00e9s en espace de rangement tr\u00e8s pratique. Un sous-sol total et un appentis compl\u00e8tent ce bien.\\nToiture refaite et isol\u00e9e, volets \u00e9lectriques.\\nVenez poser vos valises\\nLes informations sur les risques auxquels ce bien est expos\u00e9 sont disponibles sur le site G\u00e9orisques\u00a0: www.georisques.gouv.fr\u00a0\u00bb,\u00a0\u00bblink\u00a0\u00bb:\u00a0\u00bbhttps:\/\/www.bienici.com\/annonce\/ag923172-470529887&Prime;,\u00a0\u00bbguid\u00a0\u00bb:{\u00ab\u00a0@isPermaLink\u00a0\u00bb:\u00a0\u00bbfalse\u00a0\u00bb,\u00a0\u00bb#\u00a0\u00bb:\u00a0\u00bbcbc7cd7eb5ae18a1dedfaad9aa17a75f7e31d793&Prime;},\u00a0\u00bbg:brand\u00a0\u00bb:\u00a0\u00bbBien ici\u00a0\u00bb,\u00a0\u00bbg:mpn\u00a0\u00bb:\u00a0\u00bbag923172-470529887&Prime;,\u00a0\u00bbg:google_product_category\u00a0\u00bb:\u00a0\u00bbMaison et jardin\u00a0\u00bb,\u00a0\u00bbg:product_type\u00a0\u00bb:\u00a0\u00bbMaison et jardin\u00a0\u00bb,\u00a0\u00bbg:shipping\u00a0\u00bb:{\u00ab\u00a0g:country\u00a0\u00bb:\u00a0\u00bbFR\u00a0\u00bb,\u00a0\u00bbg:price\u00a0\u00bb:\u00a0\u00bb0 EUR\u00a0\u00bb},\u00a0\u00bbg:availability\u00a0\u00bb:\u00a0\u00bben stock\u00a0\u00bb,\u00a0\u00bbg:condition\u00a0\u00bb:\u00a0\u00bboccasion\u00a0\u00bb,\u00a0\u00bbg:adType\u00a0\u00bb:\u00a0\u00bbbuy\u00a0\u00bb,\u00a0\u00bbg:propertyType\u00a0\u00bb:\u00a0\u00bbmaisonvilla\u00a0\u00bb,\u00a0\u00bbg:departement\u00a0\u00bb:\u00a0\u00bb92&Prime;,\u00a0\u00bbg:departement_name\u00a0\u00bb:\u00a0\u00bbHauts-de-Seine\u00a0\u00bb,\u00a0\u00bbg:in_the_departement_name\u00a0\u00bb:\u00a0\u00bbdans les Hauts-de-Seine\u00a0\u00bb,\u00a0\u00bbg:region_name\u00a0\u00bb:\u00a0\u00bbIle-de-France\u00a0\u00bb,\u00a0\u00bbg:in_the_region_name\u00a0\u00bb:\u00a0\u00bben Ile-de-France\u00a0\u00bb,\u00a0\u00bbg:old_region_name\u00a0\u00bb:\u00a0\u00bbIle-de-France\u00a0\u00bb,\u00a0\u00bbg:old_in_the_region_name\u00a0\u00bb:\u00a0\u00bben Ile-de-France\u00a0\u00bb,\u00a0\u00bbg:city\u00a0\u00bb:\u00a0\u00bbClamart\u00a0\u00bb,\u00a0\u00bbg:in_city\u00a0\u00bb:\u00a0\u00bb\u00e0 Clamart\u00a0\u00bb,\u00a0\u00bbg:postal_code\u00a0\u00bb:\u00a0\u00bb92140&Prime;,\u00a0\u00bbg:surfaceArea\u00a0\u00bb:\u00a0\u00bb114&Prime;,\u00a0\u00bbg:roomsQuantity\u00a0\u00bb:\u00a0\u00bb7&Prime;,\u00a0\u00bbg:bedroomsQuantity\u00a0\u00bb:\u00a0\u00bb5&Prime;,\u00a0\u00bbg:energyClassification\u00a0\u00bb:\u00a0\u00bbD\u00a0\u00bb,\u00a0\u00bbg:greenhouseGazClassification\u00a0\u00bb:\u00a0\u00bbD\u00a0\u00bb,\u00a0\u00bbg:terrasse\u00a0\u00bb:\u00a0\u00bbterrasse\u00a0\u00bb,\u00a0\u00bbg:id\u00a0\u00bb:\u00a0\u00bbcbc7cd7eb5ae18a1dedfaad9aa17a75f7e31d793&Prime;,\u00a0\u00bbg:publicationDate\u00a0\u00bb:\u00a0\u00bb2025-05-11T02:05:32.269Z\u00a0\u00bb,\u00a0\u00bbg:modificationDate\u00a0\u00bb:\u00a0\u00bb2025-05-11T02:05:32.269Z\u00a0\u00bb,\u00a0\u00bbg:customerId\u00a0\u00bb:\u00a0\u00bbclamart@jdc-ci.fr-1698153247960&Prime;,\u00a0\u00bbg:price\u00a0\u00bb:\u00a0\u00bb925000 EUR\u00a0\u00bb,\u00a0\u00bbg:image_link\u00a0\u00bb:\u00a0\u00bbhttps:\/\/file.bienici.com\/photo\/ag923172-470529887_photos.ubiflow.net_923172_470529887_photos_1.jpg_INSOON_EB_5512801818_20250511024912&Prime;,\u00a0\u00bbg:additional_image_link\u00a0\u00bb:[\u00ab\u00a0https:\/\/file.bienici.com\/photo\/ag923172-470529887_photos.ubiflow.net_923172_470529887_photos_2.jpg_INSOON_EB_5512801818_20250511024912&Prime;,\u00a0\u00bbhttps:\/\/file.bienici.com\/photo\/ag923172-470529887_photos.ubiflow.net_923172_470529887_photos_3.jpg_INSOON_EB_5512801818_20250511024912&Prime;,\u00a0\u00bbhttps:\/\/file.bienici.com\/photo\/ag923172-470529887_photos.ubiflow.net_923172_470529887_photos_4.jpg_INSOON_EB_5512801818_20250511024912&Prime;,\u00a0\u00bbhttps:\/\/file.bienici.com\/photo\/ag923172-470529887_photos.ubiflow.net_923172_470529887_photos_5.jpg_INSOON_EB_5512801818_20250511024912&Prime;,\u00a0\u00bbhttps:\/\/file.bienici.com\/photo\/ag923172-470529887_photos.ubiflow.net_923172_470529887_photos_6.jpg_INSOON_EB_5512801818_20250511024912&Prime;,\u00a0\u00bbhttps:\/\/file.bienici.com\/photo\/ag923172-470529887_photos.ubiflow.net_923172_470529887_photos_7.jpg_INSOON_EB_5512801818_20250511024912&Prime;,\u00a0\u00bbhttps:\/\/file.bienici.com\/photo\/ag923172-470529887_photos.ubiflow.net_923172_470529887_photos_8.jpg_INSOON_EB_5512801818_20250511024912&Prime;,\u00a0\u00bbhttps:\/\/file.bienici.com\/photo\/ag923172-470529887_photos.ubiflow.net_923172_470529887_photos_9.jpg_INSOON_EB_5512801818_20250511024912&Prime;,\u00a0\u00bbhttps:\/\/file.bienici.com\/photo\/ag923172-470529887_photos.ubiflow.net_923172_470529887_photos_10.jpg_INSOON_EB_5512801818_20250511024912&Prime;],\u00a0\u00bbg:latitude\u00a0\u00bb:\u00a0\u00bb48.813404419566844&Prime;,\u00a0\u00bbg:longitude\u00a0\u00bb:\u00a0\u00bb2.273376982217113&Prime;},{\u00ab\u00a0title\u00a0\u00bb:\u00a0\u00bbAppartement 3\u00a0pi\u00e8ces 73\u00a0m\u00b2\u00a0\u00bb,\u00a0\u00bbdescription\u00a0\u00bb:\u00a0\u00bbClamart Gare \u2013 \u00c0 deux pas de la gare SNCF (ligne N), de la future ligne 15 du Grand Paris, des commerces et des \u00e9coles, venez d\u00e9couvrir ce lumineux 4 pi\u00e8ces situ\u00e9 au 3e \u00e9tage d&rsquo;un immeuble ancien avec ascenseur.\\nIl comprend deux chambres, un double s\u00e9jour (possibilit\u00e9 de recr\u00e9er une 3e chambre), une cuisine en tr\u00e8s bon \u00e9tat, une salle de bains avec fen\u00eatre, des WC s\u00e9par\u00e9s et de nombreux rangements.\\nUne cave compl\u00e8te ce bien.\\nLes informations sur les risques auxquels ce bien est expos\u00e9 sont disponibles sur le site G\u00e9orisques\u00a0: www.georisques.gouv.fr\u00a0\u00bb,\u00a0\u00bblink\u00a0\u00bb:\u00a0\u00bbhttps:\/\/www.bienici.com\/annonce\/ag923172-470529878&Prime;,\u00a0\u00bbguid\u00a0\u00bb:{\u00ab\u00a0@isPermaLink\u00a0\u00bb:\u00a0\u00bbfalse\u00a0\u00bb,\u00a0\u00bb#\u00a0\u00bb:\u00a0\u00bbf4b32b7f59b48f0eb4489949188d7e05f01c8d05&Prime;},\u00a0\u00bbg:brand\u00a0\u00bb:\u00a0\u00bbBien ici\u00a0\u00bb,\u00a0\u00bbg:mpn\u00a0\u00bb:\u00a0\u00bbag923172-470529878&Prime;,\u00a0\u00bbg:google_product_category\u00a0\u00bb:\u00a0\u00bbMaison et jardin\u00a0\u00bb,\u00a0\u00bbg:product_type\u00a0\u00bb:\u00a0\u00bbMaison et jardin\u00a0\u00bb,\u00a0\u00bbg:shipping\u00a0\u00bb:{\u00ab\u00a0g:country\u00a0\u00bb:\u00a0\u00bbFR\u00a0\u00bb,\u00a0\u00bbg:price\u00a0\u00bb:\u00a0\u00bb0 EUR\u00a0\u00bb},\u00a0\u00bbg:availability\u00a0\u00bb:\u00a0\u00bben stock\u00a0\u00bb,\u00a0\u00bbg:condition\u00a0\u00bb:\u00a0\u00bboccasion\u00a0\u00bb,\u00a0\u00bbg:adType\u00a0\u00bb:\u00a0\u00bbbuy\u00a0\u00bb,\u00a0\u00bbg:propertyType\u00a0\u00bb:\u00a0\u00bbappartement\u00a0\u00bb,\u00a0\u00bbg:departement\u00a0\u00bb:\u00a0\u00bb92&Prime;,\u00a0\u00bbg:departement_name\u00a0\u00bb:\u00a0\u00bbHauts-de-Seine\u00a0\u00bb,\u00a0\u00bbg:in_the_departement_name\u00a0\u00bb:\u00a0\u00bbdans les Hauts-de-Seine\u00a0\u00bb,\u00a0\u00bbg:region_name\u00a0\u00bb:\u00a0\u00bbIle-de-France\u00a0\u00bb,\u00a0\u00bbg:in_the_region_name\u00a0\u00bb:\u00a0\u00bben Ile-de-France\u00a0\u00bb,\u00a0\u00bbg:old_region_name\u00a0\u00bb:\u00a0\u00bbIle-de-France\u00a0\u00bb,\u00a0\u00bbg:old_in_the_region_name\u00a0\u00bb:\u00a0\u00bben Ile-de-France\u00a0\u00bb,\u00a0\u00bbg:city\u00a0\u00bb:\u00a0\u00bbClamart\u00a0\u00bb,\u00a0\u00bbg:in_city\u00a0\u00bb:\u00a0\u00bb\u00e0 Clamart\u00a0\u00bb,\u00a0\u00bbg:postal_code\u00a0\u00bb:\u00a0\u00bb92140&Prime;,\u00a0\u00bbg:surfaceArea\u00a0\u00bb:\u00a0\u00bb73&Prime;,\u00a0\u00bbg:roomsQuantity\u00a0\u00bb:\u00a0\u00bb3&Prime;,\u00a0\u00bbg:bedroomsQuantity\u00a0\u00bb:\u00a0\u00bb2&Prime;,\u00a0\u00bbg:energyClassification\u00a0\u00bb:\u00a0\u00bbD\u00a0\u00bb,\u00a0\u00bbg:greenhouseGazClassification\u00a0\u00bb:\u00a0\u00bbD\u00a0\u00bb,\u00a0\u00bbg:id\u00a0\u00bb:\u00a0\u00bbf4b32b7f59b48f0eb4489949188d7e05f01c8d05&Prime;,\u00a0\u00bbg:publicationDate\u00a0\u00bb:\u00a0\u00bb2025-05-11T02:05:32.269Z\u00a0\u00bb,\u00a0\u00bbg:modificationDate\u00a0\u00bb:\u00a0\u00bb2025-05-11T02:05:32.269Z\u00a0\u00bb,\u00a0\u00bbg:customerId\u00a0\u00bb:\u00a0\u00bbclamart@jdc-ci.fr-1698153247960&Prime;,\u00a0\u00bbg:price\u00a0\u00bb:\u00a0\u00bb420000 EUR\u00a0\u00bb,\u00a0\u00bbg:image_link\u00a0\u00bb:\u00a0\u00bbhttps:\/\/file.bienici.com\/photo\/ag923172-470529878_photos.ubiflow.net_923172_470529878_photos_1.jpg_INSOON_EB_5512801818_20250511024910&Prime;,\u00a0\u00bbg:additional_image_link\u00a0\u00bb:[\u00ab\u00a0https:\/\/file.bienici.com\/photo\/ag923172-470529878_photos.ubiflow.net_923172_470529878_photos_2.jpg_INSOON_EB_5512801818_20250511024910&Prime;,\u00a0\u00bbhttps:\/\/file.bienici.com\/photo\/ag923172-470529878_photos.ubiflow.net_923172_470529878_photos_3.jpg_INSOON_EB_5512801818_20250511024910&Prime;,\u00a0\u00bbhttps:\/\/file.bienici.com\/photo\/ag923172-470529878_photos.ubiflow.net_923172_470529878_photos_4.jpg_INSOON_EB_5512801818_20250511024910&Prime;,\u00a0\u00bbhttps:\/\/file.bienici.com\/photo\/ag923172-470529878_photos.ubiflow.net_923172_470529878_photos_5.jpg_INSOON_EB_5512801818_20250511024910&Prime;,\u00a0\u00bbhttps:\/\/file.bienici.com\/photo\/ag923172-470529878_photos.ubiflow.net_923172_470529878_photos_6.jpg_INSOON_EB_5512801818_20250511024910&Prime;,\u00a0\u00bbhttps:\/\/file.bienici.com\/photo\/ag923172-470529878_photos.ubiflow.net_923172_470529878_photos_7.jpg_INSOON_EB_5512801818_20250511024910&Prime;,\u00a0\u00bbhttps:\/\/file.bienici.com\/photo\/ag923172-470529878_photos.ubiflow.net_923172_470529878_photos_8.jpg_INSOON_EB_5512801818_20250511024910&Prime;,\u00a0\u00bbhttps:\/\/file.bienici.com\/photo\/ag923172-470529878_photos.ubiflow.net_923172_470529878_photos_9.jpg_INSOON_EB_5512801818_20250511024910&Prime;],\u00a0\u00bbg:latitude\u00a0\u00bb:\u00a0\u00bb48.812231819566755&Prime;,\u00a0\u00bbg:longitude\u00a0\u00bb:\u00a0\u00bb2.2714588704185252&Prime;},{\u00ab\u00a0title\u00a0\u00bb:\u00a0\u00bbMaison 4\u00a0pi\u00e8ces 40\u00a0m\u00b2\u00a0\u00bb,\u00a0\u00bbdescription\u00a0\u00bb:\u00a0\u00bbCentre de Clamart dans un ilot de verdure nous vous proposons une maison de 40 m\u00b2, implant\u00e9e sur une parcelle arbor\u00e9e de 333 m\u00b2. Actuellement compos\u00e9e de 4 pi\u00e8ces, elle est enti\u00e8rement \u00e0 r\u00e9nover et offre un beau potentiel permettant de r\u00e9aliser un projet \u00e0 votre image. Un permis de construire permettant de porter la surface habitable \u00e0 161 m\u00b2 est \u00e0 l&rsquo;\u00e9tude. Ce projet pr\u00e9voit notamment un vaste espace de vie de 52 m\u00b2 de plain-pied sur le jardin, ainsi que 4 \u00e0 5 chambres. Des plans de projet et des visuels 3D sont \u00e0 votre disposition\\nLes informations sur les risques auxquels ce bien est expos\u00e9 sont disponibles sur le site G\u00e9orisques\u00a0: www.georisques.gouv.fr\u00a0\u00bb,\u00a0\u00bblink\u00a0\u00bb:\u00a0\u00bbhttps:\/\/www.bienici.com\/annonce\/ag923172-470529881&Prime;,\u00a0\u00bbguid\u00a0\u00bb:{\u00ab\u00a0@isPermaLink\u00a0\u00bb:\u00a0\u00bbfalse\u00a0\u00bb,\u00a0\u00bb#\u00a0\u00bb:\u00a0\u00bb21030eef1e366be61334cf20156ee3162e2c17e3&Prime;},\u00a0\u00bbg:brand\u00a0\u00bb:\u00a0\u00bbBien ici\u00a0\u00bb,\u00a0\u00bbg:mpn\u00a0\u00bb:\u00a0\u00bbag923172-470529881&Prime;,\u00a0\u00bbg:google_product_category\u00a0\u00bb:\u00a0\u00bbMaison et jardin\u00a0\u00bb,\u00a0\u00bbg:product_type\u00a0\u00bb:\u00a0\u00bbMaison et jardin\u00a0\u00bb,\u00a0\u00bbg:shipping\u00a0\u00bb:{\u00ab\u00a0g:country\u00a0\u00bb:\u00a0\u00bbFR\u00a0\u00bb,\u00a0\u00bbg:price\u00a0\u00bb:\u00a0\u00bb0 EUR\u00a0\u00bb},\u00a0\u00bbg:availability\u00a0\u00bb:\u00a0\u00bben stock\u00a0\u00bb,\u00a0\u00bbg:condition\u00a0\u00bb:\u00a0\u00bboccasion\u00a0\u00bb,\u00a0\u00bbg:adType\u00a0\u00bb:\u00a0\u00bbbuy\u00a0\u00bb,\u00a0\u00bbg:propertyType\u00a0\u00bb:\u00a0\u00bbmaisonvilla\u00a0\u00bb,\u00a0\u00bbg:departement\u00a0\u00bb:\u00a0\u00bb92&Prime;,\u00a0\u00bbg:departement_name\u00a0\u00bb:\u00a0\u00bbHauts-de-Seine\u00a0\u00bb,\u00a0\u00bbg:in_the_departement_name\u00a0\u00bb:\u00a0\u00bbdans les Hauts-de-Seine\u00a0\u00bb,\u00a0\u00bbg:region_name\u00a0\u00bb:\u00a0\u00bbIle-de-France\u00a0\u00bb,\u00a0\u00bbg:in_the_region_name\u00a0\u00bb:\u00a0\u00bben Ile-de-France\u00a0\u00bb,\u00a0\u00bbg:old_region_name\u00a0\u00bb:\u00a0\u00bbIle-de-France\u00a0\u00bb,\u00a0\u00bbg:old_in_the_region_name\u00a0\u00bb:\u00a0\u00bben Ile-de-France\u00a0\u00bb,\u00a0\u00bbg:city\u00a0\u00bb:\u00a0\u00bbClamart\u00a0\u00bb,\u00a0\u00bbg:in_city\u00a0\u00bb:\u00a0\u00bb\u00e0 Clamart\u00a0\u00bb,\u00a0\u00bbg:postal_code\u00a0\u00bb:\u00a0\u00bb92140&Prime;,\u00a0\u00bbg:surfaceArea\u00a0\u00bb:\u00a0\u00bb40&Prime;,\u00a0\u00bbg:roomsQuantity\u00a0\u00bb:\u00a0\u00bb4&Prime;,\u00a0\u00bbg:bedroomsQuantity\u00a0\u00bb:\u00a0\u00bb5&Prime;,\u00a0\u00bbg:energyClassification\u00a0\u00bb:\u00a0\u00bbNS\u00a0\u00bb,\u00a0\u00bbg:greenhouseGazClassification\u00a0\u00bb:\u00a0\u00bbNS\u00a0\u00bb,\u00a0\u00bbg:id\u00a0\u00bb:\u00a0\u00bb21030eef1e366be61334cf20156ee3162e2c17e3&Prime;,\u00a0\u00bbg:publicationDate\u00a0\u00bb:\u00a0\u00bb2025-05-11T02:05:32.269Z\u00a0\u00bb,\u00a0\u00bbg:modificationDate\u00a0\u00bb:\u00a0\u00bb2025-05-11T02:05:32.269Z\u00a0\u00bb,\u00a0\u00bbg:customerId\u00a0\u00bb:\u00a0\u00bbclamart@jdc-ci.fr-1698153247960&Prime;,\u00a0\u00bbg:price\u00a0\u00bb:\u00a0\u00bb569000 EUR\u00a0\u00bb,\u00a0\u00bbg:image_link\u00a0\u00bb:\u00a0\u00bbhttps:\/\/file.bienici.com\/photo\/ag923172-470529881_photos.ubiflow.net_923172_470529881_photos_1.jpg_INSOON_EB_5512801818_20250511024911&Prime;,\u00a0\u00bbg:additional_image_link\u00a0\u00bb:[\u00ab\u00a0https:\/\/file.bienici.com\/photo\/ag923172-470529881_photos.ubiflow.net_923172_470529881_photos_2.jpg_INSOON_EB_5512801818_20250511024911&Prime;,\u00a0\u00bbhttps:\/\/file.bienici.com\/photo\/ag923172-470529881_photos.ubiflow.net_923172_470529881_photos_3.jpg_INSOON_EB_5512801818_20250511024911&Prime;,\u00a0\u00bbhttps:\/\/file.bienici.com\/photo\/ag923172-470529881_photos.ubiflow.net_923172_470529881_photos_4.jpg_INSOON_EB_5512801818_20250511024911&Prime;,\u00a0\u00bbhttps:\/\/file.bienici.com\/photo\/ag923172-470529881_photos.ubiflow.net_923172_470529881_photos_5.jpg_INSOON_EB_5512801818_20250511024911&Prime;,\u00a0\u00bbhttps:\/\/file.bienici.com\/photo\/ag923172-470529881_photos.ubiflow.net_923172_470529881_photos_6.jpg_INSOON_EB_5512801818_20250511024911\u00a0\u00bb]},{\u00ab\u00a0title\u00a0\u00bb:\u00a0\u00bbMaison 5\u00a0pi\u00e8ces 114\u00a0m\u00b2\u00a0\u00bb,\u00a0\u00bbdescription\u00a0\u00bb:\u00a0\u00bbMaison en meuli\u00e8re 1930 \u2013 Charme, calme et potentiel \u00e0 d\u00e9couvrir \u00e0 600 m\u00e8tre du Parc Maison Blanche.\\nEdifi\u00e9e sur un terrain de 318 m\u00b2 en retrait de la rue, cette maison sera vous s\u00e9duire par son caract\u00e8re et son fort potentiel.\\nR\u00e9partie sur un rez-de-chauss\u00e9e, un \u00e9tage et un sous-sol total, elle est d\u00e9j\u00e0 \u00e9quip\u00e9e d&rsquo;une pompe \u00e0 chaleur et de fen\u00eatre en double vitrage, ce qui lui permet d&rsquo;afficher une classe \u00e9nerg\u00e9tique C (DPE), un atout rare pour ce type de bien ancien bien que des travaux de redistribution soient \u00e0 pr\u00e9voir. Apr\u00e8s travaux, vous pourrez profitez d&rsquo;un espace de vie lumineux de plus de 40 m\u00b2, de 4 chambres, ainsi que d&rsquo;un bureau, id\u00e9al pour le t\u00e9l\u00e9travail ou les besoins d&rsquo;une famille.\\nLes informations sur les risques auxquels ce bien est expos\u00e9 sont disponibles sur le site G\u00e9orisques\u00a0: www.georisques.gouv.fr\u00a0\u00bb,\u00a0\u00bblink\u00a0\u00bb:\u00a0\u00bbhttps:\/\/www.bienici.com\/annonce\/ag923172-470529890&Prime;,\u00a0\u00bbguid\u00a0\u00bb:{\u00ab\u00a0@isPermaLink\u00a0\u00bb:\u00a0\u00bbfalse\u00a0\u00bb,\u00a0\u00bb#\u00a0\u00bb:\u00a0\u00bb4d4eb0dbe5f1f88c11e93f95590f0bf0cb57726a\u00a0\u00bb},\u00a0\u00bbg:brand\u00a0\u00bb:\u00a0\u00bbBien ici\u00a0\u00bb,\u00a0\u00bbg:mpn\u00a0\u00bb:\u00a0\u00bbag923172-470529890&Prime;,\u00a0\u00bbg:google_product_category\u00a0\u00bb:\u00a0\u00bbMaison et jardin\u00a0\u00bb,\u00a0\u00bbg:product_type\u00a0\u00bb:\u00a0\u00bbMaison et jardin\u00a0\u00bb,\u00a0\u00bbg:shipping\u00a0\u00bb:{\u00ab\u00a0g:country\u00a0\u00bb:\u00a0\u00bbFR\u00a0\u00bb,\u00a0\u00bbg:price\u00a0\u00bb:\u00a0\u00bb0 EUR\u00a0\u00bb},\u00a0\u00bbg:availability\u00a0\u00bb:\u00a0\u00bben stock\u00a0\u00bb,\u00a0\u00bbg:condition\u00a0\u00bb:\u00a0\u00bboccasion\u00a0\u00bb,\u00a0\u00bbg:adType\u00a0\u00bb:\u00a0\u00bbbuy\u00a0\u00bb,\u00a0\u00bbg:propertyType\u00a0\u00bb:\u00a0\u00bbmaisonvilla\u00a0\u00bb,\u00a0\u00bbg:departement\u00a0\u00bb:\u00a0\u00bb92&Prime;,\u00a0\u00bbg:departement_name\u00a0\u00bb:\u00a0\u00bbHauts-de-Seine\u00a0\u00bb,\u00a0\u00bbg:in_the_departement_name\u00a0\u00bb:\u00a0\u00bbdans les Hauts-de-Seine\u00a0\u00bb,\u00a0\u00bbg:region_name\u00a0\u00bb:\u00a0\u00bbIle-de-France\u00a0\u00bb,\u00a0\u00bbg:in_the_region_name\u00a0\u00bb:\u00a0\u00bben Ile-de-France\u00a0\u00bb,\u00a0\u00bbg:old_region_name\u00a0\u00bb:\u00a0\u00bbIle-de-France\u00a0\u00bb,\u00a0\u00bbg:old_in_the_region_name\u00a0\u00bb:\u00a0\u00bben Ile-de-France\u00a0\u00bb,\u00a0\u00bbg:city\u00a0\u00bb:\u00a0\u00bbClamart\u00a0\u00bb,\u00a0\u00bbg:in_city\u00a0\u00bb:\u00a0\u00bb\u00e0 Clamart\u00a0\u00bb,\u00a0\u00bbg:postal_code\u00a0\u00bb:\u00a0\u00bb92140&Prime;,\u00a0\u00bbg:surfaceArea\u00a0\u00bb:\u00a0\u00bb114&Prime;,\u00a0\u00bbg:roomsQuantity\u00a0\u00bb:\u00a0\u00bb5&Prime;,\u00a0\u00bbg:bedroomsQuantity\u00a0\u00bb:\u00a0\u00bb4&Prime;,\u00a0\u00bbg:energyClassification\u00a0\u00bb:\u00a0\u00bbC\u00a0\u00bb,\u00a0\u00bbg:greenhouseGazClassification\u00a0\u00bb:\u00a0\u00bbA\u00a0\u00bb,\u00a0\u00bbg:id\u00a0\u00bb:\u00a0\u00bb4d4eb0dbe5f1f88c11e93f95590f0bf0cb57726a\u00a0\u00bb,\u00a0\u00bbg:publicationDate\u00a0\u00bb:\u00a0\u00bb2025-05-11T02:05:32.269Z\u00a0\u00bb,\u00a0\u00bbg:modificationDate\u00a0\u00bb:\u00a0\u00bb2025-05-11T02:05:32.269Z\u00a0\u00bb,\u00a0\u00bbg:customerId\u00a0\u00bb:\u00a0\u00bbclamart@jdc-ci.fr-1698153247960&Prime;,\u00a0\u00bbg:price\u00a0\u00bb:\u00a0\u00bb750000 EUR\u00a0\u00bb,\u00a0\u00bbg:image_link\u00a0\u00bb:\u00a0\u00bbhttps:\/\/file.bienici.com\/photo\/ag923172-470529890_photos.ubiflow.net_923172_470529890_photos_1.jpg_INSOON_EB_5512801818_20250511024913&Prime;,\u00a0\u00bbg:additional_image_link\u00a0\u00bb:[\u00ab\u00a0https:\/\/file.bienici.com\/photo\/ag923172-470529890_photos.ubiflow.net_923172_470529890_photos_2.jpg_INSOON_EB_5512801818_20250511024913&Prime;,\u00a0\u00bbhttps:\/\/file.bienici.com\/photo\/ag923172-470529890_photos.ubiflow.net_923172_470529890_photos_3.jpg_INSOON_EB_5512801818_20250511024913&Prime;,\u00a0\u00bbhttps:\/\/file.bienici.com\/photo\/ag923172-470529890_photos.ubiflow.net_923172_470529890_photos_4.jpg_INSOON_EB_5512801818_20250511024913&Prime;,\u00a0\u00bbhttps:\/\/file.bienici.com\/photo\/ag923172-470529890_photos.ubiflow.net_923172_470529890_photos_5.jpg_INSOON_EB_5512801818_20250511024913&Prime;,\u00a0\u00bbhttps:\/\/file.bienici.com\/photo\/ag923172-470529890_photos.ubiflow.net_923172_470529890_photos_6.jpg_INSOON_EB_5512801818_20250511024913&Prime;,\u00a0\u00bbhttps:\/\/file.bienici.com\/photo\/ag923172-470529890_photos.ubiflow.net_923172_470529890_photos_7.jpg_INSOON_EB_5512801818_20250511024913\u00a0\u00bb]},{\u00ab\u00a0title\u00a0\u00bb:\u00a0\u00bbAppartement 4\u00a0pi\u00e8ces 76\u00a0m\u00b2\u00a0\u00bb,\u00a0\u00bbdescription\u00a0\u00bb:\u00a0\u00bbA 2 pas de la Gare RER Saint-Ouen-l&rsquo;Aum\u00f4ne Liesse (REC C et transilien H), Esse Valorisation vous propose en exclusivit\u00e9 ce beau 4 pi\u00e8ces en duplex de 76,80m\u00b2 au 1er et 2\u00e8me \u00e9tage d&rsquo;une r\u00e9sidence de bon standing de 2021 (frais de notaire r\u00e9duits). L&rsquo;appartement se compose d&rsquo;une entr\u00e9e avec rangements, un s\u00e9jour avec cuisine US donnant sur balcon, salle d&rsquo;eau avec wc et \u00e0 l&rsquo;\u00e9tage 3 chambres, une salle de bains, wc s\u00e9par\u00e9s.\\n2 emplacements de parking sont inclus dans la vente.\\nCharges annuelles : 2.750 \u20ac. Taxe Fonci\u00e8re estim\u00e9e 900 \u20ac\\nAscenseur, Chauffage gaz collectif (avec compteurs), Fibre.\\nPas de proc\u00e9dure en cours.\\nLes informations sur les risques auxquels ce bien est expos\u00e9 sont disponibles sur le site G\u00e9orisques\u00a0: Les informations sur les risques auxquels ce bien est expos\u00e9 sont disponibles sur le site G\u00e9orisques\u00a0: georisques.gouv.fr\u00a0\u00bb,\u00a0\u00bblink\u00a0\u00bb:\u00a0\u00bbhttps:\/\/www.bienici.com\/annonce\/ag923348-470522639&Prime;,\u00a0\u00bbguid\u00a0\u00bb:{\u00ab\u00a0@isPermaLink\u00a0\u00bb:\u00a0\u00bbfalse\u00a0\u00bb,\u00a0\u00bb#\u00a0\u00bb:\u00a0\u00bb56f3ebdebe3b9b2da352b5c5fa4d71a1bab4a7e8&Prime;},\u00a0\u00bbg:brand\u00a0\u00bb:\u00a0\u00bbBien ici\u00a0\u00bb,\u00a0\u00bbg:mpn\u00a0\u00bb:\u00a0\u00bbag923348-470522639&Prime;,\u00a0\u00bbg:google_product_category\u00a0\u00bb:\u00a0\u00bbMaison et jardin\u00a0\u00bb,\u00a0\u00bbg:product_type\u00a0\u00bb:\u00a0\u00bbMaison et jardin\u00a0\u00bb,\u00a0\u00bbg:shipping\u00a0\u00bb:{\u00ab\u00a0g:country\u00a0\u00bb:\u00a0\u00bbFR\u00a0\u00bb,\u00a0\u00bbg:price\u00a0\u00bb:\u00a0\u00bb0 EUR\u00a0\u00bb},\u00a0\u00bbg:availability\u00a0\u00bb:\u00a0\u00bben stock\u00a0\u00bb,\u00a0\u00bbg:condition\u00a0\u00bb:\u00a0\u00bboccasion\u00a0\u00bb,\u00a0\u00bbg:adType\u00a0\u00bb:\u00a0\u00bbbuy\u00a0\u00bb,\u00a0\u00bbg:propertyType\u00a0\u00bb:\u00a0\u00bbappartement\u00a0\u00bb,\u00a0\u00bbg:departement\u00a0\u00bb:\u00a0\u00bb95&Prime;,\u00a0\u00bbg:departement_name\u00a0\u00bb:\u00a0\u00bbVal-d\u2019Oise\u00a0\u00bb,\u00a0\u00bbg:in_the_departement_name\u00a0\u00bb:\u00a0\u00bbdans le Val-d\u2019Oise\u00a0\u00bb,\u00a0\u00bbg:region_name\u00a0\u00bb:\u00a0\u00bbIle-de-France\u00a0\u00bb,\u00a0\u00bbg:in_the_region_name\u00a0\u00bb:\u00a0\u00bben Ile-de-France\u00a0\u00bb,\u00a0\u00bbg:old_region_name\u00a0\u00bb:\u00a0\u00bbIle-de-France\u00a0\u00bb,\u00a0\u00bbg:old_in_the_region_name\u00a0\u00bb:\u00a0\u00bben Ile-de-France\u00a0\u00bb,\u00a0\u00bbg:city\u00a0\u00bb:\u00a0\u00bbSaint-Ouen-l&rsquo;Aum\u00f4ne\u00a0\u00bb,\u00a0\u00bbg:in_city\u00a0\u00bb:\u00a0\u00bb\u00e0 Saint-Ouen-l&rsquo;Aum\u00f4ne\u00a0\u00bb,\u00a0\u00bbg:postal_code\u00a0\u00bb:\u00a0\u00bb95310&Prime;,\u00a0\u00bbg:surfaceArea\u00a0\u00bb:\u00a0\u00bb76&Prime;,\u00a0\u00bbg:roomsQuantity\u00a0\u00bb:\u00a0\u00bb4&Prime;,\u00a0\u00bbg:bedroomsQuantity\u00a0\u00bb:\u00a0\u00bb3&Prime;,\u00a0\u00bbg:energyClassification\u00a0\u00bb:\u00a0\u00bbC\u00a0\u00bb,\u00a0\u00bbg:greenhouseGazClassification\u00a0\u00bb:\u00a0\u00bbC\u00a0\u00bb,\u00a0\u00bbg:parking\u00a0\u00bb:\u00a0\u00bbparking\u00a0\u00bb,\u00a0\u00bbg:balcon\u00a0\u00bb:\u00a0\u00bbbalcon\u00a0\u00bb,\u00a0\u00bbg:id\u00a0\u00bb:\u00a0\u00bb56f3ebdebe3b9b2da352b5c5fa4d71a1bab4a7e8&Prime;,\u00a0\u00bbg:publicationDate\u00a0\u00bb:\u00a0\u00bb2025-05-11T02:05:28.761Z\u00a0\u00bb,\u00a0\u00bbg:modificationDate\u00a0\u00bb:\u00a0\u00bb2025-05-11T02:05:28.761Z\u00a0\u00bb,\u00a0\u00bbg:price\u00a0\u00bb:\u00a0\u00bb303000 EUR\u00a0\u00bb,\u00a0\u00bbg:image_link\u00a0\u00bb:\u00a0\u00bbhttps:\/\/file.bienici.com\/photo\/ag923348-470522639_photos.ubiflow.net_923348_470522639_photos_1.jpg_INSOON_EB_5512801818_20250511013525&Prime;,\u00a0\u00bbg:additional_image_link\u00a0\u00bb:[\u00ab\u00a0https:\/\/file.bienici.com\/photo\/ag923348-470522639_photos.ubiflow.net_923348_470522639_photos_2.jpg_INSOON_EB_5512801818_20250511013525&Prime;,\u00a0\u00bbhttps:\/\/file.bienici.com\/photo\/ag923348-470522639_photos.ubiflow.net_923348_470522639_photos_3.jpg_INSOON_EB_5512801818_20250511013525&Prime;,\u00a0\u00bbhttps:\/\/file.bienici.com\/photo\/ag923348-470522639_photos.ubiflow.net_923348_470522639_photos_4.jpg_INSOON_EB_5512801818_20250511013525&Prime;,\u00a0\u00bbhttps:\/\/file.bienici.com\/photo\/ag923348-470522639_photos.ubiflow.net_923348_470522639_photos_5.jpg_INSOON_EB_5512801818_20250511013525&Prime;,\u00a0\u00bbhttps:\/\/file.bienici.com\/photo\/ag923348-470522639_photos.ubiflow.net_923348_470522639_photos_6.jpg_INSOON_EB_5512801818_20250511013525&Prime;,\u00a0\u00bbhttps:\/\/file.bienici.com\/photo\/ag923348-470522639_photos.ubiflow.net_923348_470522639_photos_7.jpg_INSOON_EB_5512801818_20250511013525&Prime;,\u00a0\u00bbhttps:\/\/file.bienici.com\/photo\/ag923348-470522639_photos.ubiflow.net_923348_470522639_photos_8.jpg_INSOON_EB_5512801818_20250511013525&Prime;,\u00a0\u00bbhttps:\/\/file.bienici.com\/photo\/ag923348-470522639_photos.ubiflow.net_923348_470522639_photos_9.jpg_INSOON_EB_5512801818_20250511013525&Prime;,\u00a0\u00bbhttps:\/\/file.bienici.com\/photo\/ag923348-470522639_photos.ubiflow.net_923348_470522639_photos_10.jpg_INSOON_EB_5512801818_20250511013525&Prime;],\u00a0\u00bbg:latitude\u00a0\u00bb:\u00a0\u00bb49.03555360193002&Prime;,\u00a0\u00bbg:longitude\u00a0\u00bb:\u00a0\u00bb2.131983132099182&Prime;},{\u00ab\u00a0title\u00a0\u00bb:\u00a0\u00bbMaison 8\u00a0pi\u00e8ces 279\u00a0m\u00b2\u00a0\u00bb,\u00a0\u00bbdescription\u00a0\u00bb:\u00a0\u00bbL&rsquo;agence Sindy Micots Immobilier vous propose \u00e0 quelques minutes d&rsquo;Uz\u00e8s une villa de plain pied de pr\u00e8s de 220 m2 ainsi qu&rsquo;une maison secondaire abritant un appartement de 2 pi\u00e8ces de 58 m2., tourn\u00e9s tous deux sur le jardin et sa piscine chauff\u00e9e. Un vaste hall d&rsquo;entr\u00e9e avec vestiaire partage la maison entre les espaces de vie et les chambres. la grande pi\u00e8ce de vie de 76 m2 est baign\u00e9e de lumi\u00e8re par ses grandes baies vitr\u00e9es, la cuisine haut de gamme \u00e9quip\u00e9e poss\u00e8de une arri\u00e8re cuisine dissimul\u00e9e. Cot\u00e9 nuit, une suite parentale de 46 m2, 3 belles chambres de 18 m2 se partagent une salle de bains avec baignoire et douche. A l&rsquo;exterieur, un jardin paysag\u00e9 avec terrain de p\u00e9tanque. Panneaux solaires. Arrosage automatique. Climatisation r\u00e9versible par pompe \u00e0 chaleur gainable. Hauteur sous plafond de 2m75. Borne \u00e9lectrique. Fibre. Calme et sans vis \u00e0 vis.<br \/>\u00ab\u00a0,\u00a0\u00bblink\u00a0\u00bb:\u00a0\u00bbhttps:\/\/www.bienici.com\/annonce\/hektor-sindymicotsimmobilier-7614&Prime;,\u00a0\u00bbguid\u00a0\u00bb:{\u00ab\u00a0@isPermaLink\u00a0\u00bb:\u00a0\u00bbfalse\u00a0\u00bb,\u00a0\u00bb#\u00a0\u00bb:\u00a0\u00bbf0d8697c9573f718b3fc9c1fa2c2037cf729a274&Prime;},\u00a0\u00bbg:brand\u00a0\u00bb:\u00a0\u00bbBien ici\u00a0\u00bb,\u00a0\u00bbg:mpn\u00a0\u00bb:\u00a0\u00bbhektor-sindymicotsimmobilier-7614&Prime;,\u00a0\u00bbg:google_product_category\u00a0\u00bb:\u00a0\u00bbMaison et jardin\u00a0\u00bb,\u00a0\u00bbg:product_type\u00a0\u00bb:\u00a0\u00bbMaison et jardin\u00a0\u00bb,\u00a0\u00bbg:shipping\u00a0\u00bb:{\u00ab\u00a0g:country\u00a0\u00bb:\u00a0\u00bbFR\u00a0\u00bb,\u00a0\u00bbg:price\u00a0\u00bb:\u00a0\u00bb0 EUR\u00a0\u00bb},\u00a0\u00bbg:availability\u00a0\u00bb:\u00a0\u00bben stock\u00a0\u00bb,\u00a0\u00bbg:condition\u00a0\u00bb:\u00a0\u00bboccasion\u00a0\u00bb,\u00a0\u00bbg:adType\u00a0\u00bb:\u00a0\u00bbbuy\u00a0\u00bb,\u00a0\u00bbg:propertyType\u00a0\u00bb:\u00a0\u00bbmaisonvilla\u00a0\u00bb,\u00a0\u00bbg:departement\u00a0\u00bb:\u00a0\u00bb30&Prime;,\u00a0\u00bbg:departement_name\u00a0\u00bb:\u00a0\u00bbGard\u00a0\u00bb,\u00a0\u00bbg:in_the_departement_name\u00a0\u00bb:\u00a0\u00bbdans le Gard\u00a0\u00bb,\u00a0\u00bbg:region_name\u00a0\u00bb:\u00a0\u00bbOccitanie\u00a0\u00bb,\u00a0\u00bbg:in_the_region_name\u00a0\u00bb:\u00a0\u00bben Occitanie\u00a0\u00bb,\u00a0\u00bbg:old_region_name\u00a0\u00bb:\u00a0\u00bbLanguedoc-Roussillon\u00a0\u00bb,\u00a0\u00bbg:old_in_the_region_name\u00a0\u00bb:\u00a0\u00bben Languedoc-Roussillon\u00a0\u00bb,\u00a0\u00bbg:city\u00a0\u00bb:\u00a0\u00bbUz\u00e8s\u00a0\u00bb,\u00a0\u00bbg:in_city\u00a0\u00bb:\u00a0\u00bb\u00e0 Uz\u00e8s\u00a0\u00bb,\u00a0\u00bbg:postal_code\u00a0\u00bb:\u00a0\u00bb30700&Prime;,\u00a0\u00bbg:surfaceArea\u00a0\u00bb:\u00a0\u00bb279&Prime;,\u00a0\u00bbg:roomsQuantity\u00a0\u00bb:\u00a0\u00bb8&Prime;,\u00a0\u00bbg:bedroomsQuantity\u00a0\u00bb:\u00a0\u00bb5&Prime;,\u00a0\u00bbg:energyClassification\u00a0\u00bb:\u00a0\u00bbA\u00a0\u00bb,\u00a0\u00bbg:greenhouseGazClassification\u00a0\u00bb:\u00a0\u00bbA\u00a0\u00bb,\u00a0\u00bbg:terrasse\u00a0\u00bb:\u00a0\u00bbterrasse\u00a0\u00bb,\u00a0\u00bbg:id\u00a0\u00bb:\u00a0\u00bbf0d8697c9573f718b3fc9c1fa2c2037cf729a274&Prime;,\u00a0\u00bbg:publicationDate\u00a0\u00bb:\u00a0\u00bb2025-05-11T02:00:59.036Z\u00a0\u00bb,\u00a0\u00bbg:modificationDate\u00a0\u00bb:\u00a0\u00bb2025-05-11T02:00:59.036Z\u00a0\u00bb,\u00a0\u00bbg:customerId\u00a0\u00bb:\u00a0\u00bbmicotsimmobilier-1698152683535&Prime;,\u00a0\u00bbg:price\u00a0\u00bb:\u00a0\u00bb960000 EUR\u00a0\u00bb,\u00a0\u00bbg:image_link\u00a0\u00bb:\u00a0\u00bbhttps:\/\/file.bienici.com\/photo\/hektor-sindymicotsimmobilier-7614_sindymicotsimmobilier.staticlbi.com_original_images_biens_1_18f3f3940ef1fed63689be247edb2b17_photo_eca113994711e3e12d612239924605b6.jpg\u00a0\u00bb,\u00a0\u00bbg:additional_image_link\u00a0\u00bb:[\u00ab\u00a0https:\/\/file.bienici.com\/photo\/hektor-sindymicotsimmobilier-7614_sindymicotsimmobilier.staticlbi.com_original_images_biens_1_18f3f3940ef1fed63689be247edb2b17_photo_c3d02c5e1c863eb8f0781f0f73fa2f26.jpg\u00a0\u00bb,\u00a0\u00bbhttps:\/\/file.bienici.com\/photo\/hektor-sindymicotsimmobilier-7614_sindymicotsimmobilier.staticlbi.com_original_images_biens_1_18f3f3940ef1fed63689be247edb2b17_photo_63f64053215a0a50a5451e4b1112b740.jpg\u00a0\u00bb,\u00a0\u00bbhttps:\/\/file.bienici.com\/photo\/hektor-sindymicotsimmobilier-7614_sindymicotsimmobilier.staticlbi.com_original_images_biens_1_18f3f3940ef1fed63689be247edb2b17_photo_bed09c3aa6fba53b437df939bfcc234d.jpg\u00a0\u00bb,\u00a0\u00bbhttps:\/\/file.bienici.com\/photo\/hektor-sindymicotsimmobilier-7614_sindymicotsimmobilier.staticlbi.com_original_images_biens_1_18f3f3940ef1fed63689be247edb2b17_photo_7ffca932c66073a98f1f375065e6769e.jpg\u00a0\u00bb,\u00a0\u00bbhttps:\/\/file.bienici.com\/photo\/hektor-sindymicotsimmobilier-7614_sindymicotsimmobilier.staticlbi.com_original_images_biens_1_18f3f3940ef1fed63689be247edb2b17_photo_eac91ce3ab8ed4c186bcbb3bece2a989.jpg\u00a0\u00bb,\u00a0\u00bbhttps:\/\/file.bienici.com\/photo\/hektor-sindymicotsimmobilier-7614_sindymicotsimmobilier.staticlbi.com_original_images_biens_1_18f3f3940ef1fed63689be247edb2b17_photo_94b68bcec683b1b2459255143b647984.jpg\u00a0\u00bb,\u00a0\u00bbhttps:\/\/file.bienici.com\/photo\/hektor-sindymicotsimmobilier-7614_sindymicotsimmobilier.staticlbi.com_original_images_biens_1_18f3f3940ef1fed63689be247edb2b17_photo_81671475e9ecb347c342cd1e994fb433.jpg\u00a0\u00bb,\u00a0\u00bbhttps:\/\/file.bienici.com\/photo\/hektor-sindymicotsimmobilier-7614_sindymicotsimmobilier.staticlbi.com_original_images_biens_1_18f3f3940ef1fed63689be247edb2b17_photo_9265dcde0da7f76c5b47561115bb10d8.jpg\u00a0\u00bb,\u00a0\u00bbhttps:\/\/file.bienici.com\/photo\/hektor-sindymicotsimmobilier-7614_sindymicotsimmobilier.staticlbi.com_original_images_biens_1_18f3f3940ef1fed63689be247edb2b17_photo_9b690dccf20b62c0608c9bcfa27fa248.jpg\u00a0\u00bb],\u00a0\u00bbg:latitude\u00a0\u00bb:\u00a0\u00bb44.0070671030458&Prime;,\u00a0\u00bbg:longitude\u00a0\u00bb:\u00a0\u00bb4.4157790307606275&Prime;},{\u00ab\u00a0title\u00a0\u00bb:\u00a0\u00bbMaison 6\u00a0pi\u00e8ces 205\u00a0m\u00b2\u00a0\u00bb,\u00a0\u00bbdescription\u00a0\u00bb:\u00a0\u00bbEn exclusivit\u00e9.Dans un village pris\u00e9 avec commodit\u00e9s, l&rsquo;agence Sindy Micots Immobilier vous propose une maison de village en pierre avec une vue exceptionnelle sur les collines et les vignobles. Cette charmante maison b\u00e9n\u00e9ficie d&rsquo;un beau salon avec chemin\u00e9e, d&rsquo;une spacieuse cuisine , le tout ouvert sur un espace repas tr\u00e8s lumineux de part le vitrage cintr\u00e9 esprit verri\u00e8re. A l&rsquo;\u00e9tage le pallier dessert 3 belles chambres, toutes b\u00e9neficiant de la vue panoramique et d&rsquo;une salle d&rsquo;eau. Une 4 i\u00e8me chambre se situe au niveau de la terrasse de 60 m2 qui domine le jardin avec sa piscine. Une pi\u00e8ce de 28 m2 avec douche et toilette se situe au niveau du jardin. Pour compl\u00e9ter ses prestations , cette maison b\u00e9n\u00e9ficie d&rsquo;un parking s\u00e9curis\u00e9 pour 3 voitures.<br \/>\u00ab\u00a0,\u00a0\u00bblink\u00a0\u00bb:\u00a0\u00bbhttps:\/\/www.bienici.com\/annonce\/hektor-sindymicotsimmobilier-7618&Prime;,\u00a0\u00bbguid\u00a0\u00bb:{\u00ab\u00a0@isPermaLink\u00a0\u00bb:\u00a0\u00bbfalse\u00a0\u00bb,\u00a0\u00bb#\u00a0\u00bb:\u00a0\u00bbe3044b5cda3bbe937f8a04df358443141e4bd1db\u00a0\u00bb},\u00a0\u00bbg:brand\u00a0\u00bb:\u00a0\u00bbBien ici\u00a0\u00bb,\u00a0\u00bbg:mpn\u00a0\u00bb:\u00a0\u00bbhektor-sindymicotsimmobilier-7618&Prime;,\u00a0\u00bbg:google_product_category\u00a0\u00bb:\u00a0\u00bbMaison et jardin\u00a0\u00bb,\u00a0\u00bbg:product_type\u00a0\u00bb:\u00a0\u00bbMaison et jardin\u00a0\u00bb,\u00a0\u00bbg:shipping\u00a0\u00bb:{\u00ab\u00a0g:country\u00a0\u00bb:\u00a0\u00bbFR\u00a0\u00bb,\u00a0\u00bbg:price\u00a0\u00bb:\u00a0\u00bb0 EUR\u00a0\u00bb},\u00a0\u00bbg:availability\u00a0\u00bb:\u00a0\u00bben stock\u00a0\u00bb,\u00a0\u00bbg:condition\u00a0\u00bb:\u00a0\u00bboccasion\u00a0\u00bb,\u00a0\u00bbg:adType\u00a0\u00bb:\u00a0\u00bbbuy\u00a0\u00bb,\u00a0\u00bbg:propertyType\u00a0\u00bb:\u00a0\u00bbmaisonvilla\u00a0\u00bb,\u00a0\u00bbg:departement\u00a0\u00bb:\u00a0\u00bb30&Prime;,\u00a0\u00bbg:departement_name\u00a0\u00bb:\u00a0\u00bbGard\u00a0\u00bb,\u00a0\u00bbg:in_the_departement_name\u00a0\u00bb:\u00a0\u00bbdans le Gard\u00a0\u00bb,\u00a0\u00bbg:region_name\u00a0\u00bb:\u00a0\u00bbOccitanie\u00a0\u00bb,\u00a0\u00bbg:in_the_region_name\u00a0\u00bb:\u00a0\u00bben Occitanie\u00a0\u00bb,\u00a0\u00bbg:old_region_name\u00a0\u00bb:\u00a0\u00bbLanguedoc-Roussillon\u00a0\u00bb,\u00a0\u00bbg:old_in_the_region_name\u00a0\u00bb:\u00a0\u00bben Languedoc-Roussillon\u00a0\u00bb,\u00a0\u00bbg:city\u00a0\u00bb:\u00a0\u00bbUz\u00e8s\u00a0\u00bb,\u00a0\u00bbg:in_city\u00a0\u00bb:\u00a0\u00bb\u00e0 Uz\u00e8s\u00a0\u00bb,\u00a0\u00bbg:postal_code\u00a0\u00bb:\u00a0\u00bb30700&Prime;,\u00a0\u00bbg:surfaceArea\u00a0\u00bb:\u00a0\u00bb205&Prime;,\u00a0\u00bbg:roomsQuantity\u00a0\u00bb:\u00a0\u00bb6&Prime;,\u00a0\u00bbg:bedroomsQuantity\u00a0\u00bb:\u00a0\u00bb4&Prime;,\u00a0\u00bbg:energyClassification\u00a0\u00bb:\u00a0\u00bbC\u00a0\u00bb,\u00a0\u00bbg:greenhouseGazClassification\u00a0\u00bb:\u00a0\u00bbC\u00a0\u00bb,\u00a0\u00bbg:parking\u00a0\u00bb:\u00a0\u00bbparking\u00a0\u00bb,\u00a0\u00bbg:terrasse\u00a0\u00bb:\u00a0\u00bbterrasse\u00a0\u00bb,\u00a0\u00bbg:id\u00a0\u00bb:\u00a0\u00bbe3044b5cda3bbe937f8a04df358443141e4bd1db\u00a0\u00bb,\u00a0\u00bbg:publicationDate\u00a0\u00bb:\u00a0\u00bb2025-05-11T02:00:59.036Z\u00a0\u00bb,\u00a0\u00bbg:modificationDate\u00a0\u00bb:\u00a0\u00bb2025-05-11T02:00:59.036Z\u00a0\u00bb,\u00a0\u00bbg:customerId\u00a0\u00bb:\u00a0\u00bbmicotsimmobilier-1698152683535&Prime;,\u00a0\u00bbg:price\u00a0\u00bb:\u00a0\u00bb645000 EUR\u00a0\u00bb,\u00a0\u00bbg:image_link\u00a0\u00bb:\u00a0\u00bbhttps:\/\/file.bienici.com\/photo\/hektor-sindymicotsimmobilier-7618_sindymicotsimmobilier.staticlbi.com_original_images_biens_1_33d3b342ec92035a437e305f401e9918_photo_07770af4a0054fa957708180f0a84765.jpg\u00a0\u00bb,\u00a0\u00bbg:additional_image_link\u00a0\u00bb:[\u00ab\u00a0https:\/\/file.bienici.com\/photo\/hektor-sindymicotsimmobilier-7618_sindymicotsimmobilier.staticlbi.com_original_images_biens_1_33d3b342ec92035a437e305f401e9918_photo_e569b46f87a6c9c014a5ac25fe971cc8.jpg\u00a0\u00bb,\u00a0\u00bbhttps:\/\/file.bienici.com\/photo\/hektor-sindymicotsimmobilier-7618_sindymicotsimmobilier.staticlbi.com_original_images_biens_1_33d3b342ec92035a437e305f401e9918_photo_e95ddb4c9065bdfdcb8492773c8325dc_Inc_0.jpg\u00a0\u00bb,\u00a0\u00bbhttps:\/\/file.bienici.com\/photo\/hektor-sindymicotsimmobilier-7618_sindymicotsimmobilier.staticlbi.com_original_images_biens_1_33d3b342ec92035a437e305f401e9918_photo_c8fe1b61c4057a59f14538e281ec7340.jpg\u00a0\u00bb,\u00a0\u00bbhttps:\/\/file.bienici.com\/photo\/hektor-sindymicotsimmobilier-7618_sindymicotsimmobilier.staticlbi.com_original_images_biens_1_33d3b342ec92035a437e305f401e9918_photo_6c825696be627eb2f0f3900232040a8c.jpg\u00a0\u00bb,\u00a0\u00bbhttps:\/\/file.bienici.com\/photo\/hektor-sindymicotsimmobilier-7618_sindymicotsimmobilier.staticlbi.com_original_images_biens_1_33d3b342ec92035a437e305f401e9918_photo_95435120a8fb0f514efbaaffe54183f3.jpg\u00a0\u00bb,\u00a0\u00bbhttps:\/\/file.bienici.com\/photo\/hektor-sindymicotsimmobilier-7618_sindymicotsimmobilier.staticlbi.com_original_images_biens_1_33d3b342ec92035a437e305f401e9918_photo_bb271d27e6902f7748bd1adac4e4fbda.jpg\u00a0\u00bb,\u00a0\u00bbhttps:\/\/file.bienici.com\/photo\/hektor-sindymicotsimmobilier-7618_sindymicotsimmobilier.staticlbi.com_original_images_biens_1_33d3b342ec92035a437e305f401e9918_photo_54a0834d7b1852eff0eae44aeccaa316.jpg\u00a0\u00bb,\u00a0\u00bbhttps:\/\/file.bienici.com\/photo\/hektor-sindymicotsimmobilier-7618_sindymicotsimmobilier.staticlbi.com_original_images_biens_1_33d3b342ec92035a437e305f401e9918_photo_8f2bd0778ccb99cc0062889c251235de.jpg\u00a0\u00bb,\u00a0\u00bbhttps:\/\/file.bienici.com\/photo\/hektor-sindymicotsimmobilier-7618_sindymicotsimmobilier.staticlbi.com_original_images_biens_1_33d3b342ec92035a437e305f401e9918_photo_430d99067410a8cb653232f50def25dc.jpg\u00a0\u00bb],\u00a0\u00bbg:latitude\u00a0\u00bb:\u00a0\u00bb44.012681654712914&Prime;,\u00a0\u00bbg:longitude\u00a0\u00bb:\u00a0\u00bb4.412492492690157&Prime;},{\u00ab\u00a0title\u00a0\u00bb:\u00a0\u00bbMaison 5\u00a0pi\u00e8ces 100\u00a0m\u00b2\u00a0\u00bb,\u00a0\u00bbdescription\u00a0\u00bb:\u00a0\u00bbDans un village proche d&rsquo;Uz\u00e8s, nous vous proposons cette maison construite en 1996 et agrandie en 2005. Le calme, la luminosit\u00e9 et la vue imprenable sur la montagne environnante vous offre un cadre de vie id\u00e9al. Terrain clos de 1250 m2 avec arbres fruitiers, v\u00e9g\u00e9tation de garrigue sans oublier sa piscine \u00e0 l&rsquo;abri des regards. Agr\u00e9able pi\u00e8ce de vie tr\u00e8s lumineuse avec sa climatisation r\u00e9versible, cuisine \u00e9quip\u00e9e. La maison dispose de 3 chambres, dont une suite parentale, une seconde salle d&rsquo;eau et\u00a0 2 toilettes. Grand garage avec possibilit\u00e9 d&rsquo;espace mezzanine. Double vitage, tout \u00e0 l&rsquo;\u00e9gout, fibre., terrain de p\u00e9tanque, portail automatique. materiaux de qualit\u00e9. Possibilit\u00e9 d&rsquo;agrandissement.<br \/>\u00ab\u00a0,\u00a0\u00bblink\u00a0\u00bb:\u00a0\u00bbhttps:\/\/www.bienici.com\/annonce\/hektor-sindymicotsimmobilier-7615&Prime;,\u00a0\u00bbguid\u00a0\u00bb:{\u00ab\u00a0@isPermaLink\u00a0\u00bb:\u00a0\u00bbfalse\u00a0\u00bb,\u00a0\u00bb#\u00a0\u00bb:\u00a0\u00bb5da72aea209632436dcc06b341c60ab3c0f358f0&Prime;},\u00a0\u00bbg:brand\u00a0\u00bb:\u00a0\u00bbBien ici\u00a0\u00bb,\u00a0\u00bbg:mpn\u00a0\u00bb:\u00a0\u00bbhektor-sindymicotsimmobilier-7615&Prime;,\u00a0\u00bbg:google_product_category\u00a0\u00bb:\u00a0\u00bbMaison et jardin\u00a0\u00bb,\u00a0\u00bbg:product_type\u00a0\u00bb:\u00a0\u00bbMaison et jardin\u00a0\u00bb,\u00a0\u00bbg:shipping\u00a0\u00bb:{\u00ab\u00a0g:country\u00a0\u00bb:\u00a0\u00bbFR\u00a0\u00bb,\u00a0\u00bbg:price\u00a0\u00bb:\u00a0\u00bb0 EUR\u00a0\u00bb},\u00a0\u00bbg:availability\u00a0\u00bb:\u00a0\u00bben stock\u00a0\u00bb,\u00a0\u00bbg:condition\u00a0\u00bb:\u00a0\u00bboccasion\u00a0\u00bb,\u00a0\u00bbg:adType\u00a0\u00bb:\u00a0\u00bbbuy\u00a0\u00bb,\u00a0\u00bbg:propertyType\u00a0\u00bb:\u00a0\u00bbmaisonvilla\u00a0\u00bb,\u00a0\u00bbg:departement\u00a0\u00bb:\u00a0\u00bb30&Prime;,\u00a0\u00bbg:departement_name\u00a0\u00bb:\u00a0\u00bbGard\u00a0\u00bb,\u00a0\u00bbg:in_the_departement_name\u00a0\u00bb:\u00a0\u00bbdans le Gard\u00a0\u00bb,\u00a0\u00bbg:region_name\u00a0\u00bb:\u00a0\u00bbOccitanie\u00a0\u00bb,\u00a0\u00bbg:in_the_region_name\u00a0\u00bb:\u00a0\u00bben Occitanie\u00a0\u00bb,\u00a0\u00bbg:old_region_name\u00a0\u00bb:\u00a0\u00bbLanguedoc-Roussillon\u00a0\u00bb,\u00a0\u00bbg:old_in_the_region_name\u00a0\u00bb:\u00a0\u00bben Languedoc-Roussillon\u00a0\u00bb,\u00a0\u00bbg:city\u00a0\u00bb:\u00a0\u00bbUz\u00e8s\u00a0\u00bb,\u00a0\u00bbg:in_city\u00a0\u00bb:\u00a0\u00bb\u00e0 Uz\u00e8s\u00a0\u00bb,\u00a0\u00bbg:postal_code\u00a0\u00bb:\u00a0\u00bb30700&Prime;,\u00a0\u00bbg:surfaceArea\u00a0\u00bb:\u00a0\u00bb100&Prime;,\u00a0\u00bbg:roomsQuantity\u00a0\u00bb:\u00a0\u00bb5&Prime;,\u00a0\u00bbg:bedroomsQuantity\u00a0\u00bb:\u00a0\u00bb3&Prime;,\u00a0\u00bbg:energyClassification\u00a0\u00bb:\u00a0\u00bbD\u00a0\u00bb,\u00a0\u00bbg:greenhouseGazClassification\u00a0\u00bb:\u00a0\u00bbB\u00a0\u00bb,\u00a0\u00bbg:terrasse\u00a0\u00bb:\u00a0\u00bbterrasse\u00a0\u00bb,\u00a0\u00bbg:id\u00a0\u00bb:\u00a0\u00bb5da72aea209632436dcc06b341c60ab3c0f358f0&Prime;,\u00a0\u00bbg:publicationDate\u00a0\u00bb:\u00a0\u00bb2025-05-11T02:00:59.036Z\u00a0\u00bb,\u00a0\u00bbg:modificationDate\u00a0\u00bb:\u00a0\u00bb2025-05-11T02:00:59.036Z\u00a0\u00bb,\u00a0\u00bbg:customerId\u00a0\u00bb:\u00a0\u00bbmicotsimmobilier-1698152683535&Prime;,\u00a0\u00bbg:price\u00a0\u00bb:\u00a0\u00bb539000 EUR\u00a0\u00bb,\u00a0\u00bbg:image_link\u00a0\u00bb:\u00a0\u00bbhttps:\/\/file.bienici.com\/photo\/hektor-sindymicotsimmobilier-7615_sindymicotsimmobilier.staticlbi.com_original_images_biens_1_6f4b11863a33e6f9c604dc47ba800743_photo_85e5322790b9f6b9db55de7dbb227cc3.jpg\u00a0\u00bb,\u00a0\u00bbg:additional_image_link\u00a0\u00bb:[\u00ab\u00a0https:\/\/file.bienici.com\/photo\/hektor-sindymicotsimmobilier-7615_sindymicotsimmobilier.staticlbi.com_original_images_biens_1_6f4b11863a33e6f9c604dc47ba800743_photo_c82e0af90a0c0f30f0640b21465415ef.jpg\u00a0\u00bb,\u00a0\u00bbhttps:\/\/file.bienici.com\/photo\/hektor-sindymicotsimmobilier-7615_sindymicotsimmobilier.staticlbi.com_original_images_biens_1_6f4b11863a33e6f9c604dc47ba800743_photo_2b39c9398dd98b3fc99c5fea1dff905b.jpg\u00a0\u00bb,\u00a0\u00bbhttps:\/\/file.bienici.com\/photo\/hektor-sindymicotsimmobilier-7615_sindymicotsimmobilier.staticlbi.com_original_images_biens_1_6f4b11863a33e6f9c604dc47ba800743_photo_0b928e98bf9293cf5dfe1e3d8e73d41d.jpg\u00a0\u00bb,\u00a0\u00bbhttps:\/\/file.bienici.com\/photo\/hektor-sindymicotsimmobilier-7615_sindymicotsimmobilier.staticlbi.com_original_images_biens_1_6f4b11863a33e6f9c604dc47ba800743_photo_0e27c50602fabe3ee48b7f15375cca61.jpg\u00a0\u00bb,\u00a0\u00bbhttps:\/\/file.bienici.com\/photo\/hektor-sindymicotsimmobilier-7615_sindymicotsimmobilier.staticlbi.com_original_images_biens_1_6f4b11863a33e6f9c604dc47ba800743_photo_272e4c27ff8fae7bf1f0a83a4753e286.jpg\u00a0\u00bb,\u00a0\u00bbhttps:\/\/file.bienici.com\/photo\/hektor-sindymicotsimmobilier-7615_sindymicotsimmobilier.staticlbi.com_original_images_biens_1_6f4b11863a33e6f9c604dc47ba800743_photo_8260a908967cadc023d79cf88bcbfb45.jpg\u00a0\u00bb,\u00a0\u00bbhttps:\/\/file.bienici.com\/photo\/hektor-sindymicotsimmobilier-7615_sindymicotsimmobilier.staticlbi.com_original_images_biens_1_6f4b11863a33e6f9c604dc47ba800743_photo_98a176c501e68f98cfbc018975787b07.jpg\u00a0\u00bb,\u00a0\u00bbhttps:\/\/file.bienici.com\/photo\/hektor-sindymicotsimmobilier-7615_sindymicotsimmobilier.staticlbi.com_original_images_biens_1_6f4b11863a33e6f9c604dc47ba800743_photo_26a2f8b9fffa710078b167d0daba7ed5.jpg\u00a0\u00bb,\u00a0\u00bbhttps:\/\/file.bienici.com\/photo\/hektor-sindymicotsimmobilier-7615_sindymicotsimmobilier.staticlbi.com_original_images_biens_1_6f4b11863a33e6f9c604dc47ba800743_photo_a9328a14f680514d32ea79a9994e8484.jpg\u00a0\u00bb],\u00a0\u00bbg:latitude\u00a0\u00bb:\u00a0\u00bb44.0070671030458&Prime;,\u00a0\u00bbg:longitude\u00a0\u00bb:\u00a0\u00bb4.4157790307606275&Prime;},{\u00ab\u00a0title\u00a0\u00bb:\u00a0\u00bbMaison 6\u00a0pi\u00e8ces 183\u00a0m\u00b2\u00a0\u00bb,\u00a0\u00bbdescription\u00a0\u00bb:\u00a0\u00bbA 10 minutes d&rsquo;Uz\u00e8s, dans un quartier r\u00e9sidentiel et calme. Sindy Micots immobilier vous propose une bastide de 183m2 dans un environnement verdoyant avec piscine sur terrain clos paysag\u00e9 de 1335m2 ainsi qu&rsquo;une vaste terrasse couverte qui garantit un espace ombrag\u00e9 en \u00e9t\u00e9. Cette maison dispose \u00e9galement d&rsquo;une pi\u00e8ce de vie de 62m2 baign\u00e9e de lumi\u00e8res avec chemin\u00e9e, d&rsquo;une cuisine enti\u00e8rement \u00e9quip\u00e9e ouverte sur terrasse et d&rsquo;une premi\u00e8re chambre pour compl\u00e9ter ce niveau. A l&rsquo;\u00e9tage, l&rsquo;espace nuit se compose de trois chambres spacieuses avec terrasse, dont deux suites avec salle d&rsquo;eau et salle de bain. Prestations de qualit\u00e9 pour cette tr\u00e8s jolie bastide, double vitrage, climatisation gainable. Un double garage motoris\u00e9 compl\u00e8te ce bien.<br \/>\u00ab\u00a0,\u00a0\u00bblink\u00a0\u00bb:\u00a0\u00bbhttps:\/\/www.bienici.com\/annonce\/hektor-sindymicotsimmobilier-7612&Prime;,\u00a0\u00bbguid\u00a0\u00bb:{\u00ab\u00a0@isPermaLink\u00a0\u00bb:\u00a0\u00bbfalse\u00a0\u00bb,\u00a0\u00bb#\u00a0\u00bb:\u00a0\u00bbf20c6043a426eacb94a46af7ea3df2d48f92bd00&Prime;},\u00a0\u00bbg:brand\u00a0\u00bb:\u00a0\u00bbBien ici\u00a0\u00bb,\u00a0\u00bbg:mpn\u00a0\u00bb:\u00a0\u00bbhektor-sindymicotsimmobilier-7612&Prime;,\u00a0\u00bbg:google_product_category\u00a0\u00bb:\u00a0\u00bbMaison et jardin\u00a0\u00bb,\u00a0\u00bbg:product_type\u00a0\u00bb:\u00a0\u00bbMaison et jardin\u00a0\u00bb,\u00a0\u00bbg:shipping\u00a0\u00bb:{\u00ab\u00a0g:country\u00a0\u00bb:\u00a0\u00bbFR\u00a0\u00bb,\u00a0\u00bbg:price\u00a0\u00bb:\u00a0\u00bb0 EUR\u00a0\u00bb},\u00a0\u00bbg:availability\u00a0\u00bb:\u00a0\u00bben stock\u00a0\u00bb,\u00a0\u00bbg:condition\u00a0\u00bb:\u00a0\u00bboccasion\u00a0\u00bb,\u00a0\u00bbg:adType\u00a0\u00bb:\u00a0\u00bbbuy\u00a0\u00bb,\u00a0\u00bbg:propertyType\u00a0\u00bb:\u00a0\u00bbmaisonvilla\u00a0\u00bb,\u00a0\u00bbg:departement\u00a0\u00bb:\u00a0\u00bb30&Prime;,\u00a0\u00bbg:departement_name\u00a0\u00bb:\u00a0\u00bbGard\u00a0\u00bb,\u00a0\u00bbg:in_the_departement_name\u00a0\u00bb:\u00a0\u00bbdans le Gard\u00a0\u00bb,\u00a0\u00bbg:region_name\u00a0\u00bb:\u00a0\u00bbOccitanie\u00a0\u00bb,\u00a0\u00bbg:in_the_region_name\u00a0\u00bb:\u00a0\u00bben Occitanie\u00a0\u00bb,\u00a0\u00bbg:old_region_name\u00a0\u00bb:\u00a0\u00bbLanguedoc-Roussillon\u00a0\u00bb,\u00a0\u00bbg:old_in_the_region_name\u00a0\u00bb:\u00a0\u00bben Languedoc-Roussillon\u00a0\u00bb,\u00a0\u00bbg:city\u00a0\u00bb:\u00a0\u00bbUz\u00e8s\u00a0\u00bb,\u00a0\u00bbg:in_city\u00a0\u00bb:\u00a0\u00bb\u00e0 Uz\u00e8s\u00a0\u00bb,\u00a0\u00bbg:postal_code\u00a0\u00bb:\u00a0\u00bb30700&Prime;,\u00a0\u00bbg:surfaceArea\u00a0\u00bb:\u00a0\u00bb183&Prime;,\u00a0\u00bbg:roomsQuantity\u00a0\u00bb:\u00a0\u00bb6&Prime;,\u00a0\u00bbg:bedroomsQuantity\u00a0\u00bb:\u00a0\u00bb4&Prime;,\u00a0\u00bbg:energyClassification\u00a0\u00bb:\u00a0\u00bbB\u00a0\u00bb,\u00a0\u00bbg:greenhouseGazClassification\u00a0\u00bb:\u00a0\u00bbA\u00a0\u00bb,\u00a0\u00bbg:terrasse\u00a0\u00bb:\u00a0\u00bbterrasse\u00a0\u00bb,\u00a0\u00bbg:id\u00a0\u00bb:\u00a0\u00bbf20c6043a426eacb94a46af7ea3df2d48f92bd00&Prime;,\u00a0\u00bbg:publicationDate\u00a0\u00bb:\u00a0\u00bb2025-05-11T02:00:59.036Z\u00a0\u00bb,\u00a0\u00bbg:modificationDate\u00a0\u00bb:\u00a0\u00bb2025-05-11T02:00:59.036Z\u00a0\u00bb,\u00a0\u00bbg:customerId\u00a0\u00bb:\u00a0\u00bbmicotsimmobilier-1698152683535&Prime;,\u00a0\u00bbg:price\u00a0\u00bb:\u00a0\u00bb750000 EUR\u00a0\u00bb,\u00a0\u00bbg:image_link\u00a0\u00bb:\u00a0\u00bbhttps:\/\/file.bienici.com\/photo\/hektor-sindymicotsimmobilier-7612_sindymicotsimmobilier.staticlbi.com_original_images_biens_1_b3c15a557349ead250649a01dd11be58_photo_6de4bd0ce1723b5c0d97ee20ee29f0e8.jpg\u00a0\u00bb,\u00a0\u00bbg:additional_image_link\u00a0\u00bb:[\u00ab\u00a0https:\/\/file.bienici.com\/photo\/hektor-sindymicotsimmobilier-7612_sindymicotsimmobilier.staticlbi.com_original_images_biens_1_b3c15a557349ead250649a01dd11be58_photo_b28b8da6d5d4b0f867e73ce852f151e2.jpg\u00a0\u00bb,\u00a0\u00bbhttps:\/\/file.bienici.com\/photo\/hektor-sindymicotsimmobilier-7612_sindymicotsimmobilier.staticlbi.com_original_images_biens_1_b3c15a557349ead250649a01dd11be58_photo_6eedf7e539f1c9b05ec33fc57c908345.jpg\u00a0\u00bb,\u00a0\u00bbhttps:\/\/file.bienici.com\/photo\/hektor-sindymicotsimmobilier-7612_sindymicotsimmobilier.staticlbi.com_original_images_biens_1_b3c15a557349ead250649a01dd11be58_photo_af405ad4d5af28d3482df19569f08ba9.jpg\u00a0\u00bb,\u00a0\u00bbhttps:\/\/file.bienici.com\/photo\/hektor-sindymicotsimmobilier-7612_sindymicotsimmobilier.staticlbi.com_original_images_biens_1_b3c15a557349ead250649a01dd11be58_photo_ebc554bd5fbe39cd8e9640c9c28d41fa.jpg\u00a0\u00bb,\u00a0\u00bbhttps:\/\/file.bienici.com\/photo\/hektor-sindymicotsimmobilier-7612_sindymicotsimmobilier.staticlbi.com_original_images_biens_1_b3c15a557349ead250649a01dd11be58_photo_75205dbd830227e8587dcabfe3ba61dc.jpg\u00a0\u00bb,\u00a0\u00bbhttps:\/\/file.bienici.com\/photo\/hektor-sindymicotsimmobilier-7612_sindymicotsimmobilier.staticlbi.com_original_images_biens_1_b3c15a557349ead250649a01dd11be58_photo_d2bcc88b28ec52567cb52b3ea156b5d8.jpg\u00a0\u00bb,\u00a0\u00bbhttps:\/\/file.bienici.com\/photo\/hektor-sindymicotsimmobilier-7612_sindymicotsimmobilier.staticlbi.com_original_images_biens_1_b3c15a557349ead250649a01dd11be58_photo_0bb77dddea4eeab4b25f1aefcc3f8c06.jpg\u00a0\u00bb,\u00a0\u00bbhttps:\/\/file.bienici.com\/photo\/hektor-sindymicotsimmobilier-7612_sindymicotsimmobilier.staticlbi.com_original_images_biens_1_b3c15a557349ead250649a01dd11be58_photo_29c59e2ae29a406ff2d8f3bb00123d8d.jpg\u00a0\u00bb,\u00a0\u00bbhttps:\/\/file.bienici.com\/photo\/hektor-sindymicotsimmobilier-7612_sindymicotsimmobilier.staticlbi.com_original_images_biens_1_b3c15a557349ead250649a01dd11be58_photo_0f183615904efa3b4f5f43e0c390197b.jpg\u00a0\u00bb],\u00a0\u00bbg:latitude\u00a0\u00bb:\u00a0\u00bb44.0070671030458&Prime;,\u00a0\u00bbg:longitude\u00a0\u00bb:\u00a0\u00bb4.4157790307606275&Prime;}],\u00a0\u00bbtitle\u00a0\u00bb:\u00a0\u00bbAds from Bien ici\u00a0\u00bb,\u00a0\u00bbdescription\u00a0\u00bb:\u00a0\u00bbReal estate ads catalogue\u00a0\u00bb,\u00a0\u00bblink\u00a0\u00bb:\u00a0\u00bbhttps:\/\/www.bienici.com\u00a0\u00bb,\u00a0\u00bbgenerator\u00a0\u00bb:\u00a0\u00bb\u00a0\u00bb,\u00a0\u00bblastBuildDate\u00a0\u00bb:\u00a0\u00bbSun, 11 May 2025 02:08:25 GMT\u00a0\u00bb},\u00a0\u00bb@xmlns:g\u00a0\u00bb:\u00a0\u00bbhttp:\/\/base.google.com\/ns\/1.0&Prime;,\u00a0\u00bb@xmlns:atom\u00a0\u00bb:\u00a0\u00bbhttp:\/\/www.w3.org\/2005\/Atom\u00a0\u00bb,\u00a0\u00bb@xmlns:content\u00a0\u00bb:\u00a0\u00bbhttp:\/\/purl.org\/rss\/1.0\/modules\/content\/\u00a0\u00bb,\u00a0\u00bb@xmlns:dc\u00a0\u00bb:\u00a0\u00bbhttp:\/\/purl.org\/dc\/elements\/1.1\/\u00a0\u00bb,\u00a0\u00bb_id\u00a0\u00bb:\u00a0\u00bb4b6a166833a1a7bca76211fcee89d5fad9c4cbf75250d640229181f906fb89b0&Prime;},\u00a0\u00bbexpires\u00a0\u00bb:1746958820190,\u00a0\u00bblastModified\u00a0\u00bb:1746958216499}},\u00a0\u00bbdynamic-surfooter\u00a0\u00bb:{\u00ab\u00a0{\\\u00a0\u00bbtag\\\u00a0\u00bb:\\\u00a0\u00bb\/en-region\\\u00a0\u00bb}\u00a0\u00bb:{\u00ab\u00a0data\u00a0\u00bb:{\u00ab\u00a0data\u00a0\u00bb:[{\u00ab\u00a0id\u00a0\u00bb:\u00a0\u00bbffd9fd90-edc2-4a93-839d-2bdc3b1b3e64&Prime;,\u00a0\u00bbdata\u00a0\u00bb:{\u00ab\u00a0seoLinks\u00a0\u00bb:[[{\u00ab\u00a0name\u00a0\u00bb:\u00a0\u00bbDossiers d\u2019actualit\u00e9\u00a0\u00bb,\u00a0\u00bbseo\u00a0\u00bb:[{\u00ab\u00a0url\u00a0\u00bb:\u00a0\u00bbhttps:\/\/www.leparisien.fr\/societe\/religions\/pape-leon-xiv\/\u00a0\u00bb,\u00a0\u00bblabel\u00a0\u00bb:\u00a0\u00bbPape L\u00e9on XIV\u00a0\u00bb},{\u00ab\u00a0url\u00a0\u00bb:\u00a0\u00bbhttps:\/\/www.leparisien.fr\/international\/etats-unis\/donald-trump\/\u00a0\u00bb,\u00a0\u00bblabel\u00a0\u00bb:\u00a0\u00bbDonald Trump\u00a0\u00bb},{\u00ab\u00a0url\u00a0\u00bb:\u00a0\u00bbhttps:\/\/www.leparisien.fr\/crise-ukraine-russie\/\u00a0\u00bb,\u00a0\u00bblabel\u00a0\u00bb:\u00a0\u00bbGuerre en Ukraine\u00a0\u00bb},{\u00ab\u00a0url\u00a0\u00bb:\u00a0\u00bbhttps:\/\/www.leparisien.fr\/international\/israel\/\u00a0\u00bb,\u00a0\u00bblabel\u00a0\u00bb:\u00a0\u00bbGuerre au Proche-Orient\u00a0\u00bb},{\u00ab\u00a0url\u00a0\u00bb:\u00a0\u00bbhttps:\/\/www.leparisien.fr\/societe\/affaire-betharram\/\u00a0\u00bb,\u00a0\u00bblabel\u00a0\u00bb:\u00a0\u00bbAffaire B\u00e9tharram\u00a0\u00bb},{\u00ab\u00a0url\u00a0\u00bb:\u00a0\u00bbhttps:\/\/www.leparisien.fr\/culture-loisirs\/musique\/eurovision\/\u00a0\u00bb,\u00a0\u00bblabel\u00a0\u00bb:\u00a0\u00bbEurovision 2025&Prime;},{\u00ab\u00a0url\u00a0\u00bb:\u00a0\u00bbhttps:\/\/www.leparisien.fr\/culture-loisirs\/cinema\/festival-de-cannes\/\u00a0\u00bb,\u00a0\u00bblabel\u00a0\u00bb:\u00a0\u00bbFestival de Cannes 2025&Prime;},{\u00ab\u00a0url\u00a0\u00bb:\u00a0\u00bbhttps:\/\/www.leparisien.fr\/pouvoir-d-achat\/\u00a0\u00bb,\u00a0\u00bblabel\u00a0\u00bb:\u00a0\u00bbPouvoir d&rsquo;achat\u00a0\u00bb},{\u00ab\u00a0url\u00a0\u00bb:\u00a0\u00bbhttps:\/\/www.leparisien.fr\/dans-les-comptes-des-francais\/\u00a0\u00bb,\u00a0\u00bblabel\u00a0\u00bb:\u00a0\u00bbDans les comptes\u00a0\u00bb},{\u00ab\u00a0url\u00a0\u00bb:\u00a0\u00bbhttps:\/\/www.leparisien.fr\/dans-le-lit-des-francais\/\u00a0\u00bb,\u00a0\u00bblabel\u00a0\u00bb:\u00a0\u00bbDans le lit \u00ab\u00a0},{\u00ab\u00a0url\u00a0\u00bb:\u00a0\u00bbhttps:\/\/www.leparisien.fr\/dans-la-tete-des-francais\/\u00a0\u00bb,\u00a0\u00bblabel\u00a0\u00bb:\u00a0\u00bbDans la t\u00eate\u00a0\u00bb},{\u00ab\u00a0url\u00a0\u00bb:\u00a0\u00bbhttps:\/\/www.leparisien.fr\/societe\/dans-la-nouvelle-vie-des-francais\/\u00a0\u00bb,\u00a0\u00bblabel\u00a0\u00bb:\u00a0\u00bbDans la nouvelle vie\u00a0\u00bb},{\u00ab\u00a0url\u00a0\u00bb:\u00a0\u00bbhttps:\/\/www.leparisien.fr\/intime\/dans-le-secret-du-couple\/\u00a0\u00bb,\u00a0\u00bblabel\u00a0\u00bb:\u00a0\u00bbDans le secret du couple\u00a0\u00bb},{\u00ab\u00a0url\u00a0\u00bb:\u00a0\u00bbhttps:\/\/www.leparisien.fr\/societe\/dans-le-coeur\/\u00a0\u00bb,\u00a0\u00bblabel\u00a0\u00bb:\u00a0\u00bbDans le c\u0153ur\u00a0\u00bb}]}],[{\u00ab\u00a0name\u00a0\u00bb:\u00a0\u00bbSports\u00a0\u00bb,\u00a0\u00bbseo\u00a0\u00bb:[{\u00ab\u00a0url\u00a0\u00bb:\u00a0\u00bbhttps:\/\/www.leparisien.fr\/sports\/football\/psg\/\u00a0\u00bb,\u00a0\u00bblabel\u00a0\u00bb:\u00a0\u00bbPSG\u00a0\u00bb},{\u00ab\u00a0url\u00a0\u00bb:\u00a0\u00bbhttps:\/\/www.leparisien.fr\/sports\/football\/ligue-des-champions\/\u00a0\u00bb,\u00a0\u00bblabel\u00a0\u00bb:\u00a0\u00bbLigue des champions\u00a0\u00bb},{\u00ab\u00a0url\u00a0\u00bb:\u00a0\u00bbhttps:\/\/www.leparisien.fr\/sports\/football\/ligue-des-champions\/calendrier-resultats\/\u00a0\u00bb,\u00a0\u00bblabel\u00a0\u00bb:\u00a0\u00bbCalendrier Ligue des champions 2024-2025&Prime;},{\u00ab\u00a0url\u00a0\u00bb:\u00a0\u00bbhttps:\/\/www.leparisien.fr\/sports\/football\/ousmane-dembele\/\u00a0\u00bb,\u00a0\u00bblabel\u00a0\u00bb:\u00a0\u00bbOusmane Demb\u00e9l\u00e9\u00a0\u00bb},{\u00ab\u00a0url\u00a0\u00bb:\u00a0\u00bbhttps:\/\/www.leparisien.fr\/sports\/football\/bradley-barcola\/\u00a0\u00bb,\u00a0\u00bblabel\u00a0\u00bb:\u00a0\u00bbBradley Barcola\u00a0\u00bb},{\u00ab\u00a0url\u00a0\u00bb:\u00a0\u00bbhttps:\/\/www.leparisien.fr\/sports\/football\/kylian-mbappe\/\u00a0\u00bb,\u00a0\u00bblabel\u00a0\u00bb:\u00a0\u00bbKylian Mbapp\u00e9\u00a0\u00bb},{\u00ab\u00a0url\u00a0\u00bb:\u00a0\u00bbhttps:\/\/www.leparisien.fr\/sports\/football\/equipe-de-france\/\u00a0\u00bb,\u00a0\u00bblabel\u00a0\u00bb:\u00a0\u00bb\u00c9quipe de France de football\u00a0\u00bb},{\u00ab\u00a0url\u00a0\u00bb:\u00a0\u00bbhttps:\/\/www.leparisien.fr\/sports\/basket\/victor-wembanyama\/\u00a0\u00bb,\u00a0\u00bblabel\u00a0\u00bb:\u00a0\u00bbVictor Wembanyama\u00a0\u00bb},{\u00ab\u00a0url\u00a0\u00bb:\u00a0\u00bbhttps:\/\/www.leparisien.fr\/sports\/leon-marchand\/\u00a0\u00bb,\u00a0\u00bblabel\u00a0\u00bb:\u00a0\u00bbL\u00e9on Marchand\u00a0\u00bb},{\u00ab\u00a0url\u00a0\u00bb:\u00a0\u00bbhttps:\/\/www.leparisien.fr\/sports\/cyclisme\/giro\/\u00a0\u00bb,\u00a0\u00bblabel\u00a0\u00bb:\u00a0\u00bbGiro 2025&Prime;}]}],[{\u00ab\u00a0name\u00a0\u00bb:\u00a0\u00bbPolitique\u00a0\u00bb,\u00a0\u00bbseo\u00a0\u00bb:[{\u00ab\u00a0url\u00a0\u00bb:\u00a0\u00bbhttps:\/\/www.leparisien.fr\/politique\/emmanuel-macron\/\u00a0\u00bb,\u00a0\u00bblabel\u00a0\u00bb:\u00a0\u00bbEmmanuel Macron\u00a0\u00bb},{\u00ab\u00a0url\u00a0\u00bb:\u00a0\u00bbhttps:\/\/www.leparisien.fr\/politique\/francois-bayrou\/\u00a0\u00bb,\u00a0\u00bblabel\u00a0\u00bb:\u00a0\u00bbFran\u00e7ois Bayrou\u00a0\u00bb},{\u00ab\u00a0url\u00a0\u00bb:\u00a0\u00bbhttps:\/\/www.leparisien.fr\/resultats-elections\/\u00a0\u00bb,\u00a0\u00bblabel\u00a0\u00bb:\u00a0\u00bbR\u00e9sultats \u00e9lections l\u00e9gislatives 2024&Prime;},{\u00ab\u00a0url\u00a0\u00bb:\u00a0\u00bbhttps:\/\/www.leparisien.fr\/elections\/municipales\/\u00a0\u00bb,\u00a0\u00bblabel\u00a0\u00bb:\u00a0\u00bbMunicipales 2026&Prime;},{\u00ab\u00a0url\u00a0\u00bb:\u00a0\u00bbhttps:\/\/www.leparisien.fr\/elections\/presidentielle\/\u00a0\u00bb,\u00a0\u00bblabel\u00a0\u00bb:\u00a0\u00bbPr\u00e9sidentielle 2027&Prime;}]},{\u00ab\u00a0name\u00a0\u00bb:\u00a0\u00bb\u00c9tudiant\u00a0\u00bb,\u00a0\u00bbseo\u00a0\u00bb:[{\u00ab\u00a0url\u00a0\u00bb:\u00a0\u00bbhttps:\/\/www.leparisien.fr\/etudiant\/etudes\/\u00a0\u00bb,\u00a0\u00bblabel\u00a0\u00bb:\u00a0\u00bbEnseignement sup\u00e9rieur\u00a0\u00bb},{\u00ab\u00a0url\u00a0\u00bb:\u00a0\u00bbhttps:\/\/www.leparisien.fr\/etudiant\/lycee\/\u00a0\u00bb,\u00a0\u00bblabel\u00a0\u00bb:\u00a0\u00bbLyc\u00e9e\u00a0\u00bb},{\u00ab\u00a0url\u00a0\u00bb:\u00a0\u00bbhttps:\/\/www.leparisien.fr\/etudiant\/college\/\u00a0\u00bb,\u00a0\u00bblabel\u00a0\u00bb:\u00a0\u00bbColl\u00e8ge\u00a0\u00bb},{\u00ab\u00a0url\u00a0\u00bb:\u00a0\u00bbhttps:\/\/www.leparisien.fr\/etudiant\/guide-metiers\/\u00a0\u00bb,\u00a0\u00bblabel\u00a0\u00bb:\u00a0\u00bbGuide m\u00e9tier\u00a0\u00bb},{\u00ab\u00a0url\u00a0\u00bb:\u00a0\u00bbhttps:\/\/www.leparisien.fr\/etudiant\/vie-etudiante\/\u00a0\u00bb,\u00a0\u00bblabel\u00a0\u00bb:\u00a0\u00bbVie \u00e9tudiante\u00a0\u00bb},{\u00ab\u00a0url\u00a0\u00bb:\u00a0\u00bbhttps:\/\/www.leparisien.fr\/etudiant\/sortir\/\u00a0\u00bb,\u00a0\u00bblabel\u00a0\u00bb:\u00a0\u00bbAgenda sorties\u00a0\u00bb},{\u00ab\u00a0url\u00a0\u00bb:\u00a0\u00bbhttps:\/\/www.leparisien.fr\/etudiant\/jobs-stages\/\u00a0\u00bb,\u00a0\u00bblabel\u00a0\u00bb:\u00a0\u00bbJobs Stages\u00a0\u00bb},{\u00ab\u00a0url\u00a0\u00bb:\u00a0\u00bbhttps:\/\/www.leparisien.fr\/etudiant\/etudes\/parcoursup\/\u00a0\u00bb,\u00a0\u00bblabel\u00a0\u00bb:\u00a0\u00bbParcoursup 2025&Prime;}]}],[{\u00ab\u00a0name\u00a0\u00bb:\u00a0\u00bbPodcasts &#038; Vid\u00e9os\u00a0\u00bb,\u00a0\u00bbseo\u00a0\u00bb:[{\u00ab\u00a0url\u00a0\u00bb:\u00a0\u00bbhttps:\/\/www.leparisien.fr\/podcasts\/crime-story\/\u00a0\u00bb,\u00a0\u00bblabel\u00a0\u00bb:\u00a0\u00bbCrime Story\u00a0\u00bb},{\u00ab\u00a0url\u00a0\u00bb:\u00a0\u00bbhttps:\/\/www.leparisien.fr\/podcasts\/code-source\/\u00a0\u00bb,\u00a0\u00bblabel\u00a0\u00bb:\u00a0\u00bbCode source\u00a0\u00bb}]},{\u00ab\u00a0name\u00a0\u00bb:null,\u00a0\u00bbseo\u00a0\u00bb:[{\u00ab\u00a0url\u00a0\u00bb:\u00a0\u00bbhttps:\/\/www.leparisien.fr\/food-checking\/\u00a0\u00bb,\u00a0\u00bblabel\u00a0\u00bb:\u00a0\u00bbFood-checking\u00a0\u00bb},{\u00ab\u00a0url\u00a0\u00bb:\u00a0\u00bbhttps:\/\/www.leparisien.fr\/biclou\/\u00a0\u00bb,\u00a0\u00bblabel\u00a0\u00bb:\u00a0\u00bbBiclou\u00a0\u00bb}]},{\u00ab\u00a0name\u00a0\u00bb:\u00a0\u00bbActus services\u00a0\u00bb,\u00a0\u00bbseo\u00a0\u00bb:[{\u00ab\u00a0url\u00a0\u00bb:\u00a0\u00bbhttps:\/\/www.leparisien.fr\/guide-shopping\/bon-plan\/\u00a0\u00bb,\u00a0\u00bblabel\u00a0\u00bb:\u00a0\u00bbBons Plans\u00a0\u00bb},{\u00ab\u00a0url\u00a0\u00bb:\u00a0\u00bbhttps:\/\/www.leparisien.fr\/guide-shopping\/selection-guide\/\u00a0\u00bb,\u00a0\u00bblabel\u00a0\u00bb:\u00a0\u00bbS\u00e9lection du Guide d&rsquo;Achat\u00a0\u00bb},{\u00ab\u00a0url\u00a0\u00bb:\u00a0\u00bbhttps:\/\/www.leparisien.fr\/meteo\/\u00a0\u00bb,\u00a0\u00bblabel\u00a0\u00bb:\u00a0\u00bbM\u00e9t\u00e9o\u00a0\u00bb}]}]]},\u00a0\u00bbname\u00a0\u00bb:\u00a0\u00bbdefault_footer\u00a0\u00bb,\u00a0\u00bbtype\u00a0\u00bb:\u00a0\u00bbfooter\u00a0\u00bb,\u00a0\u00bbdevice\u00a0\u00bb:\u00a0\u00bbweb\u00a0\u00bb,\u00a0\u00bbtags\u00a0\u00bb:[\u00ab\u00a0https:\/\/www.leparisien.fr\/\u00a0\u00bb]}],\u00a0\u00bb_id\u00a0\u00bb:\u00a0\u00bb4441b69e10d8f48f0437650ef695c1903584831bf3c9db7ce9f23ec1dda92fa1&Prime;},\u00a0\u00bbexpires\u00a0\u00bb:1746958876260,\u00a0\u00bblastModified\u00a0\u00bb:1746957076247}}};Fusion.layout=\u00a0\u00bbarticle-layout\u00a0\u00bb;Fusion.metas={};Fusion.outputType=\u00a0\u00bbdefault\u00a0\u00bb;Fusion.template=\u00a0\u00bbtemplate\/article\u00a0\u00bb;Fusion.tree={\u00ab\u00a0collection\u00a0\u00bb:\u00a0\u00bblayouts\u00a0\u00bb,\u00a0\u00bbtype\u00a0\u00bb:\u00a0\u00bbarticle-layout\u00a0\u00bb,\u00a0\u00bbprops\u00a0\u00bb:{\u00ab\u00a0collection\u00a0\u00bb:\u00a0\u00bblayouts\u00a0\u00bb,\u00a0\u00bbtype\u00a0\u00bb:\u00a0\u00bbarticle-layout\u00a0\u00bb,\u00a0\u00bbid\u00a0\u00bb:\u00a0\u00bbarticle-layout\u00a0\u00bb,\u00a0\u00bbchildProps\u00a0\u00bb:[{\u00ab\u00a0collection\u00a0\u00bb:\u00a0\u00bbsections\u00a0\u00bb,\u00a0\u00bbid\u00a0\u00bb:0},{\u00ab\u00a0collection\u00a0\u00bb:\u00a0\u00bbsections\u00a0\u00bb,\u00a0\u00bbid\u00a0\u00bb:1},{\u00ab\u00a0collection\u00a0\u00bb:\u00a0\u00bbsections\u00a0\u00bb,\u00a0\u00bbid\u00a0\u00bb:2},{\u00ab\u00a0collection\u00a0\u00bb:\u00a0\u00bbsections\u00a0\u00bb,\u00a0\u00bbid\u00a0\u00bb:3},{\u00ab\u00a0collection\u00a0\u00bb:\u00a0\u00bbsections\u00a0\u00bb,\u00a0\u00bbid\u00a0\u00bb:4},{\u00ab\u00a0collection\u00a0\u00bb:\u00a0\u00bbsections\u00a0\u00bb,\u00a0\u00bbid\u00a0\u00bb:5},{\u00ab\u00a0collection\u00a0\u00bb:\u00a0\u00bbsections\u00a0\u00bb,\u00a0\u00bbid\u00a0\u00bb:6},{\u00ab\u00a0collection\u00a0\u00bb:\u00a0\u00bbsections\u00a0\u00bb,\u00a0\u00bbid\u00a0\u00bb:7}]},\u00a0\u00bbchildren\u00a0\u00bb:[{\u00ab\u00a0collection\u00a0\u00bb:\u00a0\u00bbsections\u00a0\u00bb,\u00a0\u00bbprops\u00a0\u00bb:{\u00ab\u00a0collection\u00a0\u00bb:\u00a0\u00bbsections\u00a0\u00bb,\u00a0\u00bbid\u00a0\u00bb:0},\u00a0\u00bbchildren\u00a0\u00bb:[{\u00ab\u00a0collection\u00a0\u00bb:\u00a0\u00bbfeatures\u00a0\u00bb,\u00a0\u00bbtype\u00a0\u00bb:\u00a0\u00bbglobal\/HeaderNav\u00a0\u00bb,\u00a0\u00bbprops\u00a0\u00bb:{\u00ab\u00a0collection\u00a0\u00bb:\u00a0\u00bbfeatures\u00a0\u00bb,\u00a0\u00bbtype\u00a0\u00bb:\u00a0\u00bbglobal\/HeaderNav\u00a0\u00bb,\u00a0\u00bbid\u00a0\u00bb:\u00a0\u00bbf0fAVPTA1kS68mi\u00a0\u00bb,\u00a0\u00bbcontentConfig\u00a0\u00bb:{\u00ab\u00a0contentService\u00a0\u00bb:\u00a0\u00bb\u00a0\u00bb,\u00a0\u00bbcontentConfigValues\u00a0\u00bb:{},\u00a0\u00bbinherit\u00a0\u00bb:true},\u00a0\u00bbcustomFields\u00a0\u00bb:{\u00ab\u00a0navBarType\u00a0\u00bb:\u00a0\u00bbLP\u00a0\u00bb,\u00a0\u00bbconfig\u00a0\u00bb:\u00a0\u00bb[{\\\u00a0\u00bbsectionId\\\u00a0\u00bb:\\\u00a0\u00bb\\\u00a0\u00bb,\\\u00a0\u00bbliveUrl\\\u00a0\u00bb:\\\u00a0\u00bb\\\u00a0\u00bb,\\\u00a0\u00bbshowLive\\\u00a0\u00bb:false,\\\u00a0\u00bbimage\\\u00a0\u00bb:\\\u00a0\u00bbhttps:\/\/leparisien-assets-prod.s3.eu-west-1.amazonaws.com\/website\/images\/events_logo\/13-novembre_dark.svg\\\u00a0\u00bb,\\\u00a0\u00bbimageDark\\\u00a0\u00bb:\\\u00a0\u00bbhttps:\/\/leparisien-assets-prod.s3.eu-west-1.amazonaws.com\/website\/images\/events_logo\/13-novembre_light.svg\\\u00a0\u00bb,\\\u00a0\u00bbimageLink\\\u00a0\u00bb:\\\u00a0\u00bbhttps:\/\/www.leparisien.fr\/proces-attentats-13-novembre-2015\/\\\u00a0\u00bb,\\\u00a0\u00bbimageSizeMobile\\\u00a0\u00bb:\\\u00a0\u00bb118X20\\\u00a0\u00bb,\\\u00a0\u00bbimageSizeTable\\\u00a0\u00bb:\\\u00a0\u00bb\\\u00a0\u00bb,\\\u00a0\u00bbimageSizeDesktop\\\u00a0\u00bb:\\\u00a0\u00bb142X24\\\u00a0\u00bb,\\\u00a0\u00bbcontextLabel\\\u00a0\u00bb:\\\u00a0\u00bb\\\u00a0\u00bb,\\\u00a0\u00bbcontextLink\\\u00a0\u00bb:\\\u00a0\u00bb\/proces-attentats-13-novembre-2015\/\\\u00a0\u00bb,\\\u00a0\u00bbkeyword\\\u00a0\u00bb:\\\u00a0\u00bb13 NOVEMBRE\\\u00a0\u00bb,\\\u00a0\u00bblinks\\\u00a0\u00bb:[{\\\u00a0\u00bburl\\\u00a0\u00bb:\\\u00a0\u00bbhttps:\/\/www.leparisien.fr\/faits-divers\/attentats-du-13-novembre-2015-les-cinq-enseignements-dun-proces-historique-29-06-2022-NHH62SX72ZGI5GRFBQR3AKNTIA.php\\\u00a0\u00bb,\\\u00a0\u00bbtext\\\u00a0\u00bb:\\\u00a0\u00bbLes enseignements du proc\u00e8s\\\u00a0\u00bb,\\\u00a0\u00bbsearchEnable\\\u00a0\u00bb:false,\\\u00a0\u00bbsearchPlaceholder\\\u00a0\u00bb:\\\u00a0\u00bb\\\u00a0\u00bb},{\\\u00a0\u00bburl\\\u00a0\u00bb:\\\u00a0\u00bbhttps:\/\/www.leparisien.fr\/faits-divers\/verdict-du-proces-du-13-novembre-tous-coupables-la-perpetuite-incompressible-pour-salah-abdeslam-29-06-2022-OOLVIBKM4JDW7CHGJBCJPCLJHY.php\\\u00a0\u00bb,\\\u00a0\u00bbtext\\\u00a0\u00bb:\\\u00a0\u00bbLe verdict\\\u00a0\u00bb,\\\u00a0\u00bbsearchEnable\\\u00a0\u00bb:false,\\\u00a0\u00bbsearchPlaceholder\\\u00a0\u00bb:\\\u00a0\u00bb\\\u00a0\u00bb},{\\\u00a0\u00bburl\\\u00a0\u00bb:\\\u00a0\u00bbhttps:\/\/www.leparisien.fr\/faits-divers\/proces-des-attentats-du-13-novembre-touches-dans-leur-chair-traumatises-ils-ont-temoigne-pour-lhistoire-13-11-2021-ZFEL4WMVGNEEBDMOPJZUXLHVEQ.php\\\u00a0\u00bb,\\\u00a0\u00bbtext\\\u00a0\u00bb:\\\u00a0\u00bbLes t\u00e9moignages des victimes\\\u00a0\u00bb,\\\u00a0\u00bbsearchEnable\\\u00a0\u00bb:false,\\\u00a0\u00bbsearchPlaceholder\\\u00a0\u00bb:\\\u00a0\u00bb\\\u00a0\u00bb},{\\\u00a0\u00bburl\\\u00a0\u00bb:\\\u00a0\u00bbhttps:\/\/www.leparisien.fr\/faits-divers\/attentats-du-13-novembre-a-21h16-un-premier-terroriste-actionne-sa-ceinture-la-soiree-bascule-dans-lhorreur-02-09-2021-JRRWSW6VJNBGZPHMJ7PL5GOFBA.php\\\u00a0\u00bb,\\\u00a0\u00bbtext\\\u00a0\u00bb:\\\u00a0\u00bbLe r\u00e9cit des attentats\\\u00a0\u00bb,\\\u00a0\u00bbsearchEnable\\\u00a0\u00bb:false,\\\u00a0\u00bbsearchPlaceholder\\\u00a0\u00bb:\\\u00a0\u00bb\\\u00a0\u00bb},{\\\u00a0\u00bburl\\\u00a0\u00bb:\\\u00a0\u00bbhttps:\/\/www.leparisien.fr\/proces-attentats-13-novembre-2015\/\\\u00a0\u00bb,\\\u00a0\u00bbtext\\\u00a0\u00bb:\\\u00a0\u00bbTous les articles\\\u00a0\u00bb,\\\u00a0\u00bbsearchEnable\\\u00a0\u00bb:false,\\\u00a0\u00bbsearchPlaceholder\\\u00a0\u00bb:\\\u00a0\u00bb\\\u00a0\u00bb}]},{\\\u00a0\u00bbsectionId\\\u00a0\u00bb:\\\u00a0\u00bb\/sports\/football\/ligue-1\/\\\u00a0\u00bb,\\\u00a0\u00bbliveUrl\\\u00a0\u00bb:\\\u00a0\u00bb\\\u00a0\u00bb,\\\u00a0\u00bbshowLive\\\u00a0\u00bb:false,\\\u00a0\u00bbimage\\\u00a0\u00bb:\\\u00a0\u00bb\\\u00a0\u00bb,\\\u00a0\u00bbimageDark\\\u00a0\u00bb:\\\u00a0\u00bb\\\u00a0\u00bb,\\\u00a0\u00bbimageLink\\\u00a0\u00bb:\\\u00a0\u00bb\\\u00a0\u00bb,\\\u00a0\u00bbimageSizeMobile\\\u00a0\u00bb:\\\u00a0\u00bb\\\u00a0\u00bb,\\\u00a0\u00bbimageSizeTable\\\u00a0\u00bb:\\\u00a0\u00bb\\\u00a0\u00bb,\\\u00a0\u00bbimageSizeDesktop\\\u00a0\u00bb:\\\u00a0\u00bb\\\u00a0\u00bb,\\\u00a0\u00bbcontextLabel\\\u00a0\u00bb:\\\u00a0\u00bbLigue 1\\\u00a0\u00bb,\\\u00a0\u00bbcontextLink\\\u00a0\u00bb:\\\u00a0\u00bbhttps:\/\/www.leparisien.fr\/sports\/football\/ligue-1\/\\\u00a0\u00bb,\\\u00a0\u00bbkeyword\\\u00a0\u00bb:\\\u00a0\u00bb\\\u00a0\u00bb,\\\u00a0\u00bblinks\\\u00a0\u00bb:[{\\\u00a0\u00bburl\\\u00a0\u00bb:\\\u00a0\u00bbhttps:\/\/www.leparisien.fr\/sports\/football\/ligue-1\/calendrier-resultats\/\\\u00a0\u00bb,\\\u00a0\u00bbtext\\\u00a0\u00bb:\\\u00a0\u00bbCalendrier et r\u00e9sultats\\\u00a0\u00bb,\\\u00a0\u00bbsearchEnable\\\u00a0\u00bb:false,\\\u00a0\u00bbsearchPlaceholder\\\u00a0\u00bb:\\\u00a0\u00bb\\\u00a0\u00bb},{\\\u00a0\u00bburl\\\u00a0\u00bb:\\\u00a0\u00bbhttps:\/\/www.leparisien.fr\/sports\/football\/ligue-1\/classement\/\\\u00a0\u00bb,\\\u00a0\u00bbtext\\\u00a0\u00bb:\\\u00a0\u00bbClassement des \u00e9quipes\\\u00a0\u00bb,\\\u00a0\u00bbsearchEnable\\\u00a0\u00bb:false,\\\u00a0\u00bbsearchPlaceholder\\\u00a0\u00bb:\\\u00a0\u00bb\\\u00a0\u00bb},{\\\u00a0\u00bburl\\\u00a0\u00bb:\\\u00a0\u00bbhttps:\/\/www.leparisien.fr\/sports\/football\/ligue-1\/calendrier-psg\/\\\u00a0\u00bb,\\\u00a0\u00bbtext\\\u00a0\u00bb:\\\u00a0\u00bbCalendrier du PSG\\\u00a0\u00bb,\\\u00a0\u00bbsearchEnable\\\u00a0\u00bb:false,\\\u00a0\u00bbsearchPlaceholder\\\u00a0\u00bb:\\\u00a0\u00bb\\\u00a0\u00bb}]},{\\\u00a0\u00bbsectionId\\\u00a0\u00bb:\\\u00a0\u00bb\/jo-paris-2024\/\\\u00a0\u00bb,\\\u00a0\u00bbliveUrl\\\u00a0\u00bb:\\\u00a0\u00bb\\\u00a0\u00bb,\\\u00a0\u00bbshowLive\\\u00a0\u00bb:false,\\\u00a0\u00bbimage\\\u00a0\u00bb:\\\u00a0\u00bbhttps:\/\/assets.leparisien.fr\/website\/images\/homepage\/logo-jo-2024.svg\\\u00a0\u00bb,\\\u00a0\u00bbimageDark\\\u00a0\u00bb:\\\u00a0\u00bbhttps:\/\/assets.leparisien.fr\/website\/images\/homepage\/dark\/logo-jo-2024.png\\\u00a0\u00bb,\\\u00a0\u00bbimageLink\\\u00a0\u00bb:\\\u00a0\u00bb\/jo-paris-2024\/\\\u00a0\u00bb,\\\u00a0\u00bbimageSizeMobile\\\u00a0\u00bb:\\\u00a0\u00bb28X16\\\u00a0\u00bb,\\\u00a0\u00bbimageSizeTable\\\u00a0\u00bb:\\\u00a0\u00bb28X16\\\u00a0\u00bb,\\\u00a0\u00bbimageSizeDesktop\\\u00a0\u00bb:\\\u00a0\u00bb28X16\\\u00a0\u00bb,\\\u00a0\u00bbcontextLabel\\\u00a0\u00bb:\\\u00a0\u00bbJO Paris 2024\\\u00a0\u00bb,\\\u00a0\u00bbcontextLink\\\u00a0\u00bb:\\\u00a0\u00bbhttps:\/\/www.leparisien.fr\/jo-paris-2024\/\\\u00a0\u00bb,\\\u00a0\u00bbkeyword\\\u00a0\u00bb:\\\u00a0\u00bb\\\u00a0\u00bb,\\\u00a0\u00bblinks\\\u00a0\u00bb:[{\\\u00a0\u00bburl\\\u00a0\u00bb:\\\u00a0\u00bbhttps:\/\/www.leparisien.fr\/jo-paris-2024\/tableau-des-medailles\/\\\u00a0\u00bb,\\\u00a0\u00bbtext\\\u00a0\u00bb:\\\u00a0\u00bbTableau des m\u00e9dailles\\\u00a0\u00bb,\\\u00a0\u00bbsearchEnable\\\u00a0\u00bb:false,\\\u00a0\u00bbsearchPlaceholder\\\u00a0\u00bb:\\\u00a0\u00bb\\\u00a0\u00bb},{\\\u00a0\u00bburl\\\u00a0\u00bb:\\\u00a0\u00bbhttps:\/\/www.leparisien.fr\/jo-paris-2024\/resultats-par-discipline\/\\\u00a0\u00bb,\\\u00a0\u00bbtext\\\u00a0\u00bb:\\\u00a0\u00bbR\u00e9sultats\\\u00a0\u00bb,\\\u00a0\u00bbsearchEnable\\\u00a0\u00bb:false,\\\u00a0\u00bbsearchPlaceholder\\\u00a0\u00bb:\\\u00a0\u00bb\\\u00a0\u00bb},{\\\u00a0\u00bburl\\\u00a0\u00bb:\\\u00a0\u00bb\\\u00a0\u00bb,\\\u00a0\u00bbtext\\\u00a0\u00bb:\\\u00a0\u00bbDisciplines\\\u00a0\u00bb,\\\u00a0\u00bbsearchEnable\\\u00a0\u00bb:true,\\\u00a0\u00bbsearchPlaceholder\\\u00a0\u00bb:\\\u00a0\u00bbex : Aviron\\\u00a0\u00bb,\\\u00a0\u00bbchildren\\\u00a0\u00bb:[{\\\u00a0\u00bburl\\\u00a0\u00bb:\\\u00a0\u00bbhttps:\/\/www.leparisien.fr\/jo-paris-2024\/athletisme\/\\\u00a0\u00bb,\\\u00a0\u00bbtext\\\u00a0\u00bb:\\\u00a0\u00bbAthl\u00e9tisme\\\u00a0\u00bb},{\\\u00a0\u00bburl\\\u00a0\u00bb:\\\u00a0\u00bbhttps:\/\/www.leparisien.fr\/jo-paris-2024\/aviron\/\\\u00a0\u00bb,\\\u00a0\u00bbtext\\\u00a0\u00bb:\\\u00a0\u00bbAviron\\\u00a0\u00bb},{\\\u00a0\u00bburl\\\u00a0\u00bb:\\\u00a0\u00bbhttps:\/\/www.leparisien.fr\/jo-paris-2024\/badminton\/\\\u00a0\u00bb,\\\u00a0\u00bbtext\\\u00a0\u00bb:\\\u00a0\u00bbBadminton\\\u00a0\u00bb},{\\\u00a0\u00bburl\\\u00a0\u00bb:\\\u00a0\u00bbhttps:\/\/www.leparisien.fr\/jo-paris-2024\/basketball\/\\\u00a0\u00bb,\\\u00a0\u00bbtext\\\u00a0\u00bb:\\\u00a0\u00bbBasketball\\\u00a0\u00bb},{\\\u00a0\u00bburl\\\u00a0\u00bb:\\\u00a0\u00bbhttps:\/\/www.leparisien.fr\/jo-paris-2024\/bmx\/\\\u00a0\u00bb,\\\u00a0\u00bbtext\\\u00a0\u00bb:\\\u00a0\u00bbBMX\\\u00a0\u00bb},{\\\u00a0\u00bburl\\\u00a0\u00bb:\\\u00a0\u00bbhttps:\/\/www.leparisien.fr\/jo-paris-2024\/boxe\/\\\u00a0\u00bb,\\\u00a0\u00bbtext\\\u00a0\u00bb:\\\u00a0\u00bbBoxe\\\u00a0\u00bb},{\\\u00a0\u00bburl\\\u00a0\u00bb:\\\u00a0\u00bbhttps:\/\/www.leparisien.fr\/jo-paris-2024\/breaking\/\\\u00a0\u00bb,\\\u00a0\u00bbtext\\\u00a0\u00bb:\\\u00a0\u00bbBreaking\\\u00a0\u00bb},{\\\u00a0\u00bburl\\\u00a0\u00bb:\\\u00a0\u00bbhttps:\/\/www.leparisien.fr\/jo-paris-2024\/canoe\/\\\u00a0\u00bb,\\\u00a0\u00bbtext\\\u00a0\u00bb:\\\u00a0\u00bbCano\u00eb\\\u00a0\u00bb},{\\\u00a0\u00bburl\\\u00a0\u00bb:\\\u00a0\u00bbhttps:\/\/www.leparisien.fr\/jo-paris-2024\/cyclisme\/\\\u00a0\u00bb,\\\u00a0\u00bbtext\\\u00a0\u00bb:\\\u00a0\u00bbCyclisme\\\u00a0\u00bb},{\\\u00a0\u00bburl\\\u00a0\u00bb:\\\u00a0\u00bbhttps:\/\/www.leparisien.fr\/jo-paris-2024\/sports-equestres\/\\\u00a0\u00bb,\\\u00a0\u00bbtext\\\u00a0\u00bb:\\\u00a0\u00bb\u00c9quitation\\\u00a0\u00bb},{\\\u00a0\u00bburl\\\u00a0\u00bb:\\\u00a0\u00bbhttps:\/\/www.leparisien.fr\/jo-paris-2024\/escalade-sportive\/\\\u00a0\u00bb,\\\u00a0\u00bbtext\\\u00a0\u00bb:\\\u00a0\u00bbEscalade\\\u00a0\u00bb},{\\\u00a0\u00bburl\\\u00a0\u00bb:\\\u00a0\u00bbhttps:\/\/www.leparisien.fr\/jo-paris-2024\/escrime\/\\\u00a0\u00bb,\\\u00a0\u00bbtext\\\u00a0\u00bb:\\\u00a0\u00bbEscrime\\\u00a0\u00bb},{\\\u00a0\u00bburl\\\u00a0\u00bb:\\\u00a0\u00bbhttps:\/\/www.leparisien.fr\/jo-paris-2024\/football\/\\\u00a0\u00bb,\\\u00a0\u00bbtext\\\u00a0\u00bb:\\\u00a0\u00bbFootball\\\u00a0\u00bb},{\\\u00a0\u00bburl\\\u00a0\u00bb:\\\u00a0\u00bbhttps:\/\/www.leparisien.fr\/jo-paris-2024\/golf\/\\\u00a0\u00bb,\\\u00a0\u00bbtext\\\u00a0\u00bb:\\\u00a0\u00bbGolf\\\u00a0\u00bb},{\\\u00a0\u00bburl\\\u00a0\u00bb:\\\u00a0\u00bbhttps:\/\/www.leparisien.fr\/jo-paris-2024\/gymnastique\/\\\u00a0\u00bb,\\\u00a0\u00bbtext\\\u00a0\u00bb:\\\u00a0\u00bbGymnastique\\\u00a0\u00bb},{\\\u00a0\u00bburl\\\u00a0\u00bb:\\\u00a0\u00bbhttps:\/\/www.leparisien.fr\/jo-paris-2024\/halterophilie\/\\\u00a0\u00bb,\\\u00a0\u00bbtext\\\u00a0\u00bb:\\\u00a0\u00bbHalt\u00e9rophilie\\\u00a0\u00bb},{\\\u00a0\u00bburl\\\u00a0\u00bb:\\\u00a0\u00bbhttps:\/\/www.leparisien.fr\/jo-paris-2024\/handball\/\\\u00a0\u00bb,\\\u00a0\u00bbtext\\\u00a0\u00bb:\\\u00a0\u00bbHandball\\\u00a0\u00bb},{\\\u00a0\u00bburl\\\u00a0\u00bb:\\\u00a0\u00bbhttps:\/\/www.leparisien.fr\/jo-paris-2024\/hockey\/\\\u00a0\u00bb,\\\u00a0\u00bbtext\\\u00a0\u00bb:\\\u00a0\u00bbHockey\\\u00a0\u00bb},{\\\u00a0\u00bburl\\\u00a0\u00bb:\\\u00a0\u00bbhttps:\/\/www.leparisien.fr\/jo-paris-2024\/judo\/\\\u00a0\u00bb,\\\u00a0\u00bbtext\\\u00a0\u00bb:\\\u00a0\u00bbJudo\\\u00a0\u00bb},{\\\u00a0\u00bburl\\\u00a0\u00bb:\\\u00a0\u00bbhttps:\/\/www.leparisien.fr\/jo-paris-2024\/lutte\/\\\u00a0\u00bb,\\\u00a0\u00bbtext\\\u00a0\u00bb:\\\u00a0\u00bbLutte\\\u00a0\u00bb},{\\\u00a0\u00bburl\\\u00a0\u00bb:\\\u00a0\u00bbhttps:\/\/www.leparisien.fr\/jo-paris-2024\/natation\/\\\u00a0\u00bb,\\\u00a0\u00bbtext\\\u00a0\u00bb:\\\u00a0\u00bbNatation\\\u00a0\u00bb},{\\\u00a0\u00bburl\\\u00a0\u00bb:\\\u00a0\u00bbhttps:\/\/www.leparisien.fr\/jo-paris-2024\/pentathlon-moderne\/\\\u00a0\u00bb,\\\u00a0\u00bbtext\\\u00a0\u00bb:\\\u00a0\u00bbPentathlon moderne\\\u00a0\u00bb},{\\\u00a0\u00bburl\\\u00a0\u00bb:\\\u00a0\u00bbhttps:\/\/www.leparisien.fr\/jo-paris-2024\/plongeon\/\\\u00a0\u00bb,\\\u00a0\u00bbtext\\\u00a0\u00bb:\\\u00a0\u00bbPlongeon\\\u00a0\u00bb},{\\\u00a0\u00bburl\\\u00a0\u00bb:\\\u00a0\u00bbhttps:\/\/www.leparisien.fr\/jo-paris-2024\/rugby\/\\\u00a0\u00bb,\\\u00a0\u00bbtext\\\u00a0\u00bb:\\\u00a0\u00bbRugby \u00e0 7\\\u00a0\u00bb},{\\\u00a0\u00bburl\\\u00a0\u00bb:\\\u00a0\u00bbhttps:\/\/www.leparisien.fr\/jo-paris-2024\/skateboard\/\\\u00a0\u00bb,\\\u00a0\u00bbtext\\\u00a0\u00bb:\\\u00a0\u00bbSkateboard\\\u00a0\u00bb},{\\\u00a0\u00bburl\\\u00a0\u00bb:\\\u00a0\u00bbhttps:\/\/www.leparisien.fr\/jo-paris-2024\/surf\/\\\u00a0\u00bb,\\\u00a0\u00bbtext\\\u00a0\u00bb:\\\u00a0\u00bbSurf\\\u00a0\u00bb},{\\\u00a0\u00bburl\\\u00a0\u00bb:\\\u00a0\u00bbhttps:\/\/www.leparisien.fr\/jo-paris-2024\/taekwondo\/\\\u00a0\u00bb,\\\u00a0\u00bbtext\\\u00a0\u00bb:\\\u00a0\u00bbTaekwondo\\\u00a0\u00bb},{\\\u00a0\u00bburl\\\u00a0\u00bb:\\\u00a0\u00bbhttps:\/\/www.leparisien.fr\/jo-paris-2024\/tennis\/\\\u00a0\u00bb,\\\u00a0\u00bbtext\\\u00a0\u00bb:\\\u00a0\u00bbTennis\\\u00a0\u00bb},{\\\u00a0\u00bburl\\\u00a0\u00bb:\\\u00a0\u00bbhttps:\/\/www.leparisien.fr\/jo-paris-2024\/tennis-de-table\/\\\u00a0\u00bb,\\\u00a0\u00bbtext\\\u00a0\u00bb:\\\u00a0\u00bbTennis de table\\\u00a0\u00bb},{\\\u00a0\u00bburl\\\u00a0\u00bb:\\\u00a0\u00bbhttps:\/\/www.leparisien.fr\/jo-paris-2024\/tir\/\\\u00a0\u00bb,\\\u00a0\u00bbtext\\\u00a0\u00bb:\\\u00a0\u00bbTir\\\u00a0\u00bb},{\\\u00a0\u00bburl\\\u00a0\u00bb:\\\u00a0\u00bbhttps:\/\/www.leparisien.fr\/jo-paris-2024\/tir-a-l-arc\/\\\u00a0\u00bb,\\\u00a0\u00bbtext\\\u00a0\u00bb:\\\u00a0\u00bbTir \u00e0 l\u2019arc\\\u00a0\u00bb},{\\\u00a0\u00bburl\\\u00a0\u00bb:\\\u00a0\u00bbhttps:\/\/www.leparisien.fr\/jo-paris-2024\/trampoline\/\\\u00a0\u00bb,\\\u00a0\u00bbtext\\\u00a0\u00bb:\\\u00a0\u00bbTrampoline\\\u00a0\u00bb},{\\\u00a0\u00bburl\\\u00a0\u00bb:\\\u00a0\u00bbhttps:\/\/www.leparisien.fr\/jo-paris-2024\/triathlon\/\\\u00a0\u00bb,\\\u00a0\u00bbtext\\\u00a0\u00bb:\\\u00a0\u00bbTriathlon\\\u00a0\u00bb},{\\\u00a0\u00bburl\\\u00a0\u00bb:\\\u00a0\u00bbhttps:\/\/www.leparisien.fr\/jo-paris-2024\/voile\/\\\u00a0\u00bb,\\\u00a0\u00bbtext\\\u00a0\u00bb:\\\u00a0\u00bbVoile\\\u00a0\u00bb},{\\\u00a0\u00bburl\\\u00a0\u00bb:\\\u00a0\u00bbhttps:\/\/www.leparisien.fr\/jo-paris-2024\/volleyball\/\\\u00a0\u00bb,\\\u00a0\u00bbtext\\\u00a0\u00bb:\\\u00a0\u00bbVolleyball\\\u00a0\u00bb},{\\\u00a0\u00bburl\\\u00a0\u00bb:\\\u00a0\u00bbhttps:\/\/www.leparisien.fr\/jo-paris-2024\/vtt\/\\\u00a0\u00bb,\\\u00a0\u00bbtext\\\u00a0\u00bb:\\\u00a0\u00bbVTT\\\u00a0\u00bb},{\\\u00a0\u00bburl\\\u00a0\u00bb:\\\u00a0\u00bbhttps:\/\/www.leparisien.fr\/jo-paris-2024\/waterpolo\/\\\u00a0\u00bb,\\\u00a0\u00bbtext\\\u00a0\u00bb:\\\u00a0\u00bbWater-polo\\\u00a0\u00bb}]},{\\\u00a0\u00bburl\\\u00a0\u00bb:\\\u00a0\u00bb\/jo-paris-2024\/equipe-de-france\/\\\u00a0\u00bb,\\\u00a0\u00bbtext\\\u00a0\u00bb:\\\u00a0\u00bb\u00c9quipe de France\\\u00a0\u00bb,\\\u00a0\u00bbsearchEnable\\\u00a0\u00bb:false,\\\u00a0\u00bbsearchPlaceholder\\\u00a0\u00bb:\\\u00a0\u00bb\\\u00a0\u00bb},{\\\u00a0\u00bburl\\\u00a0\u00bb:\\\u00a0\u00bb\/jo-paris-2024\/videos\/\\\u00a0\u00bb,\\\u00a0\u00bbtext\\\u00a0\u00bb:\\\u00a0\u00bbVid\u00e9os\\\u00a0\u00bb,\\\u00a0\u00bbsearchEnable\\\u00a0\u00bb:false,\\\u00a0\u00bbsearchPlaceholder\\\u00a0\u00bb:\\\u00a0\u00bb\\\u00a0\u00bb},{\\\u00a0\u00bburl\\\u00a0\u00bb:\\\u00a0\u00bb\/inscription-newsletter-jeux-olympiques\/\\\u00a0\u00bb,\\\u00a0\u00bbtext\\\u00a0\u00bb:\\\u00a0\u00bbNewsletter\\\u00a0\u00bb,\\\u00a0\u00bbsearchEnable\\\u00a0\u00bb:false,\\\u00a0\u00bbsearchPlaceholder\\\u00a0\u00bb:\\\u00a0\u00bb\\\u00a0\u00bb}]},{\\\u00a0\u00bbsectionId\\\u00a0\u00bb:\\\u00a0\u00bb\/environnement\/climat\/\\\u00a0\u00bb,\\\u00a0\u00bbliveUrl\\\u00a0\u00bb:\\\u00a0\u00bb\\\u00a0\u00bb,\\\u00a0\u00bbshowLive\\\u00a0\u00bb:false,\\\u00a0\u00bbimage\\\u00a0\u00bb:\\\u00a0\u00bb\\\u00a0\u00bb,\\\u00a0\u00bbimageDark\\\u00a0\u00bb:\\\u00a0\u00bb\\\u00a0\u00bb,\\\u00a0\u00bbimageLink\\\u00a0\u00bb:\\\u00a0\u00bb\\\u00a0\u00bb,\\\u00a0\u00bbimageSizeMobile\\\u00a0\u00bb:\\\u00a0\u00bb\\\u00a0\u00bb,\\\u00a0\u00bbimageSizeTable\\\u00a0\u00bb:\\\u00a0\u00bb\\\u00a0\u00bb,\\\u00a0\u00bbimageSizeDesktop\\\u00a0\u00bb:\\\u00a0\u00bb\\\u00a0\u00bb,\\\u00a0\u00bbcontextLabel\\\u00a0\u00bb:\\\u00a0\u00bbClimat\\\u00a0\u00bb,\\\u00a0\u00bbcontextLink\\\u00a0\u00bb:\\\u00a0\u00bb\/environnement\/climat\/\\\u00a0\u00bb,\\\u00a0\u00bbkeyword\\\u00a0\u00bb:\\\u00a0\u00bb\\\u00a0\u00bb,\\\u00a0\u00bblinks\\\u00a0\u00bb:[{\\\u00a0\u00bburl\\\u00a0\u00bb:\\\u00a0\u00bbhttps:\/\/www.leparisien.fr\/environnement\/climat\/cest-quoi-le-rechauffement-climatique-25-questions-reponses-pour-tout-comprendre-30-11-2023-XTKH6RVJL5FALK4X4Z4RM6PS4A.php\\\u00a0\u00bb,\\\u00a0\u00bbtext\\\u00a0\u00bb:\\\u00a0\u00bbR\u00e9chauffement climatique\\\u00a0\u00bb,\\\u00a0\u00bbsearchEnable\\\u00a0\u00bb:false,\\\u00a0\u00bbsearchPlaceholder\\\u00a0\u00bb:\\\u00a0\u00bb\\\u00a0\u00bb},{\\\u00a0\u00bburl\\\u00a0\u00bb:\\\u00a0\u00bbhttps:\/\/www.leparisien.fr\/environnement\/climat\/fonte-des-glaces-decouvrez-limpact-de-la-hausse-des-mers-sur-votre-territoire-08-11-2023-KYMKTDOICVFVNECCHBC43CWHKE.php\\\u00a0\u00bb,\\\u00a0\u00bbtext\\\u00a0\u00bb:\\\u00a0\u00bbFonte des glaces\\\u00a0\u00bb,\\\u00a0\u00bbsearchEnable\\\u00a0\u00bb:false,\\\u00a0\u00bbsearchPlaceholder\\\u00a0\u00bb:\\\u00a0\u00bb\\\u00a0\u00bb},{\\\u00a0\u00bburl\\\u00a0\u00bb:\\\u00a0\u00bbhttps:\/\/www.leparisien.fr\/environnement\/quiz-climat-gaz-a-effet-de-serre-etes-vous-incollable-14-06-2023-2ZQLLSSZKNDD5ERNUXEMZ2E6UM.php\\\u00a0\u00bb,\\\u00a0\u00bbtext\\\u00a0\u00bb:\\\u00a0\u00bbQuiz sur le climat\\\u00a0\u00bb,\\\u00a0\u00bbsearchEnable\\\u00a0\u00bb:false,\\\u00a0\u00bbsearchPlaceholder\\\u00a0\u00bb:\\\u00a0\u00bb\\\u00a0\u00bb},{\\\u00a0\u00bburl\\\u00a0\u00bb:\\\u00a0\u00bbhttps:\/\/www.leparisien.fr\/inscription-newsletter-environnement\/\\\u00a0\u00bb,\\\u00a0\u00bbtext\\\u00a0\u00bb:\\\u00a0\u00bbNewsletter\\\u00a0\u00bb,\\\u00a0\u00bbsearchEnable\\\u00a0\u00bb:false,\\\u00a0\u00bbsearchPlaceholder\\\u00a0\u00bb:\\\u00a0\u00bb\\\u00a0\u00bb},{\\\u00a0\u00bburl\\\u00a0\u00bb:\\\u00a0\u00bbhttps:\/\/www.leparisien.fr\/environnement\/climat\/\\\u00a0\u00bb,\\\u00a0\u00bbtext\\\u00a0\u00bb:\\\u00a0\u00bbToute l&rsquo;actu\\\u00a0\u00bb,\\\u00a0\u00bbsearchEnable\\\u00a0\u00bb:false,\\\u00a0\u00bbsearchPlaceholder\\\u00a0\u00bb:\\\u00a0\u00bb\\\u00a0\u00bb}]},{\\\u00a0\u00bbsectionId\\\u00a0\u00bb:\\\u00a0\u00bb\/sports\/football\/coupe-du-monde\/\\\u00a0\u00bb,\\\u00a0\u00bbliveUrl\\\u00a0\u00bb:\\\u00a0\u00bb\\\u00a0\u00bb,\\\u00a0\u00bbshowLive\\\u00a0\u00bb:false,\\\u00a0\u00bbimage\\\u00a0\u00bb:\\\u00a0\u00bb\\\u00a0\u00bb,\\\u00a0\u00bbimageDark\\\u00a0\u00bb:\\\u00a0\u00bb\\\u00a0\u00bb,\\\u00a0\u00bbimageLink\\\u00a0\u00bb:\\\u00a0\u00bb\\\u00a0\u00bb,\\\u00a0\u00bbimageSizeMobile\\\u00a0\u00bb:\\\u00a0\u00bb\\\u00a0\u00bb,\\\u00a0\u00bbimageSizeTable\\\u00a0\u00bb:\\\u00a0\u00bb\\\u00a0\u00bb,\\\u00a0\u00bbimageSizeDesktop\\\u00a0\u00bb:\\\u00a0\u00bb\\\u00a0\u00bb,\\\u00a0\u00bbcontextLabel\\\u00a0\u00bb:\\\u00a0\u00bbCoupe du monde 2026\\\u00a0\u00bb,\\\u00a0\u00bbcontextLink\\\u00a0\u00bb:\\\u00a0\u00bb\/sports\/football\/coupe-du-monde\/\\\u00a0\u00bb,\\\u00a0\u00bbkeyword\\\u00a0\u00bb:\\\u00a0\u00bb\\\u00a0\u00bb,\\\u00a0\u00bblinks\\\u00a0\u00bb:[{\\\u00a0\u00bburl\\\u00a0\u00bb:\\\u00a0\u00bbhttps:\/\/www.leparisien.fr\/sports\/football\/coupe-du-monde\/coupe-du-monde-2026-finale-a-new-york-match-douverture-a-mexico-la-fifa-devoile-le-calendrier-04-02-2024-NHX5M6L7QRHABGG6M6BLXLB3II.php\\\u00a0\u00bb,\\\u00a0\u00bbtext\\\u00a0\u00bb:\\\u00a0\u00bbCalendrier\\\u00a0\u00bb,\\\u00a0\u00bbsearchEnable\\\u00a0\u00bb:false,\\\u00a0\u00bbsearchPlaceholder\\\u00a0\u00bb:\\\u00a0\u00bb\\\u00a0\u00bb},{\\\u00a0\u00bburl\\\u00a0\u00bb:\\\u00a0\u00bbhttps:\/\/www.leparisien.fr\/sports\/football\/coupe-du-monde-2026-les-16-villes-sont-connues-17-06-2022-JYSQAT2EA5CWDPDAWK5RSOCDNQ.php\\\u00a0\u00bb,\\\u00a0\u00bbtext\\\u00a0\u00bb:\\\u00a0\u00bbVilles h\u00f4tes\\\u00a0\u00bb,\\\u00a0\u00bbsearchEnable\\\u00a0\u00bb:false,\\\u00a0\u00bbsearchPlaceholder\\\u00a0\u00bb:\\\u00a0\u00bb\\\u00a0\u00bb},{\\\u00a0\u00bburl\\\u00a0\u00bb:\\\u00a0\u00bbhttps:\/\/www.leparisien.fr\/sports\/football\/equipe-de-france\/\\\u00a0\u00bb,\\\u00a0\u00bbtext\\\u00a0\u00bb:\\\u00a0\u00bbLes Bleus\\\u00a0\u00bb,\\\u00a0\u00bbsearchEnable\\\u00a0\u00bb:false,\\\u00a0\u00bbsearchPlaceholder\\\u00a0\u00bb:\\\u00a0\u00bb\\\u00a0\u00bb},{\\\u00a0\u00bburl\\\u00a0\u00bb:\\\u00a0\u00bbhttps:\/\/www.leparisien.fr\/sports\/football\/coupe-du-monde\/coupe-du-monde-2026-le-tirage-au-sort-complet-des-qualifications-avec-les-groupes-possibles-de-la-france-13-12-2024-RTU6YVVEBJBZVFAUI4UNL3SDVA.php\\\u00a0\u00bb,\\\u00a0\u00bbtext\\\u00a0\u00bb:\\\u00a0\u00bbTirage au sort des qualifications\\\u00a0\u00bb,\\\u00a0\u00bbsearchEnable\\\u00a0\u00bb:false,\\\u00a0\u00bbsearchPlaceholder\\\u00a0\u00bb:\\\u00a0\u00bb\\\u00a0\u00bb}]},{\\\u00a0\u00bbsectionId\\\u00a0\u00bb:\\\u00a0\u00bb\/sports\/rugby\/coupe-du-monde\/\\\u00a0\u00bb,\\\u00a0\u00bbliveUrl\\\u00a0\u00bb:\\\u00a0\u00bb\\\u00a0\u00bb,\\\u00a0\u00bbshowLive\\\u00a0\u00bb:false,\\\u00a0\u00bbimage\\\u00a0\u00bb:\\\u00a0\u00bbhttps:\/\/assets.leparisien.fr\/website\/images\/homepage\/rugby-cup.svg\\\u00a0\u00bb,\\\u00a0\u00bbimageDark\\\u00a0\u00bb:\\\u00a0\u00bbhttps:\/\/assets.leparisien.fr\/website\/images\/homepage\/dark\/rugby-cup.png\\\u00a0\u00bb,\\\u00a0\u00bbimageLink\\\u00a0\u00bb:\\\u00a0\u00bb\/sports\/rugby\/coupe-du-monde\/\\\u00a0\u00bb,\\\u00a0\u00bbimageSizeMobile\\\u00a0\u00bb:\\\u00a0\u00bb20&#215;20\\\u00a0\u00bb,\\\u00a0\u00bbimageSizeTable\\\u00a0\u00bb:\\\u00a0\u00bb20&#215;20\\\u00a0\u00bb,\\\u00a0\u00bbimageSizeDesktop\\\u00a0\u00bb:\\\u00a0\u00bb20&#215;20\\\u00a0\u00bb,\\\u00a0\u00bbcontextLabel\\\u00a0\u00bb:\\\u00a0\u00bbCoupe du monde de rugby 2023\\\u00a0\u00bb,\\\u00a0\u00bbcontextLink\\\u00a0\u00bb:\\\u00a0\u00bb\/sports\/rugby\/coupe-du-monde\/\\\u00a0\u00bb,\\\u00a0\u00bbkeyword\\\u00a0\u00bb:\\\u00a0\u00bb\\\u00a0\u00bb,\\\u00a0\u00bblinks\\\u00a0\u00bb:[{\\\u00a0\u00bburl\\\u00a0\u00bb:\\\u00a0\u00bbhttps:\/\/www.leparisien.fr\/sports\/rugby\/coupe-du-monde\/direct-coupe-du-monde-de-rugby-2023-la-nouvelle-zelande-face-a-lafrique-du-sud-pour-la-suprematie-mondiale-28-10-2023-YSQTF6YT6BC6NNDTBLCO7QAHNY.php\\\u00a0\u00bb,\\\u00a0\u00bbtext\\\u00a0\u00bb:\\\u00a0\u00bbRevivez la finale\\\u00a0\u00bb,\\\u00a0\u00bbsearchEnable\\\u00a0\u00bb:false,\\\u00a0\u00bbsearchPlaceholder\\\u00a0\u00bb:\\\u00a0\u00bb\\\u00a0\u00bb},{\\\u00a0\u00bburl\\\u00a0\u00bb:\\\u00a0\u00bbhttps:\/\/www.leparisien.fr\/sports\/rugby\/xv-de-france\/\\\u00a0\u00bb,\\\u00a0\u00bbtext\\\u00a0\u00bb:\\\u00a0\u00bbXV de France\\\u00a0\u00bb,\\\u00a0\u00bbsearchEnable\\\u00a0\u00bb:false,\\\u00a0\u00bbsearchPlaceholder\\\u00a0\u00bb:\\\u00a0\u00bb\\\u00a0\u00bb},{\\\u00a0\u00bburl\\\u00a0\u00bb:\\\u00a0\u00bbhttps:\/\/www.leparisien.fr\/sports\/rugby\/coupe-du-monde\/guide-de-la-coupe-du-monde-2023-28-08-2023-DVLEESPKIBDKFKGULKCHVX7AAU.php\\\u00a0\u00bb,\\\u00a0\u00bbtext\\\u00a0\u00bb:\\\u00a0\u00bbGuide par pays\\\u00a0\u00bb,\\\u00a0\u00bbsearchEnable\\\u00a0\u00bb:false,\\\u00a0\u00bbsearchPlaceholder\\\u00a0\u00bb:\\\u00a0\u00bb\\\u00a0\u00bb},{\\\u00a0\u00bburl\\\u00a0\u00bb:\\\u00a0\u00bbhttps:\/\/www.leparisien.fr\/sports\/rugby\/coupe-du-monde\/coupe-du-monde-de-rugby-comprendre-les-gestes-de-larbitre-en-24-images-07-09-2023-NXLDER43SRHDLBEKSJ34DFY3TQ.php\\\u00a0\u00bb,\\\u00a0\u00bbtext\\\u00a0\u00bb:\\\u00a0\u00bbComprendre l&rsquo;arbitrage\\\u00a0\u00bb,\\\u00a0\u00bbsearchEnable\\\u00a0\u00bb:false,\\\u00a0\u00bbsearchPlaceholder\\\u00a0\u00bb:\\\u00a0\u00bb\\\u00a0\u00bb}]},{\\\u00a0\u00bbsectionId\\\u00a0\u00bb:\\\u00a0\u00bb\/sports\/football\/euro\/\\\u00a0\u00bb,\\\u00a0\u00bbliveUrl\\\u00a0\u00bb:\\\u00a0\u00bb\\\u00a0\u00bb,\\\u00a0\u00bbshowLive\\\u00a0\u00bb:false,\\\u00a0\u00bbimage\\\u00a0\u00bb:\\\u00a0\u00bbhttps:\/\/assets.leparisien.fr\/website\/images\/homepage\/euro-2024.svg\\\u00a0\u00bb,\\\u00a0\u00bbimageDark\\\u00a0\u00bb:\\\u00a0\u00bbhttps:\/\/assets.leparisien.fr\/website\/images\/homepage\/dark\/euro-2024.png\\\u00a0\u00bb,\\\u00a0\u00bbimageLink\\\u00a0\u00bb:\\\u00a0\u00bb\/sports\/football\/euro\/\\\u00a0\u00bb,\\\u00a0\u00bbimageSizeMobile\\\u00a0\u00bb:\\\u00a0\u00bb20&#215;20\\\u00a0\u00bb,\\\u00a0\u00bbimageSizeTable\\\u00a0\u00bb:\\\u00a0\u00bb20&#215;20\\\u00a0\u00bb,\\\u00a0\u00bbimageSizeDesktop\\\u00a0\u00bb:\\\u00a0\u00bb20&#215;20\\\u00a0\u00bb,\\\u00a0\u00bbcontextLabel\\\u00a0\u00bb:\\\u00a0\u00bbEuro 2024\\\u00a0\u00bb,\\\u00a0\u00bbcontextLink\\\u00a0\u00bb:\\\u00a0\u00bb\/sports\/football\/euro\/\\\u00a0\u00bb,\\\u00a0\u00bbkeyword\\\u00a0\u00bb:\\\u00a0\u00bb\\\u00a0\u00bb,\\\u00a0\u00bblinks\\\u00a0\u00bb:[{\\\u00a0\u00bburl\\\u00a0\u00bb:\\\u00a0\u00bbhttps:\/\/www.leparisien.fr\/sports\/football\/euro\/calendrier-resultats\/\\\u00a0\u00bb,\\\u00a0\u00bbtext\\\u00a0\u00bb:\\\u00a0\u00bbCalendrier et r\u00e9sultats\\\u00a0\u00bb,\\\u00a0\u00bbsearchEnable\\\u00a0\u00bb:false,\\\u00a0\u00bbsearchPlaceholder\\\u00a0\u00bb:\\\u00a0\u00bb\\\u00a0\u00bb},{\\\u00a0\u00bburl\\\u00a0\u00bb:\\\u00a0\u00bbhttps:\/\/www.leparisien.fr\/sports\/football\/euro\/classement-buteurs\/\\\u00a0\u00bb,\\\u00a0\u00bbtext\\\u00a0\u00bb:\\\u00a0\u00bbClassement buteurs\\\u00a0\u00bb,\\\u00a0\u00bbsearchEnable\\\u00a0\u00bb:false,\\\u00a0\u00bbsearchPlaceholder\\\u00a0\u00bb:\\\u00a0\u00bb\\\u00a0\u00bb},{\\\u00a0\u00bburl\\\u00a0\u00bb:\\\u00a0\u00bbhttps:\/\/www.leparisien.fr\/sports\/football\/euro\/classement-passeurs\/\\\u00a0\u00bb,\\\u00a0\u00bbtext\\\u00a0\u00bb:\\\u00a0\u00bbClassement passeurs\\\u00a0\u00bb,\\\u00a0\u00bbsearchEnable\\\u00a0\u00bb:false,\\\u00a0\u00bbsearchPlaceholder\\\u00a0\u00bb:\\\u00a0\u00bb\\\u00a0\u00bb},{\\\u00a0\u00bburl\\\u00a0\u00bb:\\\u00a0\u00bbhttps:\/\/www.leparisien.fr\/sports\/football\/equipe-de-france\/\\\u00a0\u00bb,\\\u00a0\u00bbtext\\\u00a0\u00bb:\\\u00a0\u00bb\u00c9quipe de France\\\u00a0\u00bb,\\\u00a0\u00bbsearchEnable\\\u00a0\u00bb:false,\\\u00a0\u00bbsearchPlaceholder\\\u00a0\u00bb:\\\u00a0\u00bb\\\u00a0\u00bb},{\\\u00a0\u00bburl\\\u00a0\u00bb:\\\u00a0\u00bbhttps:\/\/www.leparisien.fr\/sports\/football\/euro\/euro-2024-equipes-joueurs-a-suivre-calendrier-des-matchs-le-guide-complet-de-la-competition-07-06-2024-QZ4EIPJ5BJFYXLKFT6WTVQVBGY.php\\\u00a0\u00bb,\\\u00a0\u00bbtext\\\u00a0\u00bb:\\\u00a0\u00bbGuide des \u00e9quipes\\\u00a0\u00bb,\\\u00a0\u00bbsearchEnable\\\u00a0\u00bb:false,\\\u00a0\u00bbsearchPlaceholder\\\u00a0\u00bb:\\\u00a0\u00bb\\\u00a0\u00bb}]},{\\\u00a0\u00bbsectionId\\\u00a0\u00bb:\\\u00a0\u00bb\/sports\/football\/coupe-d-afrique-des-nations\/\\\u00a0\u00bb,\\\u00a0\u00bbliveUrl\\\u00a0\u00bb:\\\u00a0\u00bb\\\u00a0\u00bb,\\\u00a0\u00bbshowLive\\\u00a0\u00bb:false,\\\u00a0\u00bbimage\\\u00a0\u00bb:\\\u00a0\u00bb\\\u00a0\u00bb,\\\u00a0\u00bbimageDark\\\u00a0\u00bb:\\\u00a0\u00bb\\\u00a0\u00bb,\\\u00a0\u00bbimageLink\\\u00a0\u00bb:\\\u00a0\u00bb\\\u00a0\u00bb,\\\u00a0\u00bbimageSizeMobile\\\u00a0\u00bb:\\\u00a0\u00bb\\\u00a0\u00bb,\\\u00a0\u00bbimageSizeTable\\\u00a0\u00bb:\\\u00a0\u00bb\\\u00a0\u00bb,\\\u00a0\u00bbimageSizeDesktop\\\u00a0\u00bb:\\\u00a0\u00bb\\\u00a0\u00bb,\\\u00a0\u00bbcontextLabel\\\u00a0\u00bb:\\\u00a0\u00bbCAN 2025\\\u00a0\u00bb,\\\u00a0\u00bbcontextLink\\\u00a0\u00bb:\\\u00a0\u00bb\/sports\/football\/coupe-d-afrique-des-nations\/\\\u00a0\u00bb,\\\u00a0\u00bbkeyword\\\u00a0\u00bb:\\\u00a0\u00bb\\\u00a0\u00bb,\\\u00a0\u00bblinks\\\u00a0\u00bb:[{\\\u00a0\u00bburl\\\u00a0\u00bb:\\\u00a0\u00bb\\\u00a0\u00bb,\\\u00a0\u00bbtext\\\u00a0\u00bb:\\\u00a0\u00bb\u00c9quipes\\\u00a0\u00bb,\\\u00a0\u00bbsearchEnable\\\u00a0\u00bb:false,\\\u00a0\u00bbsearchPlaceholder\\\u00a0\u00bb:\\\u00a0\u00bb\\\u00a0\u00bb,\\\u00a0\u00bbchildren\\\u00a0\u00bb:[{\\\u00a0\u00bburl\\\u00a0\u00bb:\\\u00a0\u00bbhttps:\/\/www.leparisien.fr\/sports\/football\/algerie\/\\\u00a0\u00bb,\\\u00a0\u00bbtext\\\u00a0\u00bb:\\\u00a0\u00bbAlg\u00e9rie\\\u00a0\u00bb},{\\\u00a0\u00bburl\\\u00a0\u00bb:\\\u00a0\u00bbhttps:\/\/www.leparisien.fr\/sports\/football\/cameroun\/\\\u00a0\u00bb,\\\u00a0\u00bbtext\\\u00a0\u00bb:\\\u00a0\u00bbCameroun\\\u00a0\u00bb},{\\\u00a0\u00bburl\\\u00a0\u00bb:\\\u00a0\u00bbhttps:\/\/www.leparisien.fr\/sports\/football\/cote-d-ivoire\/\\\u00a0\u00bb,\\\u00a0\u00bbtext\\\u00a0\u00bb:\\\u00a0\u00bbC\u00f4te d\u2019Ivoire\\\u00a0\u00bb},{\\\u00a0\u00bburl\\\u00a0\u00bb:\\\u00a0\u00bbhttps:\/\/www.leparisien.fr\/sports\/football\/maroc\/\\\u00a0\u00bb,\\\u00a0\u00bbtext\\\u00a0\u00bb:\\\u00a0\u00bbMaroc\\\u00a0\u00bb},{\\\u00a0\u00bburl\\\u00a0\u00bb:\\\u00a0\u00bbhttps:\/\/www.leparisien.fr\/sports\/football\/mali\/\\\u00a0\u00bb,\\\u00a0\u00bbtext\\\u00a0\u00bb:\\\u00a0\u00bbMali\\\u00a0\u00bb},{\\\u00a0\u00bburl\\\u00a0\u00bb:\\\u00a0\u00bbhttps:\/\/www.leparisien.fr\/sports\/football\/senegal\/\\\u00a0\u00bb,\\\u00a0\u00bbtext\\\u00a0\u00bb:\\\u00a0\u00bbS\u00e9n\u00e9gal\\\u00a0\u00bb},{\\\u00a0\u00bburl\\\u00a0\u00bb:\\\u00a0\u00bbhttps:\/\/www.leparisien.fr\/sports\/football\/tunisie\/\\\u00a0\u00bb,\\\u00a0\u00bbtext\\\u00a0\u00bb:\\\u00a0\u00bbTunisie\\\u00a0\u00bb}]},{\\\u00a0\u00bburl\\\u00a0\u00bb:\\\u00a0\u00bbhttps:\/\/www.leparisien.fr\/sports\/football\/coupe-d-afrique-des-nations\/can-2025-le-tirage-complet-des-groupes-un-choc-cote-divoire-cameroun-en-poule-27-01-2025-LEECCFGEWRERDNB4POGV2OAGTA.php\\\u00a0\u00bb,\\\u00a0\u00bbtext\\\u00a0\u00bb:\\\u00a0\u00bbLe tirage complet des groupes\\\u00a0\u00bb,\\\u00a0\u00bbsearchEnable\\\u00a0\u00bb:false,\\\u00a0\u00bbsearchPlaceholder\\\u00a0\u00bb:\\\u00a0\u00bb\\\u00a0\u00bb}]},{\\\u00a0\u00bbsectionId\\\u00a0\u00bb:\\\u00a0\u00bb\\\u00a0\u00bb,\\\u00a0\u00bbliveUrl\\\u00a0\u00bb:\\\u00a0\u00bb\\\u00a0\u00bb,\\\u00a0\u00bbshowLive\\\u00a0\u00bb:false,\\\u00a0\u00bbimage\\\u00a0\u00bb:\\\u00a0\u00bb\\\u00a0\u00bb,\\\u00a0\u00bbimageDark\\\u00a0\u00bb:\\\u00a0\u00bb\\\u00a0\u00bb,\\\u00a0\u00bbimageLink\\\u00a0\u00bb:\\\u00a0\u00bb\\\u00a0\u00bb,\\\u00a0\u00bbimageSizeMobile\\\u00a0\u00bb:\\\u00a0\u00bb\\\u00a0\u00bb,\\\u00a0\u00bbimageSizeTable\\\u00a0\u00bb:\\\u00a0\u00bb\\\u00a0\u00bb,\\\u00a0\u00bbimageSizeDesktop\\\u00a0\u00bb:\\\u00a0\u00bb\\\u00a0\u00bb,\\\u00a0\u00bbcontextLabel\\\u00a0\u00bb:\\\u00a0\u00bbGuerre en Ukraine\\\u00a0\u00bb,\\\u00a0\u00bbcontextLink\\\u00a0\u00bb:\\\u00a0\u00bb\/crise-ukraine-russie\/\\\u00a0\u00bb,\\\u00a0\u00bbkeyword\\\u00a0\u00bb:\\\u00a0\u00bbUkraine\\\u00a0\u00bb,\\\u00a0\u00bblinks\\\u00a0\u00bb:[{\\\u00a0\u00bburl\\\u00a0\u00bb:\\\u00a0\u00bb\/reportages-guerre-ukraine\/\\\u00a0\u00bb,\\\u00a0\u00bbtext\\\u00a0\u00bb:\\\u00a0\u00bbNos reportages\\\u00a0\u00bb,\\\u00a0\u00bbsearchEnable\\\u00a0\u00bb:false,\\\u00a0\u00bbsearchPlaceholder\\\u00a0\u00bb:\\\u00a0\u00bb\\\u00a0\u00bb},{\\\u00a0\u00bburl\\\u00a0\u00bb:\\\u00a0\u00bb\/international\/volodymyr-zelensky\/\\\u00a0\u00bb,\\\u00a0\u00bbtext\\\u00a0\u00bb:\\\u00a0\u00bbVolodymyr Zelensky\\\u00a0\u00bb,\\\u00a0\u00bbsearchEnable\\\u00a0\u00bb:false,\\\u00a0\u00bbsearchPlaceholder\\\u00a0\u00bb:\\\u00a0\u00bb\\\u00a0\u00bb},{\\\u00a0\u00bburl\\\u00a0\u00bb:\\\u00a0\u00bb\/international\/vladimir-poutine\/\\\u00a0\u00bb,\\\u00a0\u00bbtext\\\u00a0\u00bb:\\\u00a0\u00bbVladimir Poutine\\\u00a0\u00bb,\\\u00a0\u00bbsearchEnable\\\u00a0\u00bb:false,\\\u00a0\u00bbsearchPlaceholder\\\u00a0\u00bb:\\\u00a0\u00bb\\\u00a0\u00bb},{\\\u00a0\u00bburl\\\u00a0\u00bb:\\\u00a0\u00bb\/crise-ukraine-russie\/\\\u00a0\u00bb,\\\u00a0\u00bbtext\\\u00a0\u00bb:\\\u00a0\u00bbToute l&rsquo;actu\\\u00a0\u00bb,\\\u00a0\u00bbsearchEnable\\\u00a0\u00bb:false,\\\u00a0\u00bbsearchPlaceholder\\\u00a0\u00bb:\\\u00a0\u00bb\\\u00a0\u00bb}]},{\\\u00a0\u00bbsectionId\\\u00a0\u00bb:\\\u00a0\u00bb\/sports\/formule-1\/\\\u00a0\u00bb,\\\u00a0\u00bbliveUrl\\\u00a0\u00bb:\\\u00a0\u00bb\\\u00a0\u00bb,\\\u00a0\u00bbshowLive\\\u00a0\u00bb:false,\\\u00a0\u00bbimage\\\u00a0\u00bb:\\\u00a0\u00bb\\\u00a0\u00bb,\\\u00a0\u00bbimageDark\\\u00a0\u00bb:\\\u00a0\u00bb\\\u00a0\u00bb,\\\u00a0\u00bbimageLink\\\u00a0\u00bb:\\\u00a0\u00bb\\\u00a0\u00bb,\\\u00a0\u00bbimageSizeMobile\\\u00a0\u00bb:\\\u00a0\u00bb\\\u00a0\u00bb,\\\u00a0\u00bbimageSizeTable\\\u00a0\u00bb:\\\u00a0\u00bb\\\u00a0\u00bb,\\\u00a0\u00bbimageSizeDesktop\\\u00a0\u00bb:\\\u00a0\u00bb\\\u00a0\u00bb,\\\u00a0\u00bbcontextLabel\\\u00a0\u00bb:\\\u00a0\u00bbFormule 1\\\u00a0\u00bb,\\\u00a0\u00bbcontextLink\\\u00a0\u00bb:\\\u00a0\u00bb\/sports\/formule-1\/\\\u00a0\u00bb,\\\u00a0\u00bbkeyword\\\u00a0\u00bb:\\\u00a0\u00bb\\\u00a0\u00bb,\\\u00a0\u00bblinks\\\u00a0\u00bb:[{\\\u00a0\u00bburl\\\u00a0\u00bb:\\\u00a0\u00bbhttps:\/\/www.leparisien.fr\/sports\/formule-1\/calendrier-resultats-saison-f1\/\\\u00a0\u00bb,\\\u00a0\u00bbtext\\\u00a0\u00bb:\\\u00a0\u00bbCalendrier 2025\\\u00a0\u00bb,\\\u00a0\u00bbsearchEnable\\\u00a0\u00bb:false,\\\u00a0\u00bbsearchPlaceholder\\\u00a0\u00bb:\\\u00a0\u00bb\\\u00a0\u00bb},{\\\u00a0\u00bburl\\\u00a0\u00bb:\\\u00a0\u00bbhttps:\/\/www.leparisien.fr\/sports\/formule-1\/classement-pilotes-f1\/\\\u00a0\u00bb,\\\u00a0\u00bbtext\\\u00a0\u00bb:\\\u00a0\u00bbClassement des pilotes\\\u00a0\u00bb,\\\u00a0\u00bbsearchEnable\\\u00a0\u00bb:false,\\\u00a0\u00bbsearchPlaceholder\\\u00a0\u00bb:\\\u00a0\u00bb\\\u00a0\u00bb},{\\\u00a0\u00bburl\\\u00a0\u00bb:\\\u00a0\u00bbhttps:\/\/www.leparisien.fr\/sports\/formule-1\/classement-constructeurs-f1\/\\\u00a0\u00bb,\\\u00a0\u00bbtext\\\u00a0\u00bb:\\\u00a0\u00bbClassement des constructeurs\\\u00a0\u00bb,\\\u00a0\u00bbsearchEnable\\\u00a0\u00bb:false,\\\u00a0\u00bbsearchPlaceholder\\\u00a0\u00bb:\\\u00a0\u00bb\\\u00a0\u00bb},{\\\u00a0\u00bburl\\\u00a0\u00bb:\\\u00a0\u00bbhttps:\/\/www.leparisien.fr\/sports\/formule-1\/formule-1-la-grille-complete-des-pilotes-engages-pour-la-saison-2025-avec-trois-francais-20-12-2024-PD6OIPIC25DE3CVAY5YJOIC43I.php\\\u00a0\u00bb,\\\u00a0\u00bbtext\\\u00a0\u00bb:\\\u00a0\u00bbGrille des pilotes\\\u00a0\u00bb,\\\u00a0\u00bbsearchEnable\\\u00a0\u00bb:false,\\\u00a0\u00bbsearchPlaceholder\\\u00a0\u00bb:\\\u00a0\u00bb\\\u00a0\u00bb}]},{\\\u00a0\u00bbsectionId\\\u00a0\u00bb:\\\u00a0\u00bb\/elections\/europeennes\/\\\u00a0\u00bb,\\\u00a0\u00bbliveUrl\\\u00a0\u00bb:\\\u00a0\u00bb\\\u00a0\u00bb,\\\u00a0\u00bbshowLive\\\u00a0\u00bb:false,\\\u00a0\u00bbimage\\\u00a0\u00bb:\\\u00a0\u00bb\\\u00a0\u00bb,\\\u00a0\u00bbimageDark\\\u00a0\u00bb:\\\u00a0\u00bb\\\u00a0\u00bb,\\\u00a0\u00bbimageLink\\\u00a0\u00bb:\\\u00a0\u00bb\\\u00a0\u00bb,\\\u00a0\u00bbimageSizeMobile\\\u00a0\u00bb:\\\u00a0\u00bb\\\u00a0\u00bb,\\\u00a0\u00bbimageSizeTable\\\u00a0\u00bb:\\\u00a0\u00bb\\\u00a0\u00bb,\\\u00a0\u00bbimageSizeDesktop\\\u00a0\u00bb:\\\u00a0\u00bb\\\u00a0\u00bb,\\\u00a0\u00bbcontextLabel\\\u00a0\u00bb:\\\u00a0\u00bbEurop\u00e9ennes 2024\\\u00a0\u00bb,\\\u00a0\u00bbcontextLink\\\u00a0\u00bb:\\\u00a0\u00bb\/elections\/europeennes\/\\\u00a0\u00bb,\\\u00a0\u00bbkeyword\\\u00a0\u00bb:\\\u00a0\u00bb\\\u00a0\u00bb,\\\u00a0\u00bblinks\\\u00a0\u00bb:[{\\\u00a0\u00bburl\\\u00a0\u00bb:\\\u00a0\u00bbhttps:\/\/www.leparisien.fr\/elections\/europeennes\/elections-europeennes-2024-decouvrez-comment-a-vote-votre-commune-09-06-2024-BXL5YEPYQ5HHDD5Y7MTJY3IXCE.php\\\u00a0\u00bb,\\\u00a0\u00bbtext\\\u00a0\u00bb:\\\u00a0\u00bbR\u00e9sultats par commune\\\u00a0\u00bb,\\\u00a0\u00bbsearchEnable\\\u00a0\u00bb:false,\\\u00a0\u00bbsearchPlaceholder\\\u00a0\u00bb:\\\u00a0\u00bb\\\u00a0\u00bb},{\\\u00a0\u00bburl\\\u00a0\u00bb:\\\u00a0\u00bbhttps:\/\/www.leparisien.fr\/elections\/europeennes\/elections-europeennes-2024-les-resultats-parti-par-parti-09-06-2024-BX7N5OPXPBEWNMFVQKLATJ4H7I.php\\\u00a0\u00bb,\\\u00a0\u00bbtext\\\u00a0\u00bb:\\\u00a0\u00bbR\u00e9sultats parti par parti\\\u00a0\u00bb,\\\u00a0\u00bbsearchEnable\\\u00a0\u00bb:false,\\\u00a0\u00bbsearchPlaceholder\\\u00a0\u00bb:\\\u00a0\u00bb\\\u00a0\u00bb},{\\\u00a0\u00bburl\\\u00a0\u00bb:\\\u00a0\u00bb\\\u00a0\u00bb,\\\u00a0\u00bbtext\\\u00a0\u00bb:\\\u00a0\u00bbCandidats t\u00eates de liste\\\u00a0\u00bb,\\\u00a0\u00bbsearchEnable\\\u00a0\u00bb:false,\\\u00a0\u00bbsearchPlaceholder\\\u00a0\u00bb:\\\u00a0\u00bb\\\u00a0\u00bb,\\\u00a0\u00bbchildren\\\u00a0\u00bb:[{\\\u00a0\u00bburl\\\u00a0\u00bb:\\\u00a0\u00bbhttps:\/\/www.leparisien.fr\/politique\/manon-aubry\/\\\u00a0\u00bb,\\\u00a0\u00bbtext\\\u00a0\u00bb:\\\u00a0\u00bbManon Aubry\\\u00a0\u00bb},{\\\u00a0\u00bburl\\\u00a0\u00bb:\\\u00a0\u00bbhttps:\/\/www.leparisien.fr\/politique\/jordan-bardella\/\\\u00a0\u00bb,\\\u00a0\u00bbtext\\\u00a0\u00bb:\\\u00a0\u00bbJordan Bardella\\\u00a0\u00bb},{\\\u00a0\u00bburl\\\u00a0\u00bb:\\\u00a0\u00bbhttps:\/\/www.leparisien.fr\/politique\/francois-xavier-bellamy\/\\\u00a0\u00bb,\\\u00a0\u00bbtext\\\u00a0\u00bb:\\\u00a0\u00bbFran\u00e7ois-Xavier Bellamy\\\u00a0\u00bb},{\\\u00a0\u00bburl\\\u00a0\u00bb:\\\u00a0\u00bbhttps:\/\/www.leparisien.fr\/politique\/raphael-glucksmann\/\\\u00a0\u00bb,\\\u00a0\u00bbtext\\\u00a0\u00bb:\\\u00a0\u00bbRapha\u00ebl Glucksmann\\\u00a0\u00bb},{\\\u00a0\u00bburl\\\u00a0\u00bb:\\\u00a0\u00bbhttps:\/\/www.leparisien.fr\/politique\/valerie-hayer\/\\\u00a0\u00bb,\\\u00a0\u00bbtext\\\u00a0\u00bb:\\\u00a0\u00bbVal\u00e9rie Hayer\\\u00a0\u00bb},{\\\u00a0\u00bburl\\\u00a0\u00bb:\\\u00a0\u00bbhttps:\/\/www.leparisien.fr\/politique\/marion-marechal\/\\\u00a0\u00bb,\\\u00a0\u00bbtext\\\u00a0\u00bb:\\\u00a0\u00bbMarion Mar\u00e9chal\\\u00a0\u00bb},{\\\u00a0\u00bburl\\\u00a0\u00bb:\\\u00a0\u00bbhttps:\/\/www.leparisien.fr\/politique\/marie-toussaint\/\\\u00a0\u00bb,\\\u00a0\u00bbtext\\\u00a0\u00bb:\\\u00a0\u00bbMarie Toussaint\\\u00a0\u00bb}]}]},{\\\u00a0\u00bbsectionId\\\u00a0\u00bb:\\\u00a0\u00bb\/elections\/legislatives\/\\\u00a0\u00bb,\\\u00a0\u00bbliveUrl\\\u00a0\u00bb:\\\u00a0\u00bb\\\u00a0\u00bb,\\\u00a0\u00bbshowLive\\\u00a0\u00bb:false,\\\u00a0\u00bbimage\\\u00a0\u00bb:\\\u00a0\u00bb\\\u00a0\u00bb,\\\u00a0\u00bbimageDark\\\u00a0\u00bb:\\\u00a0\u00bb\\\u00a0\u00bb,\\\u00a0\u00bbimageLink\\\u00a0\u00bb:\\\u00a0\u00bb\\\u00a0\u00bb,\\\u00a0\u00bbimageSizeMobile\\\u00a0\u00bb:\\\u00a0\u00bb\\\u00a0\u00bb,\\\u00a0\u00bbimageSizeTable\\\u00a0\u00bb:\\\u00a0\u00bb\\\u00a0\u00bb,\\\u00a0\u00bbimageSizeDesktop\\\u00a0\u00bb:\\\u00a0\u00bb\\\u00a0\u00bb,\\\u00a0\u00bbcontextLabel\\\u00a0\u00bb:\\\u00a0\u00bbL\u00e9gislatives 2024\\\u00a0\u00bb,\\\u00a0\u00bbcontextLink\\\u00a0\u00bb:\\\u00a0\u00bb\/elections\/legislatives\/\\\u00a0\u00bb,\\\u00a0\u00bbkeyword\\\u00a0\u00bb:\\\u00a0\u00bb\\\u00a0\u00bb,\\\u00a0\u00bblinks\\\u00a0\u00bb:[{\\\u00a0\u00bburl\\\u00a0\u00bb:\\\u00a0\u00bbhttps:\/\/www.leparisien.fr\/elections\/legislatives\/legislatives-2024-decouvrez-les-resultats-du-second-tour-dans-votre-circonscription-07-07-2024-OQAAR3P5NRDKFLBFBSZDMUIKUU.php\\\u00a0\u00bb,\\\u00a0\u00bbtext\\\u00a0\u00bb:\\\u00a0\u00bbR\u00e9sultats par circonscription\\\u00a0\u00bb,\\\u00a0\u00bbsearchEnable\\\u00a0\u00bb:false,\\\u00a0\u00bbsearchPlaceholder\\\u00a0\u00bb:\\\u00a0\u00bb\\\u00a0\u00bb},{\\\u00a0\u00bburl\\\u00a0\u00bb:\\\u00a0\u00bbhttps:\/\/www.leparisien.fr\/elections\/legislatives\/legislatives-2024-la-carte-de-france-des-resultats-du-second-tour-des-elections-en-temps-reel-07-07-2024-ZCBJ5PM3BJDJFHO5VSDZX2IL4Q.php\\\u00a0\u00bb,\\\u00a0\u00bbtext\\\u00a0\u00bb:\\\u00a0\u00bbCartes du second tour\\\u00a0\u00bb,\\\u00a0\u00bbsearchEnable\\\u00a0\u00bb:false,\\\u00a0\u00bbsearchPlaceholder\\\u00a0\u00bb:\\\u00a0\u00bb\\\u00a0\u00bb},{\\\u00a0\u00bburl\\\u00a0\u00bb:\\\u00a0\u00bbhttps:\/\/www.leparisien.fr\/resultats-elections\/\\\u00a0\u00bb,\\\u00a0\u00bbtext\\\u00a0\u00bb:\\\u00a0\u00bbTous les r\u00e9sultats\\\u00a0\u00bb,\\\u00a0\u00bbsearchEnable\\\u00a0\u00bb:false,\\\u00a0\u00bbsearchPlaceholder\\\u00a0\u00bb:\\\u00a0\u00bb\\\u00a0\u00bb}]},{\\\u00a0\u00bbsectionId\\\u00a0\u00bb:\\\u00a0\u00bb\/sports\/cyclisme\/tour-de-france\/\\\u00a0\u00bb,\\\u00a0\u00bbliveUrl\\\u00a0\u00bb:\\\u00a0\u00bb\\\u00a0\u00bb,\\\u00a0\u00bbshowLive\\\u00a0\u00bb:false,\\\u00a0\u00bbimage\\\u00a0\u00bb:\\\u00a0\u00bb\\\u00a0\u00bb,\\\u00a0\u00bbimageDark\\\u00a0\u00bb:\\\u00a0\u00bb\\\u00a0\u00bb,\\\u00a0\u00bbimageLink\\\u00a0\u00bb:\\\u00a0\u00bb\\\u00a0\u00bb,\\\u00a0\u00bbimageSizeMobile\\\u00a0\u00bb:\\\u00a0\u00bb\\\u00a0\u00bb,\\\u00a0\u00bbimageSizeTable\\\u00a0\u00bb:\\\u00a0\u00bb\\\u00a0\u00bb,\\\u00a0\u00bbimageSizeDesktop\\\u00a0\u00bb:\\\u00a0\u00bb\\\u00a0\u00bb,\\\u00a0\u00bbcontextLabel\\\u00a0\u00bb:\\\u00a0\u00bbTour de France 2025\\\u00a0\u00bb,\\\u00a0\u00bbcontextLink\\\u00a0\u00bb:\\\u00a0\u00bb\/sports\/cyclisme\/tour-de-france\/\\\u00a0\u00bb,\\\u00a0\u00bbkeyword\\\u00a0\u00bb:\\\u00a0\u00bb\\\u00a0\u00bb,\\\u00a0\u00bblinks\\\u00a0\u00bb:[{\\\u00a0\u00bburl\\\u00a0\u00bb:\\\u00a0\u00bbhttps:\/\/www.leparisien.fr\/sports\/cyclisme\/tour-de-france\/tour-de-france-2025-la-carte-du-parcours-complet-entre-lille-et-les-champs-elysees-en-passant-par-le-ventoux-29-10-2024-WAUNUYGV25EDFIEAFZ64UCX42A.php\\\u00a0\u00bb,\\\u00a0\u00bbtext\\\u00a0\u00bb:\\\u00a0\u00bbParcours\\\u00a0\u00bb,\\\u00a0\u00bbsearchEnable\\\u00a0\u00bb:false,\\\u00a0\u00bbsearchPlaceholder\\\u00a0\u00bb:\\\u00a0\u00bb\\\u00a0\u00bb},{\\\u00a0\u00bburl\\\u00a0\u00bb:\\\u00a0\u00bbhttps:\/\/www.leparisien.fr\/sports\/cyclisme\/tour-de-france\/tour-de-france-le-classement-general-final-de-la-grande-boucle-largement-domine-par-tadej-pogacar-21-07-2024-FPR3IYPM6RDNDO5YVM4RAVMIOA.php\\\u00a0\u00bb,\\\u00a0\u00bbtext\\\u00a0\u00bb:\\\u00a0\u00bbClassement g\u00e9n\u00e9ral 2024\\\u00a0\u00bb,\\\u00a0\u00bbsearchEnable\\\u00a0\u00bb:false,\\\u00a0\u00bbsearchPlaceholder\\\u00a0\u00bb:\\\u00a0\u00bb\\\u00a0\u00bb}]},{\\\u00a0\u00bbsectionId\\\u00a0\u00bb:\\\u00a0\u00bb\/jo-paralympiques-paris-2024\/\\\u00a0\u00bb,\\\u00a0\u00bbliveUrl\\\u00a0\u00bb:\\\u00a0\u00bb\\\u00a0\u00bb,\\\u00a0\u00bbshowLive\\\u00a0\u00bb:false,\\\u00a0\u00bbimage\\\u00a0\u00bb:\\\u00a0\u00bbhttps:\/\/assets.leparisien.fr\/website\/images\/homepage\/logo-jo-2024.svg\\\u00a0\u00bb,\\\u00a0\u00bbimageDark\\\u00a0\u00bb:\\\u00a0\u00bbhttps:\/\/assets.leparisien.fr\/website\/images\/homepage\/dark\/logo-jo-2024.png\\\u00a0\u00bb,\\\u00a0\u00bbimageLink\\\u00a0\u00bb:\\\u00a0\u00bb\\\u00a0\u00bb,\\\u00a0\u00bbimageSizeMobile\\\u00a0\u00bb:\\\u00a0\u00bb28X16\\\u00a0\u00bb,\\\u00a0\u00bbimageSizeTable\\\u00a0\u00bb:\\\u00a0\u00bb28X16\\\u00a0\u00bb,\\\u00a0\u00bbimageSizeDesktop\\\u00a0\u00bb:\\\u00a0\u00bb28X16\\\u00a0\u00bb,\\\u00a0\u00bbcontextLabel\\\u00a0\u00bb:\\\u00a0\u00bbJeux paralympiques 2024\\\u00a0\u00bb,\\\u00a0\u00bbcontextLink\\\u00a0\u00bb:\\\u00a0\u00bbhttps:\/\/www.leparisien.fr\/jo-paralympiques-paris-2024\/\\\u00a0\u00bb,\\\u00a0\u00bbkeyword\\\u00a0\u00bb:\\\u00a0\u00bb\\\u00a0\u00bb,\\\u00a0\u00bblinks\\\u00a0\u00bb:[{\\\u00a0\u00bburl\\\u00a0\u00bb:\\\u00a0\u00bbhttps:\/\/www.leparisien.fr\/jo-paralympiques-paris-2024\/tableau-des-medailles\/\\\u00a0\u00bb,\\\u00a0\u00bbtext\\\u00a0\u00bb:\\\u00a0\u00bbTableau des m\u00e9dailles\\\u00a0\u00bb,\\\u00a0\u00bbsearchEnable\\\u00a0\u00bb:false,\\\u00a0\u00bbsearchPlaceholder\\\u00a0\u00bb:\\\u00a0\u00bb\\\u00a0\u00bb},{\\\u00a0\u00bburl\\\u00a0\u00bb:\\\u00a0\u00bbhttps:\/\/www.leparisien.fr\/jo-paralympiques-paris-2024\/resultats\/\\\u00a0\u00bb,\\\u00a0\u00bbtext\\\u00a0\u00bb:\\\u00a0\u00bbR\u00e9sultats\\\u00a0\u00bb,\\\u00a0\u00bbsearchEnable\\\u00a0\u00bb:false,\\\u00a0\u00bbsearchPlaceholder\\\u00a0\u00bb:\\\u00a0\u00bb\\\u00a0\u00bb},{\\\u00a0\u00bburl\\\u00a0\u00bb:\\\u00a0\u00bbhttps:\/\/www.leparisien.fr\/jo-paris-2024\/equipe-de-france\/\\\u00a0\u00bb,\\\u00a0\u00bbtext\\\u00a0\u00bb:\\\u00a0\u00bb\u00c9quipe de France\\\u00a0\u00bb,\\\u00a0\u00bbsearchEnable\\\u00a0\u00bb:false,\\\u00a0\u00bbsearchPlaceholder\\\u00a0\u00bb:\\\u00a0\u00bb\\\u00a0\u00bb},{\\\u00a0\u00bburl\\\u00a0\u00bb:\\\u00a0\u00bbhttps:\/\/www.leparisien.fr\/jo-paris-2024\/videos\/\\\u00a0\u00bb,\\\u00a0\u00bbtext\\\u00a0\u00bb:\\\u00a0\u00bbVid\u00e9os\\\u00a0\u00bb,\\\u00a0\u00bbsearchEnable\\\u00a0\u00bb:false,\\\u00a0\u00bbsearchPlaceholder\\\u00a0\u00bb:\\\u00a0\u00bb\\\u00a0\u00bb},{\\\u00a0\u00bburl\\\u00a0\u00bb:\\\u00a0\u00bbhttps:\/\/www.leparisien.fr\/inscription-newsletter-jeux-olympiques\/\\\u00a0\u00bb,\\\u00a0\u00bbtext\\\u00a0\u00bb:\\\u00a0\u00bbNewsletter\\\u00a0\u00bb,\\\u00a0\u00bbsearchEnable\\\u00a0\u00bb:false,\\\u00a0\u00bbsearchPlaceholder\\\u00a0\u00bb:\\\u00a0\u00bb\\\u00a0\u00bb}]},{\\\u00a0\u00bbsectionId\\\u00a0\u00bb:\\\u00a0\u00bb\/international\/etats-unis\/\\\u00a0\u00bb,\\\u00a0\u00bbliveUrl\\\u00a0\u00bb:\\\u00a0\u00bb\\\u00a0\u00bb,\\\u00a0\u00bbshowLive\\\u00a0\u00bb:false,\\\u00a0\u00bbimage\\\u00a0\u00bb:\\\u00a0\u00bbhttps:\/\/assets.leparisien.fr\/website\/images\/homepage\/us-2024.svg\\\u00a0\u00bb,\\\u00a0\u00bbimageDark\\\u00a0\u00bb:\\\u00a0\u00bbhttps:\/\/assets.leparisien.fr\/website\/images\/homepage\/dark\/us-2024.png\\\u00a0\u00bb,\\\u00a0\u00bbimageLink\\\u00a0\u00bb:\\\u00a0\u00bb\\\u00a0\u00bb,\\\u00a0\u00bbimageSizeMobile\\\u00a0\u00bb:\\\u00a0\u00bb16&#215;16\\\u00a0\u00bb,\\\u00a0\u00bbimageSizeTable\\\u00a0\u00bb:\\\u00a0\u00bb16&#215;16\\\u00a0\u00bb,\\\u00a0\u00bbimageSizeDesktop\\\u00a0\u00bb:\\\u00a0\u00bb16&#215;16\\\u00a0\u00bb,\\\u00a0\u00bbcontextLabel\\\u00a0\u00bb:\\\u00a0\u00bb\u00c9tats-Unis\\\u00a0\u00bb,\\\u00a0\u00bbcontextLink\\\u00a0\u00bb:\\\u00a0\u00bb\/international\/etats-unis\/\\\u00a0\u00bb,\\\u00a0\u00bbkeyword\\\u00a0\u00bb:\\\u00a0\u00bb\\\u00a0\u00bb,\\\u00a0\u00bblinks\\\u00a0\u00bb:[{\\\u00a0\u00bburl\\\u00a0\u00bb:\\\u00a0\u00bbhttps:\/\/www.leparisien.fr\/international\/etats-unis\/donald-trump\/\\\u00a0\u00bb,\\\u00a0\u00bbtext\\\u00a0\u00bb:\\\u00a0\u00bbDonald Trump\\\u00a0\u00bb,\\\u00a0\u00bbsearchEnable\\\u00a0\u00bb:false,\\\u00a0\u00bbsearchPlaceholder\\\u00a0\u00bb:\\\u00a0\u00bb\\\u00a0\u00bb},{\\\u00a0\u00bburl\\\u00a0\u00bb:\\\u00a0\u00bbhttps:\/\/www.leparisien.fr\/international\/elon-musk\/\\\u00a0\u00bb,\\\u00a0\u00bbtext\\\u00a0\u00bb:\\\u00a0\u00bbElon Musk\\\u00a0\u00bb,\\\u00a0\u00bbsearchEnable\\\u00a0\u00bb:false,\\\u00a0\u00bbsearchPlaceholder\\\u00a0\u00bb:\\\u00a0\u00bb\\\u00a0\u00bb},{\\\u00a0\u00bburl\\\u00a0\u00bb:\\\u00a0\u00bbhttps:\/\/www.leparisien.fr\/international\/etats-unis\/\\\u00a0\u00bb,\\\u00a0\u00bbtext\\\u00a0\u00bb:\\\u00a0\u00bbToute l&rsquo;actu aux \u00c9tats-Unis\\\u00a0\u00bb,\\\u00a0\u00bbsearchEnable\\\u00a0\u00bb:false,\\\u00a0\u00bbsearchPlaceholder\\\u00a0\u00bb:\\\u00a0\u00bb\\\u00a0\u00bb}]},{\\\u00a0\u00bbsectionId\\\u00a0\u00bb:\\\u00a0\u00bb\/sports\/football\/ligue-des-champions\/\\\u00a0\u00bb,\\\u00a0\u00bbliveUrl\\\u00a0\u00bb:\\\u00a0\u00bb\\\u00a0\u00bb,\\\u00a0\u00bbshowLive\\\u00a0\u00bb:true,\\\u00a0\u00bbimage\\\u00a0\u00bb:\\\u00a0\u00bb\\\u00a0\u00bb,\\\u00a0\u00bbimageDark\\\u00a0\u00bb:\\\u00a0\u00bb\\\u00a0\u00bb,\\\u00a0\u00bbimageLink\\\u00a0\u00bb:\\\u00a0\u00bb\\\u00a0\u00bb,\\\u00a0\u00bbimageSizeMobile\\\u00a0\u00bb:\\\u00a0\u00bb\\\u00a0\u00bb,\\\u00a0\u00bbimageSizeTable\\\u00a0\u00bb:\\\u00a0\u00bb\\\u00a0\u00bb,\\\u00a0\u00bbimageSizeDesktop\\\u00a0\u00bb:\\\u00a0\u00bb\\\u00a0\u00bb,\\\u00a0\u00bbcontextLabel\\\u00a0\u00bb:\\\u00a0\u00bbLigue des champions\\\u00a0\u00bb,\\\u00a0\u00bbcontextLink\\\u00a0\u00bb:\\\u00a0\u00bb\/sports\/football\/ligue-des-champions\/\\\u00a0\u00bb,\\\u00a0\u00bbkeyword\\\u00a0\u00bb:\\\u00a0\u00bb\\\u00a0\u00bb,\\\u00a0\u00bblinks\\\u00a0\u00bb:[{\\\u00a0\u00bburl\\\u00a0\u00bb:\\\u00a0\u00bbhttps:\/\/www.leparisien.fr\/sports\/football\/ligue-des-champions\/calendrier-resultats\/\\\u00a0\u00bb,\\\u00a0\u00bbtext\\\u00a0\u00bb:\\\u00a0\u00bbCalendrier et r\u00e9sultats\\\u00a0\u00bb,\\\u00a0\u00bbsearchEnable\\\u00a0\u00bb:false,\\\u00a0\u00bbsearchPlaceholder\\\u00a0\u00bb:\\\u00a0\u00bb\\\u00a0\u00bb},{\\\u00a0\u00bburl\\\u00a0\u00bb:\\\u00a0\u00bbhttps:\/\/www.leparisien.fr\/sports\/football\/ligue-des-champions\/classement\/\\\u00a0\u00bb,\\\u00a0\u00bbtext\\\u00a0\u00bb:\\\u00a0\u00bbClassement\\\u00a0\u00bb,\\\u00a0\u00bbsearchEnable\\\u00a0\u00bb:false,\\\u00a0\u00bbsearchPlaceholder\\\u00a0\u00bb:\\\u00a0\u00bb\\\u00a0\u00bb},{\\\u00a0\u00bburl\\\u00a0\u00bb:\\\u00a0\u00bbhttps:\/\/www.leparisien.fr\/sports\/football\/psg\/\\\u00a0\u00bb,\\\u00a0\u00bbtext\\\u00a0\u00bb:\\\u00a0\u00bbPSG\\\u00a0\u00bb,\\\u00a0\u00bbsearchEnable\\\u00a0\u00bb:false,\\\u00a0\u00bbsearchPlaceholder\\\u00a0\u00bb:\\\u00a0\u00bb\\\u00a0\u00bb}]},{\\\u00a0\u00bbsectionId\\\u00a0\u00bb:\\\u00a0\u00bb\\\u00a0\u00bb,\\\u00a0\u00bbliveUrl\\\u00a0\u00bb:\\\u00a0\u00bb\\\u00a0\u00bb,\\\u00a0\u00bbshowLive\\\u00a0\u00bb:false,\\\u00a0\u00bbimage\\\u00a0\u00bb:\\\u00a0\u00bb\\\u00a0\u00bb,\\\u00a0\u00bbimageDark\\\u00a0\u00bb:\\\u00a0\u00bb\\\u00a0\u00bb,\\\u00a0\u00bbimageLink\\\u00a0\u00bb:\\\u00a0\u00bb\\\u00a0\u00bb,\\\u00a0\u00bbimageSizeMobile\\\u00a0\u00bb:\\\u00a0\u00bb\\\u00a0\u00bb,\\\u00a0\u00bbimageSizeTable\\\u00a0\u00bb:\\\u00a0\u00bb\\\u00a0\u00bb,\\\u00a0\u00bbimageSizeDesktop\\\u00a0\u00bb:\\\u00a0\u00bb\\\u00a0\u00bb,\\\u00a0\u00bbcontextLabel\\\u00a0\u00bb:\\\u00a0\u00bbNotre-Dame de Paris\\\u00a0\u00bb,\\\u00a0\u00bbcontextLink\\\u00a0\u00bb:\\\u00a0\u00bb\/paris-75\/notre-dame-de-paris\/\\\u00a0\u00bb,\\\u00a0\u00bbkeyword\\\u00a0\u00bb:\\\u00a0\u00bbNotre-Dame de Paris\\\u00a0\u00bb,\\\u00a0\u00bblinks\\\u00a0\u00bb:[{\\\u00a0\u00bburl\\\u00a0\u00bb:\\\u00a0\u00bb\/paris-75\/artisans-notre-dame-de-paris\/\\\u00a0\u00bb,\\\u00a0\u00bbtext\\\u00a0\u00bb:\\\u00a0\u00bbLes artisans de la reconstruction\\\u00a0\u00bb,\\\u00a0\u00bbsearchEnable\\\u00a0\u00bb:false,\\\u00a0\u00bbsearchPlaceholder\\\u00a0\u00bb:\\\u00a0\u00bb\\\u00a0\u00bb},{\\\u00a0\u00bburl\\\u00a0\u00bb:\\\u00a0\u00bb\/paris-75\/notre-dame-de-paris-avant-et-apres-lincendie-les-images-epoustouflantes-de-la-renaissance-de-la-cathedrale-30-11-2024-U4EJED4CBFGCJI3BGLGUWXGAUA.php\\\u00a0\u00bb,\\\u00a0\u00bbtext\\\u00a0\u00bb:\\\u00a0\u00bbLes images avant\/apr\u00e8s\\\u00a0\u00bb,\\\u00a0\u00bbsearchEnable\\\u00a0\u00bb:false,\\\u00a0\u00bbsearchPlaceholder\\\u00a0\u00bb:\\\u00a0\u00bb\\\u00a0\u00bb}]}]\u00a0\u00bb,\u00a0\u00bbencartAboTitle\u00a0\u00bb:\u00a0\u00bbOffre Solo\u00a0\u00bb,\u00a0\u00bbencartAboText\u00a0\u00bb:\u00a0\u00bb1\u20ac pendant 2 mois\u00a0\u00bb,\u00a0\u00bbencartAboBtnLabel\u00a0\u00bb:\u00a0\u00bbS\u2019abonner\u00a0\u00bb,\u00a0\u00bblogoConfig\u00a0\u00bb:\u00a0\u00bb[{\\\u00a0\u00bbsection\\\u00a0\u00bb:\\\u00a0\u00bb\/jo-paris-2024\\\u00a0\u00bb,\\\u00a0\u00bburl\\\u00a0\u00bb:\\\u00a0\u00bbhttps:\/\/assets.leparisien.fr\/website\/images\/homepage\/logo-jo-2024.svg\\\u00a0\u00bb,\\\u00a0\u00bbwidth\\\u00a0\u00bb:\\\u00a0\u00bb28\\\u00a0\u00bb,\\\u00a0\u00bbheight\\\u00a0\u00bb:\\\u00a0\u00bb16\\\u00a0\u00bb},{\\\u00a0\u00bbsection\\\u00a0\u00bb:\\\u00a0\u00bb\/jo-paralympiques-paris-2024\\\u00a0\u00bb,\\\u00a0\u00bburl\\\u00a0\u00bb:\\\u00a0\u00bbhttps:\/\/assets.leparisien.fr\/website\/images\/homepage\/logo-jo-2024.svg\\\u00a0\u00bb,\\\u00a0\u00bbwidth\\\u00a0\u00bb:\\\u00a0\u00bb28\\\u00a0\u00bb,\\\u00a0\u00bbheight\\\u00a0\u00bb:\\\u00a0\u00bb16\\\u00a0\u00bb}]\u00a0\u00bb},\u00a0\u00bbdisplayProperties\u00a0\u00bb:{},\u00a0\u00bblocalEdits\u00a0\u00bb:{},\u00a0\u00bbvariants\u00a0\u00bb:{}}},{\u00ab\u00a0collection\u00a0\u00bb:\u00a0\u00bbfeatures\u00a0\u00bb,\u00a0\u00bbtype\u00a0\u00bb:\u00a0\u00bbglobal\/GenericAds\u00a0\u00bb,\u00a0\u00bbprops\u00a0\u00bb:{\u00ab\u00a0collection\u00a0\u00bb:\u00a0\u00bbfeatures\u00a0\u00bb,\u00a0\u00bbtype\u00a0\u00bb:\u00a0\u00bbglobal\/GenericAds\u00a0\u00bb,\u00a0\u00bbid\u00a0\u00bb:\u00a0\u00bbf0fz2RpBkdcw2v2&Prime;,\u00a0\u00bbcontentConfig\u00a0\u00bb:{\u00ab\u00a0contentService\u00a0\u00bb:\u00a0\u00bb\u00a0\u00bb,\u00a0\u00bbcontentConfigValues\u00a0\u00bb:{},\u00a0\u00bbinherit\u00a0\u00bb:true},\u00a0\u00bbcustomFields\u00a0\u00bb:{\u00ab\u00a0device\u00a0\u00bb:\u00a0\u00bball-devices\u00a0\u00bb,\u00a0\u00bbadType\u00a0\u00bb:\u00a0\u00bbbanniere-1&Prime;,\u00a0\u00bbfillBackground\u00a0\u00bb:true,\u00a0\u00bbenableMinHeight\u00a0\u00bb:true},\u00a0\u00bbdisplayProperties\u00a0\u00bb:{},\u00a0\u00bblocalEdits\u00a0\u00bb:{},\u00a0\u00bbvariants\u00a0\u00bb:{}}},{\u00ab\u00a0collection\u00a0\u00bb:\u00a0\u00bbfeatures\u00a0\u00bb,\u00a0\u00bbtype\u00a0\u00bb:\u00a0\u00bbglobal\/GlobalCustomModal\u00a0\u00bb,\u00a0\u00bbprops\u00a0\u00bb:{\u00ab\u00a0collection\u00a0\u00bb:\u00a0\u00bbfeatures\u00a0\u00bb,\u00a0\u00bbtype\u00a0\u00bb:\u00a0\u00bbglobal\/GlobalCustomModal\u00a0\u00bb,\u00a0\u00bbid\u00a0\u00bb:\u00a0\u00bbf0fucmCTBsqo5ke\u00a0\u00bb,\u00a0\u00bbcontentConfig\u00a0\u00bb:{\u00ab\u00a0contentService\u00a0\u00bb:\u00a0\u00bb\u00a0\u00bb,\u00a0\u00bbcontentConfigValues\u00a0\u00bb:{},\u00a0\u00bbinherit\u00a0\u00bb:true},\u00a0\u00bbcustomFields\u00a0\u00bb:{},\u00a0\u00bbdisplayProperties\u00a0\u00bb:{},\u00a0\u00bblocalEdits\u00a0\u00bb:{},\u00a0\u00bbvariants\u00a0\u00bb:{}}}]},{\u00ab\u00a0collection\u00a0\u00bb:\u00a0\u00bbsections\u00a0\u00bb,\u00a0\u00bbprops\u00a0\u00bb:{\u00ab\u00a0collection\u00a0\u00bb:\u00a0\u00bbsections\u00a0\u00bb,\u00a0\u00bbid\u00a0\u00bb:1},\u00a0\u00bbchildren\u00a0\u00bb:[{\u00ab\u00a0collection\u00a0\u00bb:\u00a0\u00bbfeatures\u00a0\u00bb,\u00a0\u00bbtype\u00a0\u00bb:\u00a0\u00bbArticle\/Breadcrumb\u00a0\u00bb,\u00a0\u00bbprops\u00a0\u00bb:{\u00ab\u00a0collection\u00a0\u00bb:\u00a0\u00bbfeatures\u00a0\u00bb,\u00a0\u00bbtype\u00a0\u00bb:\u00a0\u00bbArticle\/Breadcrumb\u00a0\u00bb,\u00a0\u00bbid\u00a0\u00bb:\u00a0\u00bbf0ff0Vy719g08y2&Prime;,\u00a0\u00bbcontentConfig\u00a0\u00bb:{\u00ab\u00a0contentService\u00a0\u00bb:\u00a0\u00bb\u00a0\u00bb,\u00a0\u00bbcontentConfigValues\u00a0\u00bb:{},\u00a0\u00bbinherit\u00a0\u00bb:true},\u00a0\u00bbcustomFields\u00a0\u00bb:{\u00ab\u00a0showProfilTag\u00a0\u00bb:false},\u00a0\u00bbdisplayProperties\u00a0\u00bb:{},\u00a0\u00bblocalEdits\u00a0\u00bb:{},\u00a0\u00bbvariants\u00a0\u00bb:{}}},{\u00ab\u00a0collection\u00a0\u00bb:\u00a0\u00bbfeatures\u00a0\u00bb,\u00a0\u00bbtype\u00a0\u00bb:\u00a0\u00bbArticle\/header\u00a0\u00bb,\u00a0\u00bbprops\u00a0\u00bb:{\u00ab\u00a0collection\u00a0\u00bb:\u00a0\u00bbfeatures\u00a0\u00bb,\u00a0\u00bbtype\u00a0\u00bb:\u00a0\u00bbArticle\/header\u00a0\u00bb,\u00a0\u00bbid\u00a0\u00bb:\u00a0\u00bb0fheITrD8rs\u00a0\u00bb,\u00a0\u00bbcontentConfig\u00a0\u00bb:{\u00ab\u00a0contentService\u00a0\u00bb:\u00a0\u00bb\u00a0\u00bb,\u00a0\u00bbcontentConfigValues\u00a0\u00bb:{},\u00a0\u00bbinherit\u00a0\u00bb:false},\u00a0\u00bbcustomFields\u00a0\u00bb:{},\u00a0\u00bbdisplayProperties\u00a0\u00bb:{},\u00a0\u00bblocalEdits\u00a0\u00bb:{},\u00a0\u00bbvariants\u00a0\u00bb:{}}},{\u00ab\u00a0collection\u00a0\u00bb:\u00a0\u00bbfeatures\u00a0\u00bb,\u00a0\u00bbtype\u00a0\u00bb:\u00a0\u00bbArticle\/PremiumBar\u00a0\u00bb,\u00a0\u00bbprops\u00a0\u00bb:{\u00ab\u00a0collection\u00a0\u00bb:\u00a0\u00bbfeatures\u00a0\u00bb,\u00a0\u00bbtype\u00a0\u00bb:\u00a0\u00bbArticle\/PremiumBar\u00a0\u00bb,\u00a0\u00bbid\u00a0\u00bb:\u00a0\u00bbf0fnt6ZqhlPht8&Prime;,\u00a0\u00bbcontentConfig\u00a0\u00bb:{\u00ab\u00a0contentService\u00a0\u00bb:\u00a0\u00bb\u00a0\u00bb,\u00a0\u00bbcontentConfigValues\u00a0\u00bb:{},\u00a0\u00bbinherit\u00a0\u00bb:true},\u00a0\u00bbcustomFields\u00a0\u00bb:{\u00ab\u00a0nonSubscriberText\u00a0\u00bb:\u00a0\u00bbCet article est r\u00e9serv\u00e9 aux abonn\u00e9s.\u00a0\u00bb,\u00a0\u00bbsubscriberText\u00a0\u00bb:\u00a0\u00bbVotre abonnement vous permet d\u2019acc\u00e9der \u00e0 cet article.\u00a0\u00bb},\u00a0\u00bbdisplayProperties\u00a0\u00bb:{},\u00a0\u00bblocalEdits\u00a0\u00bb:{},\u00a0\u00bbvariants\u00a0\u00bb:{}}}]},{\u00ab\u00a0collection\u00a0\u00bb:\u00a0\u00bbsections\u00a0\u00bb,\u00a0\u00bbprops\u00a0\u00bb:{\u00ab\u00a0collection\u00a0\u00bb:\u00a0\u00bbsections\u00a0\u00bb,\u00a0\u00bbid\u00a0\u00bb:2},\u00a0\u00bbchildren\u00a0\u00bb:[{\u00ab\u00a0collection\u00a0\u00bb:\u00a0\u00bbfeatures\u00a0\u00bb,\u00a0\u00bbtype\u00a0\u00bb:\u00a0\u00bbArticle\/LeadArt\u00a0\u00bb,\u00a0\u00bbprops\u00a0\u00bb:{\u00ab\u00a0collection\u00a0\u00bb:\u00a0\u00bbfeatures\u00a0\u00bb,\u00a0\u00bbtype\u00a0\u00bb:\u00a0\u00bbArticle\/LeadArt\u00a0\u00bb,\u00a0\u00bbid\u00a0\u00bb:\u00a0\u00bb0fJwZntD8rG\u00a0\u00bb,\u00a0\u00bbcontentConfig\u00a0\u00bb:{\u00ab\u00a0contentService\u00a0\u00bb:\u00a0\u00bb\u00a0\u00bb,\u00a0\u00bbcontentConfigValues\u00a0\u00bb:{},\u00a0\u00bbinherit\u00a0\u00bb:false},\u00a0\u00bbcustomFields\u00a0\u00bb:{},\u00a0\u00bbdisplayProperties\u00a0\u00bb:{},\u00a0\u00bblocalEdits\u00a0\u00bb:{},\u00a0\u00bbvariants\u00a0\u00bb:{}}}]},{\u00ab\u00a0collection\u00a0\u00bb:\u00a0\u00bbsections\u00a0\u00bb,\u00a0\u00bbprops\u00a0\u00bb:{\u00ab\u00a0collection\u00a0\u00bb:\u00a0\u00bbsections\u00a0\u00bb,\u00a0\u00bbid\u00a0\u00bb:3},\u00a0\u00bbchildren\u00a0\u00bb:[{\u00ab\u00a0collection\u00a0\u00bb:\u00a0\u00bbfeatures\u00a0\u00bb,\u00a0\u00bbtype\u00a0\u00bb:\u00a0\u00bbglobal\/GenericAds\u00a0\u00bb,\u00a0\u00bbprops\u00a0\u00bb:{\u00ab\u00a0collection\u00a0\u00bb:\u00a0\u00bbfeatures\u00a0\u00bb,\u00a0\u00bbtype\u00a0\u00bb:\u00a0\u00bbglobal\/GenericAds\u00a0\u00bb,\u00a0\u00bbid\u00a0\u00bb:\u00a0\u00bbf0fFt3yFVmaA1Bj\u00a0\u00bb,\u00a0\u00bbcontentConfig\u00a0\u00bb:{\u00ab\u00a0contentService\u00a0\u00bb:\u00a0\u00bb\u00a0\u00bb,\u00a0\u00bbcontentConfigValues\u00a0\u00bb:{},\u00a0\u00bbinherit\u00a0\u00bb:true},\u00a0\u00bbcustomFields\u00a0\u00bb:{\u00ab\u00a0device\u00a0\u00bb:\u00a0\u00bbdesktop\u00a0\u00bb,\u00a0\u00bbadType\u00a0\u00bb:\u00a0\u00bbpave-1&Prime;,\u00a0\u00bbisSticky\u00a0\u00bb:true},\u00a0\u00bbdisplayProperties\u00a0\u00bb:{},\u00a0\u00bblocalEdits\u00a0\u00bb:{},\u00a0\u00bbvariants\u00a0\u00bb:{}}}]},{\u00ab\u00a0collection\u00a0\u00bb:\u00a0\u00bbsections\u00a0\u00bb,\u00a0\u00bbprops\u00a0\u00bb:{\u00ab\u00a0collection\u00a0\u00bb:\u00a0\u00bbsections\u00a0\u00bb,\u00a0\u00bbid\u00a0\u00bb:4},\u00a0\u00bbchildren\u00a0\u00bb:[{\u00ab\u00a0collection\u00a0\u00bb:\u00a0\u00bbfeatures\u00a0\u00bb,\u00a0\u00bbtype\u00a0\u00bb:\u00a0\u00bbArticle\/ShareTools\u00a0\u00bb,\u00a0\u00bbprops\u00a0\u00bb:{\u00ab\u00a0collection\u00a0\u00bb:\u00a0\u00bbfeatures\u00a0\u00bb,\u00a0\u00bbtype\u00a0\u00bb:\u00a0\u00bbArticle\/ShareTools\u00a0\u00bb,\u00a0\u00bbid\u00a0\u00bb:\u00a0\u00bbf0fitCJAY5tB1aG\u00a0\u00bb,\u00a0\u00bbcontentConfig\u00a0\u00bb:{\u00ab\u00a0contentService\u00a0\u00bb:\u00a0\u00bb\u00a0\u00bb,\u00a0\u00bbcontentConfigValues\u00a0\u00bb:{},\u00a0\u00bbinherit\u00a0\u00bb:true},\u00a0\u00bbcustomFields\u00a0\u00bb:{},\u00a0\u00bbdisplayProperties\u00a0\u00bb:{},\u00a0\u00bblocalEdits\u00a0\u00bb:{},\u00a0\u00bbvariants\u00a0\u00bb:{}}},{\u00ab\u00a0collection\u00a0\u00bb:\u00a0\u00bbfeatures\u00a0\u00bb,\u00a0\u00bbtype\u00a0\u00bb:\u00a0\u00bbArticle\/PlayerEtx\u00a0\u00bb,\u00a0\u00bbprops\u00a0\u00bb:{\u00ab\u00a0collection\u00a0\u00bb:\u00a0\u00bbfeatures\u00a0\u00bb,\u00a0\u00bbtype\u00a0\u00bb:\u00a0\u00bbArticle\/PlayerEtx\u00a0\u00bb,\u00a0\u00bbid\u00a0\u00bb:\u00a0\u00bbf0fBxJJuuuhWoP\u00a0\u00bb,\u00a0\u00bbcontentConfig\u00a0\u00bb:{\u00ab\u00a0contentService\u00a0\u00bb:\u00a0\u00bb\u00a0\u00bb,\u00a0\u00bbcontentConfigValues\u00a0\u00bb:{},\u00a0\u00bbinherit\u00a0\u00bb:true},\u00a0\u00bbcustomFields\u00a0\u00bb:{},\u00a0\u00bbdisplayProperties\u00a0\u00bb:{},\u00a0\u00bblocalEdits\u00a0\u00bb:{},\u00a0\u00bbvariants\u00a0\u00bb:{}}},{\u00ab\u00a0collection\u00a0\u00bb:\u00a0\u00bbfeatures\u00a0\u00bb,\u00a0\u00bbtype\u00a0\u00bb:\u00a0\u00bbArticle\/Body\u00a0\u00bb,\u00a0\u00bbprops\u00a0\u00bb:{\u00ab\u00a0collection\u00a0\u00bb:\u00a0\u00bbfeatures\u00a0\u00bb,\u00a0\u00bbtype\u00a0\u00bb:\u00a0\u00bbArticle\/Body\u00a0\u00bb,\u00a0\u00bbid\u00a0\u00bb:\u00a0\u00bb0fsWtKtD8ri\u00a0\u00bb,\u00a0\u00bbcontentConfig\u00a0\u00bb:{\u00ab\u00a0contentService\u00a0\u00bb:\u00a0\u00bb\u00a0\u00bb,\u00a0\u00bbcontentConfigValues\u00a0\u00bb:{},\u00a0\u00bbinherit\u00a0\u00bb:false},\u00a0\u00bbcustomFields\u00a0\u00bb:{\u00ab\u00a0newsletterMessage\u00a0\u00bb:\u00a0\u00bbChaque matin, l&rsquo;actualit\u00e9 vue par Le Parisien\u00a0\u00bb,\u00a0\u00bbnewsletterName\u00a0\u00bb:\u00a0\u00bbNewsletter &#8211; L&rsquo;essentiel de l&rsquo;actu\u00a0\u00bb,\u00a0\u00bbnewsletterOptin\u00a0\u00bb:\u00a0\u00bboptin_newsletter\u00a0\u00bb,\u00a0\u00bbnewsletterPrivacyMessage\u00a0\u00bb:\u00a0\u00bbVotre adresse mail est collect\u00e9e par Le Parisien pour vous permettre de recevoir nos actualit\u00e9s et offres commerciales. <a href=\\\"\/politique-confidentialite\/\\\">En savoir plus<\/a>\u00ab\u00a0,\u00a0\u00bbnewsletterColor\u00a0\u00bb:\u00a0\u00bb#1EA0E6&Prime;,\u00a0\u00bbnewsletterImage\u00a0\u00bb:\u00a0\u00bbnewsletter-essentiel-matin-logo.png\u00a0\u00bb,\u00a0\u00bbnewsletterTitle\u00a0\u00bb:\u00a0\u00bbUn tour de l&rsquo;actualit\u00e9 pour commencer la journ\u00e9e\u00a0\u00bb,\u00a0\u00bbnewsletterLabel\u00a0\u00bb:\u00a0\u00bbL&rsquo;essentiel du matin\u00a0\u00bb,\u00a0\u00bbskus\u00a0\u00bb:[\u00ab\u00a0{\\\u00a0\u00bbsku\\\u00a0\u00bb: \\\u00a0\u00bbSWGPD.0782-9649-2957-42734\\\u00a0\u00bb,\\\u00a0\u00bbformula\\\u00a0\u00bb: \\\u00a0\u00bbformule_numerique_adl\\\u00a0\u00bb,\\\u00a0\u00bbnoviusId\\\u00a0\u00bb: 498}\u00a0\u00bb,\u00a0\u00bb{\\\u00a0\u00bbsku\\\u00a0\u00bb: \\\u00a0\u00bbSWGPD.5403-2727-0950-84295\\\u00a0\u00bb,\\\u00a0\u00bbformula\\\u00a0\u00bb: \\\u00a0\u00bbformule_numerique_add\\\u00a0\u00bb,\\\u00a0\u00bbnoviusId\\\u00a0\u00bb: 493}\u00a0\u00bb,\u00a0\u00bb{\\\u00a0\u00bbsku\\\u00a0\u00bb: \\\u00a0\u00bbSWGPD.6330-5660-7304-97284\\\u00a0\u00bb,\\\u00a0\u00bbformula\\\u00a0\u00bb: \\\u00a0\u00bbformule_numerique_1_an_multi_3\\\u00a0\u00bb,\\\u00a0\u00bbtype\\\u00a0\u00bb:\\\u00a0\u00bbmulti\\\u00a0\u00bb,\\\u00a0\u00bbnoviusId\\\u00a0\u00bb: 561}\u00a0\u00bb,\u00a0\u00bb{\\\u00a0\u00bbsku\\\u00a0\u00bb: \\\u00a0\u00bbSWGPD.4532-1255-3472-02333\\\u00a0\u00bb,\\\u00a0\u00bbformula\\\u00a0\u00bb: \\\u00a0\u00bbformule_numerique_adl_multi_3\\\u00a0\u00bb,\\\u00a0\u00bbtype\\\u00a0\u00bb:\\\u00a0\u00bbmulti\\\u00a0\u00bb,\\\u00a0\u00bbnoviusId\\\u00a0\u00bb: 560}\u00a0\u00bb,\u00a0\u00bb{\\\u00a0\u00bbsku\\\u00a0\u00bb: \\\u00a0\u00bbSWGPD.8093-1737-9798-61799\\\u00a0\u00bb,\\\u00a0\u00bbformula\\\u00a0\u00bb: \\\u00a0\u00bbformule_numerique_adl_multi_5\\\u00a0\u00bb,\\\u00a0\u00bbtype\\\u00a0\u00bb:\\\u00a0\u00bbmulti\\\u00a0\u00bb,\\\u00a0\u00bbnoviusId\\\u00a0\u00bb: 564}\u00a0\u00bb,\u00a0\u00bb{\\\u00a0\u00bbsku\\\u00a0\u00bb: \\\u00a0\u00bbSWGPD.2753-0863-3277-88556\\\u00a0\u00bb,\\\u00a0\u00bbformula\\\u00a0\u00bb: \\\u00a0\u00bbformule_numerique_1_an_multi_5\\\u00a0\u00bb,\\\u00a0\u00bbtype\\\u00a0\u00bb:\\\u00a0\u00bbmulti\\\u00a0\u00bb,\\\u00a0\u00bbnoviusId\\\u00a0\u00bb: 565}\u00a0\u00bb],\u00a0\u00bbshowAlertResults\u00a0\u00bb:false,\u00a0\u00bbrestrictSection\u00a0\u00bb:\u00a0\u00bb[{\\\u00a0\u00bburl\\\u00a0\u00bb:\\\u00a0\u00bb\/politique\\\u00a0\u00bb,\\\u00a0\u00bbtitle\\\u00a0\u00bb:\\\u00a0\u00bb\\\u00a0\u00bb},{\\\u00a0\u00bburl\\\u00a0\u00bb:\\\u00a0\u00bb\/elections\/presidentielle\\\u00a0\u00bb,\\\u00a0\u00bbtitle\\\u00a0\u00bb:\\\u00a0\u00bb\\\u00a0\u00bb}]\u00a0\u00bb,\u00a0\u00bbalertResultsTitle\u00a0\u00bb:\u00a0\u00bbAlerte r\u00e9sultats \u00e9lections\u00a0\u00bb,\u00a0\u00bbalertResultsSubTitle\u00a0\u00bb:\u00a0\u00bbLes r\u00e9sultats des \u00e9lections pr\u00e9sidentielle et l\u00e9gislatives pour votre localit\u00e9, ainsi que l\u2019actualit\u00e9 politique, directement dans votre bo\u00eete mail.\u00a0\u00bb,\u00a0\u00bbisSeoBlockActive\u00a0\u00bb:true,\u00a0\u00bbseoBlockPaths\u00a0\u00bb:\u00a0\u00bb\/jo-paris-2024&Prime;,\u00a0\u00bbseoBlockType\u00a0\u00bb:\u00a0\u00bblinks\u00a0\u00bb,\u00a0\u00bbseoBlockLinks\u00a0\u00bb:\u00a0\u00bb{\\n  \\\u00a0\u00bb\/jo-paris-2024\/athletisme\\\u00a0\u00bb: [\\n    {\\n      \\\u00a0\u00bbwording\\\u00a0\u00bb: \\\u00a0\u00bbProgramme de l&rsquo;athl\u00e9tisme\\\u00a0\u00bb,\\n      \\\u00a0\u00bblink\\\u00a0\u00bb: \\\u00a0\u00bb\/jo-paris-2024\/programme\/athletisme\/\\\u00a0\u00bb\\n    },\\n    {\\n      \\\u00a0\u00bbwording\\\u00a0\u00bb: \\\u00a0\u00bbR\u00e9sultats de l&rsquo;athl\u00e9tisme\\\u00a0\u00bb,\\n      \\\u00a0\u00bblink\\\u00a0\u00bb: \\\u00a0\u00bb\/jo-paris-2024\/resultats\/athletisme\/1\/\\\u00a0\u00bb\\n    }\\n  ],\\n  \\\u00a0\u00bb\/jo-paris-2024\/aviron\\\u00a0\u00bb: [\\n    {\\n      \\\u00a0\u00bbwording\\\u00a0\u00bb: \\\u00a0\u00bbProgramme de l&rsquo;aviron\\\u00a0\u00bb,\\n      \\\u00a0\u00bblink\\\u00a0\u00bb: \\\u00a0\u00bb\/jo-paris-2024\/programme\/aviron\/\\\u00a0\u00bb\\n    },\\n    {\\n      \\\u00a0\u00bbwording\\\u00a0\u00bb: \\\u00a0\u00bbR\u00e9sultats de l&rsquo;aviron\\\u00a0\u00bb,\\n      \\\u00a0\u00bblink\\\u00a0\u00bb: \\\u00a0\u00bb\/jo-paris-2024\/resultats\/aviron\/6\/\\\u00a0\u00bb\\n    }\\n  ],\\n  \\\u00a0\u00bb\/jo-paris-2024\/badminton\\\u00a0\u00bb: [\\n    {\\n      \\\u00a0\u00bbwording\\\u00a0\u00bb: \\\u00a0\u00bbProgramme du badminton\\\u00a0\u00bb,\\n      \\\u00a0\u00bblink\\\u00a0\u00bb: \\\u00a0\u00bb\/jo-paris-2024\/programme\/badminton\/\\\u00a0\u00bb\\n    },\\n    {\\n      \\\u00a0\u00bbwording\\\u00a0\u00bb: \\\u00a0\u00bbR\u00e9sultats du badminton\\\u00a0\u00bb,\\n      \\\u00a0\u00bblink\\\u00a0\u00bb: \\\u00a0\u00bb\/jo-paris-2024\/resultats\/badminton\/8\/\\\u00a0\u00bb\\n    }\\n  ],\\n  \\\u00a0\u00bb\/jo-paris-2024\/basketball\\\u00a0\u00bb: [\\n    {\\n      \\\u00a0\u00bbwording\\\u00a0\u00bb: \\\u00a0\u00bbProgramme du basketball\\\u00a0\u00bb,\\n      \\\u00a0\u00bblink\\\u00a0\u00bb: \\\u00a0\u00bb\/jo-paris-2024\/programme\/basketball\/\\\u00a0\u00bb\\n    },\\n    {\\n      \\\u00a0\u00bbwording\\\u00a0\u00bb: \\\u00a0\u00bbR\u00e9sultats du basketball\\\u00a0\u00bb,\\n      \\\u00a0\u00bblink\\\u00a0\u00bb: \\\u00a0\u00bb\/jo-paris-2024\/resultats\/basketball\/10\/\\\u00a0\u00bb\\n    }\\n  ],\\n  \\\u00a0\u00bb\/jo-paris-2024\/bmx\\\u00a0\u00bb: [\\n    {\\n      \\\u00a0\u00bbwording\\\u00a0\u00bb: \\\u00a0\u00bbR\u00e9sultats du BMX Racing\\\u00a0\u00bb,\\n      \\\u00a0\u00bblink\\\u00a0\u00bb: \\\u00a0\u00bb\/jo-paris-2024\/resultats\/bmx-racing\/51\/\\\u00a0\u00bb\\n    },\\n    {\\n      \\\u00a0\u00bbwording\\\u00a0\u00bb: \\\u00a0\u00bbR\u00e9sultats du BMX Freestyle\\\u00a0\u00bb,\\n      \\\u00a0\u00bblink\\\u00a0\u00bb: \\\u00a0\u00bb\/jo-paris-2024\/resultats\/bmx-freestyle\/24\/\\\u00a0\u00bb\\n    }\\n  ],\\n  \\\u00a0\u00bb\/jo-paris-2024\/boxe\\\u00a0\u00bb: [\\n    {\\n      \\\u00a0\u00bbwording\\\u00a0\u00bb: \\\u00a0\u00bbProgramme de la boxe\\\u00a0\u00bb,\\n      \\\u00a0\u00bblink\\\u00a0\u00bb: \\\u00a0\u00bb\/jo-paris-2024\/programme\/boxe\/\\\u00a0\u00bb\\n    },\\n    {\\n      \\\u00a0\u00bbwording\\\u00a0\u00bb: \\\u00a0\u00bbR\u00e9sultats de la boxe\\\u00a0\u00bb,\\n      \\\u00a0\u00bblink\\\u00a0\u00bb: \\\u00a0\u00bb\/jo-paris-2024\/resultats\/boxe\/11\/\\\u00a0\u00bb\\n    }\\n  ],\\n  \\\u00a0\u00bb\/jo-paris-2024\/breaking\\\u00a0\u00bb: [\\n    {\\n      \\\u00a0\u00bbwording\\\u00a0\u00bb: \\\u00a0\u00bbProgramme du breaking\\\u00a0\u00bb,\\n      \\\u00a0\u00bblink\\\u00a0\u00bb: \\\u00a0\u00bb\/jo-paris-2024\/programme\/breaking\/\\\u00a0\u00bb\\n    },\\n    {\\n      \\\u00a0\u00bbwording\\\u00a0\u00bb: \\\u00a0\u00bbR\u00e9sultats du breaking\\\u00a0\u00bb,\\n      \\\u00a0\u00bblink\\\u00a0\u00bb: \\\u00a0\u00bb\/jo-paris-2024\/resultats\/breaking\/204\/\\\u00a0\u00bb\\n    }\\n  ],\\n  \\\u00a0\u00bb\/jo-paris-2024\/canoe\\\u00a0\u00bb: [\\n    {\\n      \\\u00a0\u00bbwording\\\u00a0\u00bb: \\\u00a0\u00bbR\u00e9sultats cano\u00eb-kayak sprint\\\u00a0\u00bb,\\n      \\\u00a0\u00bblink\\\u00a0\u00bb: \\\u00a0\u00bb\/jo-paris-2024\/resultats\/canoe-kayak&#8212;sprint\/12\/\\\u00a0\u00bb\\n    },\\n    {\\n      \\\u00a0\u00bbwording\\\u00a0\u00bb: \\\u00a0\u00bbR\u00e9sultats cano\u00eb-kayak slalom\\\u00a0\u00bb,\\n      \\\u00a0\u00bblink\\\u00a0\u00bb: \\\u00a0\u00bb\/jo-paris-2024\/resultats\/canoe-kayak&#8212;slalom\/13\/\\\u00a0\u00bb\\n    }\\n  ],\\n  \\\u00a0\u00bb\/jo-paris-2024\/cyclisme\\\u00a0\u00bb: [\\n    {\\n      \\\u00a0\u00bbwording\\\u00a0\u00bb: \\\u00a0\u00bbR\u00e9sultats cyclisme sur piste\\\u00a0\u00bb,\\n      \\\u00a0\u00bblink\\\u00a0\u00bb: \\\u00a0\u00bb\/jo-paris-2024\/resultats\/cyclisme-sur-piste\/21\/\\\u00a0\u00bb\\n    },\\n    {\\n      \\\u00a0\u00bbwording\\\u00a0\u00bb: \\\u00a0\u00bbR\u00e9sultats cyclisme sur route\\\u00a0\u00bb,\\n      \\\u00a0\u00bblink\\\u00a0\u00bb: \\\u00a0\u00bb\/jo-paris-2024\/resultats\/cyclisme-sur-route\/22\/\\\u00a0\u00bb\\n    }\\n  ],\\n  \\\u00a0\u00bb\/jo-paris-2024\/sports-equestres\\\u00a0\u00bb: [\\n    {\\n      \\\u00a0\u00bbwording\\\u00a0\u00bb: \\\u00a0\u00bbProgramme de l&rsquo;\u00e9quitation\\\u00a0\u00bb,\\n      \\\u00a0\u00bblink\\\u00a0\u00bb: \\\u00a0\u00bb\/jo-paris-2024\/programme\/equitation\/\\\u00a0\u00bb\\n    },\\n    {\\n      \\\u00a0\u00bbwording\\\u00a0\u00bb: \\\u00a0\u00bbR\u00e9sultats sports \u00e9questres\\\u00a0\u00bb,\\n      \\\u00a0\u00bblink\\\u00a0\u00bb: \\\u00a0\u00bb\/jo-paris-2024\/resultats\/sports-equestres\/26\/\\\u00a0\u00bb\\n    }\\n  ],\\n  \\\u00a0\u00bb\/jo-paris-2024\/escalade-sportive\\\u00a0\u00bb: [\\n    {\\n      \\\u00a0\u00bbwording\\\u00a0\u00bb: \\\u00a0\u00bbProgramme de l&rsquo;escalade\\\u00a0\u00bb,\\n      \\\u00a0\u00bblink\\\u00a0\u00bb: \\\u00a0\u00bb\/jo-paris-2024\/programme\/escalade\/\\\u00a0\u00bb\\n    },\\n    {\\n      \\\u00a0\u00bbwording\\\u00a0\u00bb: \\\u00a0\u00bbR\u00e9sultats de l&rsquo;escalade\\\u00a0\u00bb,\\n      \\\u00a0\u00bblink\\\u00a0\u00bb: \\\u00a0\u00bb\/jo-paris-2024\/resultats\/escalade\/167\/\\\u00a0\u00bb\\n    }\\n  ],\\n  \\\u00a0\u00bb\/jo-paris-2024\/escrime\\\u00a0\u00bb: [\\n    {\\n      \\\u00a0\u00bbwording\\\u00a0\u00bb: \\\u00a0\u00bbProgramme de l&rsquo;escrime\\\u00a0\u00bb,\\n      \\\u00a0\u00bblink\\\u00a0\u00bb: \\\u00a0\u00bb\/jo-paris-2024\/programme\/escrime\/\\\u00a0\u00bb\\n    },\\n    {\\n      \\\u00a0\u00bbwording\\\u00a0\u00bb: \\\u00a0\u00bbR\u00e9sultats de l&rsquo;escrime\\\u00a0\u00bb,\\n      \\\u00a0\u00bblink\\\u00a0\u00bb: \\\u00a0\u00bb\/jo-paris-2024\/resultats\/escrime\/37\/\\\u00a0\u00bb\\n    }\\n  ],\\n  \\\u00a0\u00bb\/jo-paris-2024\/football\\\u00a0\u00bb: [\\n    {\\n      \\\u00a0\u00bbwording\\\u00a0\u00bb: \\\u00a0\u00bbProgramme du football\\\u00a0\u00bb,\\n      \\\u00a0\u00bblink\\\u00a0\u00bb: \\\u00a0\u00bb\/jo-paris-2024\/programme\/football\/\\\u00a0\u00bb\\n    },\\n    {\\n      \\\u00a0\u00bbwording\\\u00a0\u00bb: \\\u00a0\u00bbR\u00e9sultats du football\\\u00a0\u00bb,\\n      \\\u00a0\u00bblink\\\u00a0\u00bb: \\\u00a0\u00bb\/jo-paris-2024\/resultats\/football\/17\/\\\u00a0\u00bb\\n    }\\n  ],\\n  \\\u00a0\u00bb\/jo-paris-2024\/golf\\\u00a0\u00bb: [\\n    {\\n      \\\u00a0\u00bbwording\\\u00a0\u00bb: \\\u00a0\u00bbProgramme du golf\\\u00a0\u00bb,\\n      \\\u00a0\u00bblink\\\u00a0\u00bb: \\\u00a0\u00bb\/jo-paris-2024\/programme\/golf\/\\\u00a0\u00bb\\n    },\\n    {\\n      \\\u00a0\u00bbwording\\\u00a0\u00bb: \\\u00a0\u00bbR\u00e9sultats du golf\\\u00a0\u00bb,\\n      \\\u00a0\u00bblink\\\u00a0\u00bb: \\\u00a0\u00bb\/jo-paris-2024\/resultats\/golf\/136\/\\\u00a0\u00bb\\n    }\\n  ],\\n  \\\u00a0\u00bb\/jo-paris-2024\/gymnastique\\\u00a0\u00bb: [\\n    {\\n      \\\u00a0\u00bbwording\\\u00a0\u00bb: \\\u00a0\u00bbR\u00e9sultats gymnastique artistique\\\u00a0\u00bb,\\n      \\\u00a0\u00bblink\\\u00a0\u00bb: \\\u00a0\u00bb\/jo-paris-2024\/resultats\/gymnastique-artistique\/28\/\\\u00a0\u00bb\\n    },\\n    {\\n      \\\u00a0\u00bbwording\\\u00a0\u00bb: \\\u00a0\u00bbR\u00e9sultats gymnastique rythmique\\\u00a0\u00bb,\\n      \\\u00a0\u00bblink\\\u00a0\u00bb: \\\u00a0\u00bb\/jo-paris-2024\/resultats\/gymnastique-rythmique\/29\/\\\u00a0\u00bb\\n    }\\n  ],\\n  \\\u00a0\u00bb\/jo-paris-2024\/halterophilie\\\u00a0\u00bb: [\\n    {\\n      \\\u00a0\u00bbwording\\\u00a0\u00bb: \\\u00a0\u00bbProgramme de l&rsquo;halt\u00e9rophilie\\\u00a0\u00bb,\\n      \\\u00a0\u00bblink\\\u00a0\u00bb: \\\u00a0\u00bb\/jo-paris-2024\/programme\/halterophilie\/\\\u00a0\u00bb\\n    },\\n    {\\n      \\\u00a0\u00bbwording\\\u00a0\u00bb: \\\u00a0\u00bbR\u00e9sultats de l&rsquo;halt\u00e9rophilie\\\u00a0\u00bb,\\n      \\\u00a0\u00bblink\\\u00a0\u00bb: \\\u00a0\u00bb\/jo-paris-2024\/resultats\/halterophilie\/38\/\\\u00a0\u00bb\\n    }\\n  ],\\n  \\\u00a0\u00bb\/jo-paris-2024\/handball\\\u00a0\u00bb: [\\n    {\\n      \\\u00a0\u00bbwording\\\u00a0\u00bb: \\\u00a0\u00bbProgramme du handball\\\u00a0\u00bb,\\n      \\\u00a0\u00bblink\\\u00a0\u00bb: \\\u00a0\u00bb\/jo-paris-2024\/programme\/handball\/\\\u00a0\u00bb\\n    },\\n    {\\n      \\\u00a0\u00bbwording\\\u00a0\u00bb: \\\u00a0\u00bbR\u00e9sultats du handball\\\u00a0\u00bb,\\n      \\\u00a0\u00bblink\\\u00a0\u00bb: \\\u00a0\u00bb\/jo-paris-2024\/resultats\/handball\/18\/\\\u00a0\u00bb\\n    }\\n  ],\\n  \\\u00a0\u00bb\/jo-paris-2024\/hockey\\\u00a0\u00bb: [\\n    {\\n      \\\u00a0\u00bbwording\\\u00a0\u00bb: \\\u00a0\u00bbProgramme du hockey sur gazon\\\u00a0\u00bb,\\n      \\\u00a0\u00bblink\\\u00a0\u00bb: \\\u00a0\u00bb\/jo-paris-2024\/programme\/hockey\/\\\u00a0\u00bb\\n    },\\n    {\\n      \\\u00a0\u00bbwording\\\u00a0\u00bb: \\\u00a0\u00bbR\u00e9sultats du hockey sur gazon\\\u00a0\u00bb,\\n      \\\u00a0\u00bblink\\\u00a0\u00bb: \\\u00a0\u00bb\/jo-paris-2024\/resultats\/hockey\/39\/\\\u00a0\u00bb\\n    }\\n  ],\\n  \\\u00a0\u00bb\/jo-paris-2024\/judo\\\u00a0\u00bb: [\\n    {\\n      \\\u00a0\u00bbwording\\\u00a0\u00bb: \\\u00a0\u00bbProgramme du judo\\\u00a0\u00bb,\\n      \\\u00a0\u00bblink\\\u00a0\u00bb: \\\u00a0\u00bb\/jo-paris-2024\/programme\/judo\/\\\u00a0\u00bb\\n    },\\n    {\\n      \\\u00a0\u00bbwording\\\u00a0\u00bb: \\\u00a0\u00bbR\u00e9sultats du judo\\\u00a0\u00bb,\\n      \\\u00a0\u00bblink\\\u00a0\u00bb: \\\u00a0\u00bb\/jo-paris-2024\/resultats\/judo\/40\/\\\u00a0\u00bb\\n    }\\n  ],\\n  \\\u00a0\u00bb\/jo-paris-2024\/lutte\\\u00a0\u00bb: [\\n    {\\n      \\\u00a0\u00bbwording\\\u00a0\u00bb: \\\u00a0\u00bbProgramme de la lutte\\\u00a0\u00bb,\\n      \\\u00a0\u00bblink\\\u00a0\u00bb: \\\u00a0\u00bb\/jo-paris-2024\/programme\/lutte\/\\\u00a0\u00bb\\n    },\\n    {\\n      \\\u00a0\u00bbwording\\\u00a0\u00bb: \\\u00a0\u00bbR\u00e9sultats de la lutte\\\u00a0\u00bb,\\n      \\\u00a0\u00bblink\\\u00a0\u00bb: \\\u00a0\u00bb\/jo-paris-2024\/resultats\/lutte\/31\/\\\u00a0\u00bb\\n    }\\n  ],\\n  \\\u00a0\u00bb\/jo-paris-2024\/natation\\\u00a0\u00bb: [\\n    {\\n      \\\u00a0\u00bbwording\\\u00a0\u00bb: \\\u00a0\u00bbProgramme de la natation\\\u00a0\u00bb,\\n      \\\u00a0\u00bblink\\\u00a0\u00bb: \\\u00a0\u00bb\/jo-paris-2024\/programme\/natation\/\\\u00a0\u00bb\\n    },\\n    {\\n      \\\u00a0\u00bbwording\\\u00a0\u00bb: \\\u00a0\u00bbR\u00e9sultats de la natation\\\u00a0\u00bb,\\n      \\\u00a0\u00bblink\\\u00a0\u00bb: \\\u00a0\u00bb\/jo-paris-2024\/resultats\/natation\/25\/\\\u00a0\u00bb\\n    }\\n  ],\\n  \\\u00a0\u00bb\/jo-paris-2024\/pentathlon-moderne\\\u00a0\u00bb: [\\n    {\\n      \\\u00a0\u00bbwording\\\u00a0\u00bb: \\\u00a0\u00bbProgramme du pentathlon moderne\\\u00a0\u00bb,\\n      \\\u00a0\u00bblink\\\u00a0\u00bb: \\\u00a0\u00bb\/jo-paris-2024\/programme\/pentathlon-moderne\/\\\u00a0\u00bb\\n    },\\n    {\\n      \\\u00a0\u00bbwording\\\u00a0\u00bb: \\\u00a0\u00bbR\u00e9sultats du pentathlon moderne\\\u00a0\u00bb,\\n      \\\u00a0\u00bblink\\\u00a0\u00bb: \\\u00a0\u00bb\/jo-paris-2024\/resultats\/pentathlon-moderne\/48\/\\\u00a0\u00bb\\n    }\\n  ],\\n  \\\u00a0\u00bb\/jo-paris-2024\/plongeon\\\u00a0\u00bb: [\\n    {\\n      \\\u00a0\u00bbwording\\\u00a0\u00bb: \\\u00a0\u00bbProgramme du plongeon\\\u00a0\u00bb,\\n      \\\u00a0\u00bblink\\\u00a0\u00bb: \\\u00a0\u00bb\/jo-paris-2024\/programme\/plongeon\/\\\u00a0\u00bb\\n    },\\n    {\\n      \\\u00a0\u00bbwording\\\u00a0\u00bb: \\\u00a0\u00bbR\u00e9sultats du plongeon\\\u00a0\u00bb,\\n      \\\u00a0\u00bblink\\\u00a0\u00bb: \\\u00a0\u00bb\/jo-paris-2024\/resultats\/plongeon\/137\/\\\u00a0\u00bb\\n    }\\n  ],\\n  \\\u00a0\u00bb\/jo-paris-2024\/rugby\\\u00a0\u00bb: [\\n    {\\n      \\\u00a0\u00bbwording\\\u00a0\u00bb: \\\u00a0\u00bbProgramme du rugby \u00e0 sept\\\u00a0\u00bb,\\n      \\\u00a0\u00bblink\\\u00a0\u00bb: \\\u00a0\u00bb\/jo-paris-2024\/programme\/rugby-a-sept\/\\\u00a0\u00bb\\n    },\\n    {\\n      \\\u00a0\u00bbwording\\\u00a0\u00bb: \\\u00a0\u00bbR\u00e9sultats du rugby \u00e0 sept\\\u00a0\u00bb,\\n      \\\u00a0\u00bblink\\\u00a0\u00bb: \\\u00a0\u00bb\/jo-paris-2024\/resultats\/rugby-a-sept\/151\/\\\u00a0\u00bb\\n    }\\n  ],\\n  \\\u00a0\u00bb\/jo-paris-2024\/skateboard\\\u00a0\u00bb: [\\n    {\\n      \\\u00a0\u00bbwording\\\u00a0\u00bb: \\\u00a0\u00bbProgramme du skateboard\\\u00a0\u00bb,\\n      \\\u00a0\u00bblink\\\u00a0\u00bb: \\\u00a0\u00bb\/jo-paris-2024\/programme\/skateboard\/\\\u00a0\u00bb\\n    },\\n    {\\n      \\\u00a0\u00bbwording\\\u00a0\u00bb: \\\u00a0\u00bbR\u00e9sultats du skateboard\\\u00a0\u00bb,\\n      \\\u00a0\u00bblink\\\u00a0\u00bb: \\\u00a0\u00bb\/jo-paris-2024\/resultats\/skateboard\/168\/\\\u00a0\u00bb\\n    }\\n  ],\\n  \\\u00a0\u00bb\/jo-paris-2024\/surf\\\u00a0\u00bb: [\\n    {\\n      \\\u00a0\u00bbwording\\\u00a0\u00bb: \\\u00a0\u00bbProgramme du surf\\\u00a0\u00bb,\\n      \\\u00a0\u00bblink\\\u00a0\u00bb: \\\u00a0\u00bb\/jo-paris-2024\/programme\/surf\/\\\u00a0\u00bb\\n    },\\n    {\\n      \\\u00a0\u00bbwording\\\u00a0\u00bb: \\\u00a0\u00bbR\u00e9sultats du surf\\\u00a0\u00bb,\\n      \\\u00a0\u00bblink\\\u00a0\u00bb: \\\u00a0\u00bb\/jo-paris-2024\/resultats\/surf\/171\/\\\u00a0\u00bb\\n    }\\n  ],\\n  \\\u00a0\u00bb\/jo-paris-2024\/taekwondo\\\u00a0\u00bb: [\\n    {\\n      \\\u00a0\u00bbwording\\\u00a0\u00bb: \\\u00a0\u00bbProgramme du taekwondo\\\u00a0\u00bb,\\n      \\\u00a0\u00bblink\\\u00a0\u00bb: \\\u00a0\u00bb\/jo-paris-2024\/programme\/taekwondo\/\\\u00a0\u00bb\\n    },\\n    {\\n      \\\u00a0\u00bbwording\\\u00a0\u00bb: \\\u00a0\u00bbR\u00e9sultats du taekwondo\\\u00a0\u00bb,\\n      \\\u00a0\u00bblink\\\u00a0\u00bb: \\\u00a0\u00bb\/jo-paris-2024\/resultats\/taekwondo\/42\/\\\u00a0\u00bb\\n    }\\n  ],\\n  \\\u00a0\u00bb\/jo-paris-2024\/tennis\\\u00a0\u00bb: [\\n    {\\n      \\\u00a0\u00bbwording\\\u00a0\u00bb: \\\u00a0\u00bbProgramme du tennis\\\u00a0\u00bb,\\n      \\\u00a0\u00bblink\\\u00a0\u00bb: \\\u00a0\u00bb\/jo-paris-2024\/programme\/tennis\/\\\u00a0\u00bb\\n    },\\n    {\\n      \\\u00a0\u00bbwording\\\u00a0\u00bb: \\\u00a0\u00bbR\u00e9sultats du tennis\\\u00a0\u00bb,\\n      \\\u00a0\u00bblink\\\u00a0\u00bb: \\\u00a0\u00bb\/jo-paris-2024\/resultats\/tennis\/43\/\\\u00a0\u00bb\\n    }\\n  ],\\n  \\\u00a0\u00bb\/jo-paris-2024\/tennis-de-table\\\u00a0\u00bb: [\\n    {\\n      \\\u00a0\u00bbwording\\\u00a0\u00bb: \\\u00a0\u00bbProgramme du tennis de table\\\u00a0\u00bb,\\n      \\\u00a0\u00bblink\\\u00a0\u00bb: \\\u00a0\u00bb\/jo-paris-2024\/programme\/tennis-de-table\/\\\u00a0\u00bb\\n    },\\n    {\\n      \\\u00a0\u00bbwording\\\u00a0\u00bb: \\\u00a0\u00bbR\u00e9sultats du tennis de table\\\u00a0\u00bb,\\n      \\\u00a0\u00bblink\\\u00a0\u00bb: \\\u00a0\u00bb\/jo-paris-2024\/resultats\/tennis-de-table\/44\/\\\u00a0\u00bb\\n    }\\n  ],\\n  \\\u00a0\u00bb\/jo-paris-2024\/tir-a-l-arc\\\u00a0\u00bb: [\\n    {\\n      \\\u00a0\u00bbwording\\\u00a0\u00bb: \\\u00a0\u00bbProgramme du tir \u00e0 l&rsquo;arc\\\u00a0\u00bb,\\n      \\\u00a0\u00bblink\\\u00a0\u00bb: \\\u00a0\u00bb\/jo-paris-2024\/programme\/tir-a-l-arc\/\\\u00a0\u00bb\\n    },\\n    {\\n      \\\u00a0\u00bbwording\\\u00a0\u00bb: \\\u00a0\u00bbR\u00e9sultats du tir \u00e0 l&rsquo;arc\\\u00a0\u00bb,\\n      \\\u00a0\u00bblink\\\u00a0\u00bb: \\\u00a0\u00bb\/jo-paris-2024\/resultats\/tir-a-l-arc\/45\/\\\u00a0\u00bb\\n    }\\n  ],\\n  \\\u00a0\u00bb\/jo-paris-2024\/tir\\\u00a0\u00bb: [\\n    {\\n      \\\u00a0\u00bbwording\\\u00a0\u00bb: \\\u00a0\u00bbProgramme de tir\\\u00a0\u00bb,\\n      \\\u00a0\u00bblink\\\u00a0\u00bb: \\\u00a0\u00bb\/jo-paris-2024\/programme\/tir\/\\\u00a0\u00bb\\n    },\\n    {\\n      \\\u00a0\u00bbwording\\\u00a0\u00bb: \\\u00a0\u00bbR\u00e9sultats de tir\\\u00a0\u00bb,\\n      \\\u00a0\u00bblink\\\u00a0\u00bb: \\\u00a0\u00bb\/jo-paris-2024\/resultats\/tir\/33\/\\\u00a0\u00bb\\n    }\\n  ],\\n  \\\u00a0\u00bb\/jo-paris-2024\/trampoline\\\u00a0\u00bb: [\\n    {\\n      \\\u00a0\u00bbwording\\\u00a0\u00bb: \\\u00a0\u00bbProgramme du trampoline\\\u00a0\u00bb,\\n      \\\u00a0\u00bblink\\\u00a0\u00bb: \\\u00a0\u00bb\/jo-paris-2024\/programme\/gymnastique-trampoline\/\\\u00a0\u00bb\\n    },\\n    {\\n      \\\u00a0\u00bbwording\\\u00a0\u00bb: \\\u00a0\u00bbR\u00e9sultats du trampoline\\\u00a0\u00bb,\\n      \\\u00a0\u00bblink\\\u00a0\u00bb: \\\u00a0\u00bb\/jo-paris-2024\/resultats\/trampoline\/30\/\\\u00a0\u00bb\\n    }\\n  ],\\n  \\\u00a0\u00bb\/jo-paris-2024\/triathlon\\\u00a0\u00bb: [\\n    {\\n      \\\u00a0\u00bbwording\\\u00a0\u00bb: \\\u00a0\u00bbProgramme du triathlon\\\u00a0\u00bb,\\n      \\\u00a0\u00bblink\\\u00a0\u00bb: \\\u00a0\u00bb\/jo-paris-2024\/programme\/triathlon\/\\\u00a0\u00bb\\n    },\\n    {\\n      \\\u00a0\u00bbwording\\\u00a0\u00bb: \\\u00a0\u00bbR\u00e9sultats du triathlon\\\u00a0\u00bb,\\n      \\\u00a0\u00bblink\\\u00a0\u00bb: \\\u00a0\u00bb\/jo-paris-2024\/resultats\/triathlon\/46\/\\\u00a0\u00bb\\n    }\\n  ],\\n  \\\u00a0\u00bb\/jo-paris-2024\/voile\\\u00a0\u00bb: [\\n    {\\n      \\\u00a0\u00bbwording\\\u00a0\u00bb: \\\u00a0\u00bbProgramme de la voile\\\u00a0\u00bb,\\n      \\\u00a0\u00bblink\\\u00a0\u00bb: \\\u00a0\u00bb\/jo-paris-2024\/programme\/voile\/\\\u00a0\u00bb\\n    },\\n    {\\n      \\\u00a0\u00bbwording\\\u00a0\u00bb: \\\u00a0\u00bbR\u00e9sultats de la voile\\\u00a0\u00bb,\\n      \\\u00a0\u00bblink\\\u00a0\u00bb: \\\u00a0\u00bb\/jo-paris-2024\/resultats\/voile\/47\/\\\u00a0\u00bb\\n    }\\n  ],\\n  \\\u00a0\u00bb\/jo-paris-2024\/volleyball\\\u00a0\u00bb: [\\n    {\\n      \\\u00a0\u00bbwording\\\u00a0\u00bb: \\\u00a0\u00bbR\u00e9sultats du volleyball\\\u00a0\u00bb,\\n      \\\u00a0\u00bblink\\\u00a0\u00bb: \\\u00a0\u00bb\/jo-paris-2024\/resultats\/volleyball\/19\/\\\u00a0\u00bb\\n    },\\n    {\\n      \\\u00a0\u00bbwording\\\u00a0\u00bb: \\\u00a0\u00bbR\u00e9sultats du beach-volley\\\u00a0\u00bb,\\n      \\\u00a0\u00bblink\\\u00a0\u00bb: \\\u00a0\u00bb\/jo-paris-2024\/resultats\/beach-volley\/20\/\\\u00a0\u00bb\\n    }\\n  ],\\n  \\\u00a0\u00bb\/jo-paris-2024\/vtt\\\u00a0\u00bb: [\\n    {\\n      \\\u00a0\u00bbwording\\\u00a0\u00bb: \\\u00a0\u00bbProgramme du VTT\\\u00a0\u00bb,\\n      \\\u00a0\u00bblink\\\u00a0\u00bb: \\\u00a0\u00bb\/jo-paris-2024\/programme\/cyclisme-mountain-bike\/\\\u00a0\u00bb\\n    },\\n    {\\n      \\\u00a0\u00bbwording\\\u00a0\u00bb: \\\u00a0\u00bbR\u00e9sultats du VTT\\\u00a0\u00bb,\\n      \\\u00a0\u00bblink\\\u00a0\u00bb: \\\u00a0\u00bb\/jo-paris-2024\/resultats\/vtt\/23\/\\\u00a0\u00bb\\n    }\\n  ],\\n  \\\u00a0\u00bb\/jo-paris-2024\/waterpolo\\\u00a0\u00bb: [\\n    {\\n      \\\u00a0\u00bbwording\\\u00a0\u00bb: \\\u00a0\u00bbProgramme du water-polo\\\u00a0\u00bb,\\n      \\\u00a0\u00bblink\\\u00a0\u00bb: \\\u00a0\u00bb\/jo-paris-2024\/programme\/water-polo\/\\\u00a0\u00bb\\n    },\\n    {\\n      \\\u00a0\u00bbwording\\\u00a0\u00bb: \\\u00a0\u00bbR\u00e9sultats du water-polo\\\u00a0\u00bb,\\n      \\\u00a0\u00bblink\\\u00a0\u00bb: \\\u00a0\u00bb\/jo-paris-2024\/resultats\/water-polo\/16\/\\\u00a0\u00bb\\n    }\\n  ]\\n}\u00a0\u00bb,\u00a0\u00bbremoveViouslySuggestion\u00a0\u00bb:true},\u00a0\u00bbdisplayProperties\u00a0\u00bb:{},\u00a0\u00bblocalEdits\u00a0\u00bb:{\u00ab\u00a0items\u00a0\u00bb:{}},\u00a0\u00bbvariants\u00a0\u00bb:{}}},{\u00ab\u00a0collection\u00a0\u00bb:\u00a0\u00bbfeatures\u00a0\u00bb,\u00a0\u00bbtype\u00a0\u00bb:\u00a0\u00bbArticle\/Links\u00a0\u00bb,\u00a0\u00bbprops\u00a0\u00bb:{\u00ab\u00a0collection\u00a0\u00bb:\u00a0\u00bbfeatures\u00a0\u00bb,\u00a0\u00bbtype\u00a0\u00bb:\u00a0\u00bbArticle\/Links\u00a0\u00bb,\u00a0\u00bbid\u00a0\u00bb:\u00a0\u00bbf0fKskYRRAXOjK\u00a0\u00bb,\u00a0\u00bbcontentConfig\u00a0\u00bb:{\u00ab\u00a0contentService\u00a0\u00bb:\u00a0\u00bb\u00a0\u00bb,\u00a0\u00bbcontentConfigValues\u00a0\u00bb:{},\u00a0\u00bbinherit\u00a0\u00bb:true},\u00a0\u00bbcustomFields\u00a0\u00bb:{\u00ab\u00a0nbToFetch\u00a0\u00bb:20,\u00a0\u00bbarticleLimit\u00a0\u00bb:3,\u00a0\u00bbaboArticleLimit\u00a0\u00bb:1,\u00a0\u00bbbackgroundColor\u00a0\u00bb:\u00a0\u00bb#F5F7F8&Prime;,\u00a0\u00bbborderColor\u00a0\u00bb:\u00a0\u00bb#1EA0E6&Prime;,\u00a0\u00bbexcludeSections\u00a0\u00bb:[\u00ab\u00a0\/podcasts\/code-source\u00a0\u00bb,\u00a0\u00bb\/politique\/newsletter\u00a0\u00bb,\u00a0\u00bb\/newsletters\u00a0\u00bb],\u00a0\u00bbrecirculationByTag\u00a0\u00bb:true},\u00a0\u00bbdisplayProperties\u00a0\u00bb:{},\u00a0\u00bblocalEdits\u00a0\u00bb:{},\u00a0\u00bbvariants\u00a0\u00bb:{}}}]},{\u00ab\u00a0collection\u00a0\u00bb:\u00a0\u00bbsections\u00a0\u00bb,\u00a0\u00bbprops\u00a0\u00bb:{\u00ab\u00a0collection\u00a0\u00bb:\u00a0\u00bbsections\u00a0\u00bb,\u00a0\u00bbid\u00a0\u00bb:5},\u00a0\u00bbchildren\u00a0\u00bb:[{\u00ab\u00a0collection\u00a0\u00bb:\u00a0\u00bbfeatures\u00a0\u00bb,\u00a0\u00bbtype\u00a0\u00bb:\u00a0\u00bbArticle\/DailyMotionPlaylist\u00a0\u00bb,\u00a0\u00bbprops\u00a0\u00bb:{\u00ab\u00a0collection\u00a0\u00bb:\u00a0\u00bbfeatures\u00a0\u00bb,\u00a0\u00bbtype\u00a0\u00bb:\u00a0\u00bbArticle\/DailyMotionPlaylist\u00a0\u00bb,\u00a0\u00bbid\u00a0\u00bb:\u00a0\u00bbf0fH04CtISAr2oA\u00a0\u00bb,\u00a0\u00bbcontentConfig\u00a0\u00bb:{\u00ab\u00a0contentService\u00a0\u00bb:\u00a0\u00bb\u00a0\u00bb,\u00a0\u00bbcontentConfigValues\u00a0\u00bb:{},\u00a0\u00bbinherit\u00a0\u00bb:true},\u00a0\u00bbcustomFields\u00a0\u00bb:{\u00ab\u00a0playlistId\u00a0\u00bb:\u00a0\u00bbx4xtbj\u00a0\u00bb,\u00a0\u00bbplayerId\u00a0\u00bb:\u00a0\u00bbxc6ct\u00a0\u00bb},\u00a0\u00bbdisplayProperties\u00a0\u00bb:{},\u00a0\u00bblocalEdits\u00a0\u00bb:{},\u00a0\u00bbvariants\u00a0\u00bb:{}}},{\u00ab\u00a0collection\u00a0\u00bb:\u00a0\u00bbfeatures\u00a0\u00bb,\u00a0\u00bbtype\u00a0\u00bb:\u00a0\u00bbArticle\/MostRead\u00a0\u00bb,\u00a0\u00bbprops\u00a0\u00bb:{\u00ab\u00a0collection\u00a0\u00bb:\u00a0\u00bbfeatures\u00a0\u00bb,\u00a0\u00bbtype\u00a0\u00bb:\u00a0\u00bbArticle\/MostRead\u00a0\u00bb,\u00a0\u00bbid\u00a0\u00bb:\u00a0\u00bbf0fC9iWS34Ok8QN\u00a0\u00bb,\u00a0\u00bbcontentConfig\u00a0\u00bb:{\u00ab\u00a0contentService\u00a0\u00bb:\u00a0\u00bb\u00a0\u00bb,\u00a0\u00bbcontentConfigValues\u00a0\u00bb:{},\u00a0\u00bbinherit\u00a0\u00bb:true},\u00a0\u00bbcustomFields\u00a0\u00bb:{\u00ab\u00a0type\u00a0\u00bb:\u00a0\u00bball-sections\u00a0\u00bb,\u00a0\u00bbsize\u00a0\u00bb:5,\u00a0\u00bbrightRailPlacement\u00a0\u00bb:true,\u00a0\u00bbmodule title\u00a0\u00bb:\u00a0\u00bbLes plus lus\u00a0\u00bb},\u00a0\u00bbdisplayProperties\u00a0\u00bb:{},\u00a0\u00bblocalEdits\u00a0\u00bb:{},\u00a0\u00bbvariants\u00a0\u00bb:{}}},{\u00ab\u00a0collection\u00a0\u00bb:\u00a0\u00bbfeatures\u00a0\u00bb,\u00a0\u00bbtype\u00a0\u00bb:\u00a0\u00bbglobal\/GenericAds\u00a0\u00bb,\u00a0\u00bbprops\u00a0\u00bb:{\u00ab\u00a0collection\u00a0\u00bb:\u00a0\u00bbfeatures\u00a0\u00bb,\u00a0\u00bbtype\u00a0\u00bb:\u00a0\u00bbglobal\/GenericAds\u00a0\u00bb,\u00a0\u00bbid\u00a0\u00bb:\u00a0\u00bbf0fd5povOm5R3Pf\u00a0\u00bb,\u00a0\u00bbcontentConfig\u00a0\u00bb:{\u00ab\u00a0contentService\u00a0\u00bb:\u00a0\u00bb\u00a0\u00bb,\u00a0\u00bbcontentConfigValues\u00a0\u00bb:{},\u00a0\u00bbinherit\u00a0\u00bb:true},\u00a0\u00bbcustomFields\u00a0\u00bb:{\u00ab\u00a0device\u00a0\u00bb:\u00a0\u00bball-devices\u00a0\u00bb,\u00a0\u00bbadType\u00a0\u00bb:\u00a0\u00bbpave-2&Prime;,\u00a0\u00bbisSticky\u00a0\u00bb:true},\u00a0\u00bbdisplayProperties\u00a0\u00bb:{},\u00a0\u00bblocalEdits\u00a0\u00bb:{},\u00a0\u00bbvariants\u00a0\u00bb:{}}},{\u00ab\u00a0collection\u00a0\u00bb:\u00a0\u00bbfeatures\u00a0\u00bb,\u00a0\u00bbtype\u00a0\u00bb:\u00a0\u00bbArticle\/NewspaperThumbnail\u00a0\u00bb,\u00a0\u00bbprops\u00a0\u00bb:{\u00ab\u00a0collection\u00a0\u00bb:\u00a0\u00bbfeatures\u00a0\u00bb,\u00a0\u00bbtype\u00a0\u00bb:\u00a0\u00bbArticle\/NewspaperThumbnail\u00a0\u00bb,\u00a0\u00bbid\u00a0\u00bb:\u00a0\u00bbf0fbwy6gcBQk1R1&Prime;,\u00a0\u00bbcontentConfig\u00a0\u00bb:{\u00ab\u00a0contentService\u00a0\u00bb:\u00a0\u00bb\u00a0\u00bb,\u00a0\u00bbcontentConfigValues\u00a0\u00bb:{},\u00a0\u00bbinherit\u00a0\u00bb:true},\u00a0\u00bbcustomFields\u00a0\u00bb:{},\u00a0\u00bbdisplayProperties\u00a0\u00bb:{},\u00a0\u00bblocalEdits\u00a0\u00bb:{},\u00a0\u00bbvariants\u00a0\u00bb:{}}}]},{\u00ab\u00a0collection\u00a0\u00bb:\u00a0\u00bbsections\u00a0\u00bb,\u00a0\u00bbprops\u00a0\u00bb:{\u00ab\u00a0collection\u00a0\u00bb:\u00a0\u00bbsections\u00a0\u00bb,\u00a0\u00bbid\u00a0\u00bb:6},\u00a0\u00bbchildren\u00a0\u00bb:[{\u00ab\u00a0collection\u00a0\u00bb:\u00a0\u00bbfeatures\u00a0\u00bb,\u00a0\u00bbtype\u00a0\u00bb:\u00a0\u00bbglobal\/Outbrain\u00a0\u00bb,\u00a0\u00bbprops\u00a0\u00bb:{\u00ab\u00a0collection\u00a0\u00bb:\u00a0\u00bbfeatures\u00a0\u00bb,\u00a0\u00bbtype\u00a0\u00bb:\u00a0\u00bbglobal\/Outbrain\u00a0\u00bb,\u00a0\u00bbid\u00a0\u00bb:\u00a0\u00bb0fxw1JrD8rX\u00a0\u00bb,\u00a0\u00bbcontentConfig\u00a0\u00bb:{\u00ab\u00a0contentService\u00a0\u00bb:\u00a0\u00bb\u00a0\u00bb,\u00a0\u00bbcontentConfigValues\u00a0\u00bb:{},\u00a0\u00bbinherit\u00a0\u00bb:false},\u00a0\u00bbcustomFields\u00a0\u00bb:{\u00ab\u00a0allowDailymotionPip\u00a0\u00bb:true},\u00a0\u00bbdisplayProperties\u00a0\u00bb:{},\u00a0\u00bblocalEdits\u00a0\u00bb:{},\u00a0\u00bbvariants\u00a0\u00bb:{}}},{\u00ab\u00a0collection\u00a0\u00bb:\u00a0\u00bbfeatures\u00a0\u00bb,\u00a0\u00bbtype\u00a0\u00bb:\u00a0\u00bbArticle\/Comments\u00a0\u00bb,\u00a0\u00bbprops\u00a0\u00bb:{\u00ab\u00a0collection\u00a0\u00bb:\u00a0\u00bbfeatures\u00a0\u00bb,\u00a0\u00bbtype\u00a0\u00bb:\u00a0\u00bbArticle\/Comments\u00a0\u00bb,\u00a0\u00bbid\u00a0\u00bb:\u00a0\u00bbf0ft91kZfUAC2Qb\u00a0\u00bb,\u00a0\u00bbcontentConfig\u00a0\u00bb:{\u00ab\u00a0contentService\u00a0\u00bb:\u00a0\u00bb\u00a0\u00bb,\u00a0\u00bbcontentConfigValues\u00a0\u00bb:{},\u00a0\u00bbinherit\u00a0\u00bb:true},\u00a0\u00bbcustomFields\u00a0\u00bb:{\u00ab\u00a0successText\u00a0\u00bb:\u00a0\u00bbVotre commentaire a bien \u00e9t\u00e9 envoy\u00e9.\u00a0\u00bb,\u00a0\u00bbshowCommentsButtonText\u00a0\u00bb:\u00a0\u00bbVoir tous les commentaires\u00a0\u00bb},\u00a0\u00bbdisplayProperties\u00a0\u00bb:{},\u00a0\u00bblocalEdits\u00a0\u00bb:{},\u00a0\u00bbvariants\u00a0\u00bb:{}}},{\u00ab\u00a0collection\u00a0\u00bb:\u00a0\u00bbfeatures\u00a0\u00bb,\u00a0\u00bbtype\u00a0\u00bb:\u00a0\u00bbArticle\/LinksWithImage\u00a0\u00bb,\u00a0\u00bbprops\u00a0\u00bb:{\u00ab\u00a0collection\u00a0\u00bb:\u00a0\u00bbfeatures\u00a0\u00bb,\u00a0\u00bbtype\u00a0\u00bb:\u00a0\u00bbArticle\/LinksWithImage\u00a0\u00bb,\u00a0\u00bbid\u00a0\u00bb:\u00a0\u00bbf0fEBWPaYFZa611&Prime;,\u00a0\u00bbcontentConfig\u00a0\u00bb:{\u00ab\u00a0contentService\u00a0\u00bb:\u00a0\u00bb\u00a0\u00bb,\u00a0\u00bbcontentConfigValues\u00a0\u00bb:{},\u00a0\u00bbinherit\u00a0\u00bb:true},\u00a0\u00bbcustomFields\u00a0\u00bb:{\u00ab\u00a0nbToFetch\u00a0\u00bb:20,\u00a0\u00bbarticleLimit\u00a0\u00bb:3,\u00a0\u00bbaboArticleLimit\u00a0\u00bb:2,\u00a0\u00bbrecirculationByTag\u00a0\u00bb:true},\u00a0\u00bbdisplayProperties\u00a0\u00bb:{},\u00a0\u00bblocalEdits\u00a0\u00bb:{},\u00a0\u00bbvariants\u00a0\u00bb:{}}},{\u00ab\u00a0collection\u00a0\u00bb:\u00a0\u00bbfeatures\u00a0\u00bb,\u00a0\u00bbtype\u00a0\u00bb:\u00a0\u00bbglobal\/MostRecentFeed\u00a0\u00bb,\u00a0\u00bbprops\u00a0\u00bb:{\u00ab\u00a0collection\u00a0\u00bb:\u00a0\u00bbfeatures\u00a0\u00bb,\u00a0\u00bbtype\u00a0\u00bb:\u00a0\u00bbglobal\/MostRecentFeed\u00a0\u00bb,\u00a0\u00bbid\u00a0\u00bb:\u00a0\u00bb0f20QDrD8re\u00a0\u00bb,\u00a0\u00bbname\u00a0\u00bb:\u00a0\u00bbarticlemostrecentfeed\u00a0\u00bb,\u00a0\u00bbcontentConfig\u00a0\u00bb:{\u00ab\u00a0contentService\u00a0\u00bb:\u00a0\u00bb\u00a0\u00bb,\u00a0\u00bbcontentConfigValues\u00a0\u00bb:{},\u00a0\u00bbinherit\u00a0\u00bb:false},\u00a0\u00bbcustomFields\u00a0\u00bb:{\u00ab\u00a0size\u00a0\u00bb:9,\u00a0\u00bbexcludeSections\u00a0\u00bb:[\u00ab\u00a0\/podcasts\u00a0\u00bb]},\u00a0\u00bbdisplayProperties\u00a0\u00bb:{},\u00a0\u00bblocalEdits\u00a0\u00bb:{},\u00a0\u00bbvariants\u00a0\u00bb:{}}},{\u00ab\u00a0collection\u00a0\u00bb:\u00a0\u00bbfeatures\u00a0\u00bb,\u00a0\u00bbtype\u00a0\u00bb:\u00a0\u00bbglobal\/NewMostRecentFeed\u00a0\u00bb,\u00a0\u00bbprops\u00a0\u00bb:{\u00ab\u00a0collection\u00a0\u00bb:\u00a0\u00bbfeatures\u00a0\u00bb,\u00a0\u00bbtype\u00a0\u00bb:\u00a0\u00bbglobal\/NewMostRecentFeed\u00a0\u00bb,\u00a0\u00bbid\u00a0\u00bb:\u00a0\u00bbf0fRUfz7OUBA2fR\u00a0\u00bb,\u00a0\u00bbcontentConfig\u00a0\u00bb:{\u00ab\u00a0contentService\u00a0\u00bb:\u00a0\u00bb\u00a0\u00bb,\u00a0\u00bbcontentConfigValues\u00a0\u00bb:{},\u00a0\u00bbinherit\u00a0\u00bb:true},\u00a0\u00bbcustomFields\u00a0\u00bb:{\u00ab\u00a0size\u00a0\u00bb:6,\u00a0\u00bbexcludeSections\u00a0\u00bb:[\u00ab\u00a0\/podcasts\u00a0\u00bb]},\u00a0\u00bbdisplayProperties\u00a0\u00bb:{},\u00a0\u00bblocalEdits\u00a0\u00bb:{},\u00a0\u00bbvariants\u00a0\u00bb:{}}},{\u00ab\u00a0collection\u00a0\u00bb:\u00a0\u00bbchains\u00a0\u00bb,\u00a0\u00bbtype\u00a0\u00bb:\u00a0\u00bbSectionGenericChain\u00a0\u00bb,\u00a0\u00bbprops\u00a0\u00bb:{\u00ab\u00a0collection\u00a0\u00bb:\u00a0\u00bbchains\u00a0\u00bb,\u00a0\u00bbtype\u00a0\u00bb:\u00a0\u00bbSectionGenericChain\u00a0\u00bb,\u00a0\u00bbid\u00a0\u00bb:\u00a0\u00bbc0f2F2rxlUNR5yW\u00a0\u00bb,\u00a0\u00bbcustomFields\u00a0\u00bb:{\u00ab\u00a0showTitle\u00a0\u00bb:true,\u00a0\u00bbtitleVariant\u00a0\u00bb:\u00a0\u00bbdefault\u00a0\u00bb,\u00a0\u00bbtype\u00a0\u00bb:\u00a0\u00bbdefault\u00a0\u00bb,\u00a0\u00bbbackgroundColor\u00a0\u00bb:\u00a0\u00bb#fff\u00a0\u00bb,\u00a0\u00bbtemplate\u00a0\u00bb:\u00a0\u00bbarticles\u00a0\u00bb,\u00a0\u00bbtitle\u00a0\u00bb:\u00a0\u00bbNotre s\u00e9lection\u00a0\u00bb},\u00a0\u00bbdisplayProperties\u00a0\u00bb:{}},\u00a0\u00bbchildren\u00a0\u00bb:[{\u00ab\u00a0collection\u00a0\u00bb:\u00a0\u00bbfeatures\u00a0\u00bb,\u00a0\u00bbtype\u00a0\u00bb:\u00a0\u00bbglobal\/GenericFeed\u00a0\u00bb,\u00a0\u00bbprops\u00a0\u00bb:{\u00ab\u00a0collection\u00a0\u00bb:\u00a0\u00bbfeatures\u00a0\u00bb,\u00a0\u00bbtype\u00a0\u00bb:\u00a0\u00bbglobal\/GenericFeed\u00a0\u00bb,\u00a0\u00bbid\u00a0\u00bb:\u00a0\u00bbf0fB5H7R66Ff1db\u00a0\u00bb,\u00a0\u00bbcontentConfig\u00a0\u00bb:{\u00ab\u00a0contentService\u00a0\u00bb:\u00a0\u00bb\u00a0\u00bb,\u00a0\u00bbcontentConfigValues\u00a0\u00bb:{},\u00a0\u00bbinherit\u00a0\u00bb:true},\u00a0\u00bbcustomFields\u00a0\u00bb:{\u00ab\u00a0feedConfig\u00a0\u00bb:{\u00ab\u00a0contentService\u00a0\u00bb:\u00a0\u00bbcollection-full-story-feed\u00a0\u00bb,\u00a0\u00bbcontentConfigValues\u00a0\u00bb:{\u00ab\u00a0website\u00a0\u00bb:\u00a0\u00bbleparisien\u00a0\u00bb,\u00a0\u00bbsize\u00a0\u00bb:3,\u00a0\u00bboffset\u00a0\u00bb:0,\u00a0\u00bbid\u00a0\u00bb:\u00a0\u00bbABCYYZKCTJHHJIFMTFMG2X6Q4M\u00a0\u00bb}},\u00a0\u00bbdisplayType\u00a0\u00bb:\u00a0\u00bbcards\u00a0\u00bb,\u00a0\u00bbtitleLevel\u00a0\u00bb:\u00a0\u00bbp\u00a0\u00bb,\u00a0\u00bblazyload\u00a0\u00bb:true,\u00a0\u00bbfetchpriority\u00a0\u00bb:\u00a0\u00bblow\u00a0\u00bb,\u00a0\u00bbsizes\u00a0\u00bb:\u00a0\u00bb\u00a0\u00bb,\u00a0\u00bbcontentSize\u00a0\u00bb:3,\u00a0\u00bbcontentOffset\u00a0\u00bb:0,\u00a0\u00bbblockName\u00a0\u00bb:\u00a0\u00bbArticle_NotreSelection\u00a0\u00bb},\u00a0\u00bbdisplayProperties\u00a0\u00bb:{},\u00a0\u00bblocalEdits\u00a0\u00bb:{},\u00a0\u00bbvariants\u00a0\u00bb:{}}}]},{\u00ab\u00a0collection\u00a0\u00bb:\u00a0\u00bbfeatures\u00a0\u00bb,\u00a0\u00bbtype\u00a0\u00bb:\u00a0\u00bbArticle\/MostReadV2&Prime;,\u00a0\u00bbprops\u00a0\u00bb:{\u00ab\u00a0collection\u00a0\u00bb:\u00a0\u00bbfeatures\u00a0\u00bb,\u00a0\u00bbtype\u00a0\u00bb:\u00a0\u00bbArticle\/MostReadV2&Prime;,\u00a0\u00bbid\u00a0\u00bb:\u00a0\u00bbf0fzx5c23svs2XA\u00a0\u00bb,\u00a0\u00bbcontentConfig\u00a0\u00bb:{\u00ab\u00a0contentService\u00a0\u00bb:\u00a0\u00bb\u00a0\u00bb,\u00a0\u00bbcontentConfigValues\u00a0\u00bb:{},\u00a0\u00bbinherit\u00a0\u00bb:true},\u00a0\u00bbcustomFields\u00a0\u00bb:{\u00ab\u00a0lazyload\u00a0\u00bb:true,\u00a0\u00bbtitleLevel\u00a0\u00bb:\u00a0\u00bbp\u00a0\u00bb,\u00a0\u00bbfetchpriority\u00a0\u00bb:\u00a0\u00bblow\u00a0\u00bb,\u00a0\u00bbtitle\u00a0\u00bb:\u00a0\u00bbNos abonn\u00e9s ont lu ensuite\u00a0\u00bb,\u00a0\u00bbcontentSize\u00a0\u00bb:6,\u00a0\u00bbcontentOffset\u00a0\u00bb:0,\u00a0\u00bbidCollection\u00a0\u00bb:\u00a0\u00bbH6677CJES5DA5MJ74Y34GN63KM\u00a0\u00bb,\u00a0\u00bbblockName\u00a0\u00bb:\u00a0\u00bbArticle_LusAbonnes\u00a0\u00bb},\u00a0\u00bbdisplayProperties\u00a0\u00bb:{},\u00a0\u00bblocalEdits\u00a0\u00bb:{},\u00a0\u00bbvariants\u00a0\u00bb:{}}}]},{\u00ab\u00a0collection\u00a0\u00bb:\u00a0\u00bbsections\u00a0\u00bb,\u00a0\u00bbprops\u00a0\u00bb:{\u00ab\u00a0collection\u00a0\u00bb:\u00a0\u00bbsections\u00a0\u00bb,\u00a0\u00bbid\u00a0\u00bb:7},\u00a0\u00bbchildren\u00a0\u00bb:[{\u00ab\u00a0collection\u00a0\u00bb:\u00a0\u00bbchains\u00a0\u00bb,\u00a0\u00bbtype\u00a0\u00bb:\u00a0\u00bbServicesChain\u00a0\u00bb,\u00a0\u00bbprops\u00a0\u00bb:{\u00ab\u00a0collection\u00a0\u00bb:\u00a0\u00bbchains\u00a0\u00bb,\u00a0\u00bbtype\u00a0\u00bb:\u00a0\u00bbServicesChain\u00a0\u00bb,\u00a0\u00bbid\u00a0\u00bb:\u00a0\u00bb0f8j7Fg7LrS\u00a0\u00bb,\u00a0\u00bbcustomFields\u00a0\u00bb:{\u00ab\u00a0backgroundColor\u00a0\u00bb:\u00a0\u00bb#ECEFF1&Prime;},\u00a0\u00bbdisplayProperties\u00a0\u00bb:{\u00ab\u00a0columns\u00a0\u00bb:{}}},\u00a0\u00bbchildren\u00a0\u00bb:[{\u00ab\u00a0collection\u00a0\u00bb:\u00a0\u00bbfeatures\u00a0\u00bb,\u00a0\u00bbtype\u00a0\u00bb:\u00a0\u00bbglobal\/ThirdPartyGuide\u00a0\u00bb,\u00a0\u00bbprops\u00a0\u00bb:{\u00ab\u00a0collection\u00a0\u00bb:\u00a0\u00bbfeatures\u00a0\u00bb,\u00a0\u00bbtype\u00a0\u00bb:\u00a0\u00bbglobal\/ThirdPartyGuide\u00a0\u00bb,\u00a0\u00bbid\u00a0\u00bb:\u00a0\u00bb0fCBIXOUKrf-7-0-0&Prime;,\u00a0\u00bbcontentConfig\u00a0\u00bb:{\u00ab\u00a0contentService\u00a0\u00bb:\u00a0\u00bb\u00a0\u00bb,\u00a0\u00bbcontentConfigValues\u00a0\u00bb:{},\u00a0\u00bbinherit\u00a0\u00bb:false},\u00a0\u00bbcustomFields\u00a0\u00bb:{\u00ab\u00a0title\u00a0\u00bb:\u00a0\u00bbGuide Shopping Le Parisien\u00a0\u00bb,\u00a0\u00bblistBackgroundColor\u00a0\u00bb:\u00a0\u00bb#ffffff\u00a0\u00bb,\u00a0\u00bbbottomLinkText\u00a0\u00bb:\u00a0\u00bbS\u00e9lection shopping\u00a0\u00bb,\u00a0\u00bbbottomLinkHref\u00a0\u00bb:\u00a0\u00bbhttps:\/\/www.leparisien.fr\/guide-shopping\/\u00a0\u00bb,\u00a0\u00bbnumItemsToShow\u00a0\u00bb:5,\u00a0\u00bbsource\u00a0\u00bb:\u00a0\u00bbComposer lp-guide-shopping\u00a0\u00bb},\u00a0\u00bbdisplayProperties\u00a0\u00bb:{},\u00a0\u00bblocalEdits\u00a0\u00bb:{},\u00a0\u00bbvariants\u00a0\u00bb:{}}},{\u00ab\u00a0collection\u00a0\u00bb:\u00a0\u00bbfeatures\u00a0\u00bb,\u00a0\u00bbtype\u00a0\u00bb:\u00a0\u00bbglobal\/SwitchableThirdParty\u00a0\u00bb,\u00a0\u00bbprops\u00a0\u00bb:{\u00ab\u00a0collection\u00a0\u00bb:\u00a0\u00bbfeatures\u00a0\u00bb,\u00a0\u00bbtype\u00a0\u00bb:\u00a0\u00bbglobal\/SwitchableThirdParty\u00a0\u00bb,\u00a0\u00bbid\u00a0\u00bb:\u00a0\u00bb0fq3t7f7Lr9-7-0-1&Prime;,\u00a0\u00bbcontentConfig\u00a0\u00bb:{\u00ab\u00a0contentService\u00a0\u00bb:\u00a0\u00bb\u00a0\u00bb,\u00a0\u00bbcontentConfigValues\u00a0\u00bb:{},\u00a0\u00bbinherit\u00a0\u00bb:false},\u00a0\u00bbcustomFields\u00a0\u00bb:{\u00ab\u00a0secondAlternativeBottomLinkText\u00a0\u00bb:\u00a0\u00bbVoir toutes les annonces\u00a0\u00bb,\u00a0\u00bbfirstAlternativeSections\u00a0\u00bb:\u00a0\u00bb\/economie\/annonces-legales,\/info-paris-ile-de-france-oise,\/paris-75,\/essonne-91,\/hauts-de-seine-92,\/seine-saint-denis-93,\/val-d-oise-95,\/val-de-marne-94,\/seine-et-marne-77,\/yvelines-78,\/oise-60,\/calvados-14,\/seine-maritime-76,\/eure-27,\/loiret-45,\/charente-maritime-17,\/eure-et-loir-28,\/finistere-29,\/haute-garonne-31,\/marne-51,\/martinique-972,\/pyrenees-orientales-66,\/puy-de-dome-63,\/aube-10&Prime;,\u00a0\u00bbsecondAlternativeSections\u00a0\u00bb:\u00a0\u00bb\/automobile,\/sports\u00a0\u00bb,\u00a0\u00bbsecondAlternativeBackgroundColor\u00a0\u00bb:\u00a0\u00bb#ffffff\u00a0\u00bb,\u00a0\u00bbdefaultNumItemsToShow\u00a0\u00bb:5,\u00a0\u00bbdefaultBottomLinkHref\u00a0\u00bb:\u00a0\u00bbhttps:\/\/www.leparisien.fr\/jeux\/\u00a0\u00bb,\u00a0\u00bbfirstAlternativeBackgroundColor\u00a0\u00bb:\u00a0\u00bb#ffffff\u00a0\u00bb,\u00a0\u00bbsecondAlternativeNumItemsToShow\u00a0\u00bb:5,\u00a0\u00bbfirstAlternativeBottomLinkText\u00a0\u00bb:\u00a0\u00bbD\u00e9poser une annonce\u00a0\u00bb,\u00a0\u00bbdefaultBottomLinkText\u00a0\u00bb:\u00a0\u00bbVoir\u00a0\u00bb,\u00a0\u00bbdefaultBottomText\u00a0\u00bb:\u00a0\u00bbUne s\u00e9lection compl\u00e8te de jeux\u00a0\u00bb,\u00a0\u00bbfirstAlternativeBottomLinkHref\u00a0\u00bb:\u00a0\u00bbhttps:\/\/www.annonces-legales.fr\/lp\/leparisien\/choisir-votre-journal\u00a0\u00bb,\u00a0\u00bbfirstAlternativeNumItemsToShow\u00a0\u00bb:5,\u00a0\u00bbsecondAlternativeBottomLinkHref\u00a0\u00bb:\u00a0\u00bbhttps:\/\/www.paruvendu.fr\/voiture-occasion\/?partenaire=leparisien\u00a0\u00bb,\u00a0\u00bbsecondAlternativeTitle\u00a0\u00bb:\u00a0\u00bbAnnonces auto\u00a0\u00bb,\u00a0\u00bbdefaultBackgroundColor\u00a0\u00bb:\u00a0\u00bb#ffffff\u00a0\u00bb,\u00a0\u00bbsecondAlternativeBlock\u00a0\u00bb:\u00a0\u00bbThirdPartyAuto\u00a0\u00bb,\u00a0\u00bblegalAdsFilterByDepartment\u00a0\u00bb:true,\u00a0\u00bbdefaultTitle\u00a0\u00bb:\u00a0\u00bbJeux gratuits\u00a0\u00bb,\u00a0\u00bbfirstAlternativeBlock\u00a0\u00bb:\u00a0\u00bbThirdPartyLegalAds\u00a0\u00bb,\u00a0\u00bbfirstAlternativeTitle\u00a0\u00bb:\u00a0\u00bbAnnonces l\u00e9gales\u00a0\u00bb,\u00a0\u00bbsecondAlternativeBottomText\u00a0\u00bb:\u00a0\u00bbVoir toutes les annonces\u00a0\u00bb,\u00a0\u00bbdefaultBlock\u00a0\u00bb:\u00a0\u00bbThirdPartyGames\u00a0\u00bb,\u00a0\u00bbfirstAlternativeBottomText\u00a0\u00bb:\u00a0\u00bbD\u00e9poser une annonce\u00a0\u00bb,\u00a0\u00bbgames\u00a0\u00bb:\u00a0\u00bb[{\\\u00a0\u00bbtitle\\\u00a0\u00bb:\\\u00a0\u00bbMots fl\u00e9ch\u00e9s\\\u00a0\u00bb,\\\u00a0\u00bbimage\\\u00a0\u00bb:\\\u00a0\u00bbBZKNCAICXRFGNOCFRH4DOEFELE\\\u00a0\u00bb,\\\u00a0\u00bblink_url\\\u00a0\u00bb:\\\u00a0\u00bbhttps:\/\/www.leparisien.fr\/jeux\/mots-fleches\/\\\u00a0\u00bb},{\\\u00a0\u00bbtitle\\\u00a0\u00bb:\\\u00a0\u00bbMots coup\u00e9s\\\u00a0\u00bb,\\\u00a0\u00bbimage\\\u00a0\u00bb:\\\u00a0\u00bbAVGPR2WDX5GGNHLS7BKSHCF5MI\\\u00a0\u00bb,\\\u00a0\u00bblink_url\\\u00a0\u00bb:\\\u00a0\u00bbhttps:\/\/www.leparisien.fr\/jeux\/mots-coupes\/\\\u00a0\u00bb},{\\\u00a0\u00bbtitle\\\u00a0\u00bb:\\\u00a0\u00bbMots crois\u00e9s\\\u00a0\u00bb,\\\u00a0\u00bbimage\\\u00a0\u00bb:\\\u00a0\u00bbRXIMFLPYZZA67OM6E427V5HB6E\\\u00a0\u00bb,\\\u00a0\u00bblink_url\\\u00a0\u00bb:\\\u00a0\u00bbhttps:\/\/www.leparisien.fr\/jeux\/mots-croises\/\\\u00a0\u00bb},{\\\u00a0\u00bbtitle\\\u00a0\u00bb:\\\u00a0\u00bbMots m\u00eal\u00e9s\\\u00a0\u00bb,\\\u00a0\u00bbimage\\\u00a0\u00bb:\\\u00a0\u00bbEMTERX2ITJGVNJ7TR6Y7DOSMYE\\\u00a0\u00bb,\\\u00a0\u00bblink_url\\\u00a0\u00bb:\\\u00a0\u00bbhttps:\/\/www.leparisien.fr\/jeux\/mots-melanges\/\\\u00a0\u00bb},{\\\u00a0\u00bbtitle\\\u00a0\u00bb:\\\u00a0\u00bbKakuro\\\u00a0\u00bb,\\\u00a0\u00bbimage\\\u00a0\u00bb:\\\u00a0\u00bbAH4OYIWTKVFG3NMLXODVQ52BOM\\\u00a0\u00bb,\\\u00a0\u00bblink_url\\\u00a0\u00bb:\\\u00a0\u00bbhttps:\/\/www.leparisien.fr\/jeux\/kakuro\/\\\u00a0\u00bb},{\\\u00a0\u00bbtitle\\\u00a0\u00bb:\\\u00a0\u00bbSudoku\\\u00a0\u00bb,\\\u00a0\u00bbimage\\\u00a0\u00bb:\\\u00a0\u00bbNL33EXRAL5D63ATCW5UOHASETE\\\u00a0\u00bb,\\\u00a0\u00bblink_url\\\u00a0\u00bb:\\\u00a0\u00bbhttps:\/\/www.leparisien.fr\/jeux\/sudoku\/\\\u00a0\u00bb}]\u00a0\u00bb},\u00a0\u00bbdisplayProperties\u00a0\u00bb:{},\u00a0\u00bblocalEdits\u00a0\u00bb:{\u00ab\u00a0items\u00a0\u00bb:{}},\u00a0\u00bbvariants\u00a0\u00bb:{}}},{\u00ab\u00a0collection\u00a0\u00bb:\u00a0\u00bbfeatures\u00a0\u00bb,\u00a0\u00bbtype\u00a0\u00bb:\u00a0\u00bbglobal\/PartnerMenu\u00a0\u00bb,\u00a0\u00bbprops\u00a0\u00bb:{\u00ab\u00a0collection\u00a0\u00bb:\u00a0\u00bbfeatures\u00a0\u00bb,\u00a0\u00bbtype\u00a0\u00bb:\u00a0\u00bbglobal\/PartnerMenu\u00a0\u00bb,\u00a0\u00bbid\u00a0\u00bb:\u00a0\u00bb0fnBIXOUKrB-7-0-2&Prime;,\u00a0\u00bbcontentConfig\u00a0\u00bb:{\u00ab\u00a0contentService\u00a0\u00bb:\u00a0\u00bb\u00a0\u00bb,\u00a0\u00bbcontentConfigValues\u00a0\u00bb:{},\u00a0\u00bbinherit\u00a0\u00bb:false},\u00a0\u00bbcustomFields\u00a0\u00bb:{\u00ab\u00a0bottomText\u00a0\u00bb:\u00a0\u00bb\u00a0\u00bb,\u00a0\u00bbbottomLinkHref\u00a0\u00bb:\u00a0\u00bbhttps:\/\/leparisien.fr\/jardin\/services\/\u00a0\u00bb,\u00a0\u00bblistBackgroundColor\u00a0\u00bb:\u00a0\u00bb#ffffff\u00a0\u00bb,\u00a0\u00bbbottomLinkText\u00a0\u00bb:\u00a0\u00bbVoir\u00a0\u00bb,\u00a0\u00bbsectionHierarchy\u00a0\u00bb:\u00a0\u00bbentretien-exterieurs\u00a0\u00bb,\u00a0\u00bbtitle\u00a0\u00bb:\u00a0\u00bbEntretien d\u2019ext\u00e9rieurs\u00a0\u00bb},\u00a0\u00bbdisplayProperties\u00a0\u00bb:{},\u00a0\u00bblocalEdits\u00a0\u00bb:{\u00ab\u00a0items\u00a0\u00bb:{}},\u00a0\u00bbvariants\u00a0\u00bb:{}}},{\u00ab\u00a0collection\u00a0\u00bb:\u00a0\u00bbfeatures\u00a0\u00bb,\u00a0\u00bbtype\u00a0\u00bb:\u00a0\u00bbglobal\/SwitchableThirdParty\u00a0\u00bb,\u00a0\u00bbprops\u00a0\u00bb:{\u00ab\u00a0collection\u00a0\u00bb:\u00a0\u00bbfeatures\u00a0\u00bb,\u00a0\u00bbtype\u00a0\u00bb:\u00a0\u00bbglobal\/SwitchableThirdParty\u00a0\u00bb,\u00a0\u00bbid\u00a0\u00bb:\u00a0\u00bb0fTBIXOUKr0-7-0-3&Prime;,\u00a0\u00bbcontentConfig\u00a0\u00bb:{\u00ab\u00a0contentService\u00a0\u00bb:\u00a0\u00bb\u00a0\u00bb,\u00a0\u00bbcontentConfigValues\u00a0\u00bb:{},\u00a0\u00bbinherit\u00a0\u00bb:false},\u00a0\u00bbcustomFields\u00a0\u00bb:{\u00ab\u00a0secondAlternativeBottomLinkText\u00a0\u00bb:\u00a0\u00bbPlease set text\u00a0\u00bb,\u00a0\u00bbfirstAlternativeSections\u00a0\u00bb:\u00a0\u00bb\/info-paris-ile-de-france-oise,\/paris-75,\/essonne-91,\/hauts-de-seine-92,\/seine-saint-denis-93,\/val-d-oise-95,\/val-de-marne-94,\/seine-et-marne-77,\/yvelines-78,\/oise-60,\/calvados-14,\/seine-maritime-76,\/eure-27,\/loiret-45&Prime;,\u00a0\u00bbsecondAlternativeBackgroundColor\u00a0\u00bb:\u00a0\u00bb#ffffff\u00a0\u00bb,\u00a0\u00bbdefaultNumItemsToShow\u00a0\u00bb:5,\u00a0\u00bbdefaultBottomLinkHref\u00a0\u00bb:\u00a0\u00bbhttps:\/\/www.leparisien.fr\/nos-services\/\u00a0\u00bb,\u00a0\u00bbfirstAlternativeBackgroundColor\u00a0\u00bb:\u00a0\u00bb#ffffff\u00a0\u00bb,\u00a0\u00bbsecondAlternativeNumItemsToShow\u00a0\u00bb:5,\u00a0\u00bbfirstAlternativeBottomLinkText\u00a0\u00bb:\u00a0\u00bbVoir toutes les annonces\u00a0\u00bb,\u00a0\u00bbdefaultBottomLinkText\u00a0\u00bb:\u00a0\u00bbVoir\u00a0\u00bb,\u00a0\u00bbdefaultBottomText\u00a0\u00bb:\u00a0\u00bbTous les services\u00a0\u00bb,\u00a0\u00bbfirstAlternativeBottomLinkHref\u00a0\u00bb:\u00a0\u00bb https:\/\/www.paruvendu.fr\/voiture-occasion\/?partenaire=leparisien\u00a0\u00bb,\u00a0\u00bbfirstAlternativeNumItemsToShow\u00a0\u00bb:5,\u00a0\u00bbsecondAlternativeBottomLinkHref\u00a0\u00bb:\u00a0\u00bb#\u00a0\u00bb,\u00a0\u00bbsecondAlternativeTitle\u00a0\u00bb:\u00a0\u00bbPlease set text\u00a0\u00bb,\u00a0\u00bbdefaultBackgroundColor\u00a0\u00bb:\u00a0\u00bb#ffffff\u00a0\u00bb,\u00a0\u00bblegalAdsFilterByDepartment\u00a0\u00bb:true,\u00a0\u00bbdefaultTitle\u00a0\u00bb:\u00a0\u00bbServices\u00a0\u00bb,\u00a0\u00bbfirstAlternativeBlock\u00a0\u00bb:\u00a0\u00bbThirdPartyAuto\u00a0\u00bb,\u00a0\u00bbfirstAlternativeTitle\u00a0\u00bb:\u00a0\u00bbAnnonces auto\u00a0\u00bb,\u00a0\u00bbsecondAlternativeBottomText\u00a0\u00bb:\u00a0\u00bbPlease set text\u00a0\u00bb,\u00a0\u00bbdefaultBlock\u00a0\u00bb:\u00a0\u00bbThirdPartyServices\u00a0\u00bb,\u00a0\u00bbfirstAlternativeBottomText\u00a0\u00bb:\u00a0\u00bbVoir toutes les annonces\u00a0\u00bb,\u00a0\u00bbservicesSectionHierarchy\u00a0\u00bb:\u00a0\u00bbservices-guide\u00a0\u00bb},\u00a0\u00bbdisplayProperties\u00a0\u00bb:{},\u00a0\u00bblocalEdits\u00a0\u00bb:{\u00ab\u00a0items\u00a0\u00bb:{}},\u00a0\u00bbvariants\u00a0\u00bb:{}}}]},{\u00ab\u00a0collection\u00a0\u00bb:\u00a0\u00bbchains\u00a0\u00bb,\u00a0\u00bbtype\u00a0\u00bb:\u00a0\u00bbFooterSubscribeChain\u00a0\u00bb,\u00a0\u00bbprops\u00a0\u00bb:{\u00ab\u00a0collection\u00a0\u00bb:\u00a0\u00bbchains\u00a0\u00bb,\u00a0\u00bbtype\u00a0\u00bb:\u00a0\u00bbFooterSubscribeChain\u00a0\u00bb,\u00a0\u00bbid\u00a0\u00bb:\u00a0\u00bb0fcvEBwhbrC\u00a0\u00bb,\u00a0\u00bbcustomFields\u00a0\u00bb:{\u00ab\u00a0desktopImageSrc\u00a0\u00bb:\u00a0\u00bb\/pb\/resources\/images\/footer_img_abo_desktop.png\u00a0\u00bb,\u00a0\u00bbtitleText\u00a0\u00bb:\u00a0\u00bbProfitez des avantages de l\u2019offre num\u00e9rique\u00a0\u00bb,\u00a0\u00bbbuttonLinkUrl\u00a0\u00bb:\u00a0\u00bbhttps:\/\/abonnement.leparisien.fr\/?origin=FOOWA717&Prime;,\u00a0\u00bbmobileImageSrc\u00a0\u00bb:\u00a0\u00bb\/pb\/resources\/images\/footer_img_abo_tablet.png\u00a0\u00bb,\u00a0\u00bbbuttonActionSelect\u00a0\u00bb:\u00a0\u00bbOpen URL in same window\u00a0\u00bb,\u00a0\u00bbbuttonLinkText\u00a0\u00bb:\u00a0\u00bbJe m&rsquo;abonne\u00a0\u00bb},\u00a0\u00bbdisplayProperties\u00a0\u00bb:{\u00ab\u00a0columns\u00a0\u00bb:{}}},\u00a0\u00bbchildren\u00a0\u00bb:[{\u00ab\u00a0collection\u00a0\u00bb:\u00a0\u00bbfeatures\u00a0\u00bb,\u00a0\u00bbtype\u00a0\u00bb:\u00a0\u00bbglobal\/BulletPointItem\u00a0\u00bb,\u00a0\u00bbprops\u00a0\u00bb:{\u00ab\u00a0collection\u00a0\u00bb:\u00a0\u00bbfeatures\u00a0\u00bb,\u00a0\u00bbtype\u00a0\u00bb:\u00a0\u00bbglobal\/BulletPointItem\u00a0\u00bb,\u00a0\u00bbid\u00a0\u00bb:\u00a0\u00bb0ffp5Svhbr2-7-1-0&Prime;,\u00a0\u00bbcontentConfig\u00a0\u00bb:{\u00ab\u00a0contentService\u00a0\u00bb:\u00a0\u00bb\u00a0\u00bb,\u00a0\u00bbcontentConfigValues\u00a0\u00bb:{},\u00a0\u00bbinherit\u00a0\u00bb:false},\u00a0\u00bbcustomFields\u00a0\u00bb:{\u00ab\u00a0text\u00a0\u00bb:\u00a0\u00bbL\u2019int\u00e9gralit\u00e9 des articles et vid\u00e9os\u00a0\u00bb},\u00a0\u00bbdisplayProperties\u00a0\u00bb:{},\u00a0\u00bblocalEdits\u00a0\u00bb:{},\u00a0\u00bbvariants\u00a0\u00bb:{}}},{\u00ab\u00a0collection\u00a0\u00bb:\u00a0\u00bbfeatures\u00a0\u00bb,\u00a0\u00bbtype\u00a0\u00bb:\u00a0\u00bbglobal\/BulletPointItem\u00a0\u00bb,\u00a0\u00bbprops\u00a0\u00bb:{\u00ab\u00a0collection\u00a0\u00bb:\u00a0\u00bbfeatures\u00a0\u00bb,\u00a0\u00bbtype\u00a0\u00bb:\u00a0\u00bbglobal\/BulletPointItem\u00a0\u00bb,\u00a0\u00bbid\u00a0\u00bb:\u00a0\u00bb0fPfjUvhbrT-7-1-1&Prime;,\u00a0\u00bbcontentConfig\u00a0\u00bb:{\u00ab\u00a0contentService\u00a0\u00bb:\u00a0\u00bb\u00a0\u00bb,\u00a0\u00bbcontentConfigValues\u00a0\u00bb:{},\u00a0\u00bbinherit\u00a0\u00bb:false},\u00a0\u00bbcustomFields\u00a0\u00bb:{\u00ab\u00a0text\u00a0\u00bb:\u00a0\u00bbL\u2019info locale qui vous concerne\u00a0\u00bb},\u00a0\u00bbdisplayProperties\u00a0\u00bb:{},\u00a0\u00bblocalEdits\u00a0\u00bb:{},\u00a0\u00bbvariants\u00a0\u00bb:{}}},{\u00ab\u00a0collection\u00a0\u00bb:\u00a0\u00bbfeatures\u00a0\u00bb,\u00a0\u00bbtype\u00a0\u00bb:\u00a0\u00bbglobal\/BulletPointItem\u00a0\u00bb,\u00a0\u00bbprops\u00a0\u00bb:{\u00ab\u00a0collection\u00a0\u00bb:\u00a0\u00bbfeatures\u00a0\u00bb,\u00a0\u00bbtype\u00a0\u00bb:\u00a0\u00bbglobal\/BulletPointItem\u00a0\u00bb,\u00a0\u00bbid\u00a0\u00bb:\u00a0\u00bb0f4hYYvhbrM-7-1-2&Prime;,\u00a0\u00bbcontentConfig\u00a0\u00bb:{\u00ab\u00a0contentService\u00a0\u00bb:\u00a0\u00bb\u00a0\u00bb,\u00a0\u00bbcontentConfigValues\u00a0\u00bb:{},\u00a0\u00bbinherit\u00a0\u00bb:false},\u00a0\u00bbcustomFields\u00a0\u00bb:{\u00ab\u00a0text\u00a0\u00bb:\u00a0\u00bbLe journal num\u00e9rique d\u00e8s 22h30 la veille de sa parution\u00a0\u00bb},\u00a0\u00bbdisplayProperties\u00a0\u00bb:{},\u00a0\u00bblocalEdits\u00a0\u00bb:{},\u00a0\u00bbvariants\u00a0\u00bb:{}}},{\u00ab\u00a0collection\u00a0\u00bb:\u00a0\u00bbfeatures\u00a0\u00bb,\u00a0\u00bbtype\u00a0\u00bb:\u00a0\u00bbglobal\/BulletPointItem\u00a0\u00bb,\u00a0\u00bbprops\u00a0\u00bb:{\u00ab\u00a0collection\u00a0\u00bb:\u00a0\u00bbfeatures\u00a0\u00bb,\u00a0\u00bbtype\u00a0\u00bb:\u00a0\u00bbglobal\/BulletPointItem\u00a0\u00bb,\u00a0\u00bbid\u00a0\u00bb:\u00a0\u00bb0f7py0whbrH-7-1-3&Prime;,\u00a0\u00bbcontentConfig\u00a0\u00bb:{\u00ab\u00a0contentService\u00a0\u00bb:\u00a0\u00bb\u00a0\u00bb,\u00a0\u00bbcontentConfigValues\u00a0\u00bb:{},\u00a0\u00bbinherit\u00a0\u00bb:false},\u00a0\u00bbcustomFields\u00a0\u00bb:{\u00ab\u00a0text\u00a0\u00bb:\u00a0\u00bbUne navigation sans publicit\u00e9\u00a0\u00bb},\u00a0\u00bbdisplayProperties\u00a0\u00bb:{},\u00a0\u00bblocalEdits\u00a0\u00bb:{},\u00a0\u00bbvariants\u00a0\u00bb:{}}},{\u00ab\u00a0collection\u00a0\u00bb:\u00a0\u00bbfeatures\u00a0\u00bb,\u00a0\u00bbtype\u00a0\u00bb:\u00a0\u00bbglobal\/BulletPointItem\u00a0\u00bb,\u00a0\u00bbprops\u00a0\u00bb:{\u00ab\u00a0collection\u00a0\u00bb:\u00a0\u00bbfeatures\u00a0\u00bb,\u00a0\u00bbtype\u00a0\u00bb:\u00a0\u00bbglobal\/BulletPointItem\u00a0\u00bb,\u00a0\u00bbid\u00a0\u00bb:\u00a0\u00bb0fs6R4whbrR-7-1-4&Prime;,\u00a0\u00bbcontentConfig\u00a0\u00bb:{\u00ab\u00a0contentService\u00a0\u00bb:\u00a0\u00bb\u00a0\u00bb,\u00a0\u00bbcontentConfigValues\u00a0\u00bb:{},\u00a0\u00bbinherit\u00a0\u00bb:false},\u00a0\u00bbcustomFields\u00a0\u00bb:{\u00ab\u00a0text\u00a0\u00bb:\u00a0\u00bbDes offres privil\u00e8ges avec le Club Le Parisien\u00a0\u00bb},\u00a0\u00bbdisplayProperties\u00a0\u00bb:{},\u00a0\u00bblocalEdits\u00a0\u00bb:{},\u00a0\u00bbvariants\u00a0\u00bb:{}}}]},{\u00ab\u00a0collection\u00a0\u00bb:\u00a0\u00bbfeatures\u00a0\u00bb,\u00a0\u00bbtype\u00a0\u00bb:\u00a0\u00bbglobal\/DynamicSurfooter\u00a0\u00bb,\u00a0\u00bbprops\u00a0\u00bb:{\u00ab\u00a0collection\u00a0\u00bb:\u00a0\u00bbfeatures\u00a0\u00bb,\u00a0\u00bbtype\u00a0\u00bb:\u00a0\u00bbglobal\/DynamicSurfooter\u00a0\u00bb,\u00a0\u00bbid\u00a0\u00bb:\u00a0\u00bbf0fpLDVh19B824B\u00a0\u00bb,\u00a0\u00bbcontentConfig\u00a0\u00bb:{\u00ab\u00a0contentService\u00a0\u00bb:\u00a0\u00bb\u00a0\u00bb,\u00a0\u00bbcontentConfigValues\u00a0\u00bb:{},\u00a0\u00bbinherit\u00a0\u00bb:true},\u00a0\u00bbcustomFields\u00a0\u00bb:{\u00ab\u00a0pageType\u00a0\u00bb:\u00a0\u00bbarticle\u00a0\u00bb},\u00a0\u00bbdisplayProperties\u00a0\u00bb:{},\u00a0\u00bblocalEdits\u00a0\u00bb:{},\u00a0\u00bbvariants\u00a0\u00bb:{}}},{\u00ab\u00a0collection\u00a0\u00bb:\u00a0\u00bbfeatures\u00a0\u00bb,\u00a0\u00bbtype\u00a0\u00bb:\u00a0\u00bbglobal\/FooterSections\u00a0\u00bb,\u00a0\u00bbprops\u00a0\u00bb:{\u00ab\u00a0collection\u00a0\u00bb:\u00a0\u00bbfeatures\u00a0\u00bb,\u00a0\u00bbtype\u00a0\u00bb:\u00a0\u00bbglobal\/FooterSections\u00a0\u00bb,\u00a0\u00bbid\u00a0\u00bb:\u00a0\u00bb0f0D7trD8rG\u00a0\u00bb,\u00a0\u00bbcontentConfig\u00a0\u00bb:{\u00ab\u00a0contentService\u00a0\u00bb:\u00a0\u00bb\u00a0\u00bb,\u00a0\u00bbcontentConfigValues\u00a0\u00bb:{},\u00a0\u00bbinherit\u00a0\u00bb:false},\u00a0\u00bbcustomFields\u00a0\u00bb:{\u00ab\u00a0footerLinks\u00a0\u00bb:\u00a0\u00bb[{\\\u00a0\u00bburl\\\u00a0\u00bb:\\\u00a0\u00bbhttps:\/\/www.leparisien.fr\/etudiant\/etudes\/parcoursup\/\\\u00a0\u00bb,\\\u00a0\u00bbtitle\\\u00a0\u00bb:\\\u00a0\u00bbParcoursup 2025\\\u00a0\u00bb},{\\\u00a0\u00bburl\\\u00a0\u00bb:\\\u00a0\u00bbhttps:\/\/www.leparisien.fr\/codes-promo\/marques\/\\\u00a0\u00bb,\\\u00a0\u00bbtitle\\\u00a0\u00bb:\\\u00a0\u00bbCodes de r\u00e9duction\\\u00a0\u00bb},{\\\u00a0\u00bburl\\\u00a0\u00bb:\\\u00a0\u00bb\/resultats-elections\/\\\u00a0\u00bb,\\\u00a0\u00bbtitle\\\u00a0\u00bb:\\\u00a0\u00bbR\u00e9sultats \u00e9lections \\\u00a0\u00bb}]\u00a0\u00bb,\u00a0\u00bbarchivesLastYear\u00a0\u00bb:\u00a0\u00bb2016&Prime;},\u00a0\u00bbdisplayProperties\u00a0\u00bb:{},\u00a0\u00bblocalEdits\u00a0\u00bb:{\u00ab\u00a0items\u00a0\u00bb:{}},\u00a0\u00bbvariants\u00a0\u00bb:{}}},{\u00ab\u00a0collection\u00a0\u00bb:\u00a0\u00bbfeatures\u00a0\u00bb,\u00a0\u00bbtype\u00a0\u00bb:\u00a0\u00bbglobal\/FooterLast\u00a0\u00bb,\u00a0\u00bbprops\u00a0\u00bb:{\u00ab\u00a0collection\u00a0\u00bb:\u00a0\u00bbfeatures\u00a0\u00bb,\u00a0\u00bbtype\u00a0\u00bb:\u00a0\u00bbglobal\/FooterLast\u00a0\u00bb,\u00a0\u00bbid\u00a0\u00bb:\u00a0\u00bb0fvwmwrD8rY\u00a0\u00bb,\u00a0\u00bbcontentConfig\u00a0\u00bb:{\u00ab\u00a0contentService\u00a0\u00bb:\u00a0\u00bb\u00a0\u00bb,\u00a0\u00bbcontentConfigValues\u00a0\u00bb:{},\u00a0\u00bbinherit\u00a0\u00bb:false},\u00a0\u00bbcustomFields\u00a0\u00bb:{},\u00a0\u00bbdisplayProperties\u00a0\u00bb:{},\u00a0\u00bblocalEdits\u00a0\u00bb:{\u00ab\u00a0items\u00a0\u00bb:{}},\u00a0\u00bbvariants\u00a0\u00bb:{}}}]}]};Fusion.spa=false;Fusion.spaEnabled=false;<script async src=\"https:\/\/platform.twitter.com\/widgets.js\" charset=\"utf-8\"><\/script><\/p>\n","protected":false},"excerpt":{"rendered":"M\u00e9t\u00e9o France avait pr\u00e9venu\u00a0: une violente d\u00e9gradation orageuse a frapp\u00e9 le sud-ouest de l\u2019Hexagone samedi en fin de&hellip;\n","protected":false},"author":2,"featured_media":91580,"comment_status":"","ping_status":"","sticky":false,"template":"","format":"standard","meta":{"footnotes":""},"categories":[4],"tags":[11,459,1011,27,6658,2487,12,25],"class_list":{"0":"post-91579","1":"post","2":"type-post","3":"status-publish","4":"format-standard","5":"has-post-thumbnail","7":"category-france","8":"tag-actualites","9":"tag-departements-horsidfo","10":"tag-fr","11":"tag-france","12":"tag-gironde-33","13":"tag-meteo","14":"tag-news","15":"tag-republique-francaise"},"share_on_mastodon":{"url":"https:\/\/pubeurope.com\/@fr\/114488731417191594","error":""},"_links":{"self":[{"href":"https:\/\/www.europesays.com\/fr\/wp-json\/wp\/v2\/posts\/91579","targetHints":{"allow":["GET"]}}],"collection":[{"href":"https:\/\/www.europesays.com\/fr\/wp-json\/wp\/v2\/posts"}],"about":[{"href":"https:\/\/www.europesays.com\/fr\/wp-json\/wp\/v2\/types\/post"}],"author":[{"embeddable":true,"href":"https:\/\/www.europesays.com\/fr\/wp-json\/wp\/v2\/users\/2"}],"replies":[{"embeddable":true,"href":"https:\/\/www.europesays.com\/fr\/wp-json\/wp\/v2\/comments?post=91579"}],"version-history":[{"count":0,"href":"https:\/\/www.europesays.com\/fr\/wp-json\/wp\/v2\/posts\/91579\/revisions"}],"wp:featuredmedia":[{"embeddable":true,"href":"https:\/\/www.europesays.com\/fr\/wp-json\/wp\/v2\/media\/91580"}],"wp:attachment":[{"href":"https:\/\/www.europesays.com\/fr\/wp-json\/wp\/v2\/media?parent=91579"}],"wp:term":[{"taxonomy":"category","embeddable":true,"href":"https:\/\/www.europesays.com\/fr\/wp-json\/wp\/v2\/categories?post=91579"},{"taxonomy":"post_tag","embeddable":true,"href":"https:\/\/www.europesays.com\/fr\/wp-json\/wp\/v2\/tags?post=91579"}],"curies":[{"name":"wp","href":"https:\/\/api.w.org\/{rel}","templated":true}]}}