{"id":91581,"date":"2025-05-11T10:28:08","date_gmt":"2025-05-11T10:28:08","guid":{"rendered":"https:\/\/www.europesays.com\/fr\/91581\/"},"modified":"2025-05-11T10:28:08","modified_gmt":"2025-05-11T10:28:08","slug":"des-musulmans-de-france-inquiets-apres-la-mort-daboubakar-cisse-vous-imaginez-un-peu-si-une-telle-attaque-se-reproduit-liberation","status":"publish","type":"post","link":"https:\/\/www.europesays.com\/fr\/91581\/","title":{"rendered":"Des musulmans de France inquiets apr\u00e8s la mort d\u2019Aboubakar Ciss\u00e9 : \u00abVous imaginez un peu si une telle attaque se reproduit &#8211; Lib\u00e9ration"},"content":{"rendered":"<ol>\n<li><a href=\"https:\/\/news.google.com\/rss\/articles\/CBMimAJBVV95cUxNM3M4TTZ6a0hma2V0bDZqU01JWkVKYnhyMjV4R0dQcUpUMThkTi1nejVJZjloQWNsd0pCa2JHbXlZYXF4aVo1dE1IbGtKY3BmZlEwLWhwbVN2TG4yeDVDN0VOdm5mcml1ZTlfVFFGZzI5NkFubEZ0Ym1DdlRUOTFncEpTeEtIVGFhX1N2RFR2SUQ0V1pnc29BUmVLdWFobXpUQWN5REo5ZWZvQ0tPR1ZvcGZTNnFOZExORHpBS3F3dUg3VkpLRTRERXF0bWp2VDNpN3JQMmE2ZmRMQlg0d0JLX2QxdWZJM2ZWTnJISm8teTVMdTdsZHJ2VjVDdmE2eUViWHF5akQwY1lDYUNfczZjWlZaX1FRS0Ja?oc=5\" target=\"_blank\" rel=\"noopener\">Des musulmans de France inquiets apr\u00e8s la mort d\u2019Aboubakar Ciss\u00e9 : \u00abVous imaginez un peu si une telle attaque se reproduit<\/a>&nbsp;&nbsp;Lib\u00e9ration<\/li>\n<li><a href=\"https:\/\/news.google.com\/rss\/articles\/CBMi3AFBVV95cUxQU3p0bWNadU0zM3RpVWpFNWpyZ0s5Y1FVNlFfUlRUaGNESjRHdWxla0VPX0lzTDQ0N1lWYVJ1Nms1WlZ1SURUbjRnTF9WRWdvZzhNVUR1MXV4dUI2NlpmMEJ6QXVfb09MR0h2UDN0amxabDRsTFFkV0FJRFpYOUxUQ28zcTNOVUFyRHV0WWZpUE5DdnFZcC1PWUk0M3lOZGRnRkd1VTVrMnB0Z2x0MWZhSk5LdE5uenlNZVAtMTFfMUpPUmM0T3BpQmQ4d09yUnB3TXNyMkxjTkxpQ1I5?oc=5\" target=\"_blank\" rel=\"noopener\">Assassinat d\u2019Aboubakar Ciss\u00e9 : le meurtrier pr\u00e9sum\u00e9 \u00e9crou\u00e9 par le tribunal de N\u00eemes<\/a>&nbsp;&nbsp;France Info<\/li>\n<li><a href=\"https:\/\/news.google.com\/rss\/articles\/CBMiuwFBVV95cUxOS0daanc5M0p0SElkMldWdjdiNm4ycUtCYXlZemlxWnJhTWNzeWx3TTB6aXQ0MXp3b2pvcXFpY0VLNlptUDRnQ2F1MHBqOW1jcHJqTFRadGNIYWRFek9tQ1JaT1VMMzEtR05VTldNeHdhOG43SGpIYmMtQ0lMWUFpdDZnVWJuRm85NUJydG1xWnlWX2xPMlRpbGpTM2N6OEJWMk1UNnVUWWcxU3dZWkpzS2pHbXVyZ19KMGh3?oc=5\" target=\"_blank\" rel=\"noopener\">TRIBUNE. \u00ab\u00a0En causes\u00a0\u00bb : la r\u00e9cup\u00e9ration naus\u00e9abonde du meurtre de la mosqu\u00e9e du Gard<\/a>&nbsp;&nbsp;ladepeche.fr<\/li>\n<li><a href=\"https:\/\/news.google.com\/rss\/articles\/CBMi_gFBVV95cUxQTTBFODhSYUE3SE1MbVJENmtMYTVEaFVwUklwa2NaaUN0Q3d2TkhzNFlfSklFSG5FckVONEdxX0JWenlDRXFHemVBZ3lvQWZxSjVwVzRSU19Fc2JqR2NwOEVDdU5FTGV3ek1ZQkNWRUJiZ0tnY2hnbE1wTWk0TVdZRGpsV19WN3lGVjA2bTV0YU5iOGt4bkJTWGpPUFZiQ2xuWWZaSnpLdGc0LWNmTGw5OTZjYjZnVGZ5VldjS3diYUZIaGNYZFdCVjZNMjd4YnBXV3pnTEdCanl4OHlBbFJWVmpGcVBQZ2g2d1B1S0g2c19RTks5SWY5Ul9RZEp2QQ?oc=5\" target=\"_blank\" rel=\"noopener\">Face \u00e0 la \u00ab banalisation de l\u2019islamophobie \u00bb, personnalit\u00e9s et associations appellent \u00e0 un rassemblement d&rsquo;ampleur \u00e0 Paris le 11 mai<\/a>&nbsp;&nbsp;L&rsquo;Humanit\u00e9<\/li>\n<li><a href=\"https:\/\/news.google.com\/rss\/articles\/CBMi5gFBVV95cUxPaXNPQm9EN2FYRzA0UUdyYU1ra0pENDlQUW9yQ2ZUVXc1bHMxR2xwd2RsaUYzZDg0M0lYSnJYeXRuV0lLVVRKRmN2OWlXSUlqUXVYNlQwY3dhekd0WGY3N0cwM2pLTW1WWkhPckdycFczeWtuQ2hIU1FFMTJkMTZSTFVzOUs0eTh6SmkwOV9icTFlXzRqVWxGM2RJUlJ5SUR5eENCQ3V5WnR2UUFMMlJtQzFvTFY1bHZVNENSb05Ic09vQzlIeHBYYm9BbmhCVE80VEZpLV9TNEV4dWFLRDJvVjJHMEh4Zw?oc=5\" target=\"_blank\" rel=\"noopener\">Meurtre \u00e0 la mosqu\u00e9e : le tueur pr\u00e9sum\u00e9 d\u2019Aboubakar Ciss\u00e9 a \u00e9t\u00e9 plac\u00e9 en d\u00e9tention provisoire \u00e0 Perpignan<\/a>&nbsp;&nbsp;Midi Libre<\/li>\n<\/ol>\n","protected":false},"excerpt":{"rendered":"Des musulmans de France inquiets apr\u00e8s la mort d\u2019Aboubakar Ciss\u00e9 : \u00abVous imaginez un peu si une telle&hellip;\n","protected":false},"author":2,"featured_media":91582,"comment_status":"","ping_status":"","sticky":false,"template":"","format":"standard","meta":{"footnotes":""},"categories":[2],"tags":[11,1011,27,6269,12],"class_list":{"0":"post-91581","1":"post","2":"type-post","3":"status-publish","4":"format-standard","5":"has-post-thumbnail","7":"category-actualites","8":"tag-actualites","9":"tag-fr","10":"tag-france","11":"tag-islamophobie","12":"tag-news"},"share_on_mastodon":{"url":"","error":""},"_links":{"self":[{"href":"https:\/\/www.europesays.com\/fr\/wp-json\/wp\/v2\/posts\/91581","targetHints":{"allow":["GET"]}}],"collection":[{"href":"https:\/\/www.europesays.com\/fr\/wp-json\/wp\/v2\/posts"}],"about":[{"href":"https:\/\/www.europesays.com\/fr\/wp-json\/wp\/v2\/types\/post"}],"author":[{"embeddable":true,"href":"https:\/\/www.europesays.com\/fr\/wp-json\/wp\/v2\/users\/2"}],"replies":[{"embeddable":true,"href":"https:\/\/www.europesays.com\/fr\/wp-json\/wp\/v2\/comments?post=91581"}],"version-history":[{"count":0,"href":"https:\/\/www.europesays.com\/fr\/wp-json\/wp\/v2\/posts\/91581\/revisions"}],"wp:featuredmedia":[{"embeddable":true,"href":"https:\/\/www.europesays.com\/fr\/wp-json\/wp\/v2\/media\/91582"}],"wp:attachment":[{"href":"https:\/\/www.europesays.com\/fr\/wp-json\/wp\/v2\/media?parent=91581"}],"wp:term":[{"taxonomy":"category","embeddable":true,"href":"https:\/\/www.europesays.com\/fr\/wp-json\/wp\/v2\/categories?post=91581"},{"taxonomy":"post_tag","embeddable":true,"href":"https:\/\/www.europesays.com\/fr\/wp-json\/wp\/v2\/tags?post=91581"}],"curies":[{"name":"wp","href":"https:\/\/api.w.org\/{rel}","templated":true}]}}