{"id":91586,"date":"2025-05-11T10:32:58","date_gmt":"2025-05-11T10:32:58","guid":{"rendered":"https:\/\/www.europesays.com\/fr\/91586\/"},"modified":"2025-05-11T10:32:58","modified_gmt":"2025-05-11T10:32:58","slug":"quand-le-jt-de-france-2-confond-la-cathedrale-de-metz-avec-la-basilique-de-nancy","status":"publish","type":"post","link":"https:\/\/www.europesays.com\/fr\/91586\/","title":{"rendered":"Quand le JT de France 2 confond la cath\u00e9drale de Metz avec\u2026 la basilique\u00a0de\u00a0Nancy"},"content":{"rendered":"<p>            Par<br \/>\n        <strong><br \/>\n            <a href=\"https:\/\/actu.fr\/auteur\/ninon-oget\" title=\"Consulter tous les articles de Ninon Oget\" rel=\"nofollow noopener\" target=\"_blank\">Ninon Oget<\/a><br \/>\n        <\/strong><\/p>\n<p>        Publi\u00e9 le<\/p>\n<p>            9 mai 2025 \u00e0 10h51        <\/p>\n<p>Jeudi 8\u00a0mai, France 2 a consacr\u00e9 une partie de son <a href=\"https:\/\/www.france.tv\/france-2\/journal-13h00\/7122140-edition-du-jeudi-8-mai-2025.html\" rel=\"nofollow noopener\" target=\"_blank\">journal de 13h<\/a> sur la c\u00e9l\u00e9bration du 80\u1d49 anniversaire de la fin de la <a href=\"https:\/\/actu.fr\/tag\/seconde-guerre-mondiale\" rel=\"nofollow noopener\" target=\"_blank\">Seconde Guerre mondiale<\/a> en Europe.<\/p>\n<p class=\" wall-content\">\u00c0 cette occasion, nos confr\u00e8res ont fait une halte \u00e0 <strong>Metz<\/strong> (Moselle) et ont confondu la capitale mosellane avec <strong>Nancy<\/strong> (Meurthe-et-Moselle) dans leur reportage final.<\/p>\n<p>La cath\u00e9drale de Metz pr\u00e9sent\u00e9e comme \u00e9tant la basilique de Nancy<\/p>\n<p class=\" wall-content\">\u00ab\u2009Au pied de la<strong> basilique de Nancy<\/strong>, l\u00e0 o\u00f9 80\u00a0ans plus t\u00f4t la ville fut lib\u00e9r\u00e9e, officiels et anonymes \u00e9taient r\u00e9unis ce matin pour c\u00e9l\u00e9brer la victoire\u2009\u00bb, d\u00e9clare le journal de France 2 en montrant la <a href=\"https:\/\/actu.fr\/tag\/cathedrale-de-metz\" rel=\"nofollow noopener\" target=\"_blank\">cath\u00e9drale Saint-\u00c9tienne<\/a> de Metz et la c\u00e9r\u00e9monie organis\u00e9e place d\u2019Armes.<\/p>\n<p class=\" wall-content\">En bandeau, le journal \u00e9crit bien \u00ab\u2009Nancy (Meurthe-et-Moselle)\u2009\u00bb comme localisation. Les plus chauvins des Messins seront ravis de cette confusion\u2026<\/p>\n<p>Des c\u00e9r\u00e9monies partout en France pour le 8\u00a0mai<\/p>\n<p class=\" wall-content\">Pour c\u00e9l\u00e9brer le 80\u1d49 anniversaire de la fin de la Seconde Guerre mondiale en Europe, des <strong>c\u00e9r\u00e9monies<\/strong> ont eu lieu aux quatre coins du pays.<\/p>\n<p>Vid\u00e9os : en ce moment sur Actu<\/p>\n<p class=\" wall-content\">Outre Metz, des comm\u00e9morations ont eu lieu <a href=\"https:\/\/actu.fr\/grand-est\/nancy_54395\/ceremonie-du-8-mai-a-nancy-voici-ou-et-quand-elle-aura-lieu_62609346.html\" rel=\"nofollow noopener\" target=\"_blank\">\u00e0 Nancy<\/a>, \u00e0 Thionville avec <a href=\"https:\/\/actu.fr\/grand-est\/thionville_57672\/ceremonie-du-8-mai-deux-mirages-2000d-vont-survoler-cette-ville-de-moselle_62598896.html\" rel=\"nofollow noopener\" target=\"_blank\">deux Mirages 2000D<\/a> ou encore <a href=\"https:\/\/actu.fr\/grand-est\/strasbourg_67482\/commemoration-du-8-mai-a-strasbourg-ceremonies-deambulation-guinguette-voici-le-programme_62605595.html\" rel=\"nofollow noopener\" target=\"_blank\">\u00e0 Strasbourg o\u00f9 une guinguette<\/a> a cl\u00f4tur\u00e9 la journ\u00e9e.<\/p>\n<p class=\" wall-content\">Suivez toute l\u2019actualit\u00e9 de vos villes et m\u00e9dias favoris en vous inscrivant \u00e0 <a href=\"https:\/\/moncompte.actu.fr\" title=\"D\u00e9couvez Mon Actu\" rel=\"nofollow noopener\" data-trk=\"{&quot;cta&quot;:{&quot;action&quot;:&quot;https:\\\/\\\/moncompte.actu.fr&quot;,&quot;category&quot;:&quot;mon compte&quot;,&quot;from&quot;:&quot;article footer&quot;,&quot;name&quot;:&quot;Mon actu&quot;,&quot;type&quot;:&quot;cta&quot;}}\" target=\"_blank\">Mon Actu<\/a>.<\/p>\n","protected":false},"excerpt":{"rendered":"Par Ninon Oget Publi\u00e9 le 9 mai 2025 \u00e0 10h51 Jeudi 8\u00a0mai, France 2 a consacr\u00e9 une partie&hellip;\n","protected":false},"author":2,"featured_media":91587,"comment_status":"","ping_status":"","sticky":false,"template":"","format":"standard","meta":{"footnotes":""},"categories":[9635],"tags":[1111,11,20274,1777,674,1011,27,775,1702,12,25,104],"class_list":{"0":"post-91586","1":"post","2":"type-post","3":"status-publish","4":"format-standard","5":"has-post-thumbnail","7":"category-nancy","8":"tag-actu","9":"tag-actualites","10":"tag-cathedrale-de-metz","11":"tag-eu","12":"tag-europe","13":"tag-fr","14":"tag-france","15":"tag-grand-est","16":"tag-nancy","17":"tag-news","18":"tag-republique-francaise","19":"tag-societe"},"share_on_mastodon":{"url":"https:\/\/pubeurope.com\/@fr\/114488751136773414","error":""},"_links":{"self":[{"href":"https:\/\/www.europesays.com\/fr\/wp-json\/wp\/v2\/posts\/91586","targetHints":{"allow":["GET"]}}],"collection":[{"href":"https:\/\/www.europesays.com\/fr\/wp-json\/wp\/v2\/posts"}],"about":[{"href":"https:\/\/www.europesays.com\/fr\/wp-json\/wp\/v2\/types\/post"}],"author":[{"embeddable":true,"href":"https:\/\/www.europesays.com\/fr\/wp-json\/wp\/v2\/users\/2"}],"replies":[{"embeddable":true,"href":"https:\/\/www.europesays.com\/fr\/wp-json\/wp\/v2\/comments?post=91586"}],"version-history":[{"count":0,"href":"https:\/\/www.europesays.com\/fr\/wp-json\/wp\/v2\/posts\/91586\/revisions"}],"wp:featuredmedia":[{"embeddable":true,"href":"https:\/\/www.europesays.com\/fr\/wp-json\/wp\/v2\/media\/91587"}],"wp:attachment":[{"href":"https:\/\/www.europesays.com\/fr\/wp-json\/wp\/v2\/media?parent=91586"}],"wp:term":[{"taxonomy":"category","embeddable":true,"href":"https:\/\/www.europesays.com\/fr\/wp-json\/wp\/v2\/categories?post=91586"},{"taxonomy":"post_tag","embeddable":true,"href":"https:\/\/www.europesays.com\/fr\/wp-json\/wp\/v2\/tags?post=91586"}],"curies":[{"name":"wp","href":"https:\/\/api.w.org\/{rel}","templated":true}]}}