{"id":91592,"date":"2025-05-11T10:36:08","date_gmt":"2025-05-11T10:36:08","guid":{"rendered":"https:\/\/www.europesays.com\/fr\/91592\/"},"modified":"2025-05-11T10:36:08","modified_gmt":"2025-05-11T10:36:08","slug":"biere-concerts-et-food-trucks-au-menu-de-brasseries-en-fete","status":"publish","type":"post","link":"https:\/\/www.europesays.com\/fr\/91592\/","title":{"rendered":"bi\u00e8re, concerts et food trucks au menu de Brasseries en F\u00eate"},"content":{"rendered":"<p>            Par<br \/>\n        <strong><br \/>\n            <a href=\"https:\/\/actu.fr\/auteur\/metropoop\" title=\"Consulter tous les articles de R\u00e9daction M\u00e9tropolitain\" rel=\"nofollow noopener\" target=\"_blank\">R\u00e9daction M\u00e9tropolitain<\/a><br \/>\n        <\/strong><\/p>\n<p>        Publi\u00e9 le<\/p>\n<p>            11 mai 2025 \u00e0 12h33        <\/p>\n<p>La quatri\u00e8me \u00e9dition de Brasseries en F\u00eate se tiendra au Parc Montcalm, \u00e0 Montpellier, <strong>les 16 et 17 mai 2025<\/strong>. Pour la premi\u00e8re fois, l\u2019\u00e9v\u00e9nement s\u2019\u00e9tale sur deux jours. Objectif : laisser le temps au public de savourer toutes les surprises d\u2019un week-end d\u00e9di\u00e9 \u00e0 la bi\u00e8re artisanale locale. 13\u00a0brasseries montpelli\u00e9raines seront de la partie. Chacune viendra avec ses recettes originales, de la blonde florale \u00e0 la stout cors\u00e9e. Les visiteurs pourront d\u00e9guster sur place et repartir avec des bouteilles. Des passionn\u00e9s seront pr\u00e9sents pour parler levures, malts et fermentation comme d\u2019autres parlent de grands crus.<\/p>\n<p>    <a href=\"https:\/\/www.google.com\/maps\/embed?pb=!1m18!1m12!1m3!1d5778.9373223963885!2d3.8590839!3d43.5967826!2m3!1f0!2f0!3f0!3m2!1i1024!2i768!4f13.1!3m3!1m2!1s0x12b6ae4e14d09c27%3A0x808b0e1f03ef44b9!2sParc%20Montcalm!5e0!3m2!1sfr!2sfr!4v1742912608704!5m2!1sfr!2sfr\" title=\"Ouvrie le lien\" rel=\"nofollow noopener\" target=\"_blank\">Cliquez ici pour visualiser le contenu<\/a><\/p>\n<p>Une ambiance brass\u00e9e \u00e0 la sauce locale<\/p>\n<p class=\" wall-content\">Brasseries en F\u00eate mise aussi sur l\u2019\u00e9nergie de la sc\u00e8ne montpelli\u00e9raine. Les deux soir\u00e9es seront rythm\u00e9es par des concerts d\u2019artistes locaux. Le vendredi, place \u00e0 Baume, Telema, El Batif et Corasound. Le samedi, Heptasound, Ogure, Rosie, Lgig et Soeur prendront le relais. Les styles varieront autant que les bi\u00e8res : \u00e9lectro planante, groove ensoleill\u00e9 ou rock survitamin\u00e9. L\u2019ambiance promet d\u2019\u00eatre aussi festive que familiale. Le festival pr\u00e9voit un espace enfants, des massages pour les grands, et m\u00eame un stand de tatouages temporaires. Personne ne sera laiss\u00e9 sur la touche !<\/p>\n<p class=\" wall-content\"><a href=\"https:\/\/www.instagram.com\/p\/DHbVVN-M_7M\/embed\" title=\"Ouvrir le lien sur Instagram\" rel=\"nofollow noopener\" target=\"_blank\">Visualiser le contenu sur Instagram<\/a><\/p>\n<p class=\" wall-content\">Entre deux gorg\u00e9es, le public pourra se restaurer gr\u00e2ce \u00e0 une belle s\u00e9lection de food trucks. L\u2019offre est vari\u00e9e : cuisine du monde, plats v\u00e9g\u00e9tariens, recettes g\u00e9n\u00e9reuses pour les carnivores, douceurs sucr\u00e9es\u2026 Le tout pens\u00e9 pour accompagner une bonne bi\u00e8re artisanale.<\/p>\n<p><strong>&gt; <\/strong>Le festival se d\u00e9roulera sur deux jours : le vendredi 16 mai 2025 de 16h \u00e0 minuit, et le samedi 17 mai de 10h \u00e0 minuit. L\u2019entr\u00e9e est enti\u00e8rement <strong>gratuite<\/strong> pour tous les visiteurs. Seules les d\u00e9gustations de bi\u00e8re sont payantes, via un syst\u00e8me de jetons \u00e0 acheter sur place. Le programme complet est aussi disponible <a href=\"https:\/\/bieres-occitanie.fr\/brasseriesenfete\/\" rel=\"nofollow noopener\" target=\"_blank\">sur le site officiel<\/a>\u00a0Vid\u00e9os : en ce moment sur Actu<\/p>\n<p class=\" wall-content\">Suivez toute l\u2019actualit\u00e9 de vos villes et m\u00e9dias favoris en vous inscrivant \u00e0 <a href=\"https:\/\/moncompte.actu.fr\" title=\"D\u00e9couvez Mon Actu\" rel=\"nofollow noopener\" data-trk=\"{&quot;cta&quot;:{&quot;action&quot;:&quot;https:\\\/\\\/moncompte.actu.fr&quot;,&quot;category&quot;:&quot;mon compte&quot;,&quot;from&quot;:&quot;article footer&quot;,&quot;name&quot;:&quot;Mon actu&quot;,&quot;type&quot;:&quot;cta&quot;}}\" target=\"_blank\">Mon Actu<\/a>.<\/p>\n<p>                    <script async src=\"\/\/www.instagram.com\/embed.js\"><\/script><\/p>\n","protected":false},"excerpt":{"rendered":"Par R\u00e9daction M\u00e9tropolitain Publi\u00e9 le 11 mai 2025 \u00e0 12h33 La quatri\u00e8me \u00e9dition de Brasseries en F\u00eate se&hellip;\n","protected":false},"author":2,"featured_media":91593,"comment_status":"","ping_status":"","sticky":false,"template":"","format":"standard","meta":{"footnotes":""},"categories":[9599],"tags":[1111,11,258,7722,1697,1777,674,849,1011,27,1652,2208,12,2680,25],"class_list":{"0":"post-91592","1":"post","2":"type-post","3":"status-publish","4":"format-standard","5":"has-post-thumbnail","7":"category-montpellier","8":"tag-actu","9":"tag-actualites","10":"tag-alimentation","11":"tag-biere","12":"tag-concert","13":"tag-eu","14":"tag-europe","15":"tag-festival","16":"tag-fr","17":"tag-france","18":"tag-loisirs-culture","19":"tag-montpellier","20":"tag-news","21":"tag-occitanie","22":"tag-republique-francaise"},"share_on_mastodon":{"url":"https:\/\/pubeurope.com\/@fr\/114488763115460380","error":""},"_links":{"self":[{"href":"https:\/\/www.europesays.com\/fr\/wp-json\/wp\/v2\/posts\/91592","targetHints":{"allow":["GET"]}}],"collection":[{"href":"https:\/\/www.europesays.com\/fr\/wp-json\/wp\/v2\/posts"}],"about":[{"href":"https:\/\/www.europesays.com\/fr\/wp-json\/wp\/v2\/types\/post"}],"author":[{"embeddable":true,"href":"https:\/\/www.europesays.com\/fr\/wp-json\/wp\/v2\/users\/2"}],"replies":[{"embeddable":true,"href":"https:\/\/www.europesays.com\/fr\/wp-json\/wp\/v2\/comments?post=91592"}],"version-history":[{"count":0,"href":"https:\/\/www.europesays.com\/fr\/wp-json\/wp\/v2\/posts\/91592\/revisions"}],"wp:featuredmedia":[{"embeddable":true,"href":"https:\/\/www.europesays.com\/fr\/wp-json\/wp\/v2\/media\/91593"}],"wp:attachment":[{"href":"https:\/\/www.europesays.com\/fr\/wp-json\/wp\/v2\/media?parent=91592"}],"wp:term":[{"taxonomy":"category","embeddable":true,"href":"https:\/\/www.europesays.com\/fr\/wp-json\/wp\/v2\/categories?post=91592"},{"taxonomy":"post_tag","embeddable":true,"href":"https:\/\/www.europesays.com\/fr\/wp-json\/wp\/v2\/tags?post=91592"}],"curies":[{"name":"wp","href":"https:\/\/api.w.org\/{rel}","templated":true}]}}