{"id":91596,"date":"2025-05-11T10:42:07","date_gmt":"2025-05-11T10:42:07","guid":{"rendered":"https:\/\/www.europesays.com\/fr\/91596\/"},"modified":"2025-05-11T10:42:07","modified_gmt":"2025-05-11T10:42:07","slug":"des-dizaines-de-personnes-privees-de-gaz-apres-un-accident","status":"publish","type":"post","link":"https:\/\/www.europesays.com\/fr\/91596\/","title":{"rendered":"des dizaines de personnes priv\u00e9es de gaz apr\u00e8s un accident"},"content":{"rendered":"<p itemprop=\"description\"><strong>Dans la nuit de samedi \u00e0 dimanche, un rod\u00e9o urbain a eu lieu \u00e0 Echirolles.<\/strong><\/p>\n<p>Alors que des voitures roulaient \u00e0 vive allure dans les rues de la commune is\u00e9roise, un chauffard a perdu le contr\u00f4le de son v\u00e9hicule et a percut\u00e9 un coffret de distribution de gaz de ville rue du Drac.<\/p>\n<p>La conduite a \u00e9t\u00e9 arrach\u00e9e \u00e0 cause de l&rsquo;impact.<\/p>\n<p>Les secours se sont donc d\u00e9plac\u00e9s pour fermer le gaz et colmater la fuite. Ce qui a priv\u00e9 des dizaines de riverains et commer\u00e7ants de gaz.<\/p>\n<p>Aucune interpellation n&rsquo;a pu \u00eatre men\u00e9e, les auteurs du rod\u00e9o ont pris la fuite en voyant les pompiers arriver.<\/p>\n","protected":false},"excerpt":{"rendered":"Dans la nuit de samedi \u00e0 dimanche, un rod\u00e9o urbain a eu lieu \u00e0 Echirolles. Alors que des&hellip;\n","protected":false},"author":2,"featured_media":91597,"comment_status":"","ping_status":"","sticky":false,"template":"","format":"standard","meta":{"footnotes":""},"categories":[9566],"tags":[1111,11,7733,8279,2430,7736,650,7734,2889,2263,1777,674,1011,27,2731,8280,6417,1114,108,4662,12,3725,1825,25,7737],"class_list":{"0":"post-91596","1":"post","2":"type-post","3":"status-publish","4":"format-standard","5":"has-post-thumbnail","7":"category-grenoble","8":"tag-actu","9":"tag-actualites","10":"tag-alpes","11":"tag-alpes1","12":"tag-auvergne-rhone-alpes","13":"tag-cds","14":"tag-cinema","15":"tag-ecoute","16":"tag-emission","17":"tag-equipe","18":"tag-eu","19":"tag-europe","20":"tag-fr","21":"tag-france","22":"tag-grenoble","23":"tag-haute","24":"tag-information","25":"tag-infos","26":"tag-isere","27":"tag-journal","28":"tag-news","29":"tag-podcast","30":"tag-radio","31":"tag-republique-francaise","32":"tag-winamp"},"share_on_mastodon":{"url":"https:\/\/pubeurope.com\/@fr\/114488786620268593","error":""},"_links":{"self":[{"href":"https:\/\/www.europesays.com\/fr\/wp-json\/wp\/v2\/posts\/91596","targetHints":{"allow":["GET"]}}],"collection":[{"href":"https:\/\/www.europesays.com\/fr\/wp-json\/wp\/v2\/posts"}],"about":[{"href":"https:\/\/www.europesays.com\/fr\/wp-json\/wp\/v2\/types\/post"}],"author":[{"embeddable":true,"href":"https:\/\/www.europesays.com\/fr\/wp-json\/wp\/v2\/users\/2"}],"replies":[{"embeddable":true,"href":"https:\/\/www.europesays.com\/fr\/wp-json\/wp\/v2\/comments?post=91596"}],"version-history":[{"count":0,"href":"https:\/\/www.europesays.com\/fr\/wp-json\/wp\/v2\/posts\/91596\/revisions"}],"wp:featuredmedia":[{"embeddable":true,"href":"https:\/\/www.europesays.com\/fr\/wp-json\/wp\/v2\/media\/91597"}],"wp:attachment":[{"href":"https:\/\/www.europesays.com\/fr\/wp-json\/wp\/v2\/media?parent=91596"}],"wp:term":[{"taxonomy":"category","embeddable":true,"href":"https:\/\/www.europesays.com\/fr\/wp-json\/wp\/v2\/categories?post=91596"},{"taxonomy":"post_tag","embeddable":true,"href":"https:\/\/www.europesays.com\/fr\/wp-json\/wp\/v2\/tags?post=91596"}],"curies":[{"name":"wp","href":"https:\/\/api.w.org\/{rel}","templated":true}]}}