{"id":91604,"date":"2025-05-11T10:46:12","date_gmt":"2025-05-11T10:46:12","guid":{"rendered":"https:\/\/www.europesays.com\/fr\/91604\/"},"modified":"2025-05-11T10:46:12","modified_gmt":"2025-05-11T10:46:12","slug":"une-cinquantaine-de-personnes-evacuees","status":"publish","type":"post","link":"https:\/\/www.europesays.com\/fr\/91604\/","title":{"rendered":"une cinquantaine de personnes \u00e9vacu\u00e9es"},"content":{"rendered":"<p>Un incendie s\u2019est d\u00e9clar\u00e9 samedi 10\u00a0mai vers 11 h dans un immeuble situ\u00e9 rue de la Ville \u00e0 Souffelweyersheim.<\/p>\n<p>Le feu a pris sur le balcon d\u2019un appartement, au deuxi\u00e8me \u00e9tage de cet ensemble collectif compos\u00e9 de quatre niveaux. Il s\u2019est propag\u00e9 au logement voisin ainsi qu\u2019\u00e0 celui situ\u00e9 \u00e0 l\u2019\u00e9tage au-dessus.<\/p>\n<p>Ce contenu est bloqu\u00e9 car vous n&rsquo;avez pas accept\u00e9 les cookies et autres traceurs.<\/p>\n<p>En cliquant sur \u00ab J\u2019accepte \u00bb, les cookies et autres traceurs seront d\u00e9pos\u00e9s et vous pourrez visualiser les contenus  (<a href=\"\" class=\"consentModule_policy\" target=\"_blank\" title=\"Consulter la politique de protection des donn\u00e9es du fournisseur\">plus d&rsquo;informations<\/a>).<\/p>\n<p>En cliquant sur \u00ab J\u2019accepte tous les cookies \u00bb, vous autorisez des d\u00e9p\u00f4ts de cookies et autres traceurs pour le stockage de vos donn\u00e9es sur nos sites et applications \u00e0 des fins de personnalisation et de ciblage publicitaire.<\/p>\n<p class=\"consentModule_secondaryText\">Vous gardez la possibilit\u00e9 de retirer votre consentement \u00e0 tout moment en consultant notre <a href=\"https:\/\/www.dna.fr\/protection-des-donnees\" target=\"_blank\" title=\"Consulter notre politique de protection des donn\u00e9es\" rel=\"nofollow noopener\">politique de protection des donn\u00e9es<\/a>. <br \/>&#13;<br \/>\n            <a href=\"https:\/\/www.dna.fr\/faits-divers-justice\/2025\/05\/10\/javascript:Didomi.notice.show()\" class=\"consentModule_cmp\" rel=\"nofollow noopener\" target=\"_blank\">G\u00e9rer mes choix<\/a>&#13;\n        <\/p>\n<p>&#13;<br \/>\n                        J&rsquo;accepte&#13;<br \/>\n            J&rsquo;accepte tous les cookies&#13;\n        <\/p>\n<p>  Le feu serait d\u2019origine accidentelle<\/p>\n<p>Une vingtaine de sapeurs-pompiers se sont rendus sur place. L\u2019ensemble des habitants de l\u2019immeuble, soit une cinquantaine de personnes, a d\u00fb \u00eatre \u00e9vacu\u00e9 le temps des op\u00e9rations de secours. Le feu a \u00e9t\u00e9 ma\u00eetris\u00e9 au moyen de deux lances.<\/p>\n<p>Les gendarmes de la brigade de Mundolsheim se sont rendus sur place. Selon les premiers \u00e9l\u00e9ments de l\u2019enqu\u00eate, le feu serait d\u2019origine accidentelle.<\/p>\n<p>Le relogement de six personnes a \u00e9t\u00e9 assur\u00e9 par le bailleur, indiquent les sapeurs-pompiers.<\/p>\n","protected":false},"excerpt":{"rendered":"Un incendie s\u2019est d\u00e9clar\u00e9 samedi 10\u00a0mai vers 11 h dans un immeuble situ\u00e9 rue de la Ville \u00e0&hellip;\n","protected":false},"author":2,"featured_media":91605,"comment_status":"","ping_status":"","sticky":false,"template":"","format":"standard","meta":{"footnotes":""},"categories":[2820],"tags":[1111,11,2880,1777,674,274,107,1011,27,775,1310,12,25,16322,640,3265],"class_list":{"0":"post-91604","1":"post","2":"type-post","3":"status-publish","4":"format-standard","5":"has-post-thumbnail","7":"category-strasbourg","8":"tag-actu","9":"tag-actualites","10":"tag-edition-strasbourg","11":"tag-eu","12":"tag-europe","13":"tag-faits-divers-justice","14":"tag-fil-info","15":"tag-fr","16":"tag-france","17":"tag-grand-est","18":"tag-incendie","19":"tag-news","20":"tag-republique-francaise","21":"tag-souffelweyersheim","22":"tag-strasbourg","23":"tag-strasbourg-nord"},"share_on_mastodon":{"url":"https:\/\/pubeurope.com\/@fr\/114488802239336650","error":""},"_links":{"self":[{"href":"https:\/\/www.europesays.com\/fr\/wp-json\/wp\/v2\/posts\/91604","targetHints":{"allow":["GET"]}}],"collection":[{"href":"https:\/\/www.europesays.com\/fr\/wp-json\/wp\/v2\/posts"}],"about":[{"href":"https:\/\/www.europesays.com\/fr\/wp-json\/wp\/v2\/types\/post"}],"author":[{"embeddable":true,"href":"https:\/\/www.europesays.com\/fr\/wp-json\/wp\/v2\/users\/2"}],"replies":[{"embeddable":true,"href":"https:\/\/www.europesays.com\/fr\/wp-json\/wp\/v2\/comments?post=91604"}],"version-history":[{"count":0,"href":"https:\/\/www.europesays.com\/fr\/wp-json\/wp\/v2\/posts\/91604\/revisions"}],"wp:featuredmedia":[{"embeddable":true,"href":"https:\/\/www.europesays.com\/fr\/wp-json\/wp\/v2\/media\/91605"}],"wp:attachment":[{"href":"https:\/\/www.europesays.com\/fr\/wp-json\/wp\/v2\/media?parent=91604"}],"wp:term":[{"taxonomy":"category","embeddable":true,"href":"https:\/\/www.europesays.com\/fr\/wp-json\/wp\/v2\/categories?post=91604"},{"taxonomy":"post_tag","embeddable":true,"href":"https:\/\/www.europesays.com\/fr\/wp-json\/wp\/v2\/tags?post=91604"}],"curies":[{"name":"wp","href":"https:\/\/api.w.org\/{rel}","templated":true}]}}