{"id":91626,"date":"2025-05-11T10:58:09","date_gmt":"2025-05-11T10:58:09","guid":{"rendered":"https:\/\/www.europesays.com\/fr\/91626\/"},"modified":"2025-05-11T10:58:09","modified_gmt":"2025-05-11T10:58:09","slug":"ce-quont-pense-nos-lectrices-de-leur-rencontre-avec-lhypnotiseuse-giorda","status":"publish","type":"post","link":"https:\/\/www.europesays.com\/fr\/91626\/","title":{"rendered":"ce qu\u2019ont pens\u00e9 nos lectrices de leur rencontre avec l\u2019hypnotiseuse Giorda"},"content":{"rendered":"<p>En tourn\u00e9e dans toute la France depuis l\u2019an dernier, o\u00f9 les spectateurs proven\u00e7aux avaient notamment pu la voir au Festival Off d\u2019Avignon avec son spectacle Hypn\u2019ose, <a href=\"https:\/\/www.laprovence.com\/article\/sortie-loisirs\/37745218836030\/aix-en-provence-rencontre-avec-la-premiere-femme-hypnotiseuse-de-france-en-spectacle-a-la-fontaine-dargent-les-15-et-16-decembre\" target=\"_blank\" rel=\"noopener\">Giorda<\/a> a r\u00e9cemment convi\u00e9 les lecteurs de La\u00a0Provence dans nos locaux \u00e0 Marseille. Le but\u00a0: participer \u00e0 une s\u00e9ance collective d\u2019hypnose, puis \u00e9changer sur cette exp\u00e9rience. Pour accompagner les jeunes journalistes de notre r\u00e9daction, quatre femmes, et aucun homme, se sont port\u00e9es volontaires.<\/p>\n","protected":false},"excerpt":{"rendered":"En tourn\u00e9e dans toute la France depuis l\u2019an dernier, o\u00f9 les spectateurs proven\u00e7aux avaient notamment pu la voir&hellip;\n","protected":false},"author":2,"featured_media":91627,"comment_status":"","ping_status":"","sticky":false,"template":"","format":"standard","meta":{"footnotes":""},"categories":[2814],"tags":[17,1111,11,20279,251,1777,674,14635,1011,27,20276,20277,151,884,12,882,20278,20280,25],"class_list":{"0":"post-91626","1":"post","2":"type-post","3":"status-publish","4":"format-standard","5":"has-post-thumbnail","7":"category-marseille","8":"tag-17","9":"tag-actu","10":"tag-actualites","11":"tag-couette","12":"tag-culture","13":"tag-eu","14":"tag-europe","15":"tag-flammes","16":"tag-fr","17":"tag-france","18":"tag-javais","19":"tag-limpression","20":"tag-les","21":"tag-marseille","22":"tag-news","23":"tag-provence-alpes-cote-dazur","24":"tag-quune","25":"tag-rechauffait","26":"tag-republique-francaise"},"share_on_mastodon":{"url":"https:\/\/pubeurope.com\/@fr\/114488849402732048","error":""},"_links":{"self":[{"href":"https:\/\/www.europesays.com\/fr\/wp-json\/wp\/v2\/posts\/91626","targetHints":{"allow":["GET"]}}],"collection":[{"href":"https:\/\/www.europesays.com\/fr\/wp-json\/wp\/v2\/posts"}],"about":[{"href":"https:\/\/www.europesays.com\/fr\/wp-json\/wp\/v2\/types\/post"}],"author":[{"embeddable":true,"href":"https:\/\/www.europesays.com\/fr\/wp-json\/wp\/v2\/users\/2"}],"replies":[{"embeddable":true,"href":"https:\/\/www.europesays.com\/fr\/wp-json\/wp\/v2\/comments?post=91626"}],"version-history":[{"count":0,"href":"https:\/\/www.europesays.com\/fr\/wp-json\/wp\/v2\/posts\/91626\/revisions"}],"wp:featuredmedia":[{"embeddable":true,"href":"https:\/\/www.europesays.com\/fr\/wp-json\/wp\/v2\/media\/91627"}],"wp:attachment":[{"href":"https:\/\/www.europesays.com\/fr\/wp-json\/wp\/v2\/media?parent=91626"}],"wp:term":[{"taxonomy":"category","embeddable":true,"href":"https:\/\/www.europesays.com\/fr\/wp-json\/wp\/v2\/categories?post=91626"},{"taxonomy":"post_tag","embeddable":true,"href":"https:\/\/www.europesays.com\/fr\/wp-json\/wp\/v2\/tags?post=91626"}],"curies":[{"name":"wp","href":"https:\/\/api.w.org\/{rel}","templated":true}]}}