{"id":91630,"date":"2025-05-11T11:00:08","date_gmt":"2025-05-11T11:00:08","guid":{"rendered":"https:\/\/www.europesays.com\/fr\/91630\/"},"modified":"2025-05-11T11:00:08","modified_gmt":"2025-05-11T11:00:08","slug":"le-collectionneur-se-faisait-livrer-des-armes-a-domicile-il-ecope-de-prison-ferme","status":"publish","type":"post","link":"https:\/\/www.europesays.com\/fr\/91630\/","title":{"rendered":"le collectionneur se faisait livrer des armes \u00e0 domicile, il \u00e9cope de prison ferme"},"content":{"rendered":"<p>Pr\u00e8s de Lyon : le collectionneur se faisait livrer des armes \u00e0 domicile, il \u00e9cope de prison ferme &#8211; LyonMag<\/p>\n<p itemprop=\"description\"><strong>Un habitant de Thizy-les-Bourgs a \u00e9t\u00e9 condamn\u00e9 cette semaine par le tribunal correctionnel de Villefranche-sur-Sa\u00f4ne.<\/strong><\/p>\n<p>Il lui \u00e9tait reproch\u00e9 d&rsquo;avoir empil\u00e9 les armes \u00e0 son domicile et dans le bureau de son entreprise, malgr\u00e9 une interdiction de d\u00e9tention.<\/p>\n<p>Les forces de l&rsquo;ordre s&rsquo;\u00e9taient int\u00e9ress\u00e9es \u00e0 son cas lorsqu&rsquo;en mars dernier, les douanes avaient intercept\u00e9 un colis en provenance des Etats-Unis qui contenait des pi\u00e8ces d&rsquo;arme de cat\u00e9gorie B.<\/p>\n<p>Le trentenaire collectionneur a expliqu\u00e9 aux juges caladois que ce colis \u00e9tait un cadeau envoy\u00e9 par un ami et qu&rsquo;il n&rsquo;avait pas \u00e9t\u00e9 pr\u00e9venu \u00e0 l&rsquo;avance de son contenu.<\/p>\n<p>Une version qui a partiellement convaincu le tribunal. Car sur les 9 mois de prison ferme r\u00e9clam\u00e9s par l&rsquo;avocat g\u00e9n\u00e9ral, le Thizerot a \u00e9cop\u00e9 de 6 mois qu&rsquo;il effectuera sous bracelet \u00e9lectronique. Il doit \u00e9galement s&rsquo;acquitter d&rsquo;une amende douani\u00e8re de plus de 9000 euros et a l&rsquo;interdiction de d\u00e9tenir une arme pendant 5 ans. Son arsenal, estim\u00e9 \u00e0 plus de 8500 euros, a \u00e9t\u00e9 saisi.<\/p>\n","protected":false},"excerpt":{"rendered":"Pr\u00e8s de Lyon : le collectionneur se faisait livrer des armes \u00e0 domicile, il \u00e9cope de prison ferme&hellip;\n","protected":false},"author":2,"featured_media":91631,"comment_status":"","ping_status":"","sticky":false,"template":"","format":"standard","meta":{"footnotes":""},"categories":[1889],"tags":[1111,11,2813,2190,2430,1109,251,1112,2811,1777,674,118,1011,27,1922,1110,1114,2428,2810,12,241,316,25,2812,517,800],"class_list":{"0":"post-91630","1":"post","2":"type-post","3":"status-publish","4":"format-standard","5":"has-post-thumbnail","7":"category-lyon","8":"tag-actu","9":"tag-actualites","10":"tag-article","11":"tag-asvel","12":"tag-auvergne-rhone-alpes","13":"tag-breves","14":"tag-culture","15":"tag-depeches","16":"tag-economique","17":"tag-eu","18":"tag-europe","19":"tag-faits-divers","20":"tag-fr","21":"tag-france","22":"tag-info","23":"tag-informations","24":"tag-infos","25":"tag-lyon","26":"tag-lyonmag","27":"tag-news","28":"tag-ol","29":"tag-politique","30":"tag-republique-francaise","31":"tag-sociale","32":"tag-sport","33":"tag-transports"},"share_on_mastodon":{"url":"https:\/\/pubeurope.com\/@fr\/114488857329165400","error":""},"_links":{"self":[{"href":"https:\/\/www.europesays.com\/fr\/wp-json\/wp\/v2\/posts\/91630","targetHints":{"allow":["GET"]}}],"collection":[{"href":"https:\/\/www.europesays.com\/fr\/wp-json\/wp\/v2\/posts"}],"about":[{"href":"https:\/\/www.europesays.com\/fr\/wp-json\/wp\/v2\/types\/post"}],"author":[{"embeddable":true,"href":"https:\/\/www.europesays.com\/fr\/wp-json\/wp\/v2\/users\/2"}],"replies":[{"embeddable":true,"href":"https:\/\/www.europesays.com\/fr\/wp-json\/wp\/v2\/comments?post=91630"}],"version-history":[{"count":0,"href":"https:\/\/www.europesays.com\/fr\/wp-json\/wp\/v2\/posts\/91630\/revisions"}],"wp:featuredmedia":[{"embeddable":true,"href":"https:\/\/www.europesays.com\/fr\/wp-json\/wp\/v2\/media\/91631"}],"wp:attachment":[{"href":"https:\/\/www.europesays.com\/fr\/wp-json\/wp\/v2\/media?parent=91630"}],"wp:term":[{"taxonomy":"category","embeddable":true,"href":"https:\/\/www.europesays.com\/fr\/wp-json\/wp\/v2\/categories?post=91630"},{"taxonomy":"post_tag","embeddable":true,"href":"https:\/\/www.europesays.com\/fr\/wp-json\/wp\/v2\/tags?post=91630"}],"curies":[{"name":"wp","href":"https:\/\/api.w.org\/{rel}","templated":true}]}}