{"id":91636,"date":"2025-05-11T11:05:09","date_gmt":"2025-05-11T11:05:09","guid":{"rendered":"https:\/\/www.europesays.com\/fr\/91636\/"},"modified":"2025-05-11T11:05:09","modified_gmt":"2025-05-11T11:05:09","slug":"attention-aux-orages-ce-dimanche-soir","status":"publish","type":"post","link":"https:\/\/www.europesays.com\/fr\/91636\/","title":{"rendered":"attention aux orages ce dimanche soir"},"content":{"rendered":"<p>De 16 \u00e0 21 heures, une d\u00e9gradation est attendue en r\u00e9gion parisienne avec des orages. Le point sur cet \u00e9v\u00e9nement.<\/p>\n<p><strong>Une br\u00e8ve, mais importante d\u00e9gradation orageuse sur Paris<\/strong><\/p>\n<p>Apr\u00e8s une apr\u00e8s-midi assez chaude avec 25\u00b0C, une perturbation, li\u00e9e \u00e0 une d\u00e9pression positionn\u00e9e au large de la Bretagne, balaiera l&rsquo;\u00cele-de-France du sud au nord. Ces orages sont \u00e0 surveiller, car ils provoqueront un bref passage pluvieux avec des rafales pouvant d\u00e9passer les 50 km\/h.<\/p>\n<blockquote placeholder=\"\" data-theme=\"light\" class=\"twitter-tweet\">\n<p>??????????Prudence entre la fin de cet apr\u00e8s-midi et ce soir en \u00cele-de-France o\u00f9 un passage orageux est attendu, traversant la r\u00e9gion parisienne du sud au nord. Ces <a href=\"https:\/\/twitter.com\/hashtag\/orages?src=hash&amp;ref_src=twsrc%5Etfw\" rel=\"nofollow noopener\" target=\"_blank\" data-ylk=\"slk:#orages;elm:context_link;itc:0;sec:content-canvas\" class=\"link \">#orages<\/a> seront brefs, ponctuellement tr\u00e8s pluvieux, mais ils ne devraient pas donner de <a href=\"https:\/\/twitter.com\/hashtag\/gr%C3%AAle?src=hash&amp;ref_src=twsrc%5Etfw\" rel=\"nofollow noopener\" target=\"_blank\" data-ylk=\"slk:#gr\u00eale;elm:context_link;itc:0;sec:content-canvas\" class=\"link \">#gr\u00eale<\/a> comme samedi dernier. <a href=\"https:\/\/t.co\/SATGVB4Qtc\" rel=\"nofollow noopener\" target=\"_blank\" data-ylk=\"slk:pic.twitter.com\/SATGVB4Qtc;elm:context_link;itc:0;sec:content-canvas\" class=\"link \">pic.twitter.com\/SATGVB4Qtc<\/a><\/p>\n<p>\u2014 La Cha\u00eene M\u00e9t\u00e9o (@lachainemeteo) <a href=\"https:\/\/twitter.com\/lachainemeteo\/status\/1921507603718267366?ref_src=twsrc%5Etfw\" rel=\"nofollow noopener\" target=\"_blank\" data-ylk=\"slk:May 11, 2025;elm:context_link;itc:0;sec:content-canvas\" class=\"link \">May 11, 2025<\/a><\/p>\n<\/blockquote>\n<p><strong>Pas de gr\u00eale attendue<\/strong><\/p>\n<p>Cette d\u00e9gradation orageuse s&rsquo;annonce moins violente que celle que la capitale a subie <a href=\"https:\/\/fr.news.yahoo.com\/direct-orages-gr%C3%AAle-signal%C3%A9e-autour-132238977.html\" data-ylk=\"slk:samedi 3 mai;elm:context_link;itc:0;sec:content-canvas;outcm:mb_qualified_link;_E:mb_qualified_link;ct:story;\" class=\"link  yahoo-link\" target=\"_blank\" rel=\"noopener\"><strong>samedi 3 mai <\/strong><\/a>o\u00f9 la gr\u00eale avait donn\u00e9 lieu \u00e0 une alerte par nos services. On se souvient que des rafales avaient atteint pr\u00e8s de 90 km\/h et que les fortes pluies ont inond\u00e9 certaines stations de m\u00e9tro. N\u00e9anmoins, ce dimanche, entre 16 et 20h, il convient d&rsquo;\u00eatre prudent si vous avez pr\u00e9vu d&rsquo;\u00eatre dehors. Soyez prudent aussi si vous circulez en r\u00e9gion parisienne pendant cette p\u00e9riode de retour de week-end<\/p>\n<p><strong>Des orages localis\u00e9s<\/strong><\/p>\n<p>Toute l&rsquo;Ile-de-France ne sera pas touch\u00e9e de mani\u00e8re homog\u00e8ne. Certains secteurs resteront \u00e0 l&rsquo;\u00e9cart des orages ou en marge, d&rsquo;autres seront davantage concern\u00e9s. Tr\u00e8s localement, il pourra tomber 15 \u00e0 20 mm d&rsquo;eau en quelques minutes seulement, ce qui pourra entra\u00eener de petits ruissellements urbains.<\/p>\n<p><a href=\"https:\/\/actualite.lachainemeteo.com\/actualite-meteo\/2025-05-11\/paris-attention-aux-orages-ce-dimanche-soir-77908\" rel=\"nofollow noopener\" target=\"_blank\" data-ylk=\"slk:Article original publi\u00e9 sur La Cha\u00eene M\u00e9t\u00e9o;elm:context_link;itc:0;sec:content-canvas\" class=\"link \">Article original publi\u00e9 sur La Cha\u00eene M\u00e9t\u00e9o<\/a><\/p>\n<p><script async src=\"https:\/\/platform.twitter.com\/widgets.js\" charset=\"utf-8\"><\/script><\/p>\n","protected":false},"excerpt":{"rendered":"De 16 \u00e0 21 heures, une d\u00e9gradation est attendue en r\u00e9gion parisienne avec des orages. Le point sur&hellip;\n","protected":false},"author":2,"featured_media":91637,"comment_status":"","ping_status":"","sticky":false,"template":"","format":"standard","meta":{"footnotes":""},"categories":[1888],"tags":[1111,1928,11,1927,1777,674,1011,27,662,15475,12,1926,4594,626,1925,8857,25,20285],"class_list":{"0":"post-91636","1":"post","2":"type-post","3":"status-publish","4":"format-standard","5":"has-post-thumbnail","7":"category-paris","8":"tag-actu","9":"tag-actu-paris","10":"tag-actualites","11":"tag-actualites-paris","12":"tag-eu","13":"tag-europe","14":"tag-fr","15":"tag-france","16":"tag-ile-de-france","17":"tag-la-chaine-meteo","18":"tag-news","19":"tag-news-paris","20":"tag-orages","21":"tag-paris","22":"tag-paris-news","23":"tag-region-parisienne","24":"tag-republique-francaise","25":"tag-stations-de-metro"},"share_on_mastodon":{"url":"https:\/\/pubeurope.com\/@fr\/114488876928883318","error":""},"_links":{"self":[{"href":"https:\/\/www.europesays.com\/fr\/wp-json\/wp\/v2\/posts\/91636","targetHints":{"allow":["GET"]}}],"collection":[{"href":"https:\/\/www.europesays.com\/fr\/wp-json\/wp\/v2\/posts"}],"about":[{"href":"https:\/\/www.europesays.com\/fr\/wp-json\/wp\/v2\/types\/post"}],"author":[{"embeddable":true,"href":"https:\/\/www.europesays.com\/fr\/wp-json\/wp\/v2\/users\/2"}],"replies":[{"embeddable":true,"href":"https:\/\/www.europesays.com\/fr\/wp-json\/wp\/v2\/comments?post=91636"}],"version-history":[{"count":0,"href":"https:\/\/www.europesays.com\/fr\/wp-json\/wp\/v2\/posts\/91636\/revisions"}],"wp:featuredmedia":[{"embeddable":true,"href":"https:\/\/www.europesays.com\/fr\/wp-json\/wp\/v2\/media\/91637"}],"wp:attachment":[{"href":"https:\/\/www.europesays.com\/fr\/wp-json\/wp\/v2\/media?parent=91636"}],"wp:term":[{"taxonomy":"category","embeddable":true,"href":"https:\/\/www.europesays.com\/fr\/wp-json\/wp\/v2\/categories?post=91636"},{"taxonomy":"post_tag","embeddable":true,"href":"https:\/\/www.europesays.com\/fr\/wp-json\/wp\/v2\/tags?post=91636"}],"curies":[{"name":"wp","href":"https:\/\/api.w.org\/{rel}","templated":true}]}}