{"id":9164,"date":"2025-04-08T02:05:14","date_gmt":"2025-04-08T02:05:14","guid":{"rendered":"https:\/\/www.europesays.com\/fr\/9164\/"},"modified":"2025-04-08T02:05:14","modified_gmt":"2025-04-08T02:05:14","slug":"concours-a-41-ans-vanessa-douillet-se-qualifie-pour-miss-pays-de-lain-2025","status":"publish","type":"post","link":"https:\/\/www.europesays.com\/fr\/9164\/","title":{"rendered":"Concours. \u00c0 41 ans, Vanessa Douillet se qualifie pour Miss Pays de l&rsquo;Ain 2025"},"content":{"rendered":"<p>Depuis 2022 seulement, l&rsquo;\u00e2ge n&rsquo;est plus un obstacle pour se pr\u00e9senter au concours Miss France. La limite, qui \u00e9tait jusqu&rsquo;alors de 24 ans, a saut\u00e9&#8230; Et c&rsquo;est ainsi qu&rsquo;Ang\u00e9lique Angarni-Filopon, 34 ans,\u00a0a d\u00e9croch\u00e9 la couronne du concours de beaut\u00e9 cette ann\u00e9e.\u00a0<\/p>\n<p>Ce contenu est bloqu\u00e9 car vous n&rsquo;avez pas accept\u00e9 les cookies et autres traceurs.<\/p>\n<p>En cliquant sur \u00ab J\u2019accepte \u00bb, les cookies et autres traceurs seront d\u00e9pos\u00e9s et vous pourrez visualiser les contenus  (<a href=\"\" class=\"consentModule_policy\" target=\"_blank\" title=\"Consulter la politique de protection des donn\u00e9es du fournisseur\">plus d&rsquo;informations<\/a>).<\/p>\n<p>En cliquant sur \u00ab J\u2019accepte tous les cookies \u00bb, vous autorisez des d\u00e9p\u00f4ts de cookies et autres traceurs pour le stockage de vos donn\u00e9es sur nos sites et applications \u00e0 des fins de personnalisation et de ciblage publicitaire.<\/p>\n<p class=\"consentModule_secondaryText\">Vous gardez la possibilit\u00e9 de retirer votre consentement \u00e0 tout moment en consultant notre <a href=\"https:\/\/www.ledauphine.com\/protection-des-donnees\" target=\"_blank\" title=\"Consulter notre politique de protection des donn\u00e9es\" rel=\"nofollow noopener\">politique de protection des donn\u00e9es<\/a>. <br \/>&#13;<br \/>\n            <a href=\"https:\/\/www.ledauphine.com\/societe\/2025\/04\/06\/javascript:Didomi.notice.show()\" class=\"consentModule_cmp\" rel=\"nofollow noopener\" target=\"_blank\">G\u00e9rer mes choix<\/a>&#13;\n        <\/p>\n<p>&#13;<br \/>\n                        J&rsquo;accepte&#13;<br \/>\n            J&rsquo;accepte tous les cookies&#13;\n        <\/p>\n<p>Un flambeau qui sera peut-\u00eatre repris en 2026 par Vanessa Douillet, l&rsquo;\u00e9pouse de l&rsquo;ex-judoka David Douillet, qui, \u00e0 41 ans, a termin\u00e9,\u00a0ce vendredi 4 avril, deuxi\u00e8me dauphine du concours Miss Ch\u00e2tillon Pays des Dombes. Un s\u00e9same qui lui permet de se qualifier pour l&rsquo;\u00e9lection de Miss Pays de l&rsquo;Ain 2025 qui aura lieu en juin, \u00e0 Saint-Rambert-en-Bugey. Si elle franchit cette prochaine \u00e9tape, la jeune quadra, m\u00e8re de trois enfants, pourra se pr\u00e9senter au concours Miss Rh\u00f4ne-Alpes, puis enfin, \u00e0 celui de Miss France.\u00a0<\/p>\n","protected":false},"excerpt":{"rendered":"Depuis 2022 seulement, l&rsquo;\u00e2ge n&rsquo;est plus un obstacle pour se pr\u00e9senter au concours Miss France. La limite, qui&hellip;\n","protected":false},"author":2,"featured_media":9165,"comment_status":"","ping_status":"","sticky":false,"template":"","format":"standard","meta":{"footnotes":""},"categories":[8],"tags":[2738,58,4637,59,107,1011,27,3034,973,273,104],"class_list":{"0":"post-9164","1":"post","2":"type-post","3":"status-publish","4":"format-standard","5":"has-post-thumbnail","7":"category-divertissement","8":"tag-ain","9":"tag-divertissement","10":"tag-edition-grand-geneve-chablais-ain","11":"tag-entertainment","12":"tag-fil-info","13":"tag-fr","14":"tag-france","15":"tag-miss-france","16":"tag-people","17":"tag-selection-de-la-redaction","18":"tag-societe"},"share_on_mastodon":{"url":"https:\/\/pubeurope.com\/@fr\/114299897325665293","error":""},"_links":{"self":[{"href":"https:\/\/www.europesays.com\/fr\/wp-json\/wp\/v2\/posts\/9164","targetHints":{"allow":["GET"]}}],"collection":[{"href":"https:\/\/www.europesays.com\/fr\/wp-json\/wp\/v2\/posts"}],"about":[{"href":"https:\/\/www.europesays.com\/fr\/wp-json\/wp\/v2\/types\/post"}],"author":[{"embeddable":true,"href":"https:\/\/www.europesays.com\/fr\/wp-json\/wp\/v2\/users\/2"}],"replies":[{"embeddable":true,"href":"https:\/\/www.europesays.com\/fr\/wp-json\/wp\/v2\/comments?post=9164"}],"version-history":[{"count":0,"href":"https:\/\/www.europesays.com\/fr\/wp-json\/wp\/v2\/posts\/9164\/revisions"}],"wp:featuredmedia":[{"embeddable":true,"href":"https:\/\/www.europesays.com\/fr\/wp-json\/wp\/v2\/media\/9165"}],"wp:attachment":[{"href":"https:\/\/www.europesays.com\/fr\/wp-json\/wp\/v2\/media?parent=9164"}],"wp:term":[{"taxonomy":"category","embeddable":true,"href":"https:\/\/www.europesays.com\/fr\/wp-json\/wp\/v2\/categories?post=9164"},{"taxonomy":"post_tag","embeddable":true,"href":"https:\/\/www.europesays.com\/fr\/wp-json\/wp\/v2\/tags?post=9164"}],"curies":[{"name":"wp","href":"https:\/\/api.w.org\/{rel}","templated":true}]}}