{"id":91646,"date":"2025-05-11T11:10:08","date_gmt":"2025-05-11T11:10:08","guid":{"rendered":"https:\/\/www.europesays.com\/fr\/91646\/"},"modified":"2025-05-11T11:10:08","modified_gmt":"2025-05-11T11:10:08","slug":"leon-xiv-devra-t-il-payer-des-impots-aux-etats-unis-le-casse-tete-de-la-declaration-fiscale-du-pape","status":"publish","type":"post","link":"https:\/\/www.europesays.com\/fr\/91646\/","title":{"rendered":"L\u00e9on XIV devra-t-il payer des imp\u00f4ts aux \u00c9tats-Unis ? Le casse-t\u00eate de la d\u00e9claration fiscale du Pape"},"content":{"rendered":"<p>Le nouveau pape est un citoyen am\u00e9ricain, et son pays est l\u2019un des rares \u00e0 imposer un imp\u00f4t sur le revenu \u00e0 tous, y compris ceux partis \u00e0 l\u2019\u00e9tranger.<\/p>\n<p class=\"fig-paragraph\">Le nouveau\u00a0<a href=\"http:\/\/www.lefigaro.fr\/actualite-france\/le-blason-et-la-devise-du-pape-leon-xiv-devoiles-20250510\" data-fig-type=\"NewsFlash\" data-gtm-custom-categorie=\"navigation\" data-gtm-custom-action=\"crossclick\" data-gtm-custom-label=\"Contextuel\" data-gtm-event=\"customEventSPE\" data-fig-domain=\"LEFIGARO\" target=\"_blank\" rel=\"noopener\">pape L\u00e9on XIV<\/a>\u00a0a beau \u00eatre au service de Dieu, il n\u2019\u00e9chappera pas au fisc am\u00e9ricain. L\u2019\u00e9lection de ce cardinal\u00a0<a href=\"http:\/\/www.lefigaro.fr\/actualite-france\/il-ravivera-les-flammes-de-la-foi-en-amerique-et-dans-le-monde-entier-les-etats-unis-saluent-l-election-du-premier-pape-americain-de-l-histoire-20250508\" data-fig-type=\"Article\" data-gtm-custom-categorie=\"navigation\" data-gtm-custom-action=\"crossclick\" data-gtm-custom-label=\"Contextuel\" data-gtm-event=\"customEventSPE\" data-fig-domain=\"LEFIGARO\" target=\"_blank\" rel=\"noopener\">\u00e0 la double nationalit\u00e9 am\u00e9ricaine<\/a>\u00a0et p\u00e9ruvienne pose la question in\u00e9dite du paiement de l\u2019imp\u00f4t sur le revenu pour le souverain pontife, les \u00c9tats-Unis \u00e9tant l\u2019un des rares pays au monde\u00a0<a href=\"http:\/\/www.lefigaro.fr\/international\/des-americains-accidentels-portent-plainte-pour-pouvoir-renoncer-a-leur-nationalite-20211108\" data-fig-type=\"NewsFlash\" data-gtm-custom-categorie=\"navigation\" data-gtm-custom-action=\"crossclick\" data-gtm-custom-label=\"Contextuel\" data-gtm-event=\"customEventSPE\" data-fig-domain=\"LEFIGARO\" target=\"_blank\" rel=\"noopener\">\u00e0 taxer tous ses citoyens, y compris lorsqu\u2019ils vivent \u00e0 l\u2019\u00e9tranger<\/a>. Alors que les papes ne paient jamais d\u2019imp\u00f4t, L\u00e9on XIV serait-il le premier \u00e0 y \u00eatre soumis\u00a0?<\/p>\n<p class=\"fig-paragraph\">Pour peu que l\u2019on soit citoyen am\u00e9ricain, m\u00eame par simple droit du sol alors qu\u2019on n\u2019y a jamais v\u00e9cu, il est impossible d\u2019\u00e9chapper au redoutable Internal Revenue Service (IRS), qui traque les revenus et comptes bancaires des expatri\u00e9s jusqu\u2019au bout du monde. Les \u00c9tats-Unis\u2026<\/p>\n<p class=\"fig-premium-paywall__infos\">\n        Cet article est r\u00e9serv\u00e9 aux abonn\u00e9s.        Il vous reste 74% \u00e0 d\u00e9couvrir.\n    <\/p>\n<p>                <img  data- alt=\"Le Figaro\" class=\"fig-img--complete fig-img\"\/><\/p>\n<p class=\"fig-premium-paywall__title\">Je m&rsquo;informe, je m&rsquo;inspire, je m&rsquo;abonne.<\/p>\n<p class=\"fig-premium-paywall__subtitle\">D\u00e9couvrez notre offre de bienvenue.<\/p>\n<p class=\"fig-premium-paywall__connect\">\n                D\u00e9j\u00e0 abonn\u00e9\u00a0?                <a class=\"fig-premium-paywall__connect-link\" href=\"https:\/\/connect.lefigaro.fr\/login?client=horizon_web&amp;type=main&amp;redirect_uri=https%3A%2F%2Fwww.lefigaro.fr%2Fconjoncture%2Fleon-xiv-devra-t-il-payer-des-impots-aux-etats-unis-le-casse-tete-de-la-declaration-fiscale-du-pape-20250511\" data-js-gtm=\"{&quot;customCategorie&quot;: &quot;conversion&quot;, &quot;customAction&quot;: &quot;before_Landing_Connexion_paywall_manuel&quot;, &quot;customLabel&quot;: &quot;bGVmaWdhcm8uZnJfXzFmMDJlNDFmLTc0ODMtNjA3ZS05ODQwLTc3NjYzYjVmMTg3Zl9fTmV3c0ZsYXNo_L\u00e9on XIV devra-t-il payer des imp\u00f4ts aux \u00c9tats-Unis\u00a0? Le casse-t\u00eate de la d\u00e9claration fiscale du Pape_267&quot;, &quot;customIDSPE&quot;: &quot;bGVmaWdhcm8uZnJfXzFmMDJlNDFmLTc0ODMtNjA3ZS05ODQwLTc3NjYzYjVmMTg3Zl9fTmV3c0ZsYXNo&quot;, &quot;event&quot;: &quot;customEventSPE&quot;}\" target=\"_blank\" rel=\"noopener\"><br \/>\n                    Connectez-vous<br \/>\n                <\/a>\n            <\/p>\n","protected":false},"excerpt":{"rendered":"Le nouveau pape est un citoyen am\u00e9ricain, et son pays est l\u2019un des rares \u00e0 imposer un imp\u00f4t&hellip;\n","protected":false},"author":2,"featured_media":91647,"comment_status":"","ping_status":"","sticky":false,"template":"","format":"standard","meta":{"footnotes":""},"categories":[1589],"tags":[339,11,340,343,345,350,130,344,352,349,33,341,313,73,1866,346,342,353,351,347,12,348,354,1864,1865,1863,308],"class_list":{"0":"post-91646","1":"post","2":"type-post","3":"status-publish","4":"format-standard","5":"has-post-thumbnail","7":"category-etats-unis","8":"tag-actualite-economique","9":"tag-actualites","10":"tag-bourse","11":"tag-cac-40","12":"tag-chef-dentreprise","13":"tag-concurrence","14":"tag-consommation","15":"tag-creation-dentreprise","16":"tag-crise","17":"tag-delocalisations","18":"tag-economie","19":"tag-emploi","20":"tag-entreprises","21":"tag-etats-unis","22":"tag-etats-unis-damerique","23":"tag-grands-patrons","24":"tag-impots","25":"tag-licenciements","26":"tag-monopole","27":"tag-multinationales","28":"tag-news","29":"tag-privatisation","30":"tag-unio","31":"tag-united-states","32":"tag-united-states-of-america","33":"tag-us","34":"tag-usa"},"share_on_mastodon":{"url":"https:\/\/pubeurope.com\/@fr\/114488896622031278","error":""},"_links":{"self":[{"href":"https:\/\/www.europesays.com\/fr\/wp-json\/wp\/v2\/posts\/91646","targetHints":{"allow":["GET"]}}],"collection":[{"href":"https:\/\/www.europesays.com\/fr\/wp-json\/wp\/v2\/posts"}],"about":[{"href":"https:\/\/www.europesays.com\/fr\/wp-json\/wp\/v2\/types\/post"}],"author":[{"embeddable":true,"href":"https:\/\/www.europesays.com\/fr\/wp-json\/wp\/v2\/users\/2"}],"replies":[{"embeddable":true,"href":"https:\/\/www.europesays.com\/fr\/wp-json\/wp\/v2\/comments?post=91646"}],"version-history":[{"count":0,"href":"https:\/\/www.europesays.com\/fr\/wp-json\/wp\/v2\/posts\/91646\/revisions"}],"wp:featuredmedia":[{"embeddable":true,"href":"https:\/\/www.europesays.com\/fr\/wp-json\/wp\/v2\/media\/91647"}],"wp:attachment":[{"href":"https:\/\/www.europesays.com\/fr\/wp-json\/wp\/v2\/media?parent=91646"}],"wp:term":[{"taxonomy":"category","embeddable":true,"href":"https:\/\/www.europesays.com\/fr\/wp-json\/wp\/v2\/categories?post=91646"},{"taxonomy":"post_tag","embeddable":true,"href":"https:\/\/www.europesays.com\/fr\/wp-json\/wp\/v2\/tags?post=91646"}],"curies":[{"name":"wp","href":"https:\/\/api.w.org\/{rel}","templated":true}]}}