{"id":91648,"date":"2025-05-11T11:11:19","date_gmt":"2025-05-11T11:11:19","guid":{"rendered":"https:\/\/www.europesays.com\/fr\/91648\/"},"modified":"2025-05-11T11:11:19","modified_gmt":"2025-05-11T11:11:19","slug":"une-telerealite-controversee-met-ses-candidats-dans-la-peau-de-migrants","status":"publish","type":"post","link":"https:\/\/www.europesays.com\/fr\/91648\/","title":{"rendered":"une t\u00e9l\u00e9r\u00e9alit\u00e9 controvers\u00e9e met ses candidats dans la peau de migrants"},"content":{"rendered":"<p class=\"article-p mdl\">O\u00f9 s&rsquo;arr\u00eatera la t\u00e9l\u00e9r\u00e9alit\u00e9 ?\u00a0Une \u00e9mission britannique propose \u00e0 plusieurs candidats de se mettre dans la peau de migrants, en partant de pays comme la Syrie, la Somalie et l&rsquo;\u00c9thiopie, et de se d\u00e9brouiller pour rallier Londres comme ils le peuvent y compris sur un canot pneumatique pour traverser la Manche. La cha\u00eene responsable de cette \u00e9mission\u00a0met en avant un travail de p\u00e9dagogie, mais d&rsquo;autres y voient une course \u00e0 l&rsquo;audimat abjecte.<\/p>\n<p class=\"article-p mdl\">La bande-annonce donne le ton, <strong>l&rsquo;\u00e9mission mise sur le divertissement plut\u00f4t que sur l&rsquo;information<\/strong>. Parmi les six Britanniques s\u00e9lectionn\u00e9s, on retrouve des hommes et des femmes qui tiennent parfois des propos anti-migrants, islamophobes et racistes. Trois sont partis de Somalie, trois autres de Syrie. Dave \u00e9tait dans le groupe qui a commenc\u00e9 son p\u00e9riple au Moyen-Orient. \u00ab\u00a0<strong>J&rsquo;ai toujours eu un peu peur des musulmans<\/strong>, je n&rsquo;en connaissais aucun. D&rsquo;o\u00f9 je viens, on me disait que c&rsquo;\u00e9taient des gens mauvais. Puis, je suis arriv\u00e9 l\u00e0-bas et c&rsquo;\u00e9tait les gens les plus gentils que j&rsquo;ai rencontr\u00e9s de ma vie\u00a0\u00bb, confie-t-il \u00e0 la BBC.<\/p>\n<p class=\"article-p mdl\">Dave a surtout <strong>mal v\u00e9cu la\u00a0<\/strong><a class=\"link\" href=\"https:\/\/www.rtl.fr\/actu\/debats-societe\/naufrage-d-un-bateau-de-migrants-ce-drame-est-encore-un-drame-de-trop-selon-la-maire-de-calais-7900287734\" title=\"Naufrage d&#039;un bateau de migrants : &quot;ce drame est encore un drame de trop&quot;, selon la maire de Calais\" target=\"_blank\" rel=\"noopener\"><strong>travers\u00e9e de la Manche depuis Calais<\/strong><\/a>, en canot gonflable, \u00e0 cause du mal de mer. Il a dit avoir chang\u00e9 d&rsquo;opinion sur l&rsquo;immigration apr\u00e8s avoir particip\u00e9 \u00e0 l&rsquo;\u00e9mission.\u00a0<\/p>\n<p class=\"article-p mdl\">Avant sa diffusion, cette \u00e9mission est d\u00e9j\u00e0 tr\u00e8s critiqu\u00e9e. Emma Young, la productrice, a aussi parl\u00e9 \u00e0 la BBC. \u00ab\u00a0<strong>Je voulais rendre ce sujet plus accessible.<\/strong> Beaucoup ne regarderaient pas un documentaire traditionnel sur le sujet. Nous voulions trouver un moyen de les int\u00e9resser\u00a0\u00bb, assure-t-elle. Plusieurs associations accusent la cha\u00eene de donner la parole \u00e0 des personnes racistes. Dave compare par exemple les personnes sans titre de s\u00e9jour \u00e0 des rats.\u00a0Selon les producteurs, l&rsquo;\u00e9mission ne fait que refl\u00e9ter des opinions r\u00e9elles.\u00a0<\/p>\n<p>    La r\u00e9daction vous recommande<\/p>\n<p class=\"s-newsletter__title\">\n                L\u2019actualit\u00e9 par la r\u00e9daction de RTL dans votre bo\u00eete mail.\n            <\/p>\n<p class=\"s-newsletter__subtitle\">\n                Gr\u00e2ce \u00e0 votre compte RTL abonnez-vous \u00e0 la newsletter RTL info pour suivre toute l&rsquo;actualit\u00e9 au quotidien\n            <\/p>\n<p>\n                                    Lire la suite\n                                <\/p>\n","protected":false},"excerpt":{"rendered":"O\u00f9 s&rsquo;arr\u00eatera la t\u00e9l\u00e9r\u00e9alit\u00e9 ?\u00a0Une \u00e9mission britannique propose \u00e0 plusieurs candidats de se mettre dans la peau de&hellip;\n","protected":false},"author":2,"featured_media":91649,"comment_status":"","ping_status":"","sticky":false,"template":"","format":"standard","meta":{"footnotes":""},"categories":[1588],"tags":[11,1777,674,2414,107,6269,1251,12,362,473,1853,682,1851,1850,1852],"class_list":{"0":"post-91648","1":"post","2":"type-post","3":"status-publish","4":"format-standard","5":"has-post-thumbnail","7":"category-royaume-uni","8":"tag-actualites","9":"tag-eu","10":"tag-europe","11":"tag-fil-culture","12":"tag-fil-info","13":"tag-islamophobie","14":"tag-migrants","15":"tag-news","16":"tag-replay","17":"tag-royaume-uni","18":"tag-royaume-uni-de-grande-bretagne-et-dirlande-du-nord","19":"tag-tele-realite","20":"tag-uk","21":"tag-united-kingdom","22":"tag-united-kingdom-of-great-britain-and-northern-ireland"},"share_on_mastodon":{"url":"https:\/\/pubeurope.com\/@fr\/114488900625663435","error":""},"_links":{"self":[{"href":"https:\/\/www.europesays.com\/fr\/wp-json\/wp\/v2\/posts\/91648","targetHints":{"allow":["GET"]}}],"collection":[{"href":"https:\/\/www.europesays.com\/fr\/wp-json\/wp\/v2\/posts"}],"about":[{"href":"https:\/\/www.europesays.com\/fr\/wp-json\/wp\/v2\/types\/post"}],"author":[{"embeddable":true,"href":"https:\/\/www.europesays.com\/fr\/wp-json\/wp\/v2\/users\/2"}],"replies":[{"embeddable":true,"href":"https:\/\/www.europesays.com\/fr\/wp-json\/wp\/v2\/comments?post=91648"}],"version-history":[{"count":0,"href":"https:\/\/www.europesays.com\/fr\/wp-json\/wp\/v2\/posts\/91648\/revisions"}],"wp:featuredmedia":[{"embeddable":true,"href":"https:\/\/www.europesays.com\/fr\/wp-json\/wp\/v2\/media\/91649"}],"wp:attachment":[{"href":"https:\/\/www.europesays.com\/fr\/wp-json\/wp\/v2\/media?parent=91648"}],"wp:term":[{"taxonomy":"category","embeddable":true,"href":"https:\/\/www.europesays.com\/fr\/wp-json\/wp\/v2\/categories?post=91648"},{"taxonomy":"post_tag","embeddable":true,"href":"https:\/\/www.europesays.com\/fr\/wp-json\/wp\/v2\/tags?post=91648"}],"curies":[{"name":"wp","href":"https:\/\/api.w.org\/{rel}","templated":true}]}}