{"id":916558,"date":"2026-05-07T05:19:17","date_gmt":"2026-05-07T05:19:17","guid":{"rendered":"https:\/\/www.europesays.com\/fr\/916558\/"},"modified":"2026-05-07T05:19:17","modified_gmt":"2026-05-07T05:19:17","slug":"je-suis-la-pour-retrouver-des-droits-apres-sa-greve-de-la-faim-a-nantes-marie-claude-na-toujours-pas-acces-a-sa-maison","status":"publish","type":"post","link":"https:\/\/www.europesays.com\/fr\/916558\/","title":{"rendered":"\u00abJe suis l\u00e0 pour retrouver des droits\u00bb : apr\u00e8s sa gr\u00e8ve de la faim \u00e0 Nantes, Marie-Claude n\u2019a toujours pas acc\u00e8s \u00e0 sa maison"},"content":{"rendered":"<p>\n    Le locataire d\u2019une chambre avec qui elle est en conflit a bloqu\u00e9 les serrures, l\u2019emp\u00eachant d\u2019entrer. La septuag\u00e9naire est revenue dans le centre-ville pour se faire entendre. Une audience est pr\u00e9vue ce jeudi matin au tribunal.<\/p>\n<p class=\"fig-paragraph\">\u00c0 l\u2019automne, son histoire avait \u00e9mu la France enti\u00e8re. Depuis une semaine,\u00a0<a href=\"http:\/\/www.lefigaro.fr\/nantes\/nantes-une-septuagenaire-entame-une-greve-de-la-faim-pour-recuperer-sa-maison-squattee-20251028\" target=\"_blank\" data-fig-type=\"NewsFlash\" rel=\"noopener nofollow\" data-gtm-custom-categorie=\"navigation\" data-gtm-custom-action=\"crossclick\" data-gtm-custom-label=\"Contextuel\" data-gtm-event=\"customEventSPE\" data-fig-domain=\"LEFIGARO\">Marie-Claude<\/a>, 73 ans, est de retour sur la\u00a0<a href=\"http:\/\/www.lefigaro.fr\/nantes\/nantes-une-statue-contemporaine-volee-en-plein-centre-ville-20260114\" target=\"_blank\" data-fig-type=\"NewsFlash\" rel=\"noopener nofollow\" data-gtm-custom-categorie=\"navigation\" data-gtm-custom-action=\"crossclick\" data-gtm-custom-label=\"Contextuel\" data-gtm-event=\"customEventSPE\" data-fig-domain=\"LEFIGARO\">place Royale<\/a>, dans le centre-ville de\u00a0<a href=\"http:\/\/www.lefigaro.fr\/nantes\/nantes-des-batiments-historiques-du-centre-ville-bientot-transformes-en-logements-sociaux-20250812\" target=\"_blank\" data-fig-type=\"NewsFlash\" rel=\"noopener nofollow\" data-gtm-custom-categorie=\"navigation\" data-gtm-custom-action=\"crossclick\" data-gtm-custom-label=\"Contextuel\" data-gtm-event=\"customEventSPE\" data-fig-domain=\"LEFIGARO\">Nantes<\/a>. \u00abJe n\u2019ai plus acc\u00e8s \u00e0 ma maison, merci de votre soutien\u00bb, lit-on sur la pancarte qu\u2019elle tient, assise sur sa chaise pliante, accompagn\u00e9e d\u2019une amie. Cette fois, elle n\u2019a pas entam\u00e9 de\u00a0<a href=\"https:\/\/immobilier.lefigaro.fr\/article\/je-suis-pret-a-aller-jusqu-a-l-hospitalisation-un-proprietaire-entame-une-greve-de-la-faim-en-signe-de-protestation-contre-son-locataire-20250918\" target=\"_blank\" data-fig-type=\"Article\" rel=\"noopener nofollow\" data-gtm-custom-categorie=\"navigation\" data-gtm-custom-action=\"crossclick\" data-gtm-custom-label=\"Contextuel\" data-gtm-event=\"customEventSPE\" data-fig-domain=\"IMMOBILIER\">gr\u00e8ve de la faim<\/a>. Le 24 octobre, priv\u00e9e d\u2019acc\u00e8s \u00e0 sa maison par\u00a0<a href=\"https:\/\/immobilier.lefigaro.fr\/article\/elle-protege-le-locataire-cette-regle-meconnue-qui-empeche-un-proprietaire-d-occuper-son-nouveau-logement-jusqu-a-6-ans-20260505\" target=\"_blank\" data-fig-type=\"Article\" rel=\"noopener nofollow\" data-gtm-custom-categorie=\"navigation\" data-gtm-custom-action=\"crossclick\" data-gtm-custom-label=\"Contextuel\" data-gtm-event=\"customEventSPE\" data-fig-domain=\"IMMOBILIER\">le locataire<\/a>\u00a0\u00e0 qui elle avait lou\u00e9 une chambre, elle avait d\u00e9cid\u00e9 d\u2019arr\u00eater de manger pour alerter sur sa situation. Elle avait tenu une quinzaine de jours avant d\u2019arr\u00eater en raison d\u2019un malaise. Aussi, la police l\u2019avait auditionn\u00e9e et accompagn\u00e9e aux abords de sa maison.<\/p>\n<p class=\"fig-paragraph\">Mais six mois plus tard, rien n\u2019a chang\u00e9. Elle ne peut toujours pas rentrer dans cette maison de famille situ\u00e9e dans le quartier du\u00a0<a href=\"http:\/\/www.lefigaro.fr\/nantes\/nantes-une-experimentation-pour-limiter-l-embrigadement-des-jeunes-dans-le-narcotrafic-20250305\" target=\"_blank\" data-fig-type=\"NewsFlash\" rel=\"noopener nofollow\" data-gtm-custom-categorie=\"navigation\" data-gtm-custom-action=\"crossclick\" data-gtm-custom-label=\"Contextuel\" data-gtm-event=\"customEventSPE\" data-fig-domain=\"LEFIGARO\">Breil<\/a>. Si Marie-Claude a repris place au m\u00eame endroit en ce mois printanier, c\u2019est parce qu\u2019une audience est pr\u00e9vue au tribunal ce jeudi 7 mai au matin, devant le juge des contentieux\u2026<\/p>\n<p class=\"fig-premium-paywall__infos\">\n        Cet article est r\u00e9serv\u00e9 aux abonn\u00e9s.        Il vous reste 73% \u00e0 d\u00e9couvrir.\n    <\/p>\n<p>                <img  data- alt=\"Le Figaro\" class=\"fig-img--complete fig-img\"\/><\/p>\n<p class=\"fig-premium-paywall__title\">Vente Flash<\/p>\n<p class=\"fig-premium-paywall__subtitle\">-70% sur votre abonnement. Sans engagement.<\/p>\n<p class=\"fig-premium-paywall__connect\">\n                D\u00e9j\u00e0 abonn\u00e9\u00a0?                <a class=\"fig-premium-paywall__connect-link\" href=\"https:\/\/connect.lefigaro.fr\/login?client=horizon_web&amp;type=main&amp;redirect_uri=https%3A%2F%2Fwww.lefigaro.fr%2Fnantes%2Fje-suis-la-pour-retrouver-des-droits-apres-sa-greve-de-la-faim-a-nantes-marie-claude-n-a-toujours-pas-acces-a-sa-maison-20260507\" data-js-gtm=\"{&quot;event&quot;:&quot;customEventGA4&quot;,&quot;eventName&quot;:&quot;click_action&quot;,&quot;feature&quot;:&quot;paywall&quot;,&quot;location&quot;:&quot;paywall&quot;,&quot;button_action&quot;:&quot;connect&quot;,&quot;click_text&quot;:&quot;Connectez-vous&quot;}\" rel=\"nofollow noopener\" target=\"_blank\"><br \/>\n                    Connectez-vous<br \/>\n                <\/a>\n            <\/p>\n","protected":false},"excerpt":{"rendered":"Le locataire d\u2019une chambre avec qui elle est en conflit a bloqu\u00e9 les serrures, l\u2019emp\u00eachant d\u2019entrer. La septuag\u00e9naire&hellip;\n","protected":false},"author":2,"featured_media":916559,"comment_status":"","ping_status":"","sticky":false,"template":"","format":"standard","meta":{"footnotes":"","_share_on_mastodon":"0"},"categories":[2818],"tags":[1111,11,1777,674,1011,27,10284,766,12,2636,25,5221],"class_list":["post-916558","post","type-post","status-publish","format-standard","has-post-thumbnail","category-nantes","tag-actu","tag-actualites","tag-eu","tag-europe","tag-fr","tag-france","tag-location","tag-nantes","tag-news","tag-pays-de-la-loire","tag-republique-francaise","tag-squat"],"share_on_mastodon":{"url":"https:\/\/pubeurope.com\/@fr\/116531610695456569","error":""},"_links":{"self":[{"href":"https:\/\/www.europesays.com\/fr\/wp-json\/wp\/v2\/posts\/916558","targetHints":{"allow":["GET"]}}],"collection":[{"href":"https:\/\/www.europesays.com\/fr\/wp-json\/wp\/v2\/posts"}],"about":[{"href":"https:\/\/www.europesays.com\/fr\/wp-json\/wp\/v2\/types\/post"}],"author":[{"embeddable":true,"href":"https:\/\/www.europesays.com\/fr\/wp-json\/wp\/v2\/users\/2"}],"replies":[{"embeddable":true,"href":"https:\/\/www.europesays.com\/fr\/wp-json\/wp\/v2\/comments?post=916558"}],"version-history":[{"count":0,"href":"https:\/\/www.europesays.com\/fr\/wp-json\/wp\/v2\/posts\/916558\/revisions"}],"wp:featuredmedia":[{"embeddable":true,"href":"https:\/\/www.europesays.com\/fr\/wp-json\/wp\/v2\/media\/916559"}],"wp:attachment":[{"href":"https:\/\/www.europesays.com\/fr\/wp-json\/wp\/v2\/media?parent=916558"}],"wp:term":[{"taxonomy":"category","embeddable":true,"href":"https:\/\/www.europesays.com\/fr\/wp-json\/wp\/v2\/categories?post=916558"},{"taxonomy":"post_tag","embeddable":true,"href":"https:\/\/www.europesays.com\/fr\/wp-json\/wp\/v2\/tags?post=916558"}],"curies":[{"name":"wp","href":"https:\/\/api.w.org\/{rel}","templated":true}]}}