{"id":916597,"date":"2026-05-07T05:41:26","date_gmt":"2026-05-07T05:41:26","guid":{"rendered":"https:\/\/www.europesays.com\/fr\/916597\/"},"modified":"2026-05-07T05:41:26","modified_gmt":"2026-05-07T05:41:26","slug":"internet-fixe-la-france-offre-les-debits-les-plus-eleves-deurope","status":"publish","type":"post","link":"https:\/\/www.europesays.com\/fr\/916597\/","title":{"rendered":"Internet fixe : la France offre les d\u00e9bits les plus \u00e9lev\u00e9s d&rsquo;Europe"},"content":{"rendered":"<p>Quatri\u00e8me mondiale, premi\u00e8re europ\u00e9enne. En dix ans, la France est pass\u00e9e de lanterne des d\u00e9bits \u00e0 r\u00e9f\u00e9rence continentale.<\/p>\n<p>Il y a dix ans, \u00e0 peine 5\u00a0% des abonn\u00e9s Internet fran\u00e7ais disposaient de la fibre. Aujourd\u2019hui, la France tr\u00f4ne au sommet du classement europ\u00e9en des d\u00e9bits fixes. Selon le <a href=\"https:\/\/www.01net.com\/telecharger\/utilitaire\/systeme\/speedtest-by-ookla.html\" rel=\"nofollow noopener\" target=\"_blank\">Speedtest<\/a> Global Index\u00a0d\u2019Ookla de mars 2026, le d\u00e9bit m\u00e9dian fran\u00e7ais atteint\u00a0<strong>352,35 Mbit\/s en descendant<\/strong>\u00a0et\u00a0<strong>273,45 Mbit\/s en montant<\/strong>. \u00c0 l\u2019\u00e9chelle mondiale, seuls Singapour (425 Mbit\/s), les \u00c9mirats arabes unis et Hong Kong font mieux.<\/p>\n<blockquote>\n<p>\u00c0 lire aussi\u00a0: <a href=\"https:\/\/www.01net.com\/actualites\/reseau-fibre-patine-dernier-metre-box-4g-5g-jamais-populaires.html\" rel=\"nofollow noopener\" target=\"_blank\">Le r\u00e9seau fibre patine au dernier m\u00e8tre \u2013 les box 4G et 5G n\u2019ont jamais \u00e9t\u00e9 aussi populaires en France<\/a><\/p>\n<\/blockquote>\n<p> Un top 10 europ\u00e9en o\u00f9 la taille ne fait pas tout <\/p>\n<p>L\u2019Islande (347 Mbit\/s), la Suisse (292 Mbit\/s) et le Danemark (291 Mbit\/s) compl\u00e8tent le podium continental. La Roumanie, l\u2019Espagne, la Hongrie, le Portugal, les Pays-Bas et la Pologne ferment le top 10. Des profils vari\u00e9s, mais un point commun\u00a0: tous ont mis\u00e9 t\u00f4t sur la <a href=\"https:\/\/www.01net.com\/tag\/fibre-optique\/\" rel=\"nofollow noopener\" target=\"_blank\">fibre optique<\/a> ou sur des r\u00e9seaux c\u00e2bl\u00e9s modernis\u00e9s.<\/p>\n<p>La France est le seul grand pays europ\u00e9en (plus de 60 millions d\u2019habitants) dans le quatuor de t\u00eate. Fibrer un territoire de 640\u00a0000 km\u00b2 ne se compare pas \u00e0 c\u00e2bler une \u00eele de 733 km\u00b2 comme Singapour. C\u2019est pr\u00e9cis\u00e9ment ce qui rend la performance notable.<\/p>\n<p> Quatre op\u00e9rateurs, dix ans de fibre et des chiffres ARCEP qui suivent <\/p>\n<p>Selon l\u2019observatoire de l\u2019ARCEP, la France comptait fin 2025 quelque\u00a0<strong>42,4 millions de locaux raccordables en FTTH<\/strong> sur 45 millions, soit 94\u00a0% de couverture.\u00a0<strong>27,1 millions de foyers<\/strong> sont effectivement abonn\u00e9s \u00e0 la fibre, soit 82\u00a0% des abonnements fixes. Il reste 2,6 millions de prises \u00e0 construire, mais le rythme ne faiblit pas\u00a0: 395\u00a0000 nouveaux locaux raccordables au seul quatri\u00e8me trimestre 2025. La progression se lit aussi dans les chiffres Ookla eux-m\u00eames. D\u00e9but 2025, le d\u00e9bit m\u00e9dian fran\u00e7ais plafonnait \u00e0 287 Mbit\/s. En quatorze mois, le pays a gagn\u00e9 65 Mbit\/s. C\u2019est l\u2019un des bonds les plus rapides parmi les grandes \u00e9conomies.<\/p>\n<p>La concurrence entre quatre op\u00e9rateurs tire les d\u00e9bits vers le haut. Le barom\u00e8tre\u00a0nPerf\u00a02025 place Bouygues Telecom en t\u00eate \u00e0\u00a0<strong>491 Mbit\/s<\/strong>, devant Free (451 Mbit\/s), Orange (425 Mbit\/s) et SFR (340 Mbit\/s). Cette guerre pousse chacun \u00e0 investir dans des box Wi-Fi 6E ou 7 et dans des offres multigigabit. Sans cette pression, les chiffres Ookla seraient sensiblement plus bas.<\/p>\n<p>La m\u00e9diane Ookla repose sur des tests volontaires, ce qui surrepr\u00e9sente les abonn\u00e9s fibre r\u00e9cents. Et seuls 64\u00a0% des locaux raccordables sont effectivement abonn\u00e9s. Mais avec l\u2019extinction du cuivre programm\u00e9e d\u2019ici 2030, la bascule n\u2019est pas pr\u00e8s de ralentir.<\/p>\n<blockquote style=\"border:1px solid grey;border-radius:8px;\">\n<p class=\"text-base text-neutral-700 dark:text-neutral-300\" style=\"color:grey;\">\ud83d\udc49\ud83c\udffb Suivez l\u2019actualit\u00e9 tech en temps r\u00e9el\u00a0: ajoutez 01net \u00e0 vos sources sur <a href=\"https:\/\/profile.google.com\/cp\/CgovbS8wd2Juam1fGhZodHRwczovL3d3dy4wMW5ldC5jb20v?pf=6\" target=\"_blank\" rel=\"nofollow noopener\">Google<\/a>, et abonnez-vous \u00e0 notre canal <a href=\"https:\/\/whatsapp.com\/channel\/0029VaH5gKg6xCSG9nQQhQ1Z\" target=\"_blank\" rel=\"nofollow noopener\">WhatsApp<\/a>.<\/p>\n<\/blockquote>\n","protected":false},"excerpt":{"rendered":"Quatri\u00e8me mondiale, premi\u00e8re europ\u00e9enne. En dix ans, la France est pass\u00e9e de lanterne des d\u00e9bits \u00e0 r\u00e9f\u00e9rence continentale.&hellip;\n","protected":false},"author":2,"featured_media":916598,"comment_status":"","ping_status":"","sticky":false,"template":"","format":"standard","meta":{"footnotes":"","_share_on_mastodon":"0"},"categories":[1586],"tags":[11,1777,674,960,1011,27,12,25],"class_list":["post-916597","post","type-post","status-publish","format-standard","has-post-thumbnail","category-europe","tag-actualites","tag-eu","tag-europe","tag-fibre-optique","tag-fr","tag-france","tag-news","tag-republique-francaise"],"share_on_mastodon":{"url":"https:\/\/pubeurope.com\/@fr\/116531697455555270","error":""},"_links":{"self":[{"href":"https:\/\/www.europesays.com\/fr\/wp-json\/wp\/v2\/posts\/916597","targetHints":{"allow":["GET"]}}],"collection":[{"href":"https:\/\/www.europesays.com\/fr\/wp-json\/wp\/v2\/posts"}],"about":[{"href":"https:\/\/www.europesays.com\/fr\/wp-json\/wp\/v2\/types\/post"}],"author":[{"embeddable":true,"href":"https:\/\/www.europesays.com\/fr\/wp-json\/wp\/v2\/users\/2"}],"replies":[{"embeddable":true,"href":"https:\/\/www.europesays.com\/fr\/wp-json\/wp\/v2\/comments?post=916597"}],"version-history":[{"count":0,"href":"https:\/\/www.europesays.com\/fr\/wp-json\/wp\/v2\/posts\/916597\/revisions"}],"wp:featuredmedia":[{"embeddable":true,"href":"https:\/\/www.europesays.com\/fr\/wp-json\/wp\/v2\/media\/916598"}],"wp:attachment":[{"href":"https:\/\/www.europesays.com\/fr\/wp-json\/wp\/v2\/media?parent=916597"}],"wp:term":[{"taxonomy":"category","embeddable":true,"href":"https:\/\/www.europesays.com\/fr\/wp-json\/wp\/v2\/categories?post=916597"},{"taxonomy":"post_tag","embeddable":true,"href":"https:\/\/www.europesays.com\/fr\/wp-json\/wp\/v2\/tags?post=916597"}],"curies":[{"name":"wp","href":"https:\/\/api.w.org\/{rel}","templated":true}]}}