{"id":91660,"date":"2025-05-11T11:17:09","date_gmt":"2025-05-11T11:17:09","guid":{"rendered":"https:\/\/www.europesays.com\/fr\/91660\/"},"modified":"2025-05-11T11:17:09","modified_gmt":"2025-05-11T11:17:09","slug":"france-3-fetera-les-180-ans-de-la-spa-en-prime-time-avec-stephane-bern","status":"publish","type":"post","link":"https:\/\/www.europesays.com\/fr\/91660\/","title":{"rendered":"France\u00a03 f\u00eatera les 180 ans de la SPA en prime time avec St\u00e9phane Bern"},"content":{"rendered":"<p class=\"paragraph text_align_left\">France T\u00e9l\u00e9visions se met en quatre pour la SPA. Alors que l\u2019association f\u00eatera ses 180 ans le 2 d\u00e9cembre, France 3 va organiser d\u00e9but juin une grande soir\u00e9e pour la Soci\u00e9t\u00e9 protectrice des <a href=\"https:\/\/www.leparisien.fr\/animaux\/\" target=\"_blank\" rel=\"nofollow noopener\">animaux<\/a>. Aux commandes de cette \u00e9mission diffus\u00e9e en prime time intitul\u00e9e \u00ab Ensemble pour nos animaux f\u00eate les 180 ans de la SPA \u00bb, St\u00e9phane Bern.<\/p>\n<p class=\"paragraph text_align_left\">L\u2018animateur, <a href=\"https:\/\/www.leparisien.fr\/archives\/dis-moi-quel-est-ton-animal-de-compagnie-stephane-bern-adore-ses-teckels-08-08-2016-6022497.php\" target=\"_blank\" rel=\"nofollow noopener\">grand amateur de teckels<\/a>, pourra ainsi rapidement tourner la page de l\u2019Eurovision qu\u2019il commentera le week-end prochain avec Laurence Boccolini. \u00c0 ses c\u00f4t\u00e9s, sa cons\u0153ur Chlo\u00e9 Nab\u00e9dian, la v\u00e9t\u00e9rinaire Laetitia Barlerin et le pr\u00e9sident de la SPA Jacques-Charles Fombonne.<\/p>\n<p class=\"paragraph text_align_left\">Le programme sera parrain\u00e9 par <a href=\"https:\/\/www.leparisien.fr\/bien-manger\/philippe-caveriviere-au-resto-je-joue-laddition-aux-des-20-07-2024-UGNYLVSB4VAG3IDOQAYSVQLCH4.php\" target=\"_blank\" rel=\"nofollow noopener\">Philippe Caverivi\u00e8re<\/a>, humoriste de RTL et de \u00ab Quelle \u00c9poque ! \u00bb, lui-m\u00eame propri\u00e9taire d\u2019un saint-bernard. Au menu : des reportages sur des animaux d\u2019exception, des quiz et des appels aux dons pour financer dix projets soutenus par l\u2019association.<\/p>\n<p>\u00ab Aider chacun \u00e0 mieux comprendre la cause animale \u00bb<\/p>\n<p class=\"paragraph text_align_left\">\u00ab Les Fran\u00e7ais sont tr\u00e8s attach\u00e9s \u00e0 leurs animaux de compagnie, mais aussi tr\u00e8s sensibles \u00e0 leur protection. Il m\u2019a sembl\u00e9 comme une \u00e9vidence que France T\u00e9l\u00e9visions s\u2019engage et propose une soir\u00e9e exceptionnelle aux c\u00f4t\u00e9s de la SPA, pour f\u00eater ses 180 ans mais aussi et surtout pour aider chacun \u00e0 mieux comprendre et d\u00e9fendre la cause animale \u00bb, explique Arnaud Ngatcha, directeur des op\u00e9rations sp\u00e9ciales \u00e0 France T\u00e9l\u00e9visions. \u00ab Ensemble pour nos animaux f\u00eate les 180 ans de la SPA \u00bb sera produite par Jaraprod (\u00ab C M\u00e9diatique \u00bb).<\/p>\n<p class=\"paragraph text_align_left\">Les b\u00e9b\u00eates ont toujours la cote \u00e0 la t\u00e9l\u00e9vision. Le groupe TF 1 s\u2019appr\u00eate d\u2019ailleurs \u00e0 relancer \u00ab Animaux \u00e0 adopter \u00bb, de Sandrine Arcizet et \u00c9lodie Ageron, tous les dimanches \u00e0 13 heures sur TMC. Cette ancienne \u00e9mission de C8 s\u2019\u00e9tait arr\u00eat\u00e9e le 28 f\u00e9vrier, en m\u00eame temps que l\u2019ex-cha\u00eene de la TNT de Cyril Hanouna.<\/p>\n","protected":false},"excerpt":{"rendered":"France T\u00e9l\u00e9visions se met en quatre pour la SPA. Alors que l\u2019association f\u00eatera ses 180 ans le 2&hellip;\n","protected":false},"author":2,"featured_media":91661,"comment_status":"","ping_status":"","sticky":false,"template":"","format":"standard","meta":{"footnotes":""},"categories":[4],"tags":[11,872,1011,27,12,25,2205],"class_list":{"0":"post-91660","1":"post","2":"type-post","3":"status-publish","4":"format-standard","5":"has-post-thumbnail","7":"category-france","8":"tag-actualites","9":"tag-culture-et-loisirs","10":"tag-fr","11":"tag-france","12":"tag-news","13":"tag-republique-francaise","14":"tag-television-medias"},"share_on_mastodon":{"url":"https:\/\/pubeurope.com\/@fr\/114488924110075148","error":""},"_links":{"self":[{"href":"https:\/\/www.europesays.com\/fr\/wp-json\/wp\/v2\/posts\/91660","targetHints":{"allow":["GET"]}}],"collection":[{"href":"https:\/\/www.europesays.com\/fr\/wp-json\/wp\/v2\/posts"}],"about":[{"href":"https:\/\/www.europesays.com\/fr\/wp-json\/wp\/v2\/types\/post"}],"author":[{"embeddable":true,"href":"https:\/\/www.europesays.com\/fr\/wp-json\/wp\/v2\/users\/2"}],"replies":[{"embeddable":true,"href":"https:\/\/www.europesays.com\/fr\/wp-json\/wp\/v2\/comments?post=91660"}],"version-history":[{"count":0,"href":"https:\/\/www.europesays.com\/fr\/wp-json\/wp\/v2\/posts\/91660\/revisions"}],"wp:featuredmedia":[{"embeddable":true,"href":"https:\/\/www.europesays.com\/fr\/wp-json\/wp\/v2\/media\/91661"}],"wp:attachment":[{"href":"https:\/\/www.europesays.com\/fr\/wp-json\/wp\/v2\/media?parent=91660"}],"wp:term":[{"taxonomy":"category","embeddable":true,"href":"https:\/\/www.europesays.com\/fr\/wp-json\/wp\/v2\/categories?post=91660"},{"taxonomy":"post_tag","embeddable":true,"href":"https:\/\/www.europesays.com\/fr\/wp-json\/wp\/v2\/tags?post=91660"}],"curies":[{"name":"wp","href":"https:\/\/api.w.org\/{rel}","templated":true}]}}