{"id":91662,"date":"2025-05-11T11:20:17","date_gmt":"2025-05-11T11:20:17","guid":{"rendered":"https:\/\/www.europesays.com\/fr\/91662\/"},"modified":"2025-05-11T11:20:17","modified_gmt":"2025-05-11T11:20:17","slug":"tout-savoir-sur-le-jeune-talent-leo-barre-dans-notre-quiz-rugby","status":"publish","type":"post","link":"https:\/\/www.europesays.com\/fr\/91662\/","title":{"rendered":"Tout savoir sur le jeune talent L\u00e9o Barr\u00e9, dans notre quiz Rugby"},"content":{"rendered":"<p>\t\t\t\t\t\t\t\t\t\t\t\t\t\tL\u00e9o Barr\u00e9, jeune arri\u00e8re international de 22 ans, a pris une d\u00e9cision audacieuse : prolonger son contrat jusqu\u2019en 2029 avec le club parisien.\u00a0Une prolongation inattendue, au moment o\u00f9 le club parisien flirte dangereusement avec la zone rouge du Top 14.<\/p>\n<p style=\"text-align: justify;\" data-start=\"520\" data-end=\"887\" data-is-last-node=\"\" data-is-only-node=\"\">Dans un contexte o\u00f9 de nombreux internationaux se tiennent pr\u00eats \u00e0 faire leurs valises en cas de rel\u00e9gation, ce geste sonne comme un engagement profond. Malgr\u00e9 une blessure r\u00e9cente et les convoitises de clubs plus stables, <strong>L\u00e9o Barr\u00e9<\/strong> a choisi la fid\u00e9lit\u00e9, misant sur un projet \u00e0 long terme. Un pari audacieux\u2026 et un message fort envoy\u00e9 au vestiaire comme aux supporters. Toutefois, en cas de rel\u00e9gation du <strong>Stade Fran\u00e7ais<\/strong>, les cartes pourraient bien \u00eatre rebattues.<\/p>\n<p>Testez vos connaissances sur L\u00e9o Barr\u00e9<\/p>\n<p style=\"text-align: justify;\" data-start=\"310\" data-end=\"506\">Form\u00e9 \u00e0 Versailles et Massy, est devenu un pilier du <strong>Stade Fran\u00e7ais<\/strong> depuis ses d\u00e9buts professionnels en 2021. Malgr\u00e9 des sollicitations de clubs rivaux, il a choisi de rester fid\u00e8le \u00e0 son club formateur. Mais connaissez-vous tous les d\u00e9tails de ce transfert et les enjeux qui l\u2019entourent ? Testez vos connaissances avec notre quiz sp\u00e9cial !<\/p>\n<p>\u00a0<\/p>\n<p style=\"margin-top: 10px; font-size: 1em; color: #333;\">Chargement du quiz sur le rugby\u2026<\/p>\n<p>  @keyframes spin {<br \/>0% { transform: rotate(0deg); }<br \/>100% { transform: rotate(360deg); }<br \/>}<\/p>\n<p>  #iframeContainer {<br \/>width: 100%;<br \/>max-width: 800px;<br \/>height: 560px;<br \/>max-height: 100vh;<br \/>box-sizing: border-box;<br \/>}<\/p>\n<p>Voici le r\u00e9sum\u00e9 du quiz :<\/p>\n<p style=\"text-align: justify;\">Pour revoir toutes les questions, r\u00e9ponses et explications sur le joueur de rugby <strong>L\u00e9o Barr\u00e9<\/strong>, cliquez sur le bouton ci-dessous.<\/p>\n<p>    Afficher les r\u00e9ponses<\/p>\n<p>        Question 1 : \u00c0 quel \u00e2ge L\u00e9o Barr\u00e9 a-t-il d\u00e9but\u00e9 le rugby \u00e0 XV ?<\/p>\n<ul>&#13;<\/p>\n<li>A) 6 ans<\/li>\n<p>&#13;<\/p>\n<li>B) 12 ans<\/li>\n<p>&#13;<\/p>\n<li>C) 16 ans<\/li>\n<p>&#13;<\/p>\n<li>D) 17 ans<\/li>\n<p>&#13;\n        <\/ul>\n<p>        Afficher la r\u00e9ponse<\/p>\n<p><strong>R\u00e9ponse correcte :<\/strong> A) 6 ans.<\/p>\n<p><strong>Explication :<\/strong> L\u00e9o Barr\u00e9 a commenc\u00e9 \u00e0 jouer au rugby \u00e0 l\u2019\u00e2ge de 6 ans au Rugby Club de Versailles, un fait qui souligne l\u2019importance de l\u2019initiation pr\u00e9coce au sport pour le d\u00e9veloppement du talent. La notion de poursuite d\u2019une tradition familiale est \u00e9galement pr\u00e9sente, car d\u2019autres membres de sa famille avaient aussi \u00e9volu\u00e9 dans ce club.<\/p>\n<p>        Question 2 : Pour quelle \u00e9quipe L\u00e9o Barr\u00e9 jouait-il avant de rejoindre le Stade Fran\u00e7ais ?<\/p>\n<ul>&#13;<\/p>\n<li>A) Rugby Club de Versailles<\/li>\n<p>&#13;<\/p>\n<li>B) RC Massy<\/li>\n<p>&#13;<\/p>\n<li>C) Vannes <\/li>\n<p>&#13;<\/p>\n<li>D) La Rochelle<\/li>\n<p>&#13;\n        <\/ul>\n<p>        Afficher la r\u00e9ponse<\/p>\n<p><strong>R\u00e9ponse correcte :<\/strong> B) RC Massy.<\/p>\n<p><strong>Explication :<\/strong> Avant de rejoindre le Stade Fran\u00e7ais, L\u00e9o Barr\u00e9 a jou\u00e9 pour le RC Massy, \u00e9galement abr\u00e9g\u00e9 RCME. Ce club est une \u00e9tape importante dans la carri\u00e8re de nombreux joueurs car il participe souvent \u00e0 la formation de jeunes talents avant qu\u2019ils n\u2019acc\u00e8dent au niveau professionnel.<\/p>\n<p>\n<a href=\"https:\/\/dicodusport.fr\/blog\/offres\/abonnements-sans-pub\/\" target=\"_blank\" rel=\"noopener\"><img loading=\"lazy\" decoding=\"async\" class=\"alignnone size-full wp-image-501284 perfmatters-lazy\" alt=\"\" width=\"1200\" height=\"200\" src=\"https:\/\/www.europesays.com\/fr\/wp-content\/uploads\/2025\/04\/Abonnements-sans-pubs-Dicodusport.png\"\/><\/a><\/p>\n<p>        Question 3 : Quand L\u00e9o Barr\u00e9 a-t-il \u00e9t\u00e9 nomm\u00e9 meilleur espoir du rugby francilien ?<\/p>\n<ul>&#13;<\/p>\n<li>A) En 2020<\/li>\n<p>&#13;<\/p>\n<li>B) En 2022<\/li>\n<p>&#13;<\/p>\n<li>C) En 2019<\/li>\n<p>&#13;<\/p>\n<li>D) En 2024<\/li>\n<p>&#13;\n        <\/ul>\n<p>        Afficher la r\u00e9ponse<\/p>\n<p><strong>R\u00e9ponse correcte :<\/strong> C) En 2019.<\/p>\n<p><strong>Explication :<\/strong> L\u00e9o Barr\u00e9 a re\u00e7u la distinction de meilleur espoir du rugby francilien en juin 2019 par Le Parisien. Cet honneur souligne le potentiel reconnu chez un jeune sportif et son impact dans sa discipline.<\/p>\n<p>        Question 4 : Contre quelle \u00e9quipe L\u00e9o Barr\u00e9 a-t-il inscrit un essai lors de la tourn\u00e9e internationale en 2019, contribuant ainsi \u00e0 la victoire ?<\/p>\n<ul>&#13;<\/p>\n<li>A) Pays de Galles<\/li>\n<p>&#13;<\/p>\n<li>B) Afrique du Sud<\/li>\n<p>&#13;<\/p>\n<li>C) Angleterre<\/li>\n<p>&#13;<\/p>\n<li>D) France<\/li>\n<p>&#13;\n        <\/ul>\n<p>        Afficher la r\u00e9ponse<\/p>\n<p><strong>R\u00e9ponse correcte :<\/strong> B) Afrique du Sud.<\/p>\n<p><strong>Explication :<\/strong> L\u00e9o Barr\u00e9 s\u2019est illustr\u00e9 en marquant un essai contre l\u2019\u00e9quipe sud-africaine d\u00e8s la 3e minute de jeu, participant ainsi \u00e0 la victoire de la France sur l\u2019Afrique du Sud (19-43) \u00e0 Stellenbosch. Cette performance est particuli\u00e8rement notable puisqu\u2019elle s\u2019est faite en tant que membre de l\u2019\u00e9quipe des moins de 18 ans lors d\u2019une tourn\u00e9e internationale.<\/p>\n<p>\n<a href=\"https:\/\/dicodusport.fr\/blog\/offres\/abonnements-sans-pub\/\" target=\"_blank\" rel=\"noopener\"><img loading=\"lazy\" decoding=\"async\" class=\"alignnone size-full wp-image-501296 perfmatters-lazy\" alt=\"\" width=\"400\" height=\"400\" src=\"https:\/\/www.europesays.com\/fr\/wp-content\/uploads\/2025\/04\/Abonnements-sans-pubs-Dicodusport-mobile.png\"\/><\/a><\/p>\n<p>        Question 5 : Quelle comp\u00e9tition L\u00e9o Barr\u00e9 a-t-il remport\u00e9 avec l\u2019\u00e9quipe de France en 2025 ?<\/p>\n<ul>&#13;<\/p>\n<li>A) Coupe du monde<\/li>\n<p>&#13;<\/p>\n<li>B) Jeux Olympiques<\/li>\n<p>&#13;<\/p>\n<li>C) Tournoi des Six Nations<\/li>\n<p>&#13;<\/p>\n<li>D) Championnat d\u2019Europe<\/li>\n<p>&#13;\n        <\/ul>\n<p>        Afficher la r\u00e9ponse<\/p>\n<p><strong>R\u00e9ponse correcte :<\/strong> C) Tournoi des Six Nations.<\/p>\n<p><strong>Explication :<\/strong> L\u00e9o Barr\u00e9, convoqu\u00e9 pour s\u2019entra\u00eener avec l\u2019\u00e9quipe de France en amont de la premi\u00e8re journ\u00e9e du Tournoi des Six Nations 2024, fait partie du groupe qui remporte l\u2019\u00e9dition 2025 de la comp\u00e9tition.<\/p>\n<p>        Question 6 : \u00c0 quel \u00e2ge L\u00e9o Barr\u00e9 a-t-il fait ses d\u00e9buts internationaux avec les moins de 18 ans ?<\/p>\n<ul>&#13;<\/p>\n<li>A) 17 ans<\/li>\n<p>&#13;<\/p>\n<li>B) 18 ans<\/li>\n<p>&#13;<\/p>\n<li>C) 16 ans<\/li>\n<p>&#13;<\/p>\n<li>D) 19 ans<\/li>\n<p>&#13;\n        <\/ul>\n<p>        Afficher la r\u00e9ponse<\/p>\n<p><strong>R\u00e9ponse correcte :<\/strong> C) 16 ans.<\/p>\n<p><strong>Explication :<\/strong> L\u00e9o Barr\u00e9 a \u00e9t\u00e9 s\u00e9lectionn\u00e9 avec les moins de 18 en 2019 pour une tourn\u00e9e en Afrique du Sud alors qu\u2019il n\u2019avait que 16 ans.<\/p>\n<p>Fin du quiz sur L\u00e9o Barr\u00e9 ?<\/p>\n<p style=\"text-align: justify;\">Alors, verdict ? Avez-vous brillamment survol\u00e9 les questions ou quelques pi\u00e8ges vous ont-ils pris de court ? Si vous avez fait un sans-faute, f\u00e9licitations : vous suivez le mercato comme un vrai manager de Top 14 ! Sinon, pas d\u2019inqui\u00e9tude : le rugby est aussi une affaire d\u2019apprentissage.<\/p>\n<p style=\"text-align: justify;\">Une chose est s\u00fbre, le feuilleton <strong>L\u00e9o Barr\u00e9<\/strong> vous parlera autrement d\u00e9sormais\u2026 et vous serez pr\u00eat pour le prochain transfert surprise.<\/p>\n","protected":false},"excerpt":{"rendered":"L\u00e9o Barr\u00e9, jeune arri\u00e8re international de 22 ans, a pris une d\u00e9cision audacieuse : prolonger son contrat jusqu\u2019en&hellip;\n","protected":false},"author":2,"featured_media":91663,"comment_status":"","ping_status":"","sticky":false,"template":"","format":"standard","meta":{"footnotes":""},"categories":[1416],"tags":[2113,1011,27,20289,7767,17004,479,1468,60,2558],"class_list":{"0":"post-91662","1":"post","2":"type-post","3":"status-publish","4":"format-standard","5":"has-post-thumbnail","7":"category-rugby","8":"tag-breve","9":"tag-fr","10":"tag-france","11":"tag-leo-barre","12":"tag-quiz","13":"tag-quiz-rugby","14":"tag-rugby","15":"tag-rugby-football","16":"tag-sports","17":"tag-stade-francais"},"share_on_mastodon":{"url":"https:\/\/pubeurope.com\/@fr\/114488936398824880","error":""},"_links":{"self":[{"href":"https:\/\/www.europesays.com\/fr\/wp-json\/wp\/v2\/posts\/91662","targetHints":{"allow":["GET"]}}],"collection":[{"href":"https:\/\/www.europesays.com\/fr\/wp-json\/wp\/v2\/posts"}],"about":[{"href":"https:\/\/www.europesays.com\/fr\/wp-json\/wp\/v2\/types\/post"}],"author":[{"embeddable":true,"href":"https:\/\/www.europesays.com\/fr\/wp-json\/wp\/v2\/users\/2"}],"replies":[{"embeddable":true,"href":"https:\/\/www.europesays.com\/fr\/wp-json\/wp\/v2\/comments?post=91662"}],"version-history":[{"count":0,"href":"https:\/\/www.europesays.com\/fr\/wp-json\/wp\/v2\/posts\/91662\/revisions"}],"wp:featuredmedia":[{"embeddable":true,"href":"https:\/\/www.europesays.com\/fr\/wp-json\/wp\/v2\/media\/91663"}],"wp:attachment":[{"href":"https:\/\/www.europesays.com\/fr\/wp-json\/wp\/v2\/media?parent=91662"}],"wp:term":[{"taxonomy":"category","embeddable":true,"href":"https:\/\/www.europesays.com\/fr\/wp-json\/wp\/v2\/categories?post=91662"},{"taxonomy":"post_tag","embeddable":true,"href":"https:\/\/www.europesays.com\/fr\/wp-json\/wp\/v2\/tags?post=91662"}],"curies":[{"name":"wp","href":"https:\/\/api.w.org\/{rel}","templated":true}]}}