{"id":916647,"date":"2026-05-07T06:15:17","date_gmt":"2026-05-07T06:15:17","guid":{"rendered":"https:\/\/www.europesays.com\/fr\/916647\/"},"modified":"2026-05-07T06:15:17","modified_gmt":"2026-05-07T06:15:17","slug":"laprofin-en-mode-perspectives-strategiques-face-aux-nouveaux-empires-debut-juin-a-nancy","status":"publish","type":"post","link":"https:\/\/www.europesays.com\/fr\/916647\/","title":{"rendered":"L\u2019Aprofin en mode perspectives strat\u00e9giques face aux nouveaux empires d\u00e9but juin \u00e0 Nancy"},"content":{"rendered":"<p>Face aux nouveaux empires : analyses et perspectives strat\u00e9giques ! Th\u00e8me annonc\u00e9 de la conf\u00e9rence biennale de l\u2019Aprofin, l\u2019association de Place financi\u00e8re f\u00e9d\u00e9rant les m\u00e9tiers de la finance, annonc\u00e9e le 3 juin prochain au foyer de l\u2019Op\u00e9ra de Nancy et de Lorraine.\n<\/p>\n<p>Elle sera men\u00e9e par Jean-Vincent Holeindre, professeur \u00e0 l\u2019universit\u00e9 Paris Panth\u00e9on-Assas et directeur du Centre Thucydide.\n<\/p>\n<p>Mouvement imp\u00e9rial<\/p>\n<p>\u00ab\u00c0 chaque jour qui passe, les rep\u00e8res qui caract\u00e9risaient l\u2019ordre international depuis la Seconde guerre mondiale semblent s\u2019effacer. Remise en cause des normes internationales tout d\u2019abord : en Ukraine, en Iran, au Soudan, le droit s\u2019efface devant la force, ce qui fait craindre une escalade militaire globale. Contestation du mod\u00e8le d\u00e9mocratique et lib\u00e9ral ensuite : aux \u00c9tats-Unis, en Inde, dans certains pays d\u2019Europe, l\u2019autoritarisme a pris le pas sur le lib\u00e9ralisme et le nombre de r\u00e9gimes autoritaires a aujourd\u2019hui d\u00e9pass\u00e9 celui des d\u00e9mocraties. Fin de la domination occidentale enfin : les nouveaux empires appartenant \u00e0 la galaxie h\u00e9t\u00e9rog\u00e8ne du \u00abSud global\u00bb et des BRICS+ (Br\u00e9sil, Russie, Chine, Inde, Afrique du Sud\u2026) mettent les puissances europ\u00e9ennes et am\u00e9ricaines au pied du mur, au point que les \u00c9tats-Unis de Trump imitent d\u00e9sormais ce mouvement imp\u00e9rial qu\u2019ils pr\u00e9tendaient jusque-l\u00e0 gouverner\u00bb, assure le pitch d\u2019annonce de l\u2019\u00e9v\u00e9nement.\n<\/p>\n<p>Que s\u2019est-il pass\u00e9 ? Quelles perspectives dessiner pour la France et l\u2019Europe ?\n<\/p>\n<p>La conf\u00e9rence examinera les tenants et les aboutissants de cette situation qui voit l\u2019affirmation des nouveaux empires. Tout un programme.<\/p>\n","protected":false},"excerpt":{"rendered":"Face aux nouveaux empires : analyses et perspectives strat\u00e9giques ! Th\u00e8me annonc\u00e9 de la conf\u00e9rence biennale de l\u2019Aprofin,&hellip;\n","protected":false},"author":2,"featured_media":916648,"comment_status":"","ping_status":"","sticky":false,"template":"","format":"standard","meta":{"footnotes":"","_share_on_mastodon":"0"},"categories":[9635],"tags":[1111,11,6211,1777,674,1011,27,775,1702,12,48106,25],"class_list":["post-916647","post","type-post","status-publish","format-standard","has-post-thumbnail","category-nancy","tag-actu","tag-actualites","tag-conference","tag-eu","tag-europe","tag-fr","tag-france","tag-grand-est","tag-nancy","tag-news","tag-perspectives","tag-republique-francaise"],"share_on_mastodon":{"url":"https:\/\/pubeurope.com\/@fr\/116531831000002427","error":""},"_links":{"self":[{"href":"https:\/\/www.europesays.com\/fr\/wp-json\/wp\/v2\/posts\/916647","targetHints":{"allow":["GET"]}}],"collection":[{"href":"https:\/\/www.europesays.com\/fr\/wp-json\/wp\/v2\/posts"}],"about":[{"href":"https:\/\/www.europesays.com\/fr\/wp-json\/wp\/v2\/types\/post"}],"author":[{"embeddable":true,"href":"https:\/\/www.europesays.com\/fr\/wp-json\/wp\/v2\/users\/2"}],"replies":[{"embeddable":true,"href":"https:\/\/www.europesays.com\/fr\/wp-json\/wp\/v2\/comments?post=916647"}],"version-history":[{"count":0,"href":"https:\/\/www.europesays.com\/fr\/wp-json\/wp\/v2\/posts\/916647\/revisions"}],"wp:featuredmedia":[{"embeddable":true,"href":"https:\/\/www.europesays.com\/fr\/wp-json\/wp\/v2\/media\/916648"}],"wp:attachment":[{"href":"https:\/\/www.europesays.com\/fr\/wp-json\/wp\/v2\/media?parent=916647"}],"wp:term":[{"taxonomy":"category","embeddable":true,"href":"https:\/\/www.europesays.com\/fr\/wp-json\/wp\/v2\/categories?post=916647"},{"taxonomy":"post_tag","embeddable":true,"href":"https:\/\/www.europesays.com\/fr\/wp-json\/wp\/v2\/tags?post=916647"}],"curies":[{"name":"wp","href":"https:\/\/api.w.org\/{rel}","templated":true}]}}