{"id":91717,"date":"2025-05-11T11:52:13","date_gmt":"2025-05-11T11:52:13","guid":{"rendered":"https:\/\/www.europesays.com\/fr\/91717\/"},"modified":"2025-05-11T11:52:13","modified_gmt":"2025-05-11T11:52:13","slug":"lhumoriste-guillaume-meurice-fait-polemique-a-grenoble","status":"publish","type":"post","link":"https:\/\/www.europesays.com\/fr\/91717\/","title":{"rendered":"\u00a0L&rsquo;humoriste Guillaume Meurice fait pol\u00e9mique \u00e0 Grenoble"},"content":{"rendered":"<p itemprop=\"description\"><strong>Invit\u00e9 par la municipalit\u00e9 de Grenoble pour la biennale des villes en transition, l\u2019humoriste Guillaume Meurice \u00a0fait pol\u00e9mique en s\u2019en prenant \u00e0 la droite.<\/strong><\/p>\n<p>Le chroniqueur, qui avait \u00e9t\u00e9 licenci\u00e9 de Radio France pour faute grave, r\u00e9pondait au <a href=\"https:\/\/c.ledauphine.com\/societe\/2025\/05\/09\/guillaume-meurice-au-palais-des-sports-ce-dimanche-ni-militants-ni-politiques-on-est-des-clowns\" target=\"_blank\" rel=\"noopener nofollow\">Dauphin\u00e9 Lib\u00e9r\u00e9<\/a> qu\u2019il invite aussi les \u00e9lus de droite \u00e0 venir le voir : \u00ab\u00a0Je les embrasse et ils sont les bienvenus. D\u2019ailleurs c\u2019est gratuit et comme ce sont des gens qui n\u2019aiment pas trop payer, ils n\u2019auront pas besoin de d\u00e9tourner du pognon pour venir\u00a0\u00bb.<\/p>\n<p>L\u2019opposition municipale a imm\u00e9diatement fait remarquer qu\u2019il \u00e9tait paradoxal de s\u2019en prendre \u00e0 elle dans une ville o\u00f9 une enqu\u00eate pr\u00e9liminaire est ouverte sur le versement potentiel de sommes en esp\u00e8ces qui vise Eric Piolle et sa premi\u00e8re adjointe de l&rsquo;\u00e9poque, l&rsquo;actuelle d\u00e9put\u00e9e LFI Elisa Martin.<\/p>\n<p>Et de demander si l\u2019humoriste sera libre ou volontaire pour en faire \u00e9tat.<\/p>\n<p>Une opposition qui d\u00e9nonce aussi \u00ab\u00a0une op\u00e9ration politique sur fonds publics\u00a0\u00bb avec des invit\u00e9s qui collent \u00e0 l\u2019id\u00e9ologie de la majorit\u00e9 telle Fatima Ouassak, militante d\u00e9coloniale pour laquelle le \u00ab\u00a0communautarisme n\u2019existe pas en France, il est une invention de l&rsquo;extr\u00eame droite\u00a0\u00bb.<\/p>\n<p>Un programme et une pol\u00e9mique \u00a0bien loin des \u00ab\u00a0villes en transition\u00a0\u00bb&#8230;<\/p>\n","protected":false},"excerpt":{"rendered":"Invit\u00e9 par la municipalit\u00e9 de Grenoble pour la biennale des villes en transition, l\u2019humoriste Guillaume Meurice \u00a0fait pol\u00e9mique&hellip;\n","protected":false},"author":2,"featured_media":91718,"comment_status":"","ping_status":"","sticky":false,"template":"","format":"standard","meta":{"footnotes":""},"categories":[9566],"tags":[1111,11,7733,8279,2430,7736,650,7734,2889,2263,1777,674,1011,27,2731,8280,6417,1114,108,4662,12,3725,1825,25,7737],"class_list":{"0":"post-91717","1":"post","2":"type-post","3":"status-publish","4":"format-standard","5":"has-post-thumbnail","7":"category-grenoble","8":"tag-actu","9":"tag-actualites","10":"tag-alpes","11":"tag-alpes1","12":"tag-auvergne-rhone-alpes","13":"tag-cds","14":"tag-cinema","15":"tag-ecoute","16":"tag-emission","17":"tag-equipe","18":"tag-eu","19":"tag-europe","20":"tag-fr","21":"tag-france","22":"tag-grenoble","23":"tag-haute","24":"tag-information","25":"tag-infos","26":"tag-isere","27":"tag-journal","28":"tag-news","29":"tag-podcast","30":"tag-radio","31":"tag-republique-francaise","32":"tag-winamp"},"share_on_mastodon":{"url":"https:\/\/pubeurope.com\/@fr\/114489061839905278","error":""},"_links":{"self":[{"href":"https:\/\/www.europesays.com\/fr\/wp-json\/wp\/v2\/posts\/91717","targetHints":{"allow":["GET"]}}],"collection":[{"href":"https:\/\/www.europesays.com\/fr\/wp-json\/wp\/v2\/posts"}],"about":[{"href":"https:\/\/www.europesays.com\/fr\/wp-json\/wp\/v2\/types\/post"}],"author":[{"embeddable":true,"href":"https:\/\/www.europesays.com\/fr\/wp-json\/wp\/v2\/users\/2"}],"replies":[{"embeddable":true,"href":"https:\/\/www.europesays.com\/fr\/wp-json\/wp\/v2\/comments?post=91717"}],"version-history":[{"count":0,"href":"https:\/\/www.europesays.com\/fr\/wp-json\/wp\/v2\/posts\/91717\/revisions"}],"wp:featuredmedia":[{"embeddable":true,"href":"https:\/\/www.europesays.com\/fr\/wp-json\/wp\/v2\/media\/91718"}],"wp:attachment":[{"href":"https:\/\/www.europesays.com\/fr\/wp-json\/wp\/v2\/media?parent=91717"}],"wp:term":[{"taxonomy":"category","embeddable":true,"href":"https:\/\/www.europesays.com\/fr\/wp-json\/wp\/v2\/categories?post=91717"},{"taxonomy":"post_tag","embeddable":true,"href":"https:\/\/www.europesays.com\/fr\/wp-json\/wp\/v2\/tags?post=91717"}],"curies":[{"name":"wp","href":"https:\/\/api.w.org\/{rel}","templated":true}]}}