{"id":91721,"date":"2025-05-11T11:54:12","date_gmt":"2025-05-11T11:54:12","guid":{"rendered":"https:\/\/www.europesays.com\/fr\/91721\/"},"modified":"2025-05-11T11:54:12","modified_gmt":"2025-05-11T11:54:12","slug":"stade-rennais-jai-pris-beaucoup-de-plaisir-a-jouer-ici-ismael-kone-evoque-son","status":"publish","type":"post","link":"https:\/\/www.europesays.com\/fr\/91721\/","title":{"rendered":"Stade Rennais. \u00ab\u00a0J\u2019ai pris beaucoup de plaisir \u00e0 jouer ici\u00a0\u00bb\u00a0: Isma\u00ebl Kon\u00e9 \u00e9voque son"},"content":{"rendered":"<p>Isma\u00ebl Kon\u00e9 \u00e9tait presque titulaire surprise, samedi face \u00e0 Nice, et <a href=\"https:\/\/rennes.maville.com\/sport\/detail_-stade-rennais-nice.-un-milieu-rayonnant-kalimuendo-soigne-sa-sortie...-les-notes-des-rouge-et-noir-_7-6801816_actu.Htm\" target=\"_self\" rel=\"noopener\">dans un milieu \u00e0 trois dominant aux c\u00f4t\u00e9s de Djaoui Ciss\u00e9 et Azor Matusiwa<\/a>, il a contribu\u00e9 \u00e0 la sortie r\u00e9ussie du Stade Rennais devant son public.<\/p>\n<p>L\u2019international canadien de 22\u00a0ans a particip\u00e9 \u00e0 12\u00a0des 13\u00a0matches sous le mandat d\u2019Habib Beye (3\u00a0titularisations), et il va retrouver le V\u00e9lodrome samedi 17\u00a0mai (21\u00a0h) pour la der de la saison, lui qui est pr\u00eat\u00e9 depuis janvier par l\u2019OM. Il semble assez peu probable que l\u2019option d\u2019achat, \u00e9lev\u00e9e (14\u00a0millions d\u2019euros), soit activ\u00e9e par Rennes, mais l\u2019\u00e9t\u00e9 en dira davantage.<\/p>\n<p><strong>Lire aussi<\/strong>. <a href=\"https:\/\/rennes.maville.com\/sport\/detail_-stade-rennais.-face-a-nice-arnaud-kalimuendo-a-soigne-sa-sortie-_7-6802076_actu.Htm\" target=\"_self\" rel=\"noopener\">Face \u00e0 Nice, Arnaud Kalimuendo a soign\u00e9 sa sortie<\/a><\/p>\n<p>Voil\u00e0 un match abouti du Stade Rennais, avec un investissement sans faille\u2026<\/p>\n<p>C\u2019est ce que je dirais aussi\u00a0! On a un peu souffert en deuxi\u00e8me p\u00e9riode, mais cela fait partie du rapport de force dans un match. C\u2019est une tr\u00e8s belle performance de notre part, dans une saison qui a \u00e9t\u00e9 compliqu\u00e9e d\u00e8s le d\u00e9part.<\/p>\n<p>On a vu le milieu avec Matusiwa, Ciss\u00e9 et vous dominant sur ce match\u00a0: cela a \u00e9t\u00e9 la cl\u00e9\u00a0?<\/p>\n<p>Le match allait se gagner \u00e0 partir de ce secteur, et il nous fallait r\u00e9aliser un gros match, car c\u2019est nous qui relions tout, \u00eatre impactant, avoir de l\u2019intensit\u00e9 dans nos passes, nos d\u00e9placements, c\u2019\u00e9tait primordial. Le milieu a jou\u00e9 un grand r\u00f4le, apr\u00e8s on a su aussi profiter de nos occasions et d\u00e9fensivement on a \u00e9t\u00e9 solide.<\/p>\n<p>C\u2019\u00e9tait aussi une question d\u2019orgueil\u00a0?<\/p>\n<p>Toujours\u00a0! Le coach nous secoue, mais c\u2019est toujours de mani\u00e8re positive, pour montrer quel genre d\u2019\u00e9quipe on peut \u00eatre, quel caract\u00e8re on a. On avait besoin de faire un tr\u00e8s bon r\u00e9sultat devant nos fans pour le dernier match ici. Cela permet \u00e0 tout le monde de repartir avec le sourire, c\u2019est bien\u00a0!<\/p>\n<p>Il reste un match samedi prochain, \u00e0 Marseille, le club qui vous a pr\u00eat\u00e9 \u00e0 Rennes, et vous serez autoris\u00e9 \u00e0 jouer\u00a0: c\u2019est un moment que vous attendez particuli\u00e8rement\u00a0?<\/p>\n<p>J\u2019attends tous les matches (sourire)\u00a0! Le V\u00e9lodrome, c\u2019est un beau stade, sur une pelouse que je n\u2019ai pas pu fouler aussi souvent que j\u2019aurais voulu\u2026 Cela va \u00eatre bien pour moi si j\u2019ai l\u2019opportunit\u00e9 de jouer et de retrouver certains joueurs et visages familiers\u00a0!<\/p>\n<p>Comment vous voyez votre avenir justement\u00a0? Il y a une option d\u2019achat pour Rennes mais elle est cons\u00e9quente\u2026<\/p>\n<p>Je suis sous contrat avec l\u2019OM, on va voir cet \u00e9t\u00e9, pour l\u2019instant je n\u2019ai pas envie de me poser de questions. Je l\u2019avais dit il y a quelques mois\u00a0: je veux juste pouvoir jouer mon foot, prendre du plaisir. J\u2019en ai retrouv\u00e9 beaucoup ici, une autre \u00e9nergie, gr\u00e2ce \u00e0 des co\u00e9quipiers et un club qui m\u2019ont accueilli \u00e0 bras ouverts. J\u2019ai pris beaucoup de plaisir \u00e0 jouer ici.<\/p>\n<p>\u00a0<\/p>\n","protected":false},"excerpt":{"rendered":"Isma\u00ebl Kon\u00e9 \u00e9tait presque titulaire surprise, samedi face \u00e0 Nice, et dans un milieu \u00e0 trois dominant aux&hellip;\n","protected":false},"author":2,"featured_media":91722,"comment_status":"","ping_status":"","sticky":false,"template":"","format":"standard","meta":{"footnotes":""},"categories":[2821],"tags":[1111,11,829,1777,674,3394,1011,27,9103,20304,5236,20305,12,149,9666,468,17907,13658,584,25,2858],"class_list":{"0":"post-91721","1":"post","2":"type-post","3":"status-publish","4":"format-standard","5":"has-post-thumbnail","7":"category-rennes","8":"tag-actu","9":"tag-actualites","10":"tag-bretagne","11":"tag-eu","12":"tag-europe","13":"tag-evoque","14":"tag-fr","15":"tag-france","16":"tag-ici","17":"tag-ismael","18":"tag-jouer","19":"tag-kone","20":"tag-news","21":"tag-om","22":"tag-plaisir","23":"tag-pret","24":"tag-pris","25":"tag-rennais","26":"tag-rennes","27":"tag-republique-francaise","28":"tag-stade"},"share_on_mastodon":{"url":"https:\/\/pubeurope.com\/@fr\/114489069727751088","error":""},"_links":{"self":[{"href":"https:\/\/www.europesays.com\/fr\/wp-json\/wp\/v2\/posts\/91721","targetHints":{"allow":["GET"]}}],"collection":[{"href":"https:\/\/www.europesays.com\/fr\/wp-json\/wp\/v2\/posts"}],"about":[{"href":"https:\/\/www.europesays.com\/fr\/wp-json\/wp\/v2\/types\/post"}],"author":[{"embeddable":true,"href":"https:\/\/www.europesays.com\/fr\/wp-json\/wp\/v2\/users\/2"}],"replies":[{"embeddable":true,"href":"https:\/\/www.europesays.com\/fr\/wp-json\/wp\/v2\/comments?post=91721"}],"version-history":[{"count":0,"href":"https:\/\/www.europesays.com\/fr\/wp-json\/wp\/v2\/posts\/91721\/revisions"}],"wp:featuredmedia":[{"embeddable":true,"href":"https:\/\/www.europesays.com\/fr\/wp-json\/wp\/v2\/media\/91722"}],"wp:attachment":[{"href":"https:\/\/www.europesays.com\/fr\/wp-json\/wp\/v2\/media?parent=91721"}],"wp:term":[{"taxonomy":"category","embeddable":true,"href":"https:\/\/www.europesays.com\/fr\/wp-json\/wp\/v2\/categories?post=91721"},{"taxonomy":"post_tag","embeddable":true,"href":"https:\/\/www.europesays.com\/fr\/wp-json\/wp\/v2\/tags?post=91721"}],"curies":[{"name":"wp","href":"https:\/\/api.w.org\/{rel}","templated":true}]}}