{"id":91723,"date":"2025-05-11T11:55:18","date_gmt":"2025-05-11T11:55:18","guid":{"rendered":"https:\/\/www.europesays.com\/fr\/91723\/"},"modified":"2025-05-11T11:55:18","modified_gmt":"2025-05-11T11:55:18","slug":"lampertheim-une-journee-sera-pour-la-premiere-fois-dediee-a-leurope-lundi-12-mai","status":"publish","type":"post","link":"https:\/\/www.europesays.com\/fr\/91723\/","title":{"rendered":"Lampertheim. Une journ\u00e9e sera pour la premi\u00e8re fois d\u00e9di\u00e9e \u00e0 l\u2019Europe lundi 12\u00a0mai"},"content":{"rendered":"<p>C\u2019est <a href=\"https:\/\/www.dna.fr\/culture-loisirs\/2024\/05\/05\/l-europe-en-fete-ce-mardi\" target=\"_blank\" rel=\"nofollow noopener\">une premi\u00e8re<\/a> pour la municipalit\u00e9 de Lampertheim. Une journ\u00e9e sera int\u00e9gralement d\u00e9di\u00e9e \u00e0 l\u2019Europe.<\/p>\n<p>Lundi 12\u00a0mai, de 14\u00a0h \u00e0 15\u00a0h\u00a030, des animations p\u00e9dagogiques seront propos\u00e9es aux \u00e9l\u00e8ves de la classe CM1\/CM2 de Val\u00e9rie Wiemann fr\u00e9quentant le groupe scolaire Jean-Jacques-Rohfritsch et ce, dans la salle d\u2019animation de la m\u00e9diath\u00e8que Mille et une pages du village.<\/p>\n<p>  Un spectacle, une c\u00e9r\u00e9monie et une exposition<\/p>\n<p>Dans cette m\u00eame salle, \u00e0 17\u00a0h\u00a030, le spectacle Si l\u2019Europe m\u2019\u00e9tait cont\u00e9e sera interpr\u00e9t\u00e9 par la compagnie 12.21 cr\u00e9\u00e9e en novembre\u00a02014 par Fatou Ba. Il s\u2019adresse aux petits et aux grands et narre des contes venus du Portugal, d\u2019Espagne, de Slovaquie et de France. Merci de prendre sa place dix minutes en avance au 03\u00a088\u00a081\u00a086\u00a010 ou via mediatheque@lampertheim.fr<\/p>\n<p>Ce contenu est bloqu\u00e9 car vous n&rsquo;avez pas accept\u00e9 les cookies et autres traceurs.<\/p>\n<p>En cliquant sur \u00ab J\u2019accepte \u00bb, les cookies et autres traceurs seront d\u00e9pos\u00e9s et vous pourrez visualiser les contenus  (<a href=\"\" class=\"consentModule_policy\" target=\"_blank\" title=\"Consulter la politique de protection des donn\u00e9es du fournisseur\">plus d&rsquo;informations<\/a>).<\/p>\n<p>En cliquant sur \u00ab J\u2019accepte tous les cookies \u00bb, vous autorisez des d\u00e9p\u00f4ts de cookies et autres traceurs pour le stockage de vos donn\u00e9es sur nos sites et applications \u00e0 des fins de personnalisation et de ciblage publicitaire.<\/p>\n<p class=\"consentModule_secondaryText\">Vous gardez la possibilit\u00e9 de retirer votre consentement \u00e0 tout moment en consultant notre <a href=\"https:\/\/www.dna.fr\/protection-des-donnees\" target=\"_blank\" title=\"Consulter notre politique de protection des donn\u00e9es\" rel=\"nofollow noopener\">politique de protection des donn\u00e9es<\/a>. <br \/>&#13;<br \/>\n            <a href=\"https:\/\/www.dna.fr\/societe\/2025\/05\/10\/javascript:Didomi.notice.show()\" class=\"consentModule_cmp\" rel=\"nofollow noopener\" target=\"_blank\">G\u00e9rer mes choix<\/a>&#13;\n        <\/p>\n<p>&#13;<br \/>\n                        J&rsquo;accepte&#13;<br \/>\n            J&rsquo;accepte tous les cookies&#13;\n        <\/p>\n<p>\u00c0 18\u00a0h\u00a030 sur le parvis de la m\u00e9diath\u00e8que se d\u00e9roulera la c\u00e9r\u00e9monie de remise <a href=\"https:\/\/www.dna.fr\/politique\/2024\/03\/28\/la-commune-candidate-au-label-ville-europeenne\" target=\"_blank\" rel=\"nofollow noopener\">du dipl\u00f4me label Ville europ\u00e9enne<\/a> saluant l\u2019action de la commune dans ce domaine en pr\u00e9sence de la maire Murielle Fabre, de conseillers municipaux, du pr\u00e9sident national du Mouvement europ\u00e9en Herv\u00e9 Moritz et de son pr\u00e9sident d\u2019Alsace Tristan Boursico. La commune avait candidat\u00e9 pour ce label en raison de ses actions en faveur de l\u2019Europe.<\/p>\n<p>Pour prolonger ce temps sur l\u2019Europe, une exposition \u201cL\u2019Europe se dessine\u201d sera visible dans la salle d\u2019animation jusqu\u2019au 18\u00a0mai aux horaires d\u2019ouverture de la m\u00e9diath\u00e8que. Elle est pr\u00eat\u00e9e par le Centre d\u2019information sur les institutions europ\u00e9ennes (CIIE). Une occasion de d\u00e9couvrir les interpr\u00e9tations de l\u2019Europe par diff\u00e9rents illustrateurs europ\u00e9ens. Des goodies fournis par le CIIE seront \u00e0 la disposition du public.<\/p>\n<p class=\"note\">Journ\u00e9e sur l\u2019Europe, lundi 12\u00a0mai en diff\u00e9rents lieux \u00e0 Lampertheim. Exposition \u201cL\u2019Europe se dessine\u201d \u00e0 la m\u00e9diath\u00e8que\u00a0: 1, place du G\u00e9n\u00e9ral-de-Gaulle, Lampertheim. Ouverte lundi de 17\u00a0h \u00e0 18\u00a0h\u00a030, mardi de 15\u00a0h \u00e0 19\u00a0h, mercredi de 10\u00a0h \u00e0 12\u00a0h et de 15\u00a0h \u00e0 17\u00a0h, jeudi de 15\u00a0h \u00e0 17\u00a0h, vendredi de 15\u00a0h \u00e0 18\u00a0h et samedi de 10\u00a0h \u00e0 12\u00a0h.<\/p>\n","protected":false},"excerpt":{"rendered":"C\u2019est une premi\u00e8re pour la municipalit\u00e9 de Lampertheim. Une journ\u00e9e sera int\u00e9gralement d\u00e9di\u00e9e \u00e0 l\u2019Europe. Lundi 12\u00a0mai, de&hellip;\n","protected":false},"author":2,"featured_media":91724,"comment_status":"","ping_status":"","sticky":false,"template":"","format":"standard","meta":{"footnotes":""},"categories":[2820],"tags":[1111,11,4523,2880,1777,674,107,1011,27,775,10462,12,25,104,640,3265,1631],"class_list":{"0":"post-91723","1":"post","2":"type-post","3":"status-publish","4":"format-standard","5":"has-post-thumbnail","7":"category-strasbourg","8":"tag-actu","9":"tag-actualites","10":"tag-conseils-pratiques","11":"tag-edition-strasbourg","12":"tag-eu","13":"tag-europe","14":"tag-fil-info","15":"tag-fr","16":"tag-france","17":"tag-grand-est","18":"tag-lampertheim","19":"tag-news","20":"tag-republique-francaise","21":"tag-societe","22":"tag-strasbourg","23":"tag-strasbourg-nord","24":"tag-vie-associative"},"share_on_mastodon":{"url":"https:\/\/pubeurope.com\/@fr\/114489073586319899","error":""},"_links":{"self":[{"href":"https:\/\/www.europesays.com\/fr\/wp-json\/wp\/v2\/posts\/91723","targetHints":{"allow":["GET"]}}],"collection":[{"href":"https:\/\/www.europesays.com\/fr\/wp-json\/wp\/v2\/posts"}],"about":[{"href":"https:\/\/www.europesays.com\/fr\/wp-json\/wp\/v2\/types\/post"}],"author":[{"embeddable":true,"href":"https:\/\/www.europesays.com\/fr\/wp-json\/wp\/v2\/users\/2"}],"replies":[{"embeddable":true,"href":"https:\/\/www.europesays.com\/fr\/wp-json\/wp\/v2\/comments?post=91723"}],"version-history":[{"count":0,"href":"https:\/\/www.europesays.com\/fr\/wp-json\/wp\/v2\/posts\/91723\/revisions"}],"wp:featuredmedia":[{"embeddable":true,"href":"https:\/\/www.europesays.com\/fr\/wp-json\/wp\/v2\/media\/91724"}],"wp:attachment":[{"href":"https:\/\/www.europesays.com\/fr\/wp-json\/wp\/v2\/media?parent=91723"}],"wp:term":[{"taxonomy":"category","embeddable":true,"href":"https:\/\/www.europesays.com\/fr\/wp-json\/wp\/v2\/categories?post=91723"},{"taxonomy":"post_tag","embeddable":true,"href":"https:\/\/www.europesays.com\/fr\/wp-json\/wp\/v2\/tags?post=91723"}],"curies":[{"name":"wp","href":"https:\/\/api.w.org\/{rel}","templated":true}]}}