{"id":91737,"date":"2025-05-11T12:04:10","date_gmt":"2025-05-11T12:04:10","guid":{"rendered":"https:\/\/www.europesays.com\/fr\/91737\/"},"modified":"2025-05-11T12:04:10","modified_gmt":"2025-05-11T12:04:10","slug":"les-bonnes-adresses-de-david-madec-directeur-des-monuments-et-musees-de-toulouse","status":"publish","type":"post","link":"https:\/\/www.europesays.com\/fr\/91737\/","title":{"rendered":"Les bonnes adresses de David Madec, directeur des monuments et mus\u00e9es de Toulouse"},"content":{"rendered":"<p>            Par<br \/>\n        <strong><br \/>\n            <a href=\"https:\/\/actu.fr\/auteur\/mareva-laville-actu-fr\" title=\"Consulter tous les articles de Mar\u00e9va Laville\" rel=\"nofollow noopener\" target=\"_blank\">Mar\u00e9va Laville<\/a><br \/>\n        <\/strong><\/p>\n<p>        Publi\u00e9 le<\/p>\n<p>            11 mai 2025 \u00e0 13h57        <\/p>\n<p>Il a connu l\u2019entr\u00e9e de Jos\u00e9phine Baker ou encore Simone Veil au Panth\u00e9on. Apr\u00e8s 20 ans d\u2019exercice \u00e0 Paris, <strong>David Madec<\/strong> a rejoint la Ville rose il y a deux ans et demi. Mais ici, le n\u00e9o-toulousain est loin d\u2019\u00eatre novice. Le<strong> directeur des monuments et mus\u00e9es de la Ville de<\/strong> <a href=\"http:\/\/www.actu.fr\/toulouse\" rel=\"nofollow noopener\" target=\"_blank\"><strong>Toulouse<\/strong> <\/a>la conna\u00eet comme sa poche, lorsqu\u2019il s\u2019agit de parler culture et patrimoine. Pour Actu Toulouse, il partage ce qu\u2019il consid\u00e8re \u00eatre de v\u00e9ritables p\u00e9pites.<\/p>\n<p>#1. Un monument<br \/>\n      <img   decoding=\"async\" loading=\"lazy\" src=\"https:\/\/www.europesays.com\/fr\/wp-content\/uploads\/2025\/05\/basilique-saint-sernin-soleil-960x640.jpg\" alt=\"Le soleil restera au rendez-vous ce mercredi 15 janvier 2025 \u00e0 Toulouse. Le froid aussi.\" width=\"960\" height=\"640\"\/><br \/>\n    L\u2019embl\u00e9matique basilique Saint-Sernin poss\u00e8de une nouvelle rosace. (\u00a9Mar\u00e9va Laville \/ Actu Toulouse)<\/p>\n<p class=\" wall-content\">Mon monument pr\u00e9f\u00e9r\u00e9\u2009? \u00c9videmment, c\u2019est dur de choisir parce qu\u2019ils sont tous int\u00e9ressants, mais je vais dire<strong> Saint-Sernin<\/strong> parce que c\u2019est le plus embl\u00e9matique. Mais aussi puisqu\u2019on a install\u00e9<a href=\"https:\/\/actu.fr\/occitanie\/toulouse_31555\/toulouse-la-basilique-saint-sernin-devoile-sa-nouvelle-rosace-dans-la-penombre-elle-est-splendide_61937118.html#:~:text=Ce%20vendredi%2029%20novembre%202024,en%20plein%20c%C5%93ur%20de%20ville.&amp;text=Au%20terme%20de%20sept%20ans,r%C3%A9novation%20de%20la%20place%20%C3%A9ponyme.\" rel=\"nofollow noopener\" target=\"_blank\"> la nouvelle rosace l\u2019an dernier.<\/a> C\u2019est un nouveau chef-d\u2019\u0153uvre dans la basilique, c\u2019est vraiment un tr\u00e8s bel objet\u2009!<\/p>\n<p>#2. Un lieu peu connu qui gagne \u00e0 l\u2019\u00eatre<br \/>\n      <img   decoding=\"async\" loading=\"lazy\" src=\"https:\/\/www.europesays.com\/fr\/wp-content\/uploads\/2025\/05\/monument-bunker-toulouse-960x640.jpg\" alt=\"Le monument-mus\u00e9e ressemble \u00e0 un bunker.\" width=\"960\" height=\"640\"\/><br \/>\n    Le monument-mus\u00e9e ressemble \u00e0 un bunker. (\u00a9Archives \/ Fabien Hisbacq \/ Actu Toulouse)<\/p>\n<p class=\" wall-content\">Alors, je dirais le <strong>Monument \u00e0 la gloire de la r\u00e9sistance,<\/strong> qui est all\u00e9e Fr\u00e9d\u00e9ric Mistral. C\u2019est une cr\u00e9ation g\u00e9niale\u2009! Compl\u00e8te en architecture, image et son. <a href=\"https:\/\/actu.fr\/occitanie\/toulouse_31555\/toulouse-elle-va-s-illuminer-comme-chaque-annee-le-19-aout-a-11-heures-et-ca-dure-depuis-50-ans_44107048.html\" rel=\"nofollow noopener\" target=\"_blank\">Vous plongez litt\u00e9ralement dans les entrailles de l\u2019occupation via le son et les images<\/a>. Puis en bas, au plus profond, en descendant de deux \u00e9tages, on aper\u00e7oit la lumi\u00e8re et d\u2019un coup le monument s\u2019ouvre et on sort sur le man\u00e8ge des enfants dans le <a href=\"https:\/\/actu.fr\/occitanie\/toulouse_31555\/toulouse-avec-cette-balade-sonore-ce-jardin-remarquable-se-decouvre-autrement_59890336.html\" rel=\"nofollow noopener\" target=\"_blank\">Jardin des plantes<\/a>\u2009! C\u2019est une visite un peu dure, mais c\u2019est une exp\u00e9rience qui gagne \u00e0 \u00eatre connue. C\u2019est l\u2019une des d\u00e9couvertes incroyables que j\u2019ai faite en arrivant \u00e0 Toulouse. C\u2019est ouvert tous les week-ends.<\/p>\n<p>Vid\u00e9os : en ce moment sur Actu#3. Un mus\u00e9e<br \/>\n      <img   decoding=\"async\" loading=\"lazy\" src=\"https:\/\/www.europesays.com\/fr\/wp-content\/uploads\/2025\/05\/9-cour-du-musee-en-cours-de-renovation-fevrier-2022-c-photo-patrice-nin-960x640-1-960x640.jpg\" alt=\"Le mus\u00e9e se trouve dans le quartier Saint-Etienne, dans le centre de Toulouse.\" width=\"960\" height=\"640\"\/><br \/>\n    Le mus\u00e9e se trouve dans le quartier Saint-Etienne, dans le centre de Toulouse. (\u00a9Patrice Nin \/ Mairie de Toulouse)<\/p>\n<p class=\" wall-content\">C\u2019est dur de choisir, en attendant la r\u00e9ouverture des Augustins\u2026 Je pourrais dire le <a href=\"https:\/\/actu.fr\/occitanie\/toulouse_31555\/toulouse-pourquoi-les-travaux-de-ce-musee-ne-demarrent-toujours-pas_60757808.html\" rel=\"nofollow noopener\" target=\"_blank\">mus\u00e9e Georges-Labit<\/a> s\u2019il \u00e9tait ouvert\u2026 Donc je vais choisir le <strong>mus\u00e9e des Arts Pr\u00e9cieux Paul-Dupuy.<\/strong> C\u2019est un mus\u00e9e de collection qui peut para\u00eetre destin\u00e9 aux sp\u00e9cialistes, mais en r\u00e9alit\u00e9, c\u2019est pour tout le monde\u2009! Il y a de la c\u00e9ramique, des montres, certes tr\u00e8s tr\u00e8s \u00e9labor\u00e9es, mais ce sont des objets de tous les jours. C\u2019est, selon moi, un mus\u00e9e qui gagne \u00e0 \u00eatre connu et reconnu\u2009!<\/p>\n<p>#4. La plus belle vue de Toulouse<br \/>\n      <img   decoding=\"async\" loading=\"lazy\" src=\"https:\/\/www.europesays.com\/fr\/wp-content\/uploads\/2025\/05\/vue-dome-grave-960x640.jpeg\" alt=\"A 50 m\u00e8tres de haut, le haut du d\u00f4me de la Grave \u00e0 Toulouse offre un point de vue imprenable sur la Ville rose. \" width=\"960\" height=\"640\"\/><br \/>\n    \u00c0 50 m\u00e8tres de haut, le d\u00f4me de la Grave \u00e0 Toulouse offre un point de vue imprenable sur la Ville rose. (\u00a9Mar\u00e9va Laville \/ Actu Toulouse)<\/p>\n<p class=\" wall-content\">Alors, du haut du <strong>d\u00f4me de la Grave<\/strong>, \u00e7a c\u2019est immanquable\u2009! Et vous me direz, pourquoi pas le clocher de Saint-Sernin\u2009? Mais <a href=\"https:\/\/actu.fr\/occitanie\/toulouse_31555\/video-toulouse-et-ses-secrets-le-dome-de-la-grave-sa-magnifique-vue-d-en-haut-et-ses-anecdotes_61686625.html\" rel=\"nofollow noopener\" target=\"_blank\">depuis le d\u00f4me de la Grave<\/a>, on est <a href=\"https:\/\/actu.fr\/occitanie\/toulouse_31555\/images-a-quoi-va-ressembler-le-nouvel-espace-vert-au-pied-du-dome-de-la-grave-a-toulouse_62202554.html\" rel=\"nofollow noopener\" target=\"_blank\">c\u00f4t\u00e9 Saint-Cyprien<\/a>, on voit tout l\u2019hypercentre et on comprend toute l\u2019organisation de la ville et des agrandissements successifs. C\u2019est s\u00e9duisant. On n\u2019a pas ce panorama depuis le couvent des Cordeliers \u00e0 la Banque de France, ni \u00e0 Saint-Sernin.<\/p>\n<p>#5. Un restaurant (bonus\u2009!)<br \/>\n      <img   decoding=\"async\" loading=\"lazy\" src=\"https:\/\/www.europesays.com\/fr\/wp-content\/uploads\/2025\/05\/contrepied-toulouse-960x640.jpg\" alt=\"Le restaurant se trouve rue des pr\u00eatres aux Carmes, \u00e0 c\u00f4t\u00e9 des halles.\" width=\"960\" height=\"640\"\/><br \/>\n    Le restaurant se trouve rue des pr\u00eatres aux Carmes, \u00e0 c\u00f4t\u00e9 des halles. (\u00a9Lucie Jodot \/ Actu Toulouse)<\/p>\n<p class=\" wall-content\"><strong>Le Contre-pied<\/strong>, dans la rue des pr\u00eatres aux <a href=\"https:\/\/actu.fr\/occitanie\/toulouse_31555\/toulouse-cette-batisse-de-plus-de-250-ans-va-etre-vendue-voici-son-histoire_61929791.html\" rel=\"nofollow noopener\" target=\"_blank\">Carmes<\/a>. Parce que le choix des vins est toujours g\u00e9nial et les plats, c\u2019est toujours une d\u00e9couverte\u2009! Ce sont des plats classiques, mais totalement revisit\u00e9s dans la forme, auxquels des ingr\u00e9dients totalement inattendus sont ajout\u00e9s.<\/p>\n<p class=\" wall-content\">Suivez toute l\u2019actualit\u00e9 de vos villes et m\u00e9dias favoris en vous inscrivant \u00e0 <a href=\"https:\/\/moncompte.actu.fr\" title=\"D\u00e9couvez Mon Actu\" rel=\"nofollow noopener\" data-trk=\"{&quot;cta&quot;:{&quot;action&quot;:&quot;https:\\\/\\\/moncompte.actu.fr&quot;,&quot;category&quot;:&quot;mon compte&quot;,&quot;from&quot;:&quot;article footer&quot;,&quot;name&quot;:&quot;Mon actu&quot;,&quot;type&quot;:&quot;cta&quot;}}\" target=\"_blank\">Mon Actu<\/a>.<\/p>\n<ul class=\"ac-article-tag wall-content\">\n<li><a href=\"https:\/\/actu.fr\/tag\/patrimoine\" data-trk=\"{&quot;cta&quot;:{&quot;action&quot;:&quot;Patrimoine&quot;,&quot;category&quot;:&quot;tag&quot;,&quot;from&quot;:&quot;article footer&quot;,&quot;name&quot;:&quot;Patrimoine&quot;,&quot;type&quot;:&quot;cta&quot;}}\" rel=\"nofollow noopener\" target=\"_blank\">#Patrimoine<\/a><\/li>\n<li><a href=\"https:\/\/actu.fr\/tag\/sortir-a-toulouse\" data-trk=\"{&quot;cta&quot;:{&quot;action&quot;:&quot;Sortir \\u00e0 Toulouse&quot;,&quot;category&quot;:&quot;tag&quot;,&quot;from&quot;:&quot;article footer&quot;,&quot;name&quot;:&quot;Sortir \\u00e0 Toulouse&quot;,&quot;type&quot;:&quot;cta&quot;}}\" rel=\"nofollow noopener\" target=\"_blank\">#Sortir \u00e0 Toulouse<\/a><\/li>\n<\/ul>\n","protected":false},"excerpt":{"rendered":"Par Mar\u00e9va Laville Publi\u00e9 le 11 mai 2025 \u00e0 13h57 Il a connu l\u2019entr\u00e9e de Jos\u00e9phine Baker ou&hellip;\n","protected":false},"author":2,"featured_media":91738,"comment_status":"","ping_status":"","sticky":false,"template":"","format":"standard","meta":{"footnotes":""},"categories":[2816],"tags":[1111,11,1777,674,1011,27,1305,12,2680,2551,25,1341,2312],"class_list":{"0":"post-91737","1":"post","2":"type-post","3":"status-publish","4":"format-standard","5":"has-post-thumbnail","7":"category-toulouse","8":"tag-actu","9":"tag-actualites","10":"tag-eu","11":"tag-europe","12":"tag-fr","13":"tag-france","14":"tag-lifestyle","15":"tag-news","16":"tag-occitanie","17":"tag-patrimoine","18":"tag-republique-francaise","19":"tag-sortir-a-toulouse","20":"tag-toulouse"},"share_on_mastodon":{"url":"https:\/\/pubeurope.com\/@fr\/114489109273077635","error":""},"_links":{"self":[{"href":"https:\/\/www.europesays.com\/fr\/wp-json\/wp\/v2\/posts\/91737","targetHints":{"allow":["GET"]}}],"collection":[{"href":"https:\/\/www.europesays.com\/fr\/wp-json\/wp\/v2\/posts"}],"about":[{"href":"https:\/\/www.europesays.com\/fr\/wp-json\/wp\/v2\/types\/post"}],"author":[{"embeddable":true,"href":"https:\/\/www.europesays.com\/fr\/wp-json\/wp\/v2\/users\/2"}],"replies":[{"embeddable":true,"href":"https:\/\/www.europesays.com\/fr\/wp-json\/wp\/v2\/comments?post=91737"}],"version-history":[{"count":0,"href":"https:\/\/www.europesays.com\/fr\/wp-json\/wp\/v2\/posts\/91737\/revisions"}],"wp:featuredmedia":[{"embeddable":true,"href":"https:\/\/www.europesays.com\/fr\/wp-json\/wp\/v2\/media\/91738"}],"wp:attachment":[{"href":"https:\/\/www.europesays.com\/fr\/wp-json\/wp\/v2\/media?parent=91737"}],"wp:term":[{"taxonomy":"category","embeddable":true,"href":"https:\/\/www.europesays.com\/fr\/wp-json\/wp\/v2\/categories?post=91737"},{"taxonomy":"post_tag","embeddable":true,"href":"https:\/\/www.europesays.com\/fr\/wp-json\/wp\/v2\/tags?post=91737"}],"curies":[{"name":"wp","href":"https:\/\/api.w.org\/{rel}","templated":true}]}}