{"id":91744,"date":"2025-05-11T12:08:08","date_gmt":"2025-05-11T12:08:08","guid":{"rendered":"https:\/\/www.europesays.com\/fr\/91744\/"},"modified":"2025-05-11T12:08:08","modified_gmt":"2025-05-11T12:08:08","slug":"a-la-timone-2-000-soignants-face-a-la-disparition-annoncee-de-leur-parking","status":"publish","type":"post","link":"https:\/\/www.europesays.com\/fr\/91744\/","title":{"rendered":"\u00c0 la Timone, 2 000 soignants face \u00e0 la disparition annonc\u00e9e de leur parking"},"content":{"rendered":"<p>Pour les soignants de la Timone, le \u00ab\u00a0manque d\u2019anticipation\u00a0\u00bb est venu conforter leurs craintes. Convoqu\u00e9s pour un \u00e9change avec leur direction mercredi dernier dans l\u2019amphith\u00e9\u00e2tre de l\u2019h\u00f4pital public, ils se sont vus proposer plusieurs types d\u2019aides <a href=\"https:\/\/www.laprovence.com\/article\/region\/15208290949086\/on-est-la-pour-soigner-pas-pour-chercher-une-place-a-la-timone-le-stationnement-anarchique-perturbe-les-soins\" target=\"_blank\" rel=\"noopener\">pour faciliter leur stationnement \u00e0 proximit\u00e9 du travail<\/a>. Ce lundi 12 mai verra en effet le premier coup de pioche pour la construction du nouveau p\u00f4le maternit\u00e9 sur l\u2019actuel parking de la Timone qui absorbait au quotidien plus de 500 voitures.<\/p>\n","protected":false},"excerpt":{"rendered":"Pour les soignants de la Timone, le \u00ab\u00a0manque d\u2019anticipation\u00a0\u00bb est venu conforter leurs craintes. Convoqu\u00e9s pour un \u00e9change&hellip;\n","protected":false},"author":2,"featured_media":91745,"comment_status":"","ping_status":"","sticky":false,"template":"","format":"standard","meta":{"footnotes":""},"categories":[2814],"tags":[6541,17,1111,11,20306,2715,1777,674,2823,1011,27,884,12,882,16,25,3873,12147],"class_list":{"0":"post-91744","1":"post","2":"type-post","3":"status-publish","4":"format-standard","5":"has-post-thumbnail","7":"category-marseille","8":"tag-6541","9":"tag-17","10":"tag-actu","11":"tag-actualites","12":"tag-annoncee","13":"tag-disparition","14":"tag-eu","15":"tag-europe","16":"tag-face","17":"tag-fr","18":"tag-france","19":"tag-marseille","20":"tag-news","21":"tag-provence-alpes-cote-dazur","22":"tag-region","23":"tag-republique-francaise","24":"tag-soignants","25":"tag-timone"},"share_on_mastodon":{"url":"https:\/\/pubeurope.com\/@fr\/114489124664682333","error":""},"_links":{"self":[{"href":"https:\/\/www.europesays.com\/fr\/wp-json\/wp\/v2\/posts\/91744","targetHints":{"allow":["GET"]}}],"collection":[{"href":"https:\/\/www.europesays.com\/fr\/wp-json\/wp\/v2\/posts"}],"about":[{"href":"https:\/\/www.europesays.com\/fr\/wp-json\/wp\/v2\/types\/post"}],"author":[{"embeddable":true,"href":"https:\/\/www.europesays.com\/fr\/wp-json\/wp\/v2\/users\/2"}],"replies":[{"embeddable":true,"href":"https:\/\/www.europesays.com\/fr\/wp-json\/wp\/v2\/comments?post=91744"}],"version-history":[{"count":0,"href":"https:\/\/www.europesays.com\/fr\/wp-json\/wp\/v2\/posts\/91744\/revisions"}],"wp:featuredmedia":[{"embeddable":true,"href":"https:\/\/www.europesays.com\/fr\/wp-json\/wp\/v2\/media\/91745"}],"wp:attachment":[{"href":"https:\/\/www.europesays.com\/fr\/wp-json\/wp\/v2\/media?parent=91744"}],"wp:term":[{"taxonomy":"category","embeddable":true,"href":"https:\/\/www.europesays.com\/fr\/wp-json\/wp\/v2\/categories?post=91744"},{"taxonomy":"post_tag","embeddable":true,"href":"https:\/\/www.europesays.com\/fr\/wp-json\/wp\/v2\/tags?post=91744"}],"curies":[{"name":"wp","href":"https:\/\/api.w.org\/{rel}","templated":true}]}}