{"id":91754,"date":"2025-05-11T12:14:09","date_gmt":"2025-05-11T12:14:09","guid":{"rendered":"https:\/\/www.europesays.com\/fr\/91754\/"},"modified":"2025-05-11T12:14:09","modified_gmt":"2025-05-11T12:14:09","slug":"cest-quoi-les-balades-passerelles-ces-nouvelles-visites-guidees-insolites-pour-decouvrir-le-grand-paris","status":"publish","type":"post","link":"https:\/\/www.europesays.com\/fr\/91754\/","title":{"rendered":"C&rsquo;est quoi les \u00ab\u00a0balades passerelles\u00a0\u00bb, ces nouvelles visites guid\u00e9es insolites pour d\u00e9couvrir le Grand Paris"},"content":{"rendered":"<p>            Par<br \/>\n        <strong><br \/>\n            <a href=\"https:\/\/actu.fr\/auteur\/redaction-paris\" title=\"Consulter tous les articles de R\u00e9daction Paris\" rel=\"nofollow noopener\" target=\"_blank\">R\u00e9daction Paris<\/a><br \/>\n        <\/strong><\/p>\n<p>        Publi\u00e9 le<\/p>\n<p>            11 mai 2025 \u00e0 13h16        <\/p>\n<p>Une nouvelle <strong>fa\u00e7on<\/strong> de d\u00e9couvrir la r\u00e9gion. Lundi 5\u00a0mai 2025, <a href=\"https:\/\/actu.fr\/ile-de-france\/paris_75056\/le-festival-explore-paris-vous-fait-decouvrir-le-grand-paris-a-pied-a-velo-ou-sur-l-eau_51273859.html\" rel=\"nofollow noopener\" target=\"_blank\">Explore Paris<\/a> a lanc\u00e9 les <strong>\u00ab\u2009balades<\/strong> passerelles\u2009\u00bb, une nouvelle offre de visites guid\u00e9es pour d\u00e9couvrir de mani\u00e8re insolite Paris et aussi ses d\u00e9partements limitrophes. Au total, douze balades sont propos\u00e9es \u00e0 d\u00e9couvrir<a href=\"https:\/\/actu.fr\/ile-de-france\/paris_75056\/reseau-velo-ile-de-france-pourquoi-le-projet-prend-du-retard_60514435.html\" rel=\"nofollow noopener\" target=\"_blank\"><strong> \u00e0 pied ou \u00e0 v\u00e9lo<\/strong><\/a><strong>.<\/strong><\/p>\n<p>Douze visites pour relier les territoires<\/p>\n<p class=\" wall-content\">Au total, environ <strong>30\u2009000 visites<\/strong> ont \u00e9t\u00e9 mises en ligne depuis la cr\u00e9ation d\u2019Explore Paris. Cette nouvelle offre vient agr\u00e9menter le catalogue en mettant cette fois-ci l\u2019accent sur les <strong>liens entre les d\u00e9partements<\/strong> en reliant deux d\u2019entre eux lors d\u2019une seule et m\u00eame visite. Et les mobilit\u00e9s douces se renfor\u00e7ant dans le Grand Paris, celui-ci est fait \u00e0 pied ou \u00e0 v\u00e9lo.<\/p>\n<p class=\" wall-content\">\u00ab\u2009Con\u00e7us comme les offres d\u00e9j\u00e0 disponibles sur Explore Paris, ces \u00ab\u2009circuits\u2009\u00bb permettent aux participants de vivre une exp\u00e9rience in\u00e9dite hors des sentiers battus, de plonger dans l\u2019histoire ou la sp\u00e9cificit\u00e9 d\u2019un quartier du Grand Paris, et de prendre conscience de la proximit\u00e9 des territoires dans ce Paris \u00e9largi\u2009\u00bb, pr\u00e9sente l\u2019organisme de tourisme.<\/p>\n<p class=\" wall-content\"><strong>D\u00e9couvrez les six balades \u00e0 pied\u2009:<\/strong><\/p>\n<ul class=\" wall-content\">\n<li>Sur les traces de la ville verte et durable (\u00c9pinay-surSeine \u2013 Gennevilliers)<\/li>\n<li>Autour de la Porte de Montreuil, pass\u00e9 et transformations (Paris \u2013 Montreuil)<\/li>\n<li>D\u00e9couverte du street art (Porte de Vanves \u2013 Malakoff)<\/li>\n<li>Les cantines engag\u00e9es du Nord-Est parisien (Paris \u2013 Pantin)<\/li>\n<li>La plus grande op\u00e9ration urbaine depuis \u201cle Grand Paris\u201d d\u2019Haussmann (Paris \u2013 Ivry-sur-Seine)<\/li>\n<li>Une histoire du p\u00e9riph\u00e9rique, de la Cit\u00e9 universitaire internationale \u00e0 Gentilly (Paris \u2013 Gentilly)<\/li>\n<\/ul>\n<p class=\" wall-content\"><strong>Et les six autres \u00e0 v\u00e9lo\u2009:<\/strong><\/p>\n<ul class=\" wall-content\">\n<li>Osons la r\u00e9cup, la seconde main solidaire (Aubervilliers \u2013 Gennevilliers)<\/li>\n<li>Le Sceaux l\u2019y laisse (Sceaux \u2013 Le Plessis-Robinson \u2013 Meudon \u2013 Issy-les-Moulineaux \u2013 Paris)<\/li>\n<li>Paroles et initiatives de femmes influentes (Le Kremlin-Bic\u00eatre \u2013 Bagneux)<\/li>\n<li>De la R\u00e9volution industrielle au futur de la Seine-Saint-Denis (Paris \u2013 Saint-Denis)<\/li>\n<li>Pause verte gr\u00e2ce \u00e0 l\u2019agriculture urbaine et aux initiatives \u00e9cologiques (Noisy-le-Sec \u2013 Nogent-sur-Marne)<\/li>\n<li>L\u2019Est parisien \u00e0 v\u00e9lo, \u00e0 la d\u00e9couverte des transformations de la ville au fil des bords de Seine et de Marne (Paris \u2013 Vincennes \u2013 Saint-Mand\u00e9)<\/li>\n<\/ul>\n<p>Vid\u00e9os : en ce moment sur Actu<\/p>\n<p class=\" wall-content\">Les sorties sont d\u2019ores et d\u00e9j\u00e0 disponibles \u00e0 la r\u00e9servation. Comptez<strong> entre 10 et 15\u00a0euros<\/strong> par personne.<\/p>\n<p class=\" wall-content\">Suivez toute l\u2019actualit\u00e9 de vos villes et m\u00e9dias favoris en vous inscrivant \u00e0 <a href=\"https:\/\/moncompte.actu.fr\" title=\"D\u00e9couvez Mon Actu\" rel=\"nofollow noopener\" data-trk=\"{&quot;cta&quot;:{&quot;action&quot;:&quot;https:\\\/\\\/moncompte.actu.fr&quot;,&quot;category&quot;:&quot;mon compte&quot;,&quot;from&quot;:&quot;article footer&quot;,&quot;name&quot;:&quot;Mon actu&quot;,&quot;type&quot;:&quot;cta&quot;}}\" target=\"_blank\">Mon Actu<\/a>.<\/p>\n","protected":false},"excerpt":{"rendered":"Par R\u00e9daction Paris Publi\u00e9 le 11 mai 2025 \u00e0 13h16 Une nouvelle fa\u00e7on de d\u00e9couvrir la r\u00e9gion. Lundi&hellip;\n","protected":false},"author":2,"featured_media":91755,"comment_status":"","ping_status":"","sticky":false,"template":"","format":"standard","meta":{"footnotes":""},"categories":[1888],"tags":[1111,1928,11,1927,1777,674,1011,27,1652,12,1926,626,1925,25,602,208],"class_list":{"0":"post-91754","1":"post","2":"type-post","3":"status-publish","4":"format-standard","5":"has-post-thumbnail","7":"category-paris","8":"tag-actu","9":"tag-actu-paris","10":"tag-actualites","11":"tag-actualites-paris","12":"tag-eu","13":"tag-europe","14":"tag-fr","15":"tag-france","16":"tag-loisirs-culture","17":"tag-news","18":"tag-news-paris","19":"tag-paris","20":"tag-paris-news","21":"tag-republique-francaise","22":"tag-tourisme","23":"tag-velo"},"share_on_mastodon":{"url":"https:\/\/pubeurope.com\/@fr\/114489148395110261","error":""},"_links":{"self":[{"href":"https:\/\/www.europesays.com\/fr\/wp-json\/wp\/v2\/posts\/91754","targetHints":{"allow":["GET"]}}],"collection":[{"href":"https:\/\/www.europesays.com\/fr\/wp-json\/wp\/v2\/posts"}],"about":[{"href":"https:\/\/www.europesays.com\/fr\/wp-json\/wp\/v2\/types\/post"}],"author":[{"embeddable":true,"href":"https:\/\/www.europesays.com\/fr\/wp-json\/wp\/v2\/users\/2"}],"replies":[{"embeddable":true,"href":"https:\/\/www.europesays.com\/fr\/wp-json\/wp\/v2\/comments?post=91754"}],"version-history":[{"count":0,"href":"https:\/\/www.europesays.com\/fr\/wp-json\/wp\/v2\/posts\/91754\/revisions"}],"wp:featuredmedia":[{"embeddable":true,"href":"https:\/\/www.europesays.com\/fr\/wp-json\/wp\/v2\/media\/91755"}],"wp:attachment":[{"href":"https:\/\/www.europesays.com\/fr\/wp-json\/wp\/v2\/media?parent=91754"}],"wp:term":[{"taxonomy":"category","embeddable":true,"href":"https:\/\/www.europesays.com\/fr\/wp-json\/wp\/v2\/categories?post=91754"},{"taxonomy":"post_tag","embeddable":true,"href":"https:\/\/www.europesays.com\/fr\/wp-json\/wp\/v2\/tags?post=91754"}],"curies":[{"name":"wp","href":"https:\/\/api.w.org\/{rel}","templated":true}]}}