{"id":91758,"date":"2025-05-11T12:16:08","date_gmt":"2025-05-11T12:16:08","guid":{"rendered":"https:\/\/www.europesays.com\/fr\/91758\/"},"modified":"2025-05-11T12:16:08","modified_gmt":"2025-05-11T12:16:08","slug":"apres-les-jo-de-paris-2024-lucky-love-ouvrira-le-festival-garden-parvis-a-la-defense-et-cest-gratuit","status":"publish","type":"post","link":"https:\/\/www.europesays.com\/fr\/91758\/","title":{"rendered":"Apr\u00e8s les JO de Paris 2024, Lucky Love ouvrira le festival Garden Parvis \u00e0 La D\u00e9fense et c&rsquo;est gratuit\u00a0!"},"content":{"rendered":"<p>            Par<br \/>\n        <strong><br \/>\n            <a href=\"https:\/\/actu.fr\/auteur\/redaction-paris\" title=\"Consulter tous les articles de R\u00e9daction Paris\" rel=\"nofollow noopener\" target=\"_blank\">R\u00e9daction Paris<\/a><br \/>\n        <\/strong><\/p>\n<p>        Publi\u00e9 le<\/p>\n<p>            11 mai 2025 \u00e0 13h02        <\/p>\n<p>Sa prestation a marqu\u00e9 la plan\u00e8te enti\u00e8re. Moins d\u2019un an apr\u00e8s sa r\u00e9v\u00e9lation au grand public lors des Jeux paralympiques de Paris 2024, <strong><a href=\"https:\/\/actu.fr\/jeux-paralympiques\/ceremonie-d-ouverture-icone-lgbt-danseur-chanteur-qui-est-l-artiste-lucky-love-ne-sans-bras_61539371.html\" rel=\"nofollow noopener\" target=\"_blank\">Lucky Love<\/a><\/strong> inaugurera la nouvelle \u00e9dition du <strong>festival Garden Parvis<\/strong> de<strong> <a href=\"https:\/\/actu.fr\/tag\/la-defense\" rel=\"nofollow noopener\" target=\"_blank\">La D\u00e9fense<\/a> <\/strong>(Hauts-de-Seine), le 25\u00a0juin 2025 \u00e0 20h30. Et c\u2019est gratuit\u2009!<\/p>\n<p>Un titre devenu viral<\/p>\n<p class=\" wall-content\">L\u2019artiste fran\u00e7ais devrait interpr\u00e9ter sur la sc\u00e8ne son titre devenu viral <strong>\u00ab\u2009(What about my) Masculinity\u2009\u00bb<\/strong> et aussi d\u2019autres titres de son premier album \u00ab\u2009I DON\u2019T CARE IF IT BURNS\u2009\u00bb pr\u00e9sent\u00e9 actuellement lors d\u2019une tourn\u00e9e internationale dans 17 pays.<\/p>\n<p class=\" wall-content\">\u00ab\u2009R\u00e9v\u00e9l\u00e9 au grand public lors de sa performance bouleversante \u00e0 la <a href=\"https:\/\/actu.fr\/ile-de-france\/paris_75056\/chilly-gonzales-lucky-love-revivez-les-moments-forts-de-la-ceremonie-d-ouverture-des-jeux-paralympiques_61539120.html\" rel=\"nofollow noopener\" target=\"_blank\">c\u00e9r\u00e9monie d\u2019ouverture des Jeux Paralympiques de Paris 2024<\/a>, Lucky Love incarne une nouvelle g\u00e9n\u00e9ration d\u2019artistes\u2009: sensibles, puissants, libres. Sa pr\u00e9sence au festival Garden Parvis s\u2019inscrit dans une volont\u00e9 affirm\u00e9e de c\u00e9l\u00e9brer les talents qui font<strong> vibrer la sc\u00e8ne musicale contemporaine<\/strong>, et de faire rayonner la culture au c\u0153ur du plus grand quartier d\u2019affaires d\u2019Europe\u2009\u00bb, se r\u00e9jouissent les organisateurs du festival dans un communiqu\u00e9.<\/p>\n<p>La suite du programme le 19\u00a0mai<\/p>\n<p class=\" wall-content\">Derni\u00e8rement, il \u00e9tait nomm\u00e9 dans la cat\u00e9gorie <strong>R\u00e9v\u00e9lation masculine<\/strong> aux derni\u00e8res <a href=\"https:\/\/actu.fr\/loisirs-culture\/victoires-de-la-musique-2025-sylvie-vartan-gims-santa-pierre-garnier-decouvrez-le-palmares-complet_62257798.html\" rel=\"nofollow noopener\" target=\"_blank\">Victoires de la Musique<\/a>. \u00ab\u2009Au festival Garden Parvis, Lucky Love offrira une performance g\u00e9n\u00e9reuse et inclusive, \u00e0 l\u2019image de son engagement artistique. Un concert unique, dans un lieu ouvert, gratuit et accessible \u00e0 tous \u2013 pour faire rayonner l\u2019\u00e9motion, la libert\u00e9 et la puissance de la musique live\u2009\u00bb, poursuivent les organisateurs.<\/p>\n<p class=\" wall-content\">Cette ann\u00e9e, le festival enti\u00e8rement gratuit, se d\u00e9roulera du 25 juin au 25 juillet 2025. Pour conna\u00eetre la suite de la programmation, il faudra \u00eatre encore patients. L\u2019annonce de Lucky Love n\u2019est qu\u2019un avant-go\u00fbt et le reste de la programmation sera d\u00e9voil\u00e9 le 19 mai 2025.<\/p>\n<p>Vid\u00e9os : en ce moment sur Actu<\/p>\n<p class=\" wall-content\">Suivez toute l\u2019actualit\u00e9 de vos villes et m\u00e9dias favoris en vous inscrivant \u00e0 <a href=\"https:\/\/moncompte.actu.fr\" title=\"D\u00e9couvez Mon Actu\" rel=\"nofollow noopener\" data-trk=\"{&quot;cta&quot;:{&quot;action&quot;:&quot;https:\\\/\\\/moncompte.actu.fr&quot;,&quot;category&quot;:&quot;mon compte&quot;,&quot;from&quot;:&quot;article footer&quot;,&quot;name&quot;:&quot;Mon actu&quot;,&quot;type&quot;:&quot;cta&quot;}}\" target=\"_blank\">Mon Actu<\/a>.<\/p>\n","protected":false},"excerpt":{"rendered":"Par R\u00e9daction Paris Publi\u00e9 le 11 mai 2025 \u00e0 13h02 Sa prestation a marqu\u00e9 la plan\u00e8te enti\u00e8re. Moins&hellip;\n","protected":false},"author":2,"featured_media":91759,"comment_status":"","ping_status":"","sticky":false,"template":"","format":"standard","meta":{"footnotes":""},"categories":[1888],"tags":[11,1697,1777,674,1011,27,1652,12,626,25],"class_list":{"0":"post-91758","1":"post","2":"type-post","3":"status-publish","4":"format-standard","5":"has-post-thumbnail","7":"category-paris","8":"tag-actualites","9":"tag-concert","10":"tag-eu","11":"tag-europe","12":"tag-fr","13":"tag-france","14":"tag-loisirs-culture","15":"tag-news","16":"tag-paris","17":"tag-republique-francaise"},"share_on_mastodon":{"url":"https:\/\/pubeurope.com\/@fr\/114489156186800916","error":""},"_links":{"self":[{"href":"https:\/\/www.europesays.com\/fr\/wp-json\/wp\/v2\/posts\/91758","targetHints":{"allow":["GET"]}}],"collection":[{"href":"https:\/\/www.europesays.com\/fr\/wp-json\/wp\/v2\/posts"}],"about":[{"href":"https:\/\/www.europesays.com\/fr\/wp-json\/wp\/v2\/types\/post"}],"author":[{"embeddable":true,"href":"https:\/\/www.europesays.com\/fr\/wp-json\/wp\/v2\/users\/2"}],"replies":[{"embeddable":true,"href":"https:\/\/www.europesays.com\/fr\/wp-json\/wp\/v2\/comments?post=91758"}],"version-history":[{"count":0,"href":"https:\/\/www.europesays.com\/fr\/wp-json\/wp\/v2\/posts\/91758\/revisions"}],"wp:featuredmedia":[{"embeddable":true,"href":"https:\/\/www.europesays.com\/fr\/wp-json\/wp\/v2\/media\/91759"}],"wp:attachment":[{"href":"https:\/\/www.europesays.com\/fr\/wp-json\/wp\/v2\/media?parent=91758"}],"wp:term":[{"taxonomy":"category","embeddable":true,"href":"https:\/\/www.europesays.com\/fr\/wp-json\/wp\/v2\/categories?post=91758"},{"taxonomy":"post_tag","embeddable":true,"href":"https:\/\/www.europesays.com\/fr\/wp-json\/wp\/v2\/tags?post=91758"}],"curies":[{"name":"wp","href":"https:\/\/api.w.org\/{rel}","templated":true}]}}