{"id":91768,"date":"2025-05-11T12:21:09","date_gmt":"2025-05-11T12:21:09","guid":{"rendered":"https:\/\/www.europesays.com\/fr\/91768\/"},"modified":"2025-05-11T12:21:09","modified_gmt":"2025-05-11T12:21:09","slug":"le-gouvernement-va-durcir-les-conditions-dattribution-de-visas-de-travail","status":"publish","type":"post","link":"https:\/\/www.europesays.com\/fr\/91768\/","title":{"rendered":"le gouvernement va durcir les conditions d&rsquo;attribution de visas de travail"},"content":{"rendered":"<p>Ce n&rsquo;est sans doute pas une co\u00efncidence. Au Royaume-Uni, moins de deux semaines apr\u00e8s le succ\u00e8s du parti anti-immigration Reform UK \u00e0 des \u00e9lections locales, la ministre de l&rsquo;Int\u00e9rieur Yvette Cooper pr\u00e9sentera lundi au parlement une nouvelle feuille de route en mati\u00e8re d&rsquo;immigration. \u00ab\u00a0Il s&rsquo;agit d&rsquo;un plan visant (&#8230;) \u00e0 r\u00e9duire consid\u00e9rablement l&rsquo;immigration nette\u00a0\u00bb dans le pays, qui a atteint 728.000 personnes entre juin 2023 et juin 2024, a d\u00e9clar\u00e9 la ministre sur Sky news dimanche. Le Premier ministre Keir Starmer a lui d\u00e9fendu ces mesures \u00ab fermes \u00bb et accus\u00e9 sur X les conservateurs d&rsquo;avoir \u00ab perdu le contr\u00f4le \u00bb des fronti\u00e8res.<\/p>\n<p>Les travaillistes, arriv\u00e9s au pouvoir en juillet dernier, veulent en particulier s&rsquo;attaquer aux visas de travail, deuxi\u00e8me source d&rsquo;installation d&rsquo;\u00e9trangers dans le pays, apr\u00e8s les visas \u00e9tudiants. Un candidat \u00e0 un visa de travailleur qualifi\u00e9 devra d\u00e9sormais justifier d&rsquo;un niveau de dipl\u00f4me \u00e9quivalent \u00e0 une licence fran\u00e7aise. Des exceptions sont pr\u00e9vues dans des domaines en p\u00e9nurie de main d&rsquo;\u0153uvre. Les entreprises du secteur du soin (service de sant\u00e9 et d&rsquo;accompagnement \u00e0 la personne, auxiliaire de vie, etc.), qui d\u00e9pendent fortement de la main d&rsquo;ouvre \u00e9trang\u00e8re, ne pourront plus recruter directement \u00e0 l&rsquo;\u00e9tranger.<\/p>\n<p>R\u00e9duire jusqu&rsquo;\u00e0\u00a050.000\u00a0le nombre d&rsquo;arriv\u00e9es de travailleurs peu qualifi\u00e9s<\/p>\n<p>\u00ab\u00a0C&rsquo;est un changement significatif\u00a0\u00bb, qui permettra \u00e9galement de lutter contre l&rsquo;exploitation, a fait valoir Yvette Cooper sur la BBC, alors que des abus sont r\u00e9guli\u00e8rement mis au jour dans ce secteur. \u00ab Le gouvernement esp\u00e8re ainsi r\u00e9duire\u00a0\u00bbj usqu&rsquo;\u00e0 50.000 le nombre d&rsquo;arriv\u00e9es de travailleurs peu qualifi\u00e9s dans le pays l&rsquo;an prochain \u00bb, a-t-elle ajout\u00e9. La feuille de route comprendra \u00e9galement des mesures pour mieux encadrer les visas familiaux.<\/p>\n<p>Le gouvernement pr\u00e9voit \u00e9galement de faciliter l&rsquo;expulsion d&rsquo;\u00e9trangers condamn\u00e9s pour des crimes commis au Royaume-Uni. Actuellement, le minist\u00e8re de l&rsquo;Int\u00e9rieur n&rsquo;est notifi\u00e9 de crimes commis par des \u00e9trangers que s&rsquo;ils sont condamn\u00e9s \u00e0 une peine de prison, et les expulsions ne concernent g\u00e9n\u00e9ralement que ceux condamn\u00e9s \u00e0 une peine sup\u00e9rieure \u00e0 un an. \u00ab\u00a0Nous allons mettre en place des proc\u00e9dures pour s&rsquo;assurer que le Home office est inform\u00e9 quand des crimes sont commis (par des \u00e9trangers) m\u00eame quand il n&rsquo;y a pas peine de prison\u00a0\u00bb, et pour faciliter les expulsions, a expliqu\u00e9 Yvette Cooper.<\/p>\n<p>Outre l&rsquo;immigration l\u00e9gale, le gouvernement est \u00e9galement sous pression pour endiguer l&rsquo;arriv\u00e9e de migrants traversant la Manche sur de petites embarcations. Plus de 38.000 sont arriv\u00e9s l&rsquo;an dernier, et plus de 11.000 depuis le d\u00e9but de l&rsquo;ann\u00e9e.<\/p>\n","protected":false},"excerpt":{"rendered":"Ce n&rsquo;est sans doute pas une co\u00efncidence. Au Royaume-Uni, moins de deux semaines apr\u00e8s le succ\u00e8s du parti&hellip;\n","protected":false},"author":2,"featured_media":91769,"comment_status":"","ping_status":"","sticky":false,"template":"","format":"standard","meta":{"footnotes":""},"categories":[1588],"tags":[17,11,17243,20307,19702,33,1777,674,418,151,12,473,1853,1851,1850,1852,2447],"class_list":{"0":"post-91768","1":"post","2":"type-post","3":"status-publish","4":"format-standard","5":"has-post-thumbnail","7":"category-royaume-uni","8":"tag-17","9":"tag-actualites","10":"tag-conditions","11":"tag-dattribution","12":"tag-durcir","13":"tag-economie","14":"tag-eu","15":"tag-europe","16":"tag-gouvernement","17":"tag-les","18":"tag-news","19":"tag-royaume-uni","20":"tag-royaume-uni-de-grande-bretagne-et-dirlande-du-nord","21":"tag-uk","22":"tag-united-kingdom","23":"tag-united-kingdom-of-great-britain-and-northern-ireland","24":"tag-visas"},"share_on_mastodon":{"url":"https:\/\/pubeurope.com\/@fr\/114489175804983337","error":""},"_links":{"self":[{"href":"https:\/\/www.europesays.com\/fr\/wp-json\/wp\/v2\/posts\/91768","targetHints":{"allow":["GET"]}}],"collection":[{"href":"https:\/\/www.europesays.com\/fr\/wp-json\/wp\/v2\/posts"}],"about":[{"href":"https:\/\/www.europesays.com\/fr\/wp-json\/wp\/v2\/types\/post"}],"author":[{"embeddable":true,"href":"https:\/\/www.europesays.com\/fr\/wp-json\/wp\/v2\/users\/2"}],"replies":[{"embeddable":true,"href":"https:\/\/www.europesays.com\/fr\/wp-json\/wp\/v2\/comments?post=91768"}],"version-history":[{"count":0,"href":"https:\/\/www.europesays.com\/fr\/wp-json\/wp\/v2\/posts\/91768\/revisions"}],"wp:featuredmedia":[{"embeddable":true,"href":"https:\/\/www.europesays.com\/fr\/wp-json\/wp\/v2\/media\/91769"}],"wp:attachment":[{"href":"https:\/\/www.europesays.com\/fr\/wp-json\/wp\/v2\/media?parent=91768"}],"wp:term":[{"taxonomy":"category","embeddable":true,"href":"https:\/\/www.europesays.com\/fr\/wp-json\/wp\/v2\/categories?post=91768"},{"taxonomy":"post_tag","embeddable":true,"href":"https:\/\/www.europesays.com\/fr\/wp-json\/wp\/v2\/tags?post=91768"}],"curies":[{"name":"wp","href":"https:\/\/api.w.org\/{rel}","templated":true}]}}