{"id":91772,"date":"2025-05-11T12:23:08","date_gmt":"2025-05-11T12:23:08","guid":{"rendered":"https:\/\/www.europesays.com\/fr\/91772\/"},"modified":"2025-05-11T12:23:08","modified_gmt":"2025-05-11T12:23:08","slug":"la-memoire-amelioree-debarque-en-europe","status":"publish","type":"post","link":"https:\/\/www.europesays.com\/fr\/91772\/","title":{"rendered":"la m\u00e9moire am\u00e9lior\u00e9e d\u00e9barque en Europe"},"content":{"rendered":"<p>Introduite en avril dernier, la m\u00e9moire plus compl\u00e8te de <a href=\"https:\/\/www.generation-nt.com\/actualites\/chatgpt-openai-personnalite-chatbot-flagornerie-annulation-2057586\" title=\"ChatGPT trop gentil pour \u00eatre honn\u00eate ? OpenAI annule en urgence une mise \u00e0 jour\" rel=\"noopener\" target=\"_blank\">ChatGPT<\/a> n&rsquo;avait pas encore \u00e9t\u00e9 d\u00e9ploy\u00e9e en Europe. Une lacune dor\u00e9navant combl\u00e9e dans l&rsquo;Espace \u00e9conomique europ\u00e9en, ainsi qu&rsquo;au Royaume-Uni, en Suisse, en Norv\u00e8ge, en Islande et au Liechtenstein.<\/p>\n<p>Par contre, OpenAI souligne toujours un d\u00e9ploiement qui ne concerne que les utilisateurs payants de ChatGPT avec l&rsquo;abonnement Plus, voire Pro.<\/p>\n<p>&#8212;&#8211;<\/p>\n<p>Actualit\u00e9 publi\u00e9e le 11 avril 2024<\/p>\n<p>Pour <a href=\"https:\/\/www.generation-nt.com\/actualites\/chatgpt-generation-images-gratuit-2056715\" title=\"La g\u00e9n\u00e9ration d&#039;images avec ChatGPT et GPT-4o\" rel=\"noopener\" target=\"_blank\"><strong>ChatGPT<\/strong><\/a>, OpenAI d\u00e9ploie une <strong>m\u00e9moire am\u00e9lior\u00e9e<\/strong> qui est annonc\u00e9e plus compl\u00e8te. En plus des souvenirs enregistr\u00e9s comme auparavant, elle peut r\u00e9f\u00e9rencer <strong>toutes les conversations entretenues<\/strong> dans le but de fournir des r\u00e9ponses plus pertinentes et encore mieux personnalis\u00e9es.<\/p>\n<p>OpenAI d\u00e9taille ainsi que la m\u00e9moire de ChatGPT fonctionne d\u00e9sormais de deux mani\u00e8res. L&rsquo;utilisateur demande de m\u00e9moriser des informations sp\u00e9cifiques \u00e0 son sujet (les souvenirs enregistr\u00e9s), tandis que l&rsquo;historique des conversations regroupe les informations que ChatGPT recueille \u00e0 partir des conversations pass\u00e9es et pour <strong>amender les futurs \u00e9changes<\/strong>.<\/p>\n<p>Contrairement aux souvenirs enregistr\u00e9s, il n&rsquo;est pas possible de consulter directement les informations m\u00e9moris\u00e9es par ChatGPT via l&rsquo;historique des conversations. N\u00e9anmoins, OpenAI met en avant un contr\u00f4le de la m\u00e9moire de ChatGPT.<\/p>\n<p>Une bo\u00eete noire ?<\/p>\n<p>\u00ab Vous pouvez d\u00e9sactiver le r\u00e9f\u00e9rencement des souvenirs enregistr\u00e9s ou de l&rsquo;historique des conversations \u00e0 tout moment dans les Param\u00e8tres. Si vous avez d\u00e9j\u00e0 d\u00e9sactiv\u00e9 la m\u00e9moire, ChatGPT ne consultera pas les conversations pass\u00e9es par d\u00e9faut. \u00bb<\/p>\n<p><a href=\"https:\/\/openai.com\/index\/memory-and-new-controls-for-chatgpt\/\" target=\"_blank\" rel=\"noopener\">OpenAI ajoute<\/a> qu&rsquo;un utilisateur peut demander \u00e0 ChatGPT de modifier ce qu&rsquo;il sait de lui dans une conversation, ou avoir recours aux <strong>discussions \u00e9ph\u00e9m\u00e8res<\/strong> pour des conversations ne s&rsquo;appuyant pas et ne mettant pas \u00e0 jour la m\u00e9moire.<\/p>\n<p>M\u00e9caniquement, ChatGPT deviendra plus pertinent \u00e0 mesure de son utilisation, dans la mesure o\u00f9 les nouvelles conversations s&rsquo;enrichiront des pr\u00e9c\u00e9dentes interactions. Reste une nature de bo\u00eete noire de l&rsquo;historique des conversations qui peut susciter des craintes.<\/p>\n<p><a class=\"zoomLink\" title=\"chatgpt-memoire\" href=\"https:\/\/img.generation-nt.com\/chatgpt-memoire_01705647.webp\" data-desc=\"chatgpt-memoire\" target=\"_blank\" rel=\"noopener\"><\/p>\n<p>        \t\t<img loading=\"lazy\" decoding=\"async\" data- src=\"https:\/\/img.generation-nt.com\/chatgpt-memoire_0514038401705647.jpg\" alt=\"chatgpt-memoire\" onerror=\"this.onerror=null;this.src=\" https:=\"\" this.src=\"\" width=\"1300\" height=\"900\" data-thumbnail=\"https:\/\/img.generation-nt.com\/chatgpt-memoire_01E0010E01705647.webp\" data-fullsize=\"https:\/\/img.generation-nt.com\/chatgpt-memoire_01705647.webp\" class=\"\"\/><\/p>\n<p><\/a><\/p>\n<p>Pour les utilisateurs payants et pas encore en Europe<\/p>\n<p>Les am\u00e9liorations de la m\u00e9moire dans ChatGPT sont pour le moment r\u00e9serv\u00e9es aux <strong>abonn\u00e9s payants<\/strong> Plus et Pro. Ult\u00e9rieurement, elles concerneront ChatGPT Enterprise, Team et Edu. Il n&rsquo;est pas fait mention de la version gratuite de ChatGPT.<\/p>\n<p>En outre, le lancement fait <strong>l&rsquo;impasse sur l&rsquo;Espace \u00e9conomique europ\u00e9en<\/strong>, le Royaume-Uni, la Suisse, la Norv\u00e8ge, l&rsquo;Islande et le Liechtenstein. Cela devient une habitude, le temps de s&rsquo;assurer d&rsquo;une conformit\u00e9 avec les r\u00e9glementations en vigueur.<\/p>\n","protected":false},"excerpt":{"rendered":"Introduite en avril dernier, la m\u00e9moire plus compl\u00e8te de ChatGPT n&rsquo;avait pas encore \u00e9t\u00e9 d\u00e9ploy\u00e9e en Europe. Une&hellip;\n","protected":false},"author":2,"featured_media":91773,"comment_status":"","ping_status":"","sticky":false,"template":"","format":"standard","meta":{"footnotes":""},"categories":[1586],"tags":[11,20309,141,20308,1777,674,1011,27,280,12,143,25],"class_list":{"0":"post-91772","1":"post","2":"type-post","3":"status-publish","4":"format-standard","5":"has-post-thumbnail","7":"category-europe","8":"tag-actualites","9":"tag-amelioration","10":"tag-chatgpt","11":"tag-chatgpt-memoire-amelioree-europe-openai","12":"tag-eu","13":"tag-europe","14":"tag-fr","15":"tag-france","16":"tag-memoire","17":"tag-news","18":"tag-openai","19":"tag-republique-francaise"},"share_on_mastodon":{"url":"https:\/\/pubeurope.com\/@fr\/114489183752944667","error":""},"_links":{"self":[{"href":"https:\/\/www.europesays.com\/fr\/wp-json\/wp\/v2\/posts\/91772","targetHints":{"allow":["GET"]}}],"collection":[{"href":"https:\/\/www.europesays.com\/fr\/wp-json\/wp\/v2\/posts"}],"about":[{"href":"https:\/\/www.europesays.com\/fr\/wp-json\/wp\/v2\/types\/post"}],"author":[{"embeddable":true,"href":"https:\/\/www.europesays.com\/fr\/wp-json\/wp\/v2\/users\/2"}],"replies":[{"embeddable":true,"href":"https:\/\/www.europesays.com\/fr\/wp-json\/wp\/v2\/comments?post=91772"}],"version-history":[{"count":0,"href":"https:\/\/www.europesays.com\/fr\/wp-json\/wp\/v2\/posts\/91772\/revisions"}],"wp:featuredmedia":[{"embeddable":true,"href":"https:\/\/www.europesays.com\/fr\/wp-json\/wp\/v2\/media\/91773"}],"wp:attachment":[{"href":"https:\/\/www.europesays.com\/fr\/wp-json\/wp\/v2\/media?parent=91772"}],"wp:term":[{"taxonomy":"category","embeddable":true,"href":"https:\/\/www.europesays.com\/fr\/wp-json\/wp\/v2\/categories?post=91772"},{"taxonomy":"post_tag","embeddable":true,"href":"https:\/\/www.europesays.com\/fr\/wp-json\/wp\/v2\/tags?post=91772"}],"curies":[{"name":"wp","href":"https:\/\/api.w.org\/{rel}","templated":true}]}}