{"id":91776,"date":"2025-05-11T12:25:08","date_gmt":"2025-05-11T12:25:08","guid":{"rendered":"https:\/\/www.europesays.com\/fr\/91776\/"},"modified":"2025-05-11T12:25:08","modified_gmt":"2025-05-11T12:25:08","slug":"pres-dangers-une-adolescente-de-13-ans-tuee-par-son-pere","status":"publish","type":"post","link":"https:\/\/www.europesays.com\/fr\/91776\/","title":{"rendered":"Pr\u00e8s d&rsquo;Angers, une adolescente de 13 ans tu\u00e9e par son p\u00e8re"},"content":{"rendered":"<p>                             Par Le Figaro avec AFP<\/p>\n<p>                Il y a 1 minute<\/p>\n<p>\u00a0\u00bb<br \/>\n        data-script=\u00a0\u00bbhttps:\/\/static.lefigaro.fr\/widget-video\/short-ttl\/video\/index.js\u00a0\u00bb<br \/>\n    &gt;<\/p>\n<p>Son meurtrier avait \u00e9crit un message sur Internet reconnaissant l\u2019avoir tu\u00e9e, avant d\u2019ing\u00e9rer des m\u00e9dicaments. Il a depuis \u00e9t\u00e9 hospitalis\u00e9 sous contrainte.<\/p>\n<p class=\"fig-paragraph\">Une adolescente de 13 ans<a href=\"http:\/\/www.lefigaro.fr\/lyon\/infanticide-de-tarare-une-video-au-coeur-de-l-horreur-20250226\" target=\"_blank\" data-fig-type=\"NewsFlash\" rel=\"noopener\" data-gtm-custom-categorie=\"navigation\" data-gtm-custom-action=\"crossclick\" data-gtm-custom-label=\"Contextuel\" data-gtm-event=\"customEventSPE\" data-fig-domain=\"LEFIGARO\">\u00a0a \u00e9t\u00e9 tu\u00e9e par son p\u00e8re<\/a>\u00a0\u00e0 Murs-Erign\u00e9 (Maine-et-Loire), a annonc\u00e9 dimanche le parquet d&rsquo;Angers, pr\u00e9cisant que l&rsquo;homme avait reconnu les faits et avait \u00e9t\u00e9 hospitalis\u00e9 \u00absous contrainte\u00bb.<\/p>\n<p class=\"fig-paragraph\">Vendredi, \u00abl&rsquo;absence d&rsquo;une mineure de 13 ans dans son coll\u00e8ge a conduit l&rsquo;\u00e9tablissement scolaire \u00e0 alerter sa maman, laquelle a tent\u00e9 de contacter l&rsquo;enfant ainsi que son p\u00e8re chez qui elle se trouvait\u00bb, a indiqu\u00e9 dans un communiqu\u00e9 le procureur de la R\u00e9publique d&rsquo;Angers, \u00c9ric Bouillard.<\/p>\n<p>D\u00e9j\u00e0 condamn\u00e9 pour menace de mort et harc\u00e8lement<\/p>\n<p class=\"fig-paragraph\">\u00abAyant d\u00e9couvert un message du p\u00e8re sur les r\u00e9seaux sociaux, (la m\u00e8re) a provoqu\u00e9 l&rsquo;intervention des secours qui ont d\u00e9couvert le corps sans vie de la jeune fille\u00bb, dont la mort \u00abremonterait au 7 mai en soir\u00e9e\u00bb, a-t-il expliqu\u00e9. Le p\u00e8re \u00ab\u00e9tait retrouv\u00e9 en vie bien qu&rsquo;ayant visiblement absorb\u00e9 des m\u00e9dicaments\u00bb. Plac\u00e9 en garde \u00e0 vue, il a \u00e9t\u00e9, apr\u00e8s quelques heures, hospitalis\u00e9 \u00absous contrainte\u00bb, a pr\u00e9cis\u00e9 le magistrat.<\/p>\n<p class=\"fig-paragraph\">\u00abLes parents de la jeune fille \u00e9taient s\u00e9par\u00e9s depuis 2018\u00bb et la victime faisait l&rsquo;objet d&rsquo;une garde altern\u00e9e, a-t-il ajout\u00e9. L&rsquo;homme, \u00e2g\u00e9 de 42 ans, a reconnu les faits \u00abdans un courrier\u00bb saisi \u00e0 son domicile \u00abainsi que sur son site internet\u00bb, selon le procureur qui n&rsquo;a pas pr\u00e9cis\u00e9 la mani\u00e8re dont le meurtre avait \u00e9t\u00e9 commis. \u00abCe mercredi 7 mai 2025, je me suis donn\u00e9 la mort apr\u00e8s avoir\u00a0<a href=\"http:\/\/www.lefigaro.fr\/faits-divers\/lorsqu-elle-tue-ses-enfants-elle-est-en-dehors-de-la-realite-interrogations-sur-la-responsabilite-penale-d-une-mere-jugee-pour-double-infanticide-20241212\" target=\"_blank\" data-fig-type=\"NewsFlash\" rel=\"noopener\" data-gtm-custom-categorie=\"navigation\" data-gtm-custom-action=\"crossclick\" data-gtm-custom-label=\"Contextuel\" data-gtm-event=\"customEventSPE\" data-fig-domain=\"LEFIGARO\">commis un infanticide<\/a> \u00a0en la personne de ma fille\u00bb, a-t-il \u00e9crit, dans un message retrouv\u00e9 par l&rsquo;AFP sur ce site.<\/p>\n<p class=\"fig-paragraph\">L&rsquo;individu avait \u00e9t\u00e9 condamn\u00e9 pour menaces de mort et harc\u00e8lement de la Chambre des notaires de Maine-et-Loire fin mars, a pr\u00e9cis\u00e9 \u00c9ric Bouillard, ajoutant que l&rsquo;enqu\u00eate se poursuivait. \u00abTu es ma seule et unique fille je ne t&rsquo;oublierai jamais on se retrouvera un jour en haut\u00bb, a \u00e9crit la m\u00e8re de la victime sur Facebook.<\/p>\n","protected":false},"excerpt":{"rendered":"Par Le Figaro avec AFP Il y a 1 minute \u00a0\u00bb data-script=\u00a0\u00bbhttps:\/\/static.lefigaro.fr\/widget-video\/short-ttl\/video\/index.js\u00a0\u00bb &gt; Son meurtrier avait \u00e9crit un&hellip;\n","protected":false},"author":2,"featured_media":91777,"comment_status":"","ping_status":"","sticky":false,"template":"","format":"standard","meta":{"footnotes":""},"categories":[2],"tags":[119,11,3694,271,2951,3695,3696,118,1011,27,3492,2825,1253,303,12,1072,2694,25,2949],"class_list":{"0":"post-91776","1":"post","2":"type-post","3":"status-publish","4":"format-standard","5":"has-post-thumbnail","7":"category-actualites","8":"tag-accident","9":"tag-actualites","10":"tag-affaires","11":"tag-crime","12":"tag-criminalite","13":"tag-enquetes","14":"tag-evenements","15":"tag-faits-divers","16":"tag-fr","17":"tag-france","18":"tag-infanticide","19":"tag-insecurite","20":"tag-islamisme","21":"tag-justice","22":"tag-news","23":"tag-police","24":"tag-proces","25":"tag-republique-francaise","26":"tag-violences"},"share_on_mastodon":{"url":"https:\/\/pubeurope.com\/@fr\/114489191586782276","error":""},"_links":{"self":[{"href":"https:\/\/www.europesays.com\/fr\/wp-json\/wp\/v2\/posts\/91776","targetHints":{"allow":["GET"]}}],"collection":[{"href":"https:\/\/www.europesays.com\/fr\/wp-json\/wp\/v2\/posts"}],"about":[{"href":"https:\/\/www.europesays.com\/fr\/wp-json\/wp\/v2\/types\/post"}],"author":[{"embeddable":true,"href":"https:\/\/www.europesays.com\/fr\/wp-json\/wp\/v2\/users\/2"}],"replies":[{"embeddable":true,"href":"https:\/\/www.europesays.com\/fr\/wp-json\/wp\/v2\/comments?post=91776"}],"version-history":[{"count":0,"href":"https:\/\/www.europesays.com\/fr\/wp-json\/wp\/v2\/posts\/91776\/revisions"}],"wp:featuredmedia":[{"embeddable":true,"href":"https:\/\/www.europesays.com\/fr\/wp-json\/wp\/v2\/media\/91777"}],"wp:attachment":[{"href":"https:\/\/www.europesays.com\/fr\/wp-json\/wp\/v2\/media?parent=91776"}],"wp:term":[{"taxonomy":"category","embeddable":true,"href":"https:\/\/www.europesays.com\/fr\/wp-json\/wp\/v2\/categories?post=91776"},{"taxonomy":"post_tag","embeddable":true,"href":"https:\/\/www.europesays.com\/fr\/wp-json\/wp\/v2\/tags?post=91776"}],"curies":[{"name":"wp","href":"https:\/\/api.w.org\/{rel}","templated":true}]}}