{"id":91788,"date":"2025-05-11T12:34:08","date_gmt":"2025-05-11T12:34:08","guid":{"rendered":"https:\/\/www.europesays.com\/fr\/91788\/"},"modified":"2025-05-11T12:34:08","modified_gmt":"2025-05-11T12:34:08","slug":"carlos-sainz-sr-se-prepare-a-lancer-sa-candidature","status":"publish","type":"post","link":"https:\/\/www.europesays.com\/fr\/91788\/","title":{"rendered":"Carlos Sainz Sr se pr\u00e9pare \u00e0 lancer sa candidature"},"content":{"rendered":"<p itemprop=\"description\">Carlos Sainz Senior a clarifi\u00e9 sa<br \/>\nposition quant \u00e0 une potentielle candidature \u00e0 la pr\u00e9sidence de la<br \/>\nFIA, affirmant qu\u2019il n\u2019existerait aucun conflit d\u2019int\u00e9r\u00eat malgr\u00e9 la<br \/>\npr\u00e9sence de son fils en Formule 1.<\/p>\n<p data-start=\"221\" data-end=\"540\">Alors qu\u2019il envisage<br \/>\ns\u00e9rieusement de se pr\u00e9senter face \u00e0 Mohammed Ben Sulayem lors de<br \/>\nl\u2019Assembl\u00e9e G\u00e9n\u00e9rale de la FIA en d\u00e9cembre prochain \u00e0 Tachkent, en<br \/>\nOuzb\u00e9kistan, le double champion du monde des rallyes affirme avoir<br \/>\nentam\u00e9 des consultations approfondies avec diverses figures<br \/>\ninfluentes du sport automobile mondial.<\/p>\n<p>\u00ab Aucun conflit d\u2019int\u00e9r\u00eat<br \/>\n\u00bb<\/p>\n<p data-start=\"575\" data-end=\"753\">L\u2019une des premi\u00e8res<br \/>\ninterrogations soulev\u00e9es par cette possible candidature concerne la<br \/>\nneutralit\u00e9 de Sainz Sr., \u00e9tant donn\u00e9 que son fils pilote<br \/>\nactuellement en F1 pour Williams.<\/p>\n<p data-start=\"755\" data-end=\"805\">Mais l\u2019Espagnol a rapidement<br \/>\n\u00e9cart\u00e9 cette id\u00e9e : \u00ab J\u2019ai un parcours suffisamment connu pour<br \/>\nque les gens sachent que cela ne poserait aucun probl\u00e8me,<br \/>\na-t-il d\u00e9clar\u00e9 \u00e0 Motorsport.com.\u00a0\u00c9videmment, je devrais me<br \/>\nretirer de tout ce qui concerne le r\u00f4le que j\u2019ai pu avoir dans la<br \/>\ncarri\u00e8re de Carlos, mais ce ne sera pas un souci. \u00bb<\/p>\n<p data-start=\"1097\" data-end=\"1177\">Il souligne par ailleurs que<br \/>\nson fils a atteint un niveau d\u2019ind\u00e9pendance total : \u00ab Ce n\u2019est<br \/>\nplus un enfant, cela fait dix ans qu\u2019il est en F1. Si je vais de<br \/>\nl\u2019avant avec ce projet, notre relation changera, bien s\u00fbr. Mais<br \/>\nl\u2019impartialit\u00e9 est une exigence essentielle du poste, et je suis<br \/>\nparfaitement capable de l\u2019assurer. \u00bb<\/p>\n<p>Une candidature fond\u00e9e sur<br \/>\nl\u2019exp\u00e9rience<\/p>\n<p data-start=\"1479\" data-end=\"1627\">Sainz Sr. n\u2019a pas directement<br \/>\ncritiqu\u00e9 le pr\u00e9sident en poste, mais il reconna\u00eet les nombreuses<br \/>\ncontroverses qui ont marqu\u00e9 le mandat de Ben Sulayem.<\/p>\n<p data-start=\"1631\" data-end=\"1792\">\u00ab Je ne fais pas cela pour<br \/>\nme battre contre qui que ce soit, insiste-t-il. Ce serait<br \/>\nune d\u00e9marche n\u00e9e de la passion et de l\u2019amour pour le sport<br \/>\nautomobile. J\u2019ai \u00e9t\u00e9 de l\u2019autre c\u00f4t\u00e9 du sport, je sais combien il<br \/>\nest important d\u2019\u00e9couter les pilotes, les \u00e9quipes, les fans, les<br \/>\npromoteurs, les organisateurs\u2026 Je pense pouvoir rendre cette<br \/>\nrelation plus fluide et plus forte. \u00bb<\/p>\n<p>Une gouvernance plus<br \/>\ncr\u00e9dible<\/p>\n<p data-start=\"2180\" data-end=\"2252\">Carlos Sainz Sr. souhaite<br \/>\n\u00e9galement restaurer la cr\u00e9dibilit\u00e9 de la FIA : \u00ab J\u2019aimerais que<br \/>\nla FIA retrouve le respect et l\u2019estime qu\u2019elle m\u00e9rite. \u00bb<\/p>\n<p data-start=\"2330\" data-end=\"2423\">Mais il pr\u00e9cise que sa<br \/>\ncandidature ne deviendra officielle que s\u2019il per\u00e7oit un r\u00e9el<br \/>\nsoutien : \u00ab Je pense que le moment est bon pour moi sur le plan<br \/>\npersonnel et professionnel. Mon parcours montre que quand je<br \/>\nm\u2019engage, je le fais s\u00e9rieusement et avec professionnalisme.<br \/>\n\u00bb<\/p>\n<p data-start=\"2605\" data-end=\"2763\">Aucun autre candidat ne s\u2019est<br \/>\npour l\u2019instant d\u00e9clar\u00e9, ce qui positionne potentiellement Sainz Sr.<br \/>\ncomme l\u2019alternative la plus cr\u00e9dible \u00e0 Mohammed Ben Sulayem. Reste<br \/>\n\u00e0 savoir si la communaut\u00e9 du sport automobile est pr\u00eate \u00e0 soutenir<br \/>\nun homme respect\u00e9 mais issu d\u2019un univers plus rallye que monoplace,<br \/>\ntandis qu\u00a0\u00bbil devra aussi convaincre les repr\u00e9sentants des clubs<br \/>\nconcern\u00e9s par le tourisme et la mobilit\u00e9. Ce qui est s\u00fbr, c\u2019est<br \/>\nqu\u2019il ne compte pas faire de sa candidature une affaire de<br \/>\nfamille.<\/p>\n","protected":false},"excerpt":{"rendered":"Carlos Sainz Senior a clarifi\u00e9 sa position quant \u00e0 une potentielle candidature \u00e0 la pr\u00e9sidence de la FIA,&hellip;\n","protected":false},"author":2,"featured_media":91789,"comment_status":"","ping_status":"","sticky":false,"template":"","format":"standard","meta":{"footnotes":""},"categories":[1412],"tags":[1451,5088,1452,1453,1454,1455,1011,27,20310,60],"class_list":{"0":"post-91788","1":"post","2":"type-post","3":"status-publish","4":"format-standard","5":"has-post-thumbnail","7":"category-f1","8":"tag-f1","9":"tag-fia","10":"tag-formula-1","11":"tag-formula1","12":"tag-formule-1","13":"tag-formule1","14":"tag-fr","15":"tag-france","16":"tag-sainz","17":"tag-sports"},"share_on_mastodon":{"url":"https:\/\/pubeurope.com\/@fr\/114489227097328586","error":""},"_links":{"self":[{"href":"https:\/\/www.europesays.com\/fr\/wp-json\/wp\/v2\/posts\/91788","targetHints":{"allow":["GET"]}}],"collection":[{"href":"https:\/\/www.europesays.com\/fr\/wp-json\/wp\/v2\/posts"}],"about":[{"href":"https:\/\/www.europesays.com\/fr\/wp-json\/wp\/v2\/types\/post"}],"author":[{"embeddable":true,"href":"https:\/\/www.europesays.com\/fr\/wp-json\/wp\/v2\/users\/2"}],"replies":[{"embeddable":true,"href":"https:\/\/www.europesays.com\/fr\/wp-json\/wp\/v2\/comments?post=91788"}],"version-history":[{"count":0,"href":"https:\/\/www.europesays.com\/fr\/wp-json\/wp\/v2\/posts\/91788\/revisions"}],"wp:featuredmedia":[{"embeddable":true,"href":"https:\/\/www.europesays.com\/fr\/wp-json\/wp\/v2\/media\/91789"}],"wp:attachment":[{"href":"https:\/\/www.europesays.com\/fr\/wp-json\/wp\/v2\/media?parent=91788"}],"wp:term":[{"taxonomy":"category","embeddable":true,"href":"https:\/\/www.europesays.com\/fr\/wp-json\/wp\/v2\/categories?post=91788"},{"taxonomy":"post_tag","embeddable":true,"href":"https:\/\/www.europesays.com\/fr\/wp-json\/wp\/v2\/tags?post=91788"}],"curies":[{"name":"wp","href":"https:\/\/api.w.org\/{rel}","templated":true}]}}