{"id":91800,"date":"2025-05-11T12:40:10","date_gmt":"2025-05-11T12:40:10","guid":{"rendered":"https:\/\/www.europesays.com\/fr\/91800\/"},"modified":"2025-05-11T12:40:10","modified_gmt":"2025-05-11T12:40:10","slug":"autant-de-choses-que-christophe-dechavanne-michel-drucker-ose-une-comparaison-avec-cyril-hanouna","status":"publish","type":"post","link":"https:\/\/www.europesays.com\/fr\/91800\/","title":{"rendered":"\u201cAutant de choses que Christophe Dechavanne\u2026\u201d : Michel Drucker ose une comparaison avec Cyril Hanouna"},"content":{"rendered":"<p>Ce dimanche, les t\u00e9l\u00e9spectateurs de France 3 assisteront \u00e0 des<br \/>\nretrouvailles attendues. <a href=\"https:\/\/www.closermag.fr\/people\/du-mal-a-joindre-les-deux-bouts-michel-drucker-raconte-la-misere-de-celine-dion-3543586\" target=\"_blank\" rel=\"noopener\"><br \/>\nMichel Drucker<\/a> re\u00e7oit Jean-Pierre Foucault dans son \u00e9mission<br \/>\n\u00ab\u00a0Vivement dimanche\u00a0\u00bb, sept ans apr\u00e8s leur derni\u00e8re collaboration<br \/>\nt\u00e9l\u00e9visuelle. Cette rencontre entre deux monuments de l&rsquo;audiovisuel<br \/>\nfran\u00e7ais, cumulant ensemble plus d&rsquo;un si\u00e8cle d&rsquo;exp\u00e9rience, a \u00e9t\u00e9<br \/>\nl&rsquo;occasion d&rsquo;aborder le parcours tumultueux de Cyril Hanouna,<br \/>\nbient\u00f4t attendu sur les antennes du groupe M6.<\/p>\n<p>Jean-Pierre Foucault : \u00ab\u00a0Je d\u00e9fendrai toujours\u00a0\u00bb Cyril<br \/>\nHanouna<\/p>\n<p>L&rsquo;animateur marseillais entretient une relation privil\u00e9gi\u00e9e avec<br \/>\n<a href=\"https:\/\/www.closermag.fr\/people\/cyril-hanouna-sosie-de-donald-trump-les-similitudes-qui-pourraient-porter-la-star-dechue-de-c8-au-pouvoir-3543279\" target=\"_blank\" rel=\"noopener\"><br \/>\nCyril Hanouna<\/a>, fruit de leur collaboration sur RTL dans<br \/>\nl&rsquo;\u00e9mission \u00ab\u00a0La bonne touche\u00a0\u00bb entre 2006 et 2011. Cette proximit\u00e9<br \/>\nlui conf\u00e8re une certaine l\u00e9gitimit\u00e9 pour s&rsquo;exprimer sur le<br \/>\npr\u00e9sentateur controvers\u00e9. Jean-Pierre Foucault n&rsquo;a d&rsquo;ailleurs pas<br \/>\ncach\u00e9 sa d\u00e9sapprobation concernant l&rsquo;arr\u00eat brutal de C8 en f\u00e9vrier<br \/>\ndernier : \u00ab\u00a0J&rsquo;ai trouv\u00e9 \u00e7a cruel d&rsquo;arr\u00eater cette cha\u00eene et de<br \/>\nmettre 400 personnes sur le carreau\u00a0\u00bb.<\/p>\n<p>Toutefois, ses propos les plus marquants concernent directement<br \/>\nsa relation avec l&rsquo;animateur en partance pour W9 et Fun Radio :<br \/>\n\u00ab\u00a0J&rsquo;ai travaill\u00e9 cinq ans avec Cyril, c&rsquo;est mon ami et je le<br \/>\nd\u00e9fendrai toujours\u00a0\u00bb. Le pr\u00e9sentateur de \u00ab\u00a0Qui veut gagner des<br \/>\nmillions ?\u00a0\u00bb souligne n\u00e9anmoins une diff\u00e9rence fondamentale entre<br \/>\nleurs approches professionnelles : \u00ab\u00a0Cyril adore travailler dans le<br \/>\nconflit. Moi, je ne pourrais pas. Mais \u00e7a n&rsquo;enl\u00e8ve rien \u00e0 son<br \/>\ntalent\u00a0\u00bb.<\/p>\n<p>Michel Drucker compare Hanouna \u00e0<br \/>\nChristophe Dechavanne<\/p>\n<p>Dans la foul\u00e9e de ces d\u00e9clarations, Michel Drucker a \u00e9galement<br \/>\ntenu \u00e0 partager sa vision sur Cyril Hanouna. Le doyen des<br \/>\nanimateurs fran\u00e7ais a rappel\u00e9 leur premi\u00e8re rencontre, \u00e0 une \u00e9poque<br \/>\no\u00f9 le futur pr\u00e9sentateur de \u00ab\u00a0Touche pas \u00e0 mon poste\u00a0\u00bb aspirait \u00e0<br \/>\nfaire carri\u00e8re dans le one-man-show. Selon lui, Hanouna a<br \/>\nfinalement r\u00e9alis\u00e9 ce r\u00eave \u00ab\u00a0mais en quotidienne \u00e0 la t\u00e9l\u00e9\u00a0\u00bb.<\/p>\n<p>Michel Drucker reconna\u00eet la nature clivante du personnage :<br \/>\n\u00ab\u00a0Il a besoin de conflit, c&rsquo;est vrai. Il a un temp\u00e9rament tr\u00e8s<br \/>\nparticulier. Il est clivant, mais il a apport\u00e9 autant de choses \u00e0<br \/>\nla t\u00e9l\u00e9 que Christophe Dechavanne \u00e0 son \u00e9poque\u00a0\u00bb. Une<br \/>\ncomparaison pour le moins audacieuse avec l&rsquo;ancien pr\u00e9sentateur de<br \/>\n\u00ab\u00a0Coucou c&rsquo;est nous\u00a0\u00bb, autre figure ayant r\u00e9volutionn\u00e9 le paysage<br \/>\naudiovisuel fran\u00e7ais.<\/p>\n<p>Cette nouvelle d\u00e9monstration de soutien envers Cyril Hanouna<br \/>\nintervient dans un contexte tendu. En effet, son arriv\u00e9e prochaine<br \/>\nsur le groupe M6 fait grincer des dents, notamment du c\u00f4t\u00e9 de<br \/>\n<a href=\"https:\/\/www.closermag.fr\/people\/karine-le-marchand-au-bord-de-la-ruine-elle-demande-un-bras-pour-un-week-end-dans-sa-villa-de-reve-3541124\" target=\"_blank\" rel=\"noopener\"><br \/>\nKarine Le Marchand<\/a> qui aurait menac\u00e9 de quitter la cha\u00eene si<br \/>\ncette information venait \u00e0 se confirmer.<\/p>\n","protected":false},"excerpt":{"rendered":"Ce dimanche, les t\u00e9l\u00e9spectateurs de France 3 assisteront \u00e0 des retrouvailles attendues. Michel Drucker re\u00e7oit Jean-Pierre Foucault dans&hellip;\n","protected":false},"author":2,"featured_media":90396,"comment_status":"","ping_status":"","sticky":false,"template":"","format":"standard","meta":{"footnotes":""},"categories":[1356],"tags":[548,1083,58,59,1011,27,877,252,1364],"class_list":{"0":"post-91800","1":"post","2":"type-post","3":"status-publish","4":"format-standard","5":"has-post-thumbnail","7":"category-television","8":"tag-article-simple","9":"tag-cyril-hanouna","10":"tag-divertissement","11":"tag-entertainment","12":"tag-fr","13":"tag-france","14":"tag-michel-drucker","15":"tag-television","16":"tag-tv"},"share_on_mastodon":{"url":"https:\/\/pubeurope.com\/@fr\/114489250577907967","error":""},"_links":{"self":[{"href":"https:\/\/www.europesays.com\/fr\/wp-json\/wp\/v2\/posts\/91800","targetHints":{"allow":["GET"]}}],"collection":[{"href":"https:\/\/www.europesays.com\/fr\/wp-json\/wp\/v2\/posts"}],"about":[{"href":"https:\/\/www.europesays.com\/fr\/wp-json\/wp\/v2\/types\/post"}],"author":[{"embeddable":true,"href":"https:\/\/www.europesays.com\/fr\/wp-json\/wp\/v2\/users\/2"}],"replies":[{"embeddable":true,"href":"https:\/\/www.europesays.com\/fr\/wp-json\/wp\/v2\/comments?post=91800"}],"version-history":[{"count":0,"href":"https:\/\/www.europesays.com\/fr\/wp-json\/wp\/v2\/posts\/91800\/revisions"}],"wp:featuredmedia":[{"embeddable":true,"href":"https:\/\/www.europesays.com\/fr\/wp-json\/wp\/v2\/media\/90396"}],"wp:attachment":[{"href":"https:\/\/www.europesays.com\/fr\/wp-json\/wp\/v2\/media?parent=91800"}],"wp:term":[{"taxonomy":"category","embeddable":true,"href":"https:\/\/www.europesays.com\/fr\/wp-json\/wp\/v2\/categories?post=91800"},{"taxonomy":"post_tag","embeddable":true,"href":"https:\/\/www.europesays.com\/fr\/wp-json\/wp\/v2\/tags?post=91800"}],"curies":[{"name":"wp","href":"https:\/\/api.w.org\/{rel}","templated":true}]}}