{"id":91803,"date":"2025-05-11T12:42:09","date_gmt":"2025-05-11T12:42:09","guid":{"rendered":"https:\/\/www.europesays.com\/fr\/91803\/"},"modified":"2025-05-11T12:42:09","modified_gmt":"2025-05-11T12:42:09","slug":"mission-impossible-the-phoenician-scheme-la-venue-de-lavenir-les-films-que-lon-peut-voir-pendant-le-festival-de-cannes","status":"publish","type":"post","link":"https:\/\/www.europesays.com\/fr\/91803\/","title":{"rendered":"Mission Impossible, The Phoenician Scheme, La Venue de l\u2019avenir&#8230; Les films que l\u2019on peut voir pendant le festival de Cannes"},"content":{"rendered":"<p>Si vous n\u2019\u00eates pas sur la Croisette du 13 au 24 mai, vous aurez tout de m\u00eame l\u2019occasion de d\u00e9couvrir quelques longs-m\u00e9trages diffus\u00e9s presque en m\u00eame temps au Festival et au cin\u00e9ma.<\/p>\n<p class=\"fig-paragraph\">Le\u00a0<a href=\"http:\/\/www.lefigaro.fr\/festival-de-cannes\/le-festival-de-cannes-finalise-sa-selection-officielle-pour-sa-78e-edition-20250509\" target=\"_blank\" data-fig-type=\"NewsFlash\" rel=\"noopener\" data-gtm-custom-categorie=\"navigation\" data-gtm-custom-action=\"crossclick\" data-gtm-custom-label=\"Contextuel\" data-gtm-event=\"customEventSPE\" data-fig-domain=\"LEFIGARO\">Festival de Cannes\u00a0<\/a>donnera mardi 13 mai, le coup d\u2019envoi de sa 78e \u00e9dition, o\u00f9 sont attendues sur la croisette,\u00a0<a href=\"http:\/\/www.lefigaro.fr\/festival-de-cannes\/tom-cruise-denzel-washington-kristen-stewart-jennifer-lawrence-cannes-prise-d-assaut-par-hollywood-20250424\" target=\"_blank\" data-fig-type=\"Article\" rel=\"noopener\" data-gtm-custom-categorie=\"navigation\" data-gtm-custom-action=\"crossclick\" data-gtm-custom-label=\"Contextuel\" data-gtm-event=\"customEventSPE\" data-fig-domain=\"LEFIGARO\">une pluie de stars<\/a>, dont Tom Cruise, Quentin Tarantino, Denzel Washington, Kristen Stewart, Jennifer Lawrence, ou encore Scarlett Johansson. Cette ann\u00e9e,<a href=\"http:\/\/www.lefigaro.fr\/festival-de-cannes\/le-78e-festival-de-cannes-va-devoiler-sa-selection-jeudi-20250410\" target=\"_blank\" data-fig-type=\"NewsFlash\" rel=\"noopener\" data-gtm-custom-categorie=\"navigation\" data-gtm-custom-action=\"crossclick\" data-gtm-custom-label=\"Contextuel\" data-gtm-event=\"customEventSPE\" data-fig-domain=\"LEFIGARO\">\u00a0plusieurs longs-m\u00e9trages<\/a>\u00a0sont particuli\u00e8rement attendus, comme le dernier Mission Impossible, le nouveau Wes Anderson, The Phoenician Scheme ou encore le premier film de Scarlett Johansson en tant que r\u00e9alisatrice, intitul\u00e9 sur Eleanor The Great. M\u00eame si vous n\u2019\u00eates pas sur la croisette pendant ces onze jours, vous aurez l\u2019occasion de voir certains des films en m\u00eame temps que ceux pr\u00e9sents au festival, ou alors seulement quelques jours apr\u00e8s.<\/p>\n<p>Partir un jour d\u2019Am\u00e9lie Bonnin<\/p>\n<p class=\"fig-paragraph\">C\u2019est le cas du long-m\u00e9trage d\u2019Am\u00e9lie Bonnin, Partir un jour, dont la sortie est pr\u00e9vue dans les salles obscures pour le 13 mai. Le film, pr\u00e9sent\u00e9 hors comp\u00e9tition \u00e0 Cannes, suit les aventures de C\u00e9cile (Juliette Armanet), qui s\u2019appr\u00eate \u00e0 r\u00e9aliser son r\u00eave\u00a0: ouvrir son propre restaurant gastronomique. Avant d\u2019\u00eatre contrainte de retourner dans son village d\u2019enfance apr\u00e8s l\u2019annonce de l\u2019infarctus de son p\u00e8re. Loin de l\u2019agitation parisienne, elle recroise son amour de jeunesse. Ses souvenirs ressurgissent et ses certitudes vacillent\u2026<\/p>\n<\/p>\n<p>Mission: Impossible &#8211; The Final Reckoning de Christopher McQuarrie<\/p>\n<p class=\"fig-paragraph\">La semaine suivante, le 21 mai, les amateurs de films d\u2019action et d\u2019espionnage pourront retrouver Tom Cruise et son huiti\u00e8me Mission Impossible au cin\u00e9ma. Tandis qu\u2019il sera projet\u00e9 hors comp\u00e9tition \u00e0 Cannes d\u00e8s le 14 mai. Dans ce volet sign\u00e9 Christopher McQuarrie, Ethan Hunt devra r\u00e9ussir \u00e0 faire tomber pour de bon le dangereux programme d\u2019intelligence artificielle nomm\u00e9 \u00abL\u2019Entit\u00e9\u00bb, pr\u00e9sent\u00e9 dans le septi\u00e8me opus, capable de d\u00e9truire le monde. Mission: Impossible &#8211; The Final Reckoning promet de nous emmener dans les airs, comme le montrent les nombreux plans d\u2019aviation mais aussi dans les fonds sous-marins. Reste \u00e0 savoir si vraiment rien n\u2019est impossible pour l\u2019acteur de 62 ans&#8230;<\/p>\n<\/p>\n<p><strong>La Venue de l\u2019avenir<\/strong> <strong>de C\u00e9dric Klapisch<\/strong><\/p>\n<p class=\"fig-paragraph\">Le 22 mai, les Fran\u00e7ais pourront d\u00e9couvrir le nouveau film du r\u00e9alisateur c\u00e9saris\u00e9, C\u00e9dric Klapisch, La Venue de l\u2019avenir. Une ode qui se situe entre une chronique familiale et un voyage temporel avec en t\u00eate d\u2019affiche Suzanne Lindon, Abraham Wapler et Vincent Macaigne. Dans ce long-m\u00e9trage, une trentaine de personnes issues d\u2019une m\u00eame famille apprennent qu\u2019ils vont recevoir en h\u00e9ritage une maison abandonn\u00e9e depuis des ann\u00e9es. Quatre d\u2019entre eux, Seb, Abdel, C\u00e9line et Guy sont charg\u00e9s d\u2019en faire l\u2019\u00e9tat des lieux. Ces lointains \u00ab\u00a0cousins\u00a0\u00bb vont alors d\u00e9couvrir des tr\u00e9sors cach\u00e9s dans cette vieille maison. Et vont se retrouver sur les traces d\u2019une myst\u00e9rieuse Ad\u00e8le, qui a rejoint Paris en 1895. La Venue de l\u2019avenir, pr\u00e9sent\u00e9 hors comp\u00e9tition, marquera la toute premi\u00e8re apparition de C\u00e9dric Klapisch sur la Croisette.<\/p>\n<\/p>\n<p>Jeunes m\u00e8res <strong>de Jean-Pierre et Luc Dardenne<\/strong><\/p>\n<p class=\"fig-paragraph\">Un \u00e9v\u00e9nement que les fr\u00e8res Dardenne ne rateraient pour rien au monde. Apr\u00e8s avoir \u00e9t\u00e9 prim\u00e9s de la Palme d\u2019or pour Rosetta en 1999, film pour lequel \u00c9milie Dequenne est \u00e9galement repartie avec le Prix d\u2019interpr\u00e9tation f\u00e9minine, les deux r\u00e9alisateurs sont de retour avec Jeunes m\u00e8res, pr\u00e9sent\u00e9 en comp\u00e9tition officielle \u00e0 Cannes. Le long-m\u00e9trage se concentre sur le destin de cinq adolescentes, Jessica, Perla, Julie, Ariane et Na\u00efma h\u00e9berg\u00e9es dans une maison maternelle, qui les aide dans leur vie de jeune m\u00e8re. Ces femmes ont l\u2019espoir de parvenir \u00e0 une vie meilleure pour elles-m\u00eames et pour leur enfant. Le film sera disponible au cin\u00e9ma le 23 mai.<\/p>\n<\/p>\n<p><strong>The Phoenician Scheme <\/strong><strong>de Wes Anderson<\/strong><\/p>\n<p class=\"fig-paragraph\">Alors que la Cin\u00e9math\u00e8que fran\u00e7aise consacre jusqu\u2019\u00e0 juillet une exposition sur Wes Anderson, le r\u00e9alisateur am\u00e9ricain sera de retour dans l\u2019Hexagone pour d\u00e9fendre The Phoenician Scheme, son douzi\u00e8me long-m\u00e9trage. Si le sc\u00e9nario de ce film, en lice pour la Palme d\u2019or, reste encore assez flou, on sait qu\u2019il r\u00e9unit une t\u00eate d\u2019affiche impressionnante. Benicio del Toro joue le r\u00f4le de Zsa-zsa Korda, l\u2019un des hommes les plus riches d\u2019Europe, Mia Threapleton incarne sa fille et une religieuse, Liesl et Michael Cera son tuteur. Rendez-vous le 28 mai dans les salles obscures pour en savoir davantage. Tout comme les fr\u00e8res Dardenne, Wes Anderson est un adepte du Festival de Cannes et a d\u00e9j\u00e0 pr\u00e9sent\u00e9 deux de ses films sur la Croisette\u00a0: The French Dispatch et Asteroid City.\u00a0<\/p>\n<\/p>\n<p><strong>\u00a0<\/strong><strong>Indomptables<\/strong> <strong>de Thomas Ngijol<\/strong><\/p>\n<p class=\"fig-paragraph\">L\u2019humoriste et r\u00e9alisateur Thomas Ngijol, r\u00e9v\u00e9l\u00e9 par le Jamel Comedy Club, change de registre et s\u2019aventure dans un genre policier. Dans Indomptables, il interpr\u00e8te le r\u00f4le du commissaire Billong, un policier de Yaound\u00e9, au Cameroun, charg\u00e9 d\u2019enqu\u00eater sur le meurtre d\u2019un officier de police. Librement inspir\u00e9 du documentaire<strong>\u00a0<\/strong>Un crime \u00e0 Abidjan<strong>\u00a0<\/strong> de Mosco Boucault, le long-m\u00e9trage sera pr\u00e9sent\u00e9 en comp\u00e9tition \u00e0 la Quinzaine des cin\u00e9astes. Puis sera disponible en salles le 11 juin.<\/p>\n<\/p>\n<p><strong>Enzo <\/strong><strong>de Laurent Cantet et Robin Campillo<\/strong><\/p>\n<p class=\"fig-paragraph\">Pr\u00e9sent\u00e9 en ouverture de la Quinzaine des Cin\u00e9astes, le nouveau long-m\u00e9trage de Laurent Cantet et Robin Campillo sera disponible en salles le 18 juin. Ce drame se concentre sur les aventures d\u2019Enzo, 16 ans, un apprenti ma\u00e7on \u00e0 La Ciotat. Press\u00e9 par son p\u00e8re qui le voyait faire des \u00e9tudes sup\u00e9rieures, le jeune homme cherche \u00e0 \u00e9chapper au cadre confortable mais \u00e9touffant de la villa familiale. C\u2019est sur les chantiers, au contact de Vlad, un coll\u00e8gue ukrainien, qu\u2019Enzo va entrevoir un nouvel horizon.<\/p>\n<p class=\"fig-paragraph\">D\u2019autres films seront \u00e9galement disponibles prochainement comme Eddington, le western d\u2019Ari Aster pr\u00e9vu pour le 16 juillet, Alpha de Julia Ducourneau, pr\u00e9vu le 20 ao\u00fbt et Valeur sentimentale de Joachim Trier, \u00e9galement pr\u00e9vu \u00e0 la m\u00eame date.<\/p>\n","protected":false},"excerpt":{"rendered":"Si vous n\u2019\u00eates pas sur la Croisette du 13 au 24 mai, vous aurez tout de m\u00eame l\u2019occasion&hellip;\n","protected":false},"author":2,"featured_media":91804,"comment_status":"","ping_status":"","sticky":false,"template":"","format":"standard","meta":{"footnotes":""},"categories":[1354],"tags":[7306,650,7307,58,59,5634,1346,1011,27,9243,11584,1360,11586,11585],"class_list":{"0":"post-91803","1":"post","2":"type-post","3":"status-publish","4":"format-standard","5":"has-post-thumbnail","7":"category-films","8":"tag-cannes","9":"tag-cinema","10":"tag-croisette","11":"tag-divertissement","12":"tag-entertainment","13":"tag-festival-de-cannes","14":"tag-films","15":"tag-fr","16":"tag-france","17":"tag-mission-impossible","18":"tag-montee-des-marches","19":"tag-movies","20":"tag-palme-dor","21":"tag-prix-du-jury"},"share_on_mastodon":{"url":"https:\/\/pubeurope.com\/@fr\/114489258424996930","error":""},"_links":{"self":[{"href":"https:\/\/www.europesays.com\/fr\/wp-json\/wp\/v2\/posts\/91803","targetHints":{"allow":["GET"]}}],"collection":[{"href":"https:\/\/www.europesays.com\/fr\/wp-json\/wp\/v2\/posts"}],"about":[{"href":"https:\/\/www.europesays.com\/fr\/wp-json\/wp\/v2\/types\/post"}],"author":[{"embeddable":true,"href":"https:\/\/www.europesays.com\/fr\/wp-json\/wp\/v2\/users\/2"}],"replies":[{"embeddable":true,"href":"https:\/\/www.europesays.com\/fr\/wp-json\/wp\/v2\/comments?post=91803"}],"version-history":[{"count":0,"href":"https:\/\/www.europesays.com\/fr\/wp-json\/wp\/v2\/posts\/91803\/revisions"}],"wp:featuredmedia":[{"embeddable":true,"href":"https:\/\/www.europesays.com\/fr\/wp-json\/wp\/v2\/media\/91804"}],"wp:attachment":[{"href":"https:\/\/www.europesays.com\/fr\/wp-json\/wp\/v2\/media?parent=91803"}],"wp:term":[{"taxonomy":"category","embeddable":true,"href":"https:\/\/www.europesays.com\/fr\/wp-json\/wp\/v2\/categories?post=91803"},{"taxonomy":"post_tag","embeddable":true,"href":"https:\/\/www.europesays.com\/fr\/wp-json\/wp\/v2\/tags?post=91803"}],"curies":[{"name":"wp","href":"https:\/\/api.w.org\/{rel}","templated":true}]}}