{"id":91823,"date":"2025-05-11T12:55:10","date_gmt":"2025-05-11T12:55:10","guid":{"rendered":"https:\/\/www.europesays.com\/fr\/91823\/"},"modified":"2025-05-11T12:55:10","modified_gmt":"2025-05-11T12:55:10","slug":"quand-la-cathedrale-de-metz-devient-la-basilique-de-nancy","status":"publish","type":"post","link":"https:\/\/www.europesays.com\/fr\/91823\/","title":{"rendered":"Quand la Cath\u00e9drale de Metz devient la Basilique de Nancy"},"content":{"rendered":"<p><strong>Quand France 2 confond la Cath\u00e9drale de Metz avec la Basilique de Nancy, cela fait r\u00e9agir sur les r\u00e9seaux sociaux. <\/strong><\/p>\n<p>\u00ab\u00a0Des c\u00e9r\u00e9monies organis\u00e9es un peu partout en France et notamment \u00e0 Reims\u00a0\u00bb explique le pr\u00e9sentateur Julian Bugier du journal du 13h \u00e0 l\u2019occasion du 8 mai, Journ\u00e9e de la Victoire \u2026 <strong>mais sur des images de la Cath\u00e9drale de Metz en arri\u00e8re-plan<\/strong> ! A\u00efe, premi\u00e8re coquille dans le lancement plateau du journaliste qui a fait r\u00e9agir les internautes et qui a fait sourire l\u2019\u00e9quipe de Moselle TV.  <\/p>\n<\/p>\n<p>Cr\u00e9dit vid\u00e9o : France 2 <\/p>\n<p>Mais c\u2019\u00e9tait sans compter sur une deuxi\u00e8me erreur d\u00e8s le d\u00e9but du reportage. \u00ab\u00a0Au pied de la basilique de Nancy \u00a0\u00bb peut-on entendre, toujours sur les images prises au pied de la Cath\u00e9drale Saint-\u00c9tienne de Metz et au coeur de la Place d\u2019Armes. Une information erron\u00e9e qui, c\u2019est certain, a fait bondir plus d\u2019un chauvin ! <strong>Mais que les Mosellans se rassurent, notre belle cath\u00e9drale n\u2019a pas boug\u00e9 d\u2019un iota<\/strong> <strong>et reste encore et toujours le symbole de notre belle ville de Metz <\/strong>! <\/p>\n<blockquote class=\"twitter-tweet\">\n<p lang=\"fr\" dir=\"ltr\">Au pied de la basilique de Nancy ? Ou de la cath\u00e9drale de <a href=\"https:\/\/twitter.com\/hashtag\/Metz?src=hash&amp;ref_src=twsrc%5Etfw\" rel=\"nofollow noopener\" target=\"_blank\">#Metz<\/a> ? \ud83d\ude33<a href=\"https:\/\/twitter.com\/JulianBugier?ref_src=twsrc%5Etfw\" rel=\"nofollow noopener\" target=\"_blank\">@JulianBugier<\/a> <a href=\"https:\/\/twitter.com\/hashtag\/13heures?src=hash&amp;ref_src=twsrc%5Etfw\" rel=\"nofollow noopener\" target=\"_blank\">#13heures<\/a> <a href=\"https:\/\/twitter.com\/hashtag\/France2?src=hash&amp;ref_src=twsrc%5Etfw\" rel=\"nofollow noopener\" target=\"_blank\">#France2<\/a> <a href=\"https:\/\/t.co\/ieL7KxNVLK\" rel=\"nofollow\">pic.twitter.com\/ieL7KxNVLK<\/a><\/p>\n<p>\u2014 Emile Kemmel (@KemmelEmile) <a href=\"https:\/\/twitter.com\/KemmelEmile\/status\/1920439336199155912?ref_src=twsrc%5Etfw\" rel=\"nofollow noopener\" target=\"_blank\">May 8, 2025<\/a><\/p>\n<\/blockquote>\n<blockquote class=\"twitter-tweet\">\n<p lang=\"fr\" dir=\"ltr\">Donc <a href=\"https:\/\/twitter.com\/GrosdidierMetz?ref_src=twsrc%5Etfw\" rel=\"nofollow noopener\" target=\"_blank\">@GrosdidierMetz<\/a> serait le maire de Nancy ?<a href=\"https:\/\/twitter.com\/FranceTV?ref_src=twsrc%5Etfw\" rel=\"nofollow noopener\" target=\"_blank\">@FranceTV<\/a> <a href=\"https:\/\/t.co\/NxbMPjWs7H\" rel=\"nofollow\">pic.twitter.com\/NxbMPjWs7H<\/a><\/p>\n<p>\u2014 \ud83d\udeb4\u200d\u2642\ufe0f V\u00e9lotaf Metz \ud83d\udeb4\u200d\u2642\ufe0f (@Velotaf_Metz) <a href=\"https:\/\/twitter.com\/Velotaf_Metz\/status\/1920443170363490746?ref_src=twsrc%5Etfw\" rel=\"nofollow noopener\" target=\"_blank\">May 8, 2025<\/a><\/p>\n<\/blockquote>\n<blockquote class=\"twitter-tweet\">\n<p lang=\"fr\" dir=\"ltr\">PTDRRRRR <a href=\"https:\/\/twitter.com\/FranceTV?ref_src=twsrc%5Etfw\" rel=\"nofollow noopener\" target=\"_blank\">@FranceTV<\/a> qui pr\u00e9sente les c\u00e9r\u00e9monies du <a href=\"https:\/\/twitter.com\/hashtag\/8Mai?src=hash&amp;ref_src=twsrc%5Etfw\" rel=\"nofollow noopener\" target=\"_blank\">#8Mai<\/a> \u00e0 \u00ab\u00a0Nancy\u00a0\u00bb en montrant les images de la magnifique cath\u00e9drale de <a href=\"https:\/\/twitter.com\/hashtag\/Metz?src=hash&amp;ref_src=twsrc%5Etfw\" rel=\"nofollow noopener\" target=\"_blank\">#Metz<\/a> <a href=\"https:\/\/t.co\/1ub0PQiP7g\" rel=\"nofollow\">pic.twitter.com\/1ub0PQiP7g<\/a><\/p>\n<p>\u2014 Groovehigh (@Ao3Groovehigh) <a href=\"https:\/\/twitter.com\/Ao3Groovehigh\/status\/1920437355946651791?ref_src=twsrc%5Etfw\" rel=\"nofollow noopener\" target=\"_blank\">May 8, 2025<\/a><\/p>\n<\/blockquote>\n<p><strong>Retrouvez toute l\u2019actualit\u00e9 du lundi au vendredi \u00e0 partir de 18 heures, dans l\u2019\u00e9mission\u00a0<a href=\"https:\/\/moselle.tv\/actualites\/actualites-actualites\/moselle-info\/\" rel=\"nofollow noopener\" target=\"_blank\">Mo<\/a><a href=\"https:\/\/moselle.tv\/actualites\/actualites-actualites\/moselle-info\/\" target=\"_blank\" rel=\"noreferrer noopener nofollow\">s<\/a><a href=\"https:\/\/moselle.tv\/actualites\/actualites-actualites\/moselle-info\/\" rel=\"nofollow noopener\" target=\"_blank\">elle Info<\/a>\u00a0!<\/strong><\/p>\n<p><script async src=\"https:\/\/platform.twitter.com\/widgets.js\" charset=\"utf-8\"><\/script><\/p>\n","protected":false},"excerpt":{"rendered":"Quand France 2 confond la Cath\u00e9drale de Metz avec la Basilique de Nancy, cela fait r\u00e9agir sur les&hellip;\n","protected":false},"author":2,"featured_media":91824,"comment_status":"","ping_status":"","sticky":false,"template":"","format":"standard","meta":{"footnotes":""},"categories":[9635],"tags":[328,1111,11,1777,674,1011,27,775,1702,12,25],"class_list":{"0":"post-91823","1":"post","2":"type-post","3":"status-publish","4":"format-standard","5":"has-post-thumbnail","7":"category-nancy","8":"tag-a-la-une","9":"tag-actu","10":"tag-actualites","11":"tag-eu","12":"tag-europe","13":"tag-fr","14":"tag-france","15":"tag-grand-est","16":"tag-nancy","17":"tag-news","18":"tag-republique-francaise"},"share_on_mastodon":{"url":"https:\/\/pubeurope.com\/@fr\/114489309692232128","error":""},"_links":{"self":[{"href":"https:\/\/www.europesays.com\/fr\/wp-json\/wp\/v2\/posts\/91823","targetHints":{"allow":["GET"]}}],"collection":[{"href":"https:\/\/www.europesays.com\/fr\/wp-json\/wp\/v2\/posts"}],"about":[{"href":"https:\/\/www.europesays.com\/fr\/wp-json\/wp\/v2\/types\/post"}],"author":[{"embeddable":true,"href":"https:\/\/www.europesays.com\/fr\/wp-json\/wp\/v2\/users\/2"}],"replies":[{"embeddable":true,"href":"https:\/\/www.europesays.com\/fr\/wp-json\/wp\/v2\/comments?post=91823"}],"version-history":[{"count":0,"href":"https:\/\/www.europesays.com\/fr\/wp-json\/wp\/v2\/posts\/91823\/revisions"}],"wp:featuredmedia":[{"embeddable":true,"href":"https:\/\/www.europesays.com\/fr\/wp-json\/wp\/v2\/media\/91824"}],"wp:attachment":[{"href":"https:\/\/www.europesays.com\/fr\/wp-json\/wp\/v2\/media?parent=91823"}],"wp:term":[{"taxonomy":"category","embeddable":true,"href":"https:\/\/www.europesays.com\/fr\/wp-json\/wp\/v2\/categories?post=91823"},{"taxonomy":"post_tag","embeddable":true,"href":"https:\/\/www.europesays.com\/fr\/wp-json\/wp\/v2\/tags?post=91823"}],"curies":[{"name":"wp","href":"https:\/\/api.w.org\/{rel}","templated":true}]}}