{"id":91840,"date":"2025-05-11T13:09:09","date_gmt":"2025-05-11T13:09:09","guid":{"rendered":"https:\/\/www.europesays.com\/fr\/91840\/"},"modified":"2025-05-11T13:09:09","modified_gmt":"2025-05-11T13:09:09","slug":"faut-il-supprimer-leurocorps-la-force-militaire-europeenne-en-sommeil-etablie-a-strasbourg","status":"publish","type":"post","link":"https:\/\/www.europesays.com\/fr\/91840\/","title":{"rendered":"Faut-il supprimer l\u2019Eurocorps, la force militaire europ\u00e9enne \u00ab en sommeil \u00bb \u00e9tablie \u00e0 Strasbourg ?"},"content":{"rendered":"<p class=\"paragraph text_align_left\">\u00ab Je sais qu\u2019il y a des soldats derri\u00e8re ces murs, mais je suis incapable de vous dire ce qu\u2019ils font \u00bb, r\u00e9pond, intrigu\u00e9e, une riveraine du quartier du Neuhof. \u00ab Moi, je croise r\u00e9guli\u00e8rement les femmes des militaires au supermarch\u00e9 Norma et certaines parlent polonais, je crois \u00bb, t\u00e9moigne Mireille, qui vit elle aussi dans ce coin de Strasbourg <a href=\"https:\/\/www.leparisien.fr\/bas-rhin-67\/\" target=\"_blank\" rel=\"nofollow noopener\">(Bas-Rhin)<\/a> proche de la fronti\u00e8re avec l\u2019Allemagne.<\/p>\n<p class=\"paragraph text_align_left\">C\u2019est pourtant une institution militaire vieille de 33 ans qui est install\u00e9e au sein de la caserne Aubert de Vincelles : <a href=\"https:\/\/www.leparisien.fr\/international\/enquete-du-contre-espionnage-varsovie-demet-le-commandant-polonais-de-leurocorps-27-03-2024-FVQVR7S62FGENKKOHA5PXEUTYQ.php\" target=\"_blank\" rel=\"nofollow noopener\">l\u2019Eurocorps<\/a>. \u00c0 sa cr\u00e9ation en 1992, l\u2019ancien pr\u00e9sident Fran\u00e7ois Mitterrand et l\u2019ex-chancelier Helmut Kohl en avaient fait le symbole de la r\u00e9conciliation franco-allemande.<\/p>\n","protected":false},"excerpt":{"rendered":"\u00ab Je sais qu\u2019il y a des soldats derri\u00e8re ces murs, mais je suis incapable de vous dire&hellip;\n","protected":false},"author":2,"featured_media":91841,"comment_status":"","ping_status":"","sticky":false,"template":"","format":"standard","meta":{"footnotes":""},"categories":[2820],"tags":[1111,11,459,1777,674,1011,27,775,14,12,25,640],"class_list":{"0":"post-91840","1":"post","2":"type-post","3":"status-publish","4":"format-standard","5":"has-post-thumbnail","7":"category-strasbourg","8":"tag-actu","9":"tag-actualites","10":"tag-departements-horsidfo","11":"tag-eu","12":"tag-europe","13":"tag-fr","14":"tag-france","15":"tag-grand-est","16":"tag-international","17":"tag-news","18":"tag-republique-francaise","19":"tag-strasbourg"},"share_on_mastodon":{"url":"https:\/\/pubeurope.com\/@fr\/114489364607527459","error":""},"_links":{"self":[{"href":"https:\/\/www.europesays.com\/fr\/wp-json\/wp\/v2\/posts\/91840","targetHints":{"allow":["GET"]}}],"collection":[{"href":"https:\/\/www.europesays.com\/fr\/wp-json\/wp\/v2\/posts"}],"about":[{"href":"https:\/\/www.europesays.com\/fr\/wp-json\/wp\/v2\/types\/post"}],"author":[{"embeddable":true,"href":"https:\/\/www.europesays.com\/fr\/wp-json\/wp\/v2\/users\/2"}],"replies":[{"embeddable":true,"href":"https:\/\/www.europesays.com\/fr\/wp-json\/wp\/v2\/comments?post=91840"}],"version-history":[{"count":0,"href":"https:\/\/www.europesays.com\/fr\/wp-json\/wp\/v2\/posts\/91840\/revisions"}],"wp:featuredmedia":[{"embeddable":true,"href":"https:\/\/www.europesays.com\/fr\/wp-json\/wp\/v2\/media\/91841"}],"wp:attachment":[{"href":"https:\/\/www.europesays.com\/fr\/wp-json\/wp\/v2\/media?parent=91840"}],"wp:term":[{"taxonomy":"category","embeddable":true,"href":"https:\/\/www.europesays.com\/fr\/wp-json\/wp\/v2\/categories?post=91840"},{"taxonomy":"post_tag","embeddable":true,"href":"https:\/\/www.europesays.com\/fr\/wp-json\/wp\/v2\/tags?post=91840"}],"curies":[{"name":"wp","href":"https:\/\/api.w.org\/{rel}","templated":true}]}}