{"id":91842,"date":"2025-05-11T13:10:13","date_gmt":"2025-05-11T13:10:13","guid":{"rendered":"https:\/\/www.europesays.com\/fr\/91842\/"},"modified":"2025-05-11T13:10:13","modified_gmt":"2025-05-11T13:10:13","slug":"une-formation-en-droit-routier-proposee-par-luja-de-nice-le-23-mai","status":"publish","type":"post","link":"https:\/\/www.europesays.com\/fr\/91842\/","title":{"rendered":"Une formation en droit routier propos\u00e9e par l\u2019UJA de Nice le 23 mai"},"content":{"rendered":"<p>                    <img loading=\"lazy\" decoding=\"async\" src=\"https:\/\/www.europesays.com\/fr\/wp-content\/uploads\/2025\/05\/7cd5e6b111997505d2265e8600bc36.png\" class=\"img-responsive post-image\" width=\"680\" height=\"510\" alt=\"Une formation en droit\" title=\"Une formation en droit routier propos\u00e9e par l'UJA de Nice le 23 mai\"\/><\/p>\n<p class=\"chapo\">L\u2019Union des Jeunes Avocats (UJA) propose une nouvelle formation en droit routier qui se tiendra le vendredi 23 mai de 11h \u00e0 13h.<\/p>\n<p>Vous souhaitez tout connaitre sur la position \u00e0 adopter pour d\u00e9fendre au mieux un client qui a commis un exc\u00e8s de vitesse\u00a0? Ou qui a conduit sous l\u2019emprise de stup\u00e9fiants\u00a0? Quelles strat\u00e9gies existent et peuvent s\u2019appliquer\u00a0? Anim\u00e9e par <strong>Ma\u00eetre Laurent Terrazzoni<\/strong>, cette session portera sur les strat\u00e9gies p\u00e9nales et administratives de d\u00e9fense du permis de conduire. Elle se d\u00e9roulera en pr\u00e9sentiel, avec une option en visioconf\u00e9rence accessible aux membres des barreaux ext\u00e9rieurs.<\/p>\n<p>L\u2019\u00e9v\u00e9nement est gratuit pour les adh\u00e9rents de l\u2019UJA \u00e0 jour de leurs cotisations et propos\u00e9 au tarif de 10 euros pour les non-adh\u00e9rents. <a href=\"https:\/\/www.formationsfnuja.com\/formation\/acdb9194\" class=\"texte\" rel=\"external nofollow noopener\" target=\"_blank\">Les inscriptions sont ouvertes en ligne.<\/a><\/p>\n<p><a href=\"https:\/\/www.formationsfnuja.com\/formation\/acdb9194\" class=\"spip_out spip_doc_lien\" rel=\"nofollow noopener\" target=\"_blank\"><\/p>\n<p>\t\t<img loading=\"lazy\" decoding=\"async\" src=\"https:\/\/www.europesays.com\/fr\/wp-content\/uploads\/2025\/05\/1746697424963.jpg\" width=\"800\" height=\"1131\" alt=\"\"\/><\/a><\/p>\n<p>Visuel de Une cUJA (d\u00e9tail de l\u2019affiche de l\u2019\u00e9v\u00e9nement)<\/p>\n","protected":false},"excerpt":{"rendered":"L\u2019Union des Jeunes Avocats (UJA) propose une nouvelle formation en droit routier qui se tiendra le vendredi 23&hellip;\n","protected":false},"author":2,"featured_media":91843,"comment_status":"","ping_status":"","sticky":false,"template":"","format":"standard","meta":{"footnotes":""},"categories":[2819],"tags":[1111,11,2408,1777,674,1011,27,12,2401,882,25],"class_list":{"0":"post-91842","1":"post","2":"type-post","3":"status-publish","4":"format-standard","5":"has-post-thumbnail","7":"category-nice","8":"tag-actu","9":"tag-actualites","10":"tag-appels-d","11":"tag-eu","12":"tag-europe","13":"tag-fr","14":"tag-france","15":"tag-news","16":"tag-nice","17":"tag-provence-alpes-cote-dazur","18":"tag-republique-francaise"},"share_on_mastodon":{"url":"https:\/\/pubeurope.com\/@fr\/114489368577653443","error":""},"_links":{"self":[{"href":"https:\/\/www.europesays.com\/fr\/wp-json\/wp\/v2\/posts\/91842","targetHints":{"allow":["GET"]}}],"collection":[{"href":"https:\/\/www.europesays.com\/fr\/wp-json\/wp\/v2\/posts"}],"about":[{"href":"https:\/\/www.europesays.com\/fr\/wp-json\/wp\/v2\/types\/post"}],"author":[{"embeddable":true,"href":"https:\/\/www.europesays.com\/fr\/wp-json\/wp\/v2\/users\/2"}],"replies":[{"embeddable":true,"href":"https:\/\/www.europesays.com\/fr\/wp-json\/wp\/v2\/comments?post=91842"}],"version-history":[{"count":0,"href":"https:\/\/www.europesays.com\/fr\/wp-json\/wp\/v2\/posts\/91842\/revisions"}],"wp:featuredmedia":[{"embeddable":true,"href":"https:\/\/www.europesays.com\/fr\/wp-json\/wp\/v2\/media\/91843"}],"wp:attachment":[{"href":"https:\/\/www.europesays.com\/fr\/wp-json\/wp\/v2\/media?parent=91842"}],"wp:term":[{"taxonomy":"category","embeddable":true,"href":"https:\/\/www.europesays.com\/fr\/wp-json\/wp\/v2\/categories?post=91842"},{"taxonomy":"post_tag","embeddable":true,"href":"https:\/\/www.europesays.com\/fr\/wp-json\/wp\/v2\/tags?post=91842"}],"curies":[{"name":"wp","href":"https:\/\/api.w.org\/{rel}","templated":true}]}}