{"id":91846,"date":"2025-05-11T13:12:11","date_gmt":"2025-05-11T13:12:11","guid":{"rendered":"https:\/\/www.europesays.com\/fr\/91846\/"},"modified":"2025-05-11T13:12:11","modified_gmt":"2025-05-11T13:12:11","slug":"pres-de-nantes-ce-parc-a-jeux-pour-enfants-imite-les-scenes-du-quotidien-et-initie-aux-metiers","status":"publish","type":"post","link":"https:\/\/www.europesays.com\/fr\/91846\/","title":{"rendered":"Pr\u00e8s de Nantes, ce parc \u00e0 jeux pour enfants imite les sc\u00e8nes du quotidien et initie aux m\u00e9tiers"},"content":{"rendered":"<p>            Par<br \/>\n        <strong><br \/>\n            <a href=\"https:\/\/actu.fr\/auteur\/laurent-fortin\" title=\"Consulter tous les articles de Laurent Fortin\" target=\"_blank\" rel=\"noopener\">Laurent Fortin<\/a><br \/>\n        <\/strong><\/p>\n<p>        Publi\u00e9 le<\/p>\n<p>            11 mai 2025 \u00e0 11h57        <\/p>\n<p>L\u2019histoire touchante de cette fratrie avait \u00e9mu les t\u00e9l\u00e9spectateurs de <a href=\"https:\/\/www.facebook.com\/watch\/?v=901778074776580\" target=\"_blank\" rel=\"noopener\">l\u2019\u00e9mission Qui veut \u00eatre mon associ\u00e9 d\u00e9but 2024.<\/a> Sur le plateau de M6 ce soir-l\u00e0, Benjamin, Nathan et Nina Mandelson, deux fr\u00e8res et une s\u0153ur faisaient face aux investisseurs pour leur demander de les suivre dans leur aventure\u2009: celle de <b>cr\u00e9er des parcs \u00e0 jeux pour enfants d\u2019un nouveau genre<\/b>. Une envie d\u2019entreprendre ensemble qui faisait suite au d\u00e9c\u00e8s de leur maman il y a une quinzaine d\u2019ann\u00e9es.<\/p>\n<p class=\" wall-content\">L\u2019id\u00e9e \u00e9tait venue une fois que le trio est devenu parents.<\/p>\n<blockquote class=\"ac-article-quote wall-content\">\n<p>Comme tous, on a parfois cherch\u00e9 quoi faire pendant les week-ends et les vacances avec eux. On en avait un peu marre des trampolines et piscines \u00e0 balles. Donc, on a r\u00e9fl\u00e9chi et choisi de cr\u00e9er des parcs o\u00f9 l\u2019enfant imagine ses propres histoires dans des diff\u00e9rents univers du quotidien.<\/p>\n<\/blockquote>\n<p class=\" wall-content\">Les parcs Palomano \u00e9taient cr\u00e9\u00e9s. A <a href=\"https:\/\/parcs.palomano.com\/palomano-city-92110\" target=\"_blank\" rel=\"noopener\">Clichy<\/a>, puis <a href=\"https:\/\/parcs.palomano.com\/palomano-story-92500\" target=\"_blank\" rel=\"noopener\">Rueil-Malmaison<\/a>, tout d\u2019abord.<\/p>\n<p>Pr\u00e8s de 800\u00a0m2 d\u00e9di\u00e9 aux m\u00e9tiers<\/p>\n<p class=\" wall-content\">Depuis la semaine derni\u00e8re, c\u2019est un sur la <a href=\"https:\/\/www.google.com\/maps\/place\/Palomano+Nantes+Sud\/@47.179481,-1.4757068,641m\/data=!3m2!1e3!4b1!4m6!3m5!1s0x4805e9e52e8931eb:0xd1cb2761d3a2cba2!8m2!3d47.179481!4d-1.4757068!16s%2Fg%2F11x7hcv433?entry=ttu&amp;g_ep=EgoyMDI1MDUwNy4wIKXMDSoASAFQAw%3D%3D\" target=\"_blank\" rel=\"noopener\">zone d\u2019activit\u00e9s de la Vertonne <\/a>qui a ouvert, \u00e0 <a href=\"https:\/\/actu.fr\/pays-de-la-loire\/vertou_44215\" target=\"_blank\" rel=\"noopener\"><b>Vertou<\/b><\/a>. A la place de la salle de fitness Miami fit, au carrefour de la route de la gare et du boulevard de l\u2019Europe. <b>Un local de pr\u00e8s de 1\u2009000\u00a0m2 dont 773\u00a0m2 d\u00e9di\u00e9s aux enfants de 1 \u00e0 10\u00a0ans pour s\u2019imaginer pompiers, v\u00e9t\u00e9rinaires, voyageurs, m\u00e9decins ou encore chef \u00e9toil\u00e9<\/b>.<\/p>\n<p>Vid\u00e9os : en ce moment sur Actu<\/p>\n<blockquote class=\"ac-article-quote wall-content\">\n<p>Avec le mat\u00e9riel, mais aussi les d\u00e9guisements qui vont avec. Il y a le camion de pompier, la salle d\u2019embarquement ou encore la cuisine et m\u00eame une prison o\u00f9 les enfants policiers adorent enfermer les parents.<\/p>\n<p>Amanda Fourni.<\/p><\/blockquote>\n<p class=\" wall-content\">Cette maman de deux filles a totalement \u00e9t\u00e9 s\u00e9duite par le concept. Qu\u2019elle a connu en 2022 lorsqu\u2019elle \u00e9tait enceinte en regardant une autre \u00e9mission, Mamans et c\u00e9l\u00e8bres.<\/p>\n<blockquote class=\"ac-article-quote wall-content\">\n<p>J\u2019\u00e9tais tomb\u00e9e dessus par hasard. En cherchant des id\u00e9es d\u2019occupation \u00e0 venir pour mes enfants. \u00e7a m\u2019avait plu. A tel point que j\u2019en avais parl\u00e9 \u00e0 plein de copines. M\u00eame pour une id\u00e9e de reconversion professionnelle.<\/p>\n<\/blockquote>\n<p class=\" wall-content\">En effet, apr\u00e8s une vie d\u2019\u00e9tudiante parisienne prolonger par un d\u00e9but de carri\u00e8re d\u2019une dizaine d\u2019ann\u00e9es comm<b>e fonctionnaire au minist\u00e8re des finances \u00e0 Bercy<\/b>, la Nantaise d\u2019origine avait des <b>envies de retours en Loire-Atlantique<\/b>, avec son mari.<\/p>\n<p class=\" wall-content\">Le Covid, l\u2019\u00e9loignement des proches, la maladie de sa maman \u00e9taient pass\u00e9s par l\u00e0.<\/p>\n<blockquote class=\"ac-article-quote wall-content\">\n<p>Un jour, j\u2019ai re\u00e7u un SMS d\u2019un copain qui disait que notre projet professionnel passait sur M6. C\u2019\u00e9tait la fameuse \u00e9mission de f\u00e9vrier\u00a02024. On a compris qu\u2019ils cherchaient des franchis\u00e9s. D\u00e8s le lendemain, on postulait pour \u00eatre candidats \u00e0 ouvrir sur Nantes.<\/p>\n<\/blockquote>\n<p class=\" wall-content\">Le couple n\u2019\u00e9tait pas les seuls. Apr\u00e8s plusieurs entretiens avec les fondateurs et une journ\u00e9e d\u2019immersion dans le parc de Clichy, \u00ab\u2009que nous n\u2019avions m\u00eame pas pu d\u00e9couvrir avant\u2009\u00bb,<b> ils seront finalement retenus.<\/b><\/p>\n<p>      <img   decoding=\"async\" loading=\"lazy\" class=\"size-large\" src=\"https:\/\/www.europesays.com\/fr\/wp-content\/uploads\/2025\/05\/21cb18bea718689cb18bea718adcb1v-960x640.jpg\" alt=\"-\" width=\"960\" height=\"640\"\/><br \/>\n    Ce parc \u00e0 jeux est le 5e \u00e0 ouvrir apr\u00e8s les deux Franciliens et ceux de Gr\u00e2ces et Metz d\u00e9but 2025. Celui de Caen vient d\u2019ouvrir le 7\u00a0mai et celui d\u2019Angers le sera en juin. \u00a9Hebdo de S\u00e8vre et MaineLe local trouv\u00e9 juste avant No\u00ebl<\/p>\n<p class=\" wall-content\">Ils ont d\u00fb se mettre en qu\u00eate d\u2019un local.<\/p>\n<blockquote class=\"ac-article-quote wall-content\">\n<p>Ce qui n\u2019a pas \u00e9t\u00e9 le plus simple puisqu\u2019il fallait une belle surface, une hauteur de plafond entre 3,5 et 5\u00a0m\u00e8tres et surtout une compatibilit\u00e9 avec le plan local d\u2019urbanisme de Nantes m\u00e9tropole, qui nous a refus\u00e9 plusieurs lieux qui cochaient les autres cases, car elle refusait cette activit\u00e9 \u00e0 ces endroits<\/p>\n<p>Amanda Fourni<\/p><\/blockquote>\n<p class=\" wall-content\">Elle a mis 6\u00a0mois \u00e0 trouver son bonheur. \u00ab\u2009On a eu les clefs le 20\u00a0d\u00e9cembre dernier,\u2009\u00bb se souvient-elle. <b>Un cadeau de No\u00ebl.<\/b><\/p>\n<p>      <img   decoding=\"async\" loading=\"lazy\" class=\"size-large\" src=\"https:\/\/www.europesays.com\/fr\/wp-content\/uploads\/2025\/05\/c66359d4702860b6359d47028fe635v-960x640.jpg\" alt=\"Une des pi\u00e8ces repr\u00e9sentent une salle d'embarquement.\" width=\"960\" height=\"640\"\/><br \/>\n    Une des pi\u00e8ces repr\u00e9sentent une salle d\u2019embarquement. \u00a9Hebdo de S\u00e8vre et Maine<\/p>\n<p class=\" wall-content\">Depuis, le lieu est devenu la salle de jeux des bricoleurs, avant d\u2019\u00eatre celle des enfants. Pour \u00eatre pr\u00eate le 30\u00a0avril, jour de son ouverture. <b>Deux autres salari\u00e9s permanents composent l\u2019effectif,<\/b> renforc\u00e9s par des animateurs et des com\u00e9diens qui interviennent pour susciter l\u2019imagination des t\u00eates blondes ou prendre en main les groupes venus pour un anniversaire. Il y a aussi <b>un coin cocooning pour les tout-petits<\/b> o\u00f9 l\u2019on peut avoir des instants lecture. A l\u2019accueil, des go\u00fbters et rafra\u00eechissements sont possibles.<\/p>\n<p class=\" wall-content\">Outre les familles, le parc de jeux Palomano esp\u00e8re aussi attirer des classes et des centres a\u00e9r\u00e9s.<\/p>\n<blockquote class=\"ac-article-quote wall-content\">\n<p>Nous avons une r\u00e9elle ambition p\u00e9dagogique. C\u2019est ce qui fait notre force. Avec Palo-market (magasin o\u00f9 l\u2019on fait ses courses), on apprend \u00e0 additionner, soustraire, faire des pourcentages. Avec Palo resto, on enseigne les conversions de poids en grammes. A Palo m\u00e9dico, on apprend le syst\u00e8me digestif. Chez les pompiers, on initie aux premiers secours. Cela peut vraiment \u00eatre un espace de ludique et p\u00e9dagogique pour des enseignants qui souhaitent instruire diff\u00e9remment.<\/p>\n<p>Amanda Fourni.<\/p><\/blockquote>\n<p class=\" wall-content\">Les matin\u00e9es du mardi, jeudi et vendredi sont r\u00e9serv\u00e9es \u00e0 cette possibilit\u00e9. <b>Les apr\u00e8s-midi sont ouverts au grand public comme les mercredi, samedi et dimanche de 9\u2009h\u200920 \u00e0 19\u2009h<\/b>. Ce sera aussi le cas pendant<b> toutes les vacances scolaires en continu, sept jours sur sept.<\/b> De quoi avoir largement le temps de s\u2019amuser et peut-\u00eatre de trouver un m\u00e9tier.<\/p>\n<p>Palomano, 83 route de la gare. Contact\u2009: 02\u200953\u200935\u200926\u200950 ou <a href=\"https:\/\/actu.fr\/cdn-cgi\/l\/email-protection\" class=\"__cf_email__\" data-cfemail=\"620c030c1607114f1117062212030e0d0f030c0d4c010d0f\" target=\"_blank\" rel=\"noopener\">[email\u00a0protected]<\/a>. Pages Facebook et Instagram. Tarifs\u2009: 15\u00a0\u20ac par enfant et 7\u00a0\u20ac par adulte (2\u00a0heures).<\/p>\n<p class=\" wall-content\">Suivez toute l\u2019actualit\u00e9 de vos villes et m\u00e9dias favoris en vous inscrivant \u00e0 <a href=\"https:\/\/moncompte.actu.fr\" title=\"D\u00e9couvez Mon Actu\" rel=\"nofollow noopener\" data-trk=\"{&quot;cta&quot;:{&quot;action&quot;:&quot;https:\\\/\\\/moncompte.actu.fr&quot;,&quot;category&quot;:&quot;mon compte&quot;,&quot;from&quot;:&quot;article footer&quot;,&quot;name&quot;:&quot;Mon actu&quot;,&quot;type&quot;:&quot;cta&quot;}}\" target=\"_blank\">Mon Actu<\/a>.<\/p>\n","protected":false},"excerpt":{"rendered":"Par Laurent Fortin Publi\u00e9 le 11 mai 2025 \u00e0 11h57 L\u2019histoire touchante de cette fratrie avait \u00e9mu les&hellip;\n","protected":false},"author":2,"featured_media":91847,"comment_status":"","ping_status":"","sticky":false,"template":"","format":"standard","meta":{"footnotes":""},"categories":[2818],"tags":[1111,11,1719,1777,674,1011,27,766,12,2636,25,104,4714],"class_list":{"0":"post-91846","1":"post","2":"type-post","3":"status-publish","4":"format-standard","5":"has-post-thumbnail","7":"category-nantes","8":"tag-actu","9":"tag-actualites","10":"tag-enfants","11":"tag-eu","12":"tag-europe","13":"tag-fr","14":"tag-france","15":"tag-nantes","16":"tag-news","17":"tag-pays-de-la-loire","18":"tag-republique-francaise","19":"tag-societe","20":"tag-vignoble"},"share_on_mastodon":{"url":"https:\/\/pubeurope.com\/@fr\/114489376379294993","error":""},"_links":{"self":[{"href":"https:\/\/www.europesays.com\/fr\/wp-json\/wp\/v2\/posts\/91846","targetHints":{"allow":["GET"]}}],"collection":[{"href":"https:\/\/www.europesays.com\/fr\/wp-json\/wp\/v2\/posts"}],"about":[{"href":"https:\/\/www.europesays.com\/fr\/wp-json\/wp\/v2\/types\/post"}],"author":[{"embeddable":true,"href":"https:\/\/www.europesays.com\/fr\/wp-json\/wp\/v2\/users\/2"}],"replies":[{"embeddable":true,"href":"https:\/\/www.europesays.com\/fr\/wp-json\/wp\/v2\/comments?post=91846"}],"version-history":[{"count":0,"href":"https:\/\/www.europesays.com\/fr\/wp-json\/wp\/v2\/posts\/91846\/revisions"}],"wp:featuredmedia":[{"embeddable":true,"href":"https:\/\/www.europesays.com\/fr\/wp-json\/wp\/v2\/media\/91847"}],"wp:attachment":[{"href":"https:\/\/www.europesays.com\/fr\/wp-json\/wp\/v2\/media?parent=91846"}],"wp:term":[{"taxonomy":"category","embeddable":true,"href":"https:\/\/www.europesays.com\/fr\/wp-json\/wp\/v2\/categories?post=91846"},{"taxonomy":"post_tag","embeddable":true,"href":"https:\/\/www.europesays.com\/fr\/wp-json\/wp\/v2\/tags?post=91846"}],"curies":[{"name":"wp","href":"https:\/\/api.w.org\/{rel}","templated":true}]}}