{"id":91856,"date":"2025-05-11T13:17:13","date_gmt":"2025-05-11T13:17:13","guid":{"rendered":"https:\/\/www.europesays.com\/fr\/91856\/"},"modified":"2025-05-11T13:17:13","modified_gmt":"2025-05-11T13:17:13","slug":"cest-quoi-supernova-ce-nouveau-lieu-atypique-dedie-a-la-food-a-toulouse","status":"publish","type":"post","link":"https:\/\/www.europesays.com\/fr\/91856\/","title":{"rendered":"C&rsquo;est quoi Supernova, ce nouveau lieu atypique d\u00e9di\u00e9 \u00e0 la food \u00e0 Toulouse\u00a0?"},"content":{"rendered":"<p>            Par<br \/>\n        <strong><br \/>\n            <a href=\"https:\/\/actu.fr\/auteur\/gabriel-kenedi\" title=\"Consulter tous les articles de Gabriel Kenedi\" target=\"_blank\" rel=\"noopener\">Gabriel Kenedi<\/a><br \/>\n        <\/strong><\/p>\n<p>        Publi\u00e9 le<\/p>\n<p>            11 mai 2025 \u00e0 12h02        <\/p>\n<p>C\u2019est un retour aux sources pour <strong>Maxime Keddache<\/strong>. Pass\u00e9 notamment par (feu) <a href=\"https:\/\/actu.fr\/occitanie\/toulouse_31555\/toulouse-le-chef-etoile-balthazar-gonzalez-annonce-la-fermeture-de-son-restaurant_62187538.html\" target=\"_blank\" rel=\"noopener\">le restaurant \u00e9toil\u00e9 L\u2019H\u00e9done<\/a> \u00e0 <strong>Toulouse<\/strong>, le restaurateur est de retour dans la Ville rose apr\u00e8s un interm\u00e8de de quelques ann\u00e9es \u00e0 Carcassonne (Aude), o\u00f9 il avait ouvert Le R\u00e9servoir, un restaurant \u00e0 la cuisine inventive, qui s\u2019\u00e9tait fait une jolie r\u00e9putation. Et s\u2019il revient \u00e0 Toulouse, c\u2019est pour ouvrir <strong>Supernova<\/strong>, un lieu atypique situ\u00e9 m\u00ealant \u00e9picerie, pop-up artistique\u2026 et des r\u00e9sidences de chefs !\u00a0<\/p>\n<p>Un lieu hybride d\u00e9di\u00e9 \u00e0 la food\u00a0<br \/>\n      <img   decoding=\"async\" loading=\"lazy\" src=\"https:\/\/www.europesays.com\/fr\/wp-content\/uploads\/2025\/05\/supernova-toulouse-restaurant-x-960x640.jpg\" alt=\"Supernova a \u00e9t\u00e9 imagin\u00e9 par Maxime Keddache, pass\u00e9 notamment jadis par L'H\u00e9done, ancien restaurant \u00e9toil\u00e9 \u00e0 Toulouse. \" width=\"960\" height=\"640\"\/><br \/>\n    Supernova a \u00e9t\u00e9 imagin\u00e9 par Maxime Keddache, pass\u00e9 notamment jadis par L\u2019H\u00e9done, ancien restaurant \u00e9toil\u00e9 \u00e0 Toulouse. (\u00a9Gabriel Kenedi \/ Actu Toulouse)<\/p>\n<p class=\" wall-content\">Ouvert depuis le 29 avril dernier, ce nouveau lieu de 160 m2 est situ\u00e9 \u00e0 deux pas de la <strong>place Belfort<\/strong>, au centre-ville de Toulouse. Un secteur en pleine mutation !<\/p>\n<p class=\" wall-content\">\u00ab\u00a0On est dans un quartier populaire qui a plein de potentiel, et qui va sans doute exploser dans les prochaines ann\u00e9es\u00a0\u00bb, estime le restaurateur, qui en profite pour nous donner sa d\u00e9finition de ce nouveau lieu \u00e0 Toulouse :\u00a0<\/p>\n<blockquote class=\"ac-article-quote wall-content\">\n<p>Supernova, c&rsquo;est un tiers-lieu autour de la food. L&rsquo;id\u00e9e, c&rsquo;est de mettre en avant tous les gens qui participent \u00e0 l&rsquo;art de la table. On a une \u00e9picerie qui est ouverte toute la journ\u00e9e, mais aussi plusieurs espaces d\u00e9di\u00e9s aux artistes pour accueillir des c\u00e9ramistes, des couteliers ou des photographes. Et nous avons aussi un restaurant, avec une quarantaine de places assises, o\u00f9 j&rsquo;organise des r\u00e9sidences de chefs, qui vont cuisiner avec moi.\u00a0<\/p>\n<p>    <strong>Maximme Keddache <\/strong><br \/>\n        Cr\u00e9ateur de Supernova    <\/p><\/blockquote>\n<p>Cuisine ouverte\u2026 et r\u00e9sidences courtes\u00a0<br \/>\n      <img   decoding=\"async\" loading=\"lazy\" src=\"https:\/\/www.europesays.com\/fr\/wp-content\/uploads\/2025\/05\/supernova-toulouse-patio-960x640.jpg\" alt=\"Le lieu dispose d'un joli patio. \" width=\"960\" height=\"640\"\/><br \/>\n    Le lieu dispose d\u2019un joli patio. (\u00a9Gabriel Kenedi \/ Actu Toulouse)<\/p>\n<p class=\" wall-content\">Car de mani\u00e8re un peu surprenante, les <strong>r\u00e9sidences de chefs<\/strong> \u2014 un concept en vogue dans de nombreuses villes de France \u2014 ne sont pas encore si nombreuses \u00e0 Toulouse, m\u00eame si on voit essaimer quelques projets (comme <a href=\"https:\/\/actu.fr\/occitanie\/toulouse_31555\/poison-la-celebre-cave-a-manger-de-toulouse-se-lance-dans-un-nouveau-projet_62122784.html\" target=\"_blank\" rel=\"noopener\">Poison<\/a>, \u00e0 Bonnefoy, ou <a href=\"https:\/\/www.instagram.com\/soulan.caveamanger\/\" target=\"_blank\" rel=\"noopener\">Soulan<\/a>, \u00e0 Matabiau) depuis plusieurs mois.\u00a0<\/p>\n<p class=\" wall-content\">Chez Supernova, qui dispose d\u2019une<strong> belle cuisine ouverte<\/strong> et d\u2019un joli patio, on esp\u00e8re accueillir de nombreux chefs, puisque c\u2019est un concept de r\u00e9sidences courtes que d\u00e9fend Maxime Keddache.\u00a0<\/p>\n<p>Des chefs de Toulouse et d\u2019ailleurs\u00a0<\/p>\n<p class=\" wall-content\">\u00ab\u00a0L\u2019id\u00e9e, c\u2019est vraiment d\u2019inviter <strong>des chefs de tout horizon<\/strong>, pour faire vivre le lieu. Ils peuvent venir de partout ! J\u2019ai vraiment envie de mettre en avant la jeune g\u00e9n\u00e9ration. Car avec la conjoncture actuelle, tout le monde n\u2019a pas envie de lancer son propre restaurant, et c\u2019est d\u2019ailleurs pour \u00e7a qu\u2019on voit de plus en plus \u00e9merger des chefs itin\u00e9rants. Je trouve \u00e7a chouette de pouvoir inviter des chefs qui vont pouvoir exprimer leur talent sur une courte dur\u00e9e, allant de deux \u00e0 trois jours jusqu\u2019\u00e0 deux semaines\u00a0\u00bb, souligne-t-il.\u00a0<\/p>\n<p>Cuisine ouverte<br \/>\n      <img   decoding=\"async\" loading=\"lazy\" src=\"https:\/\/www.europesays.com\/fr\/wp-content\/uploads\/2025\/05\/supernova-toulouse-restaurant-960x640.jpg\" alt=\"Maxime Keddache accompagnera les chefs invit\u00e9s, avec qui il va cuisiner \u00e0 leurs c\u00f4t\u00e9s. \" width=\"960\" height=\"640\"\/><br \/>\n    Maxime Keddache accompagnera les chefs invit\u00e9s, avec qui il va cuisiner \u00e0 leurs c\u00f4t\u00e9s. (\u00a9Gabriel Kenedi \/ Actu Toulouse)<\/p>\n<p class=\" wall-content\">\u00ab\u00a0Mais attention, <strong>ce lieu est plus une boutique<\/strong> qu\u2019un resto !\u00a0\u00bb, reprend Maxime Keddache. Ouvert toute la journ\u00e9e, on peut donc y d\u00e9nicher des produits bien sourc\u00e9s \u00e0 l\u2019\u00e9picerie, d\u00e9couvrir des expos autour de la food, \u00e9couter des vinyles. Son g\u00e9rant assume parfaitement d\u2019y cr\u00e9er un lieu vivant et clairement \u00e9volutif. \u00ab\u00a0C\u2019est un lieu qui d\u00e9tonne, o\u00f9 on peut faire plein de choses, j\u2019esp\u00e8re vraiment que les gens vont se l\u2019approprier\u00a0\u00bb.\u00a0<\/p>\n<p class=\" wall-content\">Pour en savoir plus sur les r\u00e9sidences de chefs, les expos, il est donc vivement conseill\u00e9 de suivre les actualit\u00e9s de ce tiers-lieu atypique sur <a href=\"https:\/\/www.instagram.com\/supernovanovanovanova\/\" target=\"_blank\" rel=\"noopener\">le compte Insta<\/a> de Supernova.\u00a0<\/p>\n<p><strong>Infos pratiques :<\/strong><br \/><a href=\"https:\/\/www.instagram.com\/supernovanovanovanova\/\" target=\"_blank\" rel=\"noopener\">Supernova<\/a>, 10 rue Bertrand de Born, 31000 Toulouse. Ouvert du mardi au samedi, de 10 h \u00e0 19h.\u00a0<\/p>\n<p class=\" wall-content\">Suivez toute l\u2019actualit\u00e9 de vos villes et m\u00e9dias favoris en vous inscrivant \u00e0 <a href=\"https:\/\/moncompte.actu.fr\" title=\"D\u00e9couvez Mon Actu\" rel=\"nofollow noopener\" data-trk=\"{&quot;cta&quot;:{&quot;action&quot;:&quot;https:\\\/\\\/moncompte.actu.fr&quot;,&quot;category&quot;:&quot;mon compte&quot;,&quot;from&quot;:&quot;article footer&quot;,&quot;name&quot;:&quot;Mon actu&quot;,&quot;type&quot;:&quot;cta&quot;}}\" target=\"_blank\">Mon Actu<\/a>.<\/p>\n<ul class=\"ac-article-tag wall-content\">\n<li><a href=\"https:\/\/actu.fr\/tag\/nouveaux-commerces-a-toulouse\" data-trk=\"{&quot;cta&quot;:{&quot;action&quot;:&quot;Nouveaux commerces \\u00e0 Toulouse&quot;,&quot;category&quot;:&quot;tag&quot;,&quot;from&quot;:&quot;article footer&quot;,&quot;name&quot;:&quot;Nouveaux commerces \\u00e0 Toulouse&quot;,&quot;type&quot;:&quot;cta&quot;}}\" target=\"_blank\" rel=\"noopener\">#Nouveaux commerces \u00e0 Toulouse<\/a><\/li>\n<li><a href=\"https:\/\/actu.fr\/tag\/restaurants-de-toulouse\" data-trk=\"{&quot;cta&quot;:{&quot;action&quot;:&quot;Restaurants de Toulouse&quot;,&quot;category&quot;:&quot;tag&quot;,&quot;from&quot;:&quot;article footer&quot;,&quot;name&quot;:&quot;Restaurants de Toulouse&quot;,&quot;type&quot;:&quot;cta&quot;}}\" target=\"_blank\" rel=\"noopener\">#Restaurants de Toulouse<\/a><\/li>\n<\/ul>\n<p>                    <script async src=\"\/\/www.instagram.com\/embed.js\"><\/script><\/p>\n","protected":false},"excerpt":{"rendered":"Par Gabriel Kenedi Publi\u00e9 le 11 mai 2025 \u00e0 12h02 C\u2019est un retour aux sources pour Maxime Keddache.&hellip;\n","protected":false},"author":2,"featured_media":91857,"comment_status":"","ping_status":"","sticky":false,"template":"","format":"standard","meta":{"footnotes":""},"categories":[2816],"tags":[1111,11,1777,674,1011,27,1652,12,2849,2680,25,2850,2312],"class_list":{"0":"post-91856","1":"post","2":"type-post","3":"status-publish","4":"format-standard","5":"has-post-thumbnail","7":"category-toulouse","8":"tag-actu","9":"tag-actualites","10":"tag-eu","11":"tag-europe","12":"tag-fr","13":"tag-france","14":"tag-loisirs-culture","15":"tag-news","16":"tag-nouveaux-commerces-a-toulouse","17":"tag-occitanie","18":"tag-republique-francaise","19":"tag-restaurants-de-toulouse","20":"tag-toulouse"},"share_on_mastodon":{"url":"https:\/\/pubeurope.com\/@fr\/114489396564564911","error":""},"_links":{"self":[{"href":"https:\/\/www.europesays.com\/fr\/wp-json\/wp\/v2\/posts\/91856","targetHints":{"allow":["GET"]}}],"collection":[{"href":"https:\/\/www.europesays.com\/fr\/wp-json\/wp\/v2\/posts"}],"about":[{"href":"https:\/\/www.europesays.com\/fr\/wp-json\/wp\/v2\/types\/post"}],"author":[{"embeddable":true,"href":"https:\/\/www.europesays.com\/fr\/wp-json\/wp\/v2\/users\/2"}],"replies":[{"embeddable":true,"href":"https:\/\/www.europesays.com\/fr\/wp-json\/wp\/v2\/comments?post=91856"}],"version-history":[{"count":0,"href":"https:\/\/www.europesays.com\/fr\/wp-json\/wp\/v2\/posts\/91856\/revisions"}],"wp:featuredmedia":[{"embeddable":true,"href":"https:\/\/www.europesays.com\/fr\/wp-json\/wp\/v2\/media\/91857"}],"wp:attachment":[{"href":"https:\/\/www.europesays.com\/fr\/wp-json\/wp\/v2\/media?parent=91856"}],"wp:term":[{"taxonomy":"category","embeddable":true,"href":"https:\/\/www.europesays.com\/fr\/wp-json\/wp\/v2\/categories?post=91856"},{"taxonomy":"post_tag","embeddable":true,"href":"https:\/\/www.europesays.com\/fr\/wp-json\/wp\/v2\/tags?post=91856"}],"curies":[{"name":"wp","href":"https:\/\/api.w.org\/{rel}","templated":true}]}}