{"id":91862,"date":"2025-05-11T13:20:09","date_gmt":"2025-05-11T13:20:09","guid":{"rendered":"https:\/\/www.europesays.com\/fr\/91862\/"},"modified":"2025-05-11T13:20:09","modified_gmt":"2025-05-11T13:20:09","slug":"services-municipaux-tiers-lieu-antenne-de-sciences-po-quel-projet-pour-la-caserne-du-muy","status":"publish","type":"post","link":"https:\/\/www.europesays.com\/fr\/91862\/","title":{"rendered":"Services municipaux, tiers lieu, antenne de Sciences Po&#8230; Quel projet pour la Caserne du Muy?"},"content":{"rendered":"<p>L\u2019Arm\u00e9e a quitt\u00e9 l\u2019immense Caserne du Muy il y a quinze ans. Pourtant, aujourd&rsquo;hui, seul le tribunal a investi une partie de cette friche pour ses proc\u00e8s hors normes. L&rsquo;institution y restera jusqu\u2019\u00e0 un possible d\u00e9m\u00e9nagement en 2030 vers <a href=\"https:\/\/www.laprovence.com\/article\/faits-divers-justice\/14348648106145\/a-marseille-la-cite-judiciaire-toujours-flechee-vers-le-quartier-arenc\" target=\"_blank\" rel=\"nofollow noopener\">une nouvelle cit\u00e9 judiciaire voulue proche d\u2019Arenc<\/a>. D\u2019ici l\u00e0 et avant le <a href=\"https:\/\/www.laprovence.com\/article\/societe\/1322302009867515\/benoit-payan-veut-decentraliser-la-mairie-de-marseille-a-la-caserne-du-muy\" target=\"_blank\" rel=\"nofollow noopener\">d\u00e9m\u00e9nagement de la mairie de Marseille<\/a> depuis le Vieux-Port,\u00a0 \u00e9voqu\u00e9 l&rsquo;an dernier par Beno\u00eet Payan pour y regrouper des directions municipales \u00e9clat\u00e9es, l\u2019association Yes We Camp, sp\u00e9cialiste des projets \u00e9ph\u00e9m\u00e8res, et la Fondation pour le logement des d\u00e9favoris\u00e9s (ex-Fondation Abb\u00e9-Pierre) portent depuis deux ans l\u2019id\u00e9e d\u2019un lieu de vie, ouvert sur le quartier qui pourrait transformer le<a href=\"https:\/\/www.laprovence.com\/article\/region\/1221211207332515\/marseille-ecoles-tramway-a-la-belle-de-mai-longtemps-abandonnee-lurgence-de-rattraper-le-temps-perdu\" target=\"_blank\" rel=\"nofollow noopener\"> 3e arrondissement<\/a>.<\/p>\n<p>Lutte contre le gaspillage immobilier<\/p>\n<p>Une utilisation de ces b\u00e2timents vides au c\u0153ur de la Belle-de-Mai pour quelques ann\u00e9es avant qu&rsquo;ils ne trouvent leur prochaine vocation. Apr\u00e8s une r\u00e9union avec la Ville le mois dernier, le collectif, qui propose un programme \u00ab\u00a0transitoire et coh\u00e9rent\u00a0\u00bb pour la <a href=\"https:\/\/www.laprovence.com\/article\/societe\/29850204453727\/un-tiers-lieu-solidaire-se-dessine-a-la-caserne-du-muy-a-marseille\" target=\"_blank\" rel=\"nofollow noopener\">Caserne du Muy<\/a>, esp\u00e8re plus que jamais convaincre. En mettant notamment en avant ses arguments de lutte contre le gaspillage immobilier autant que son exp\u00e9rience, toujours \u00e0 l\u2019\u0153uvre dans la gestion de <a href=\"https:\/\/www.laprovence.com\/article\/sorties-loisirs\/6689422\/lauberge-marseillaise-a-un-an.html\" target=\"_blank\" rel=\"nofollow noopener\">l\u2019Auberge marseillaise<\/a> qui accueille des femmes victimes de violences \u00e0 Bonneveine.<\/p>\n<p>Cette \u00ab\u00a0galaxie qui refl\u00e8te le visage pluriel de Marseille\u00a0\u00bb\u00a0<\/p>\n<p>\u00ab\u00a0Personne ne sait comme nous ouvrir un lieu comme <a href=\"https:\/\/www.laprovence.com\/article\/region\/29654386875402\/marseille-fin-de-laventure-pour-le-tiers-lieu-coco-velten-ses-residents-et-sa-quarantaine-d-associations\" target=\"_blank\" rel=\"nofollow noopener\">Coco Velten<\/a> avec une telle frugalit\u00e9 (150 euros le m\u00b2) et une telle intensit\u00e9 d\u2019usages. C\u2019est non seulement notre boulot mais l\u2019avenir\u00a0\u00bb, plaide Nicolas D\u00e9trie. Le directeur de Yes We Camp est s\u00fbr de sa m\u00e9thode. \u00c9conome en CO2 car elle ne produit pas de constructions suppl\u00e9mentaires : au Muy, 12 000 m\u00b2 d\u2019espaces vacants et 15\u00a0000\u00a0m\u00b2 d\u2019ext\u00e9rieurs \u00e0 l&rsquo;abandon. Mais aussi riche de rencontres : l\u2019op\u00e9rateur de \u00ab\u00a0tiers lieux\u00a0\u00bb esp\u00e8re y accueillir plusieurs dizaines de structures. Un vaste d\u00e9ploiement qui s\u2019appuie sur un \u00ab\u00a0maillage local\u00a0\u00bb. Cette \u00ab\u00a0galaxie qui refl\u00e8te le visage pluriel de Marseille\u00a0\u00bb comprendrait \u00ab\u00a0M\u00e9decins du monde et l\u2019AP-HM pour une permanence d\u2019acc\u00e8s aux soins, la mairie de secteur pour des services de proximit\u00e9, Habitat alternatif social (HSA) et Just, pour de l\u2019h\u00e9bergement et de l\u2019aide aux plus pr\u00e9caires, le festival de Marseille et le festival Parall\u00e8le c\u00f4t\u00e9 culture ou encore la R\u00e9serve des arts et sa mat\u00e9riauth\u00e8que\u00a0\u00bb.<\/p>\n","protected":false},"excerpt":{"rendered":"L\u2019Arm\u00e9e a quitt\u00e9 l\u2019immense Caserne du Muy il y a quinze ans. Pourtant, aujourd&rsquo;hui, seul le tribunal a&hellip;\n","protected":false},"author":2,"featured_media":91863,"comment_status":"","ping_status":"","sticky":false,"template":"","format":"standard","meta":{"footnotes":""},"categories":[2814],"tags":[17,1111,11,20318,1777,674,1011,27,7018,884,17908,12,5766,882,16,25,41,1858,20317],"class_list":{"0":"post-91862","1":"post","2":"type-post","3":"status-publish","4":"format-standard","5":"has-post-thumbnail","7":"category-marseille","8":"tag-17","9":"tag-actu","10":"tag-actualites","11":"tag-antenne","12":"tag-eu","13":"tag-europe","14":"tag-fr","15":"tag-france","16":"tag-lieu","17":"tag-marseille","18":"tag-municipaux","19":"tag-news","20":"tag-po","21":"tag-provence-alpes-cote-dazur","22":"tag-region","23":"tag-republique-francaise","24":"tag-sciences","25":"tag-services","26":"tag-tiers"},"share_on_mastodon":{"url":"https:\/\/pubeurope.com\/@fr\/114489407758076638","error":""},"_links":{"self":[{"href":"https:\/\/www.europesays.com\/fr\/wp-json\/wp\/v2\/posts\/91862","targetHints":{"allow":["GET"]}}],"collection":[{"href":"https:\/\/www.europesays.com\/fr\/wp-json\/wp\/v2\/posts"}],"about":[{"href":"https:\/\/www.europesays.com\/fr\/wp-json\/wp\/v2\/types\/post"}],"author":[{"embeddable":true,"href":"https:\/\/www.europesays.com\/fr\/wp-json\/wp\/v2\/users\/2"}],"replies":[{"embeddable":true,"href":"https:\/\/www.europesays.com\/fr\/wp-json\/wp\/v2\/comments?post=91862"}],"version-history":[{"count":0,"href":"https:\/\/www.europesays.com\/fr\/wp-json\/wp\/v2\/posts\/91862\/revisions"}],"wp:featuredmedia":[{"embeddable":true,"href":"https:\/\/www.europesays.com\/fr\/wp-json\/wp\/v2\/media\/91863"}],"wp:attachment":[{"href":"https:\/\/www.europesays.com\/fr\/wp-json\/wp\/v2\/media?parent=91862"}],"wp:term":[{"taxonomy":"category","embeddable":true,"href":"https:\/\/www.europesays.com\/fr\/wp-json\/wp\/v2\/categories?post=91862"},{"taxonomy":"post_tag","embeddable":true,"href":"https:\/\/www.europesays.com\/fr\/wp-json\/wp\/v2\/tags?post=91862"}],"curies":[{"name":"wp","href":"https:\/\/api.w.org\/{rel}","templated":true}]}}