{"id":91864,"date":"2025-05-11T13:21:10","date_gmt":"2025-05-11T13:21:10","guid":{"rendered":"https:\/\/www.europesays.com\/fr\/91864\/"},"modified":"2025-05-11T13:21:10","modified_gmt":"2025-05-11T13:21:10","slug":"la-surfrequentation-inquiete-aux-goudes","status":"publish","type":"post","link":"https:\/\/www.europesays.com\/fr\/91864\/","title":{"rendered":"la surfr\u00e9quentation inqui\u00e8te aux Goudes"},"content":{"rendered":"<p>La surfr\u00e9quentation est en d\u00e9bat avant l&rsquo;\u00e9t\u00e9.<\/p>\n<p style=\"text-align: justify;\">Inqui\u00e9tudes dans le quartier des Goudes \u00e0 Marseille. La surfr\u00e9quentation, qu&rsquo;elle soit touristique ou m\u00eame tout simplement locale, g\u00e9n\u00e8re embouteillages, stationnements ill\u00e9gaux et incivilit\u00e9s. Les habitants de ce petit port pittoresque, situ\u00e9 \u00e0 l&rsquo;entr\u00e9e du Parc National des Calanques, redoutent donc la saison estivale qui arrive. Ils demandent aux autorit\u00e9s la mise en \u0153uvre de dispositifs visant \u00e0 r\u00e9glementer l&rsquo;acc\u00e8s \u00e0 ce petit paradis qui peut vite se transformer en enfer.<\/p>\n<p style=\"text-align: justify;\">En vid\u00e9o, Jean-Louis Lomagno, le vice-pr\u00e9sident du Comit\u00e9 d&rsquo;Int\u00e9r\u00eat du Quartier des Goudes, explique les propositions du CIQ, d\u00e9passant celles de la mairie.<\/p>\n<p style=\"text-align: justify;\">\u00a0<\/p>\n<p style=\"text-align: justify;\">\n<p style=\"text-align: justify;\">(Interview, images et montage : R\u00e9my Reponty pour Maritima M\u00e9dias.)<\/p>\n","protected":false},"excerpt":{"rendered":"La surfr\u00e9quentation est en d\u00e9bat avant l&rsquo;\u00e9t\u00e9. Inqui\u00e9tudes dans le quartier des Goudes \u00e0 Marseille. La surfr\u00e9quentation, qu&rsquo;elle&hellip;\n","protected":false},"author":2,"featured_media":91865,"comment_status":"","ping_status":"","sticky":false,"template":"","format":"standard","meta":{"footnotes":""},"categories":[2814],"tags":[1111,11,1777,674,1011,27,20319,884,12,882,25,20320],"class_list":{"0":"post-91864","1":"post","2":"type-post","3":"status-publish","4":"format-standard","5":"has-post-thumbnail","7":"category-marseille","8":"tag-actu","9":"tag-actualites","10":"tag-eu","11":"tag-europe","12":"tag-fr","13":"tag-france","14":"tag-les-goudes","15":"tag-marseille","16":"tag-news","17":"tag-provence-alpes-cote-dazur","18":"tag-republique-francaise","19":"tag-surtourisme"},"share_on_mastodon":{"url":"https:\/\/pubeurope.com\/@fr\/114489411897861869","error":""},"_links":{"self":[{"href":"https:\/\/www.europesays.com\/fr\/wp-json\/wp\/v2\/posts\/91864","targetHints":{"allow":["GET"]}}],"collection":[{"href":"https:\/\/www.europesays.com\/fr\/wp-json\/wp\/v2\/posts"}],"about":[{"href":"https:\/\/www.europesays.com\/fr\/wp-json\/wp\/v2\/types\/post"}],"author":[{"embeddable":true,"href":"https:\/\/www.europesays.com\/fr\/wp-json\/wp\/v2\/users\/2"}],"replies":[{"embeddable":true,"href":"https:\/\/www.europesays.com\/fr\/wp-json\/wp\/v2\/comments?post=91864"}],"version-history":[{"count":0,"href":"https:\/\/www.europesays.com\/fr\/wp-json\/wp\/v2\/posts\/91864\/revisions"}],"wp:featuredmedia":[{"embeddable":true,"href":"https:\/\/www.europesays.com\/fr\/wp-json\/wp\/v2\/media\/91865"}],"wp:attachment":[{"href":"https:\/\/www.europesays.com\/fr\/wp-json\/wp\/v2\/media?parent=91864"}],"wp:term":[{"taxonomy":"category","embeddable":true,"href":"https:\/\/www.europesays.com\/fr\/wp-json\/wp\/v2\/categories?post=91864"},{"taxonomy":"post_tag","embeddable":true,"href":"https:\/\/www.europesays.com\/fr\/wp-json\/wp\/v2\/tags?post=91864"}],"curies":[{"name":"wp","href":"https:\/\/api.w.org\/{rel}","templated":true}]}}