{"id":91866,"date":"2025-05-11T13:22:11","date_gmt":"2025-05-11T13:22:11","guid":{"rendered":"https:\/\/www.europesays.com\/fr\/91866\/"},"modified":"2025-05-11T13:22:11","modified_gmt":"2025-05-11T13:22:11","slug":"lecologie-nest-pas-un-milieu-ferme-i-huynh-institut-transitions","status":"publish","type":"post","link":"https:\/\/www.europesays.com\/fr\/91866\/","title":{"rendered":"\u00ab\u00a0L&rsquo;\u00e9cologie n&rsquo;est pas un milieu ferm\u00e9\u00a0\u00bb I. Huynh (Institut Transitions)"},"content":{"rendered":"<p>Chaque semaine, Lyon Demain et BFM Lyon vous proposent de d\u00e9couvrir des id\u00e9es pour \u00eatre plus respectueux de la plan\u00e8te.\u00a0Cette semaine, notre invit\u00e9e est Isabelle Huynh, cofondatrice de l\u2019Institut Transitions, pour \u00e9voquer la Journ\u00e9e de la Transition Professionnelle Ecologique et Solidaire. On vous emm\u00e8ne au P\u00f4le Bert, un nouveau lieu d\u2019urbanisme transitoire o\u00f9 des structures de l\u2019ESS pourront trouver une occupation temporaire. Avec la LPO, les Lyonnais.es peuvent partir \u00e0 la d\u00e9couverte des oiseaux du Parc de la T\u00eate d\u2019Or, un dimanche par mois\u2026<\/p>\n<p>L\u2019<strong>Institut transitions <\/strong>organise lundi 12 mai, la <strong>Journ\u00e9e de la Transition Professionnelle Ecologique et Solidaire<\/strong> \u00e0 la <strong>M\u00e9tropole de Lyon<\/strong>. Quel sera le but de cette journ\u00e9e\u00a0? Nous avons pos\u00e9 la question \u00e0 <strong>Isabelle Huynh<\/strong>, cofondatrice de l\u2019<strong>Institut Transitions<\/strong>.<\/p>\n<p>Regardez l\u2019\u00e9mission<\/p>\n<p><video controls=\"\" src=\"https:\/\/www.lyondemain.fr\/wp-content\/uploads\/2025\/05\/Planete-Locale-du-mercredi-7-mai-Institut-Transitions-sengager.mp4\"\/>Planete Locale du mercredi 7 mai<\/p>\n<p>\u00ab\u00a0De nombreuses personnes sont \u00e0 la recherche d\u2019un <strong>nouveau travail<\/strong>. Souvent en <strong>qu\u00eate de sens<\/strong>.. Cette journ\u00e9e va leur permettre de faire un pas suppl\u00e9mentaire. On a cr\u00e9\u00e9 cette journ\u00e9e pour d\u00e9mystifier et montrer qu\u2019il existe des acteurs sur le terrain pour aider \u00e0 avancer\u00a0\u00bb.<\/p>\n<p>Ecoutez aussi : <a href=\"https:\/\/www.lyondemain.fr\/reconversion-pro\/\" target=\"_blank\" rel=\"noreferrer noopener nofollow\">Reconversion pro, \u00e9cologique et solidaire : mythe ou r\u00e9alit\u00e9 ?<\/a><\/p>\n<p>Le P\u00f4le Bert : un nouvel espace d\u00e9di\u00e9 \u00e0 l\u2019ESS dans l\u2019ancienne clinique Vialar, dans le 3e arrondissement de Lyon<\/p>\n<p>Le <strong>P\u00f4le Bert <\/strong>va accueillir \u00e0 terme une vingtaine de <strong>structures \u00e0 impact<\/strong> autour des th\u00e9matiques de la <strong>sant\u00e9<\/strong>, de la <strong>solidarit\u00e9<\/strong> et de l\u2019<strong>alimentation<\/strong> sur pr\u00e8s de 5000 m 2.<\/p>\n<p>Une douzaine d\u2019entre elles sont d\u00e9j\u00e0 sur place, comme la <strong>Fondation dispensaire g\u00e9n\u00e9ral de Lyon<\/strong>. Mais aussi d\u2019autres <strong>acteurs de l\u2019ESS<\/strong> comme les <strong>Carrosses de Vincent<\/strong> (transport de <strong>touristes<\/strong> et <strong>personnes \u00e2g\u00e9es<\/strong>, en <strong>cyclo -taxi<\/strong>).<\/p>\n<p>Cette ancienne clinique est aujourd\u2019hui un b\u00e2timent appartenant \u00e0 <strong>Lyon M\u00e9tropole Habitat<\/strong>. Pourquoi un bailleur social s\u2019int\u00e9resse \u00e0 l\u2019<strong>urbanisme transitoire<\/strong> ? Ecoutez la r\u00e9ponse de <strong>Vincent Christia<\/strong>, directeur g\u00e9n\u00e9ral chez <strong>Lyon M\u00e9tropole Habitat<\/strong>.<\/p>\n<blockquote class=\"instagram-media\" data-instgrm-captioned=\"\" data-instgrm-permalink=\"https:\/\/www.instagram.com\/p\/DJb5vEWIu7y\/?utm_source=ig_embed&amp;utm_campaign=loading\" data-instgrm-version=\"14\" style=\" background:#FFF; border:0; border-radius:3px; box-shadow:0 0 1px 0 rgba(0,0,0,0.5),0 1px 10px 0 rgba(0,0,0,0.15); margin: 1px; max-width:540px; min-width:326px; padding:0; width:99.375%; width:-webkit-calc(100% - 2px); width:calc(100% - 2px);\"\/>\n<p>Les structures accueillies pourront proposer des activit\u00e9s et des services utiles aux habitants, et b\u00e9n\u00e9ficier de <strong>loyers particuli\u00e8rement attractifs<\/strong>. C\u2019est pour elles aussi une opportunit\u00e9 de tester leur <strong>mod\u00e8le \u00e9conomique<\/strong> et la <strong>pertinence de leur activit\u00e9<\/strong>.<\/p>\n<p>L\u2019<strong>alimentation<\/strong> fait partie des trois grandes th\u00e9matiques avec un service traiteur bas\u00e9 sur l\u2019<strong>insertion professionnelle des femmes<\/strong>.\u00a0<\/p>\n<p>Cette <strong>occupation temporaire<\/strong> va durer deux ans avant la construction d\u2019un <strong>programme immobilier<\/strong> qui permettra de conserver une grande partie des <strong>espaces bois\u00e9s<\/strong> de l\u2019ancienne clinique.<\/p>\n<p>Le <strong>P\u00f4le Bert<\/strong> est situ\u00e9 au <strong>305 rue Paul Bert<\/strong>. Toutes les infos sur <a href=\"https:\/\/mafricheurbaine.fr\/\" target=\"_blank\" rel=\"noreferrer noopener nofollow\">Ma Friche Urbaine<\/a><\/p>\n<p>Ecoutez aussi : <a href=\"https:\/\/www.lyondemain.fr\/occupation-temporaire-la-filature\/\" target=\"_blank\" rel=\"noreferrer noopener nofollow\">A Villeurbanne, la Filature tisse du lien\u2026<\/a><\/p>\n<p>A la d\u00e9couverte des oiseaux un dimanche par mois au Parc de la t\u00eate d\u2019Or avec la LPO\u2026<\/p>\n<p>La <strong>LPO<\/strong> met en place un point d\u2019accueil situ\u00e9 au bord du lac, derri\u00e8re le \u00ab Chalet \u00bb du <strong>Parc de la T\u00eate d\u2019Or<\/strong>, pour une session d\u2019<strong>observation des oiseaux<\/strong>. C\u2019est l\u2019occasion id\u00e9ale de d\u00e9couvrir la <strong>richesse ornithologique<\/strong> du parc, en compagnie de <strong>passionn\u00e9s de nature<\/strong>.<\/p>\n<p>Avec en prime, du mat\u00e9riel d\u2019observation comme une longue-vue Vous pourrez en particulier observer les<strong> oiseaux<\/strong> install\u00e9s sur les deux iles du lac. Les <strong>mouettes rieuses<\/strong>, les <strong>cormorans<\/strong> et autres <strong>pics \u00e9peiches<\/strong>..<\/p>\n<p><img fetchpriority=\"high\" decoding=\"async\" width=\"1200\" height=\"675\" src=\"https:\/\/www.europesays.com\/fr\/wp-content\/uploads\/2025\/05\/Philippe-Riviere-LPO-Rhone-1200x675.png\" alt=\"Observer la nature en pleine ville\" class=\"wp-image-44065\"  \/>Philippe Rivi\u00e8re<\/p>\n<p>Les permanences sont tenues par les b\u00e9n\u00e9voles de la <strong>LPO,<\/strong> tous les 2e dimanche de chaque mois de 9h \u00e0 13h.<\/p>\n<p>Que vous soyez amateur d\u00e9butant,<strong> curieux de nature<\/strong> ou <strong>ornithologue confirm\u00e9<\/strong>\u2026 Ces moments d\u2019\u00e9change sont ouverts \u00e0 toutes et \u00e0 tous.<\/p>\n<p>C\u2019est <strong>gratuit<\/strong> et sans <strong>r\u00e9servation<\/strong>\u2026<\/p>\n<p>Regardez aussi : <a href=\"https:\/\/www.lyondemain.fr\/bourdons-atlas-arthropologia\/\" target=\"_blank\" rel=\"noreferrer noopener nofollow\">Bourdons : un atlas et une liste rouge \u00e9tablis par Arthropologia<\/a><\/p>\n<p><img loading=\"lazy\" decoding=\"async\" width=\"1200\" height=\"675\" src=\"https:\/\/www.europesays.com\/fr\/wp-content\/uploads\/2025\/05\/Institut-Transitions-Planete-Locale-BFM-Lyon.jpg\" alt=\"Transitions\" class=\"wp-image-249374\"  \/><br \/>\nJ\u2019aime \u00e7a\u00a0:<\/p>\n<p>J\u2019aime chargement\u2026<\/p>\n<p><a class=\"sd-link-color\"\/><\/p>\n<p>\n\tArticles similaires\n<\/p>\n<p>\t\t\t\t<img decoding=\"async\" src=\"https:\/\/www.europesays.com\/fr\/wp-content\/uploads\/2025\/05\/1746969731_455_7866158698e17e8ed633c05e8f8e7fe5d9e057ad78661c4dc34e413abb6b9f19\" alt=\"G\u00e9rald Bouchon\"\/><\/p>\n<p>Pionnier des radios libres, passionn\u00e9 de radio, journaliste et dirigeant de m\u00e9dias \u00e9co-responsables..<\/p>\n<p>\t\t\t<script async src=\"\/\/www.instagram.com\/embed.js\"><\/script><\/p>\n","protected":false},"excerpt":{"rendered":"Chaque semaine, Lyon Demain et BFM Lyon vous proposent de d\u00e9couvrir des id\u00e9es pour \u00eatre plus respectueux de&hellip;\n","protected":false},"author":2,"featured_media":91867,"comment_status":"","ping_status":"","sticky":false,"template":"","format":"standard","meta":{"footnotes":""},"categories":[1889],"tags":[1111,11,258,20321,2430,20322,20323,1777,674,1011,27,20324,2428,20325,20326,20327,12,20328,19523,4964,20329,12633,25,16155,20330,19525],"class_list":{"0":"post-91866","1":"post","2":"type-post","3":"status-publish","4":"format-standard","5":"has-post-thumbnail","7":"category-lyon","8":"tag-actu","9":"tag-actualites","10":"tag-alimentation","11":"tag-animaux-sauvages","12":"tag-auvergne-rhone-alpes","13":"tag-carrosses-de-vincent","14":"tag-ess","15":"tag-eu","16":"tag-europe","17":"tag-fr","18":"tag-france","19":"tag-lpo","20":"tag-lyon","21":"tag-lyon-metropole-habitat","22":"tag-ma-friche-urbaine","23":"tag-nature-en-ville","24":"tag-news","25":"tag-observation-de-la-nature","26":"tag-occupation-temporaire","27":"tag-oiseaux","28":"tag-pole-bert","29":"tag-reconversion-professionnelle","30":"tag-republique-francaise","31":"tag-transition-ecologique","32":"tag-transition-professionnellle","33":"tag-urbanisme-transitoire"},"share_on_mastodon":{"url":"https:\/\/pubeurope.com\/@fr\/114489415757976199","error":""},"_links":{"self":[{"href":"https:\/\/www.europesays.com\/fr\/wp-json\/wp\/v2\/posts\/91866","targetHints":{"allow":["GET"]}}],"collection":[{"href":"https:\/\/www.europesays.com\/fr\/wp-json\/wp\/v2\/posts"}],"about":[{"href":"https:\/\/www.europesays.com\/fr\/wp-json\/wp\/v2\/types\/post"}],"author":[{"embeddable":true,"href":"https:\/\/www.europesays.com\/fr\/wp-json\/wp\/v2\/users\/2"}],"replies":[{"embeddable":true,"href":"https:\/\/www.europesays.com\/fr\/wp-json\/wp\/v2\/comments?post=91866"}],"version-history":[{"count":0,"href":"https:\/\/www.europesays.com\/fr\/wp-json\/wp\/v2\/posts\/91866\/revisions"}],"wp:featuredmedia":[{"embeddable":true,"href":"https:\/\/www.europesays.com\/fr\/wp-json\/wp\/v2\/media\/91867"}],"wp:attachment":[{"href":"https:\/\/www.europesays.com\/fr\/wp-json\/wp\/v2\/media?parent=91866"}],"wp:term":[{"taxonomy":"category","embeddable":true,"href":"https:\/\/www.europesays.com\/fr\/wp-json\/wp\/v2\/categories?post=91866"},{"taxonomy":"post_tag","embeddable":true,"href":"https:\/\/www.europesays.com\/fr\/wp-json\/wp\/v2\/tags?post=91866"}],"curies":[{"name":"wp","href":"https:\/\/api.w.org\/{rel}","templated":true}]}}