{"id":91880,"date":"2025-05-11T13:30:16","date_gmt":"2025-05-11T13:30:16","guid":{"rendered":"https:\/\/www.europesays.com\/fr\/91880\/"},"modified":"2025-05-11T13:30:16","modified_gmt":"2025-05-11T13:30:16","slug":"face-au-manque-de-gynecologues-le-recours-aux-feldsher-inquiete-en-russie","status":"publish","type":"post","link":"https:\/\/www.europesays.com\/fr\/91880\/","title":{"rendered":"Face au manque de gyn\u00e9cologues, le recours aux \u201cfeldsher\u201d inqui\u00e8te en Russie"},"content":{"rendered":"<p>\u201cEncore un peu et on nous laissera op\u00e9rer.\u201d Sous un post du groupe Typichny Feldsher (\u201cLe feldsher typique\u201d) publi\u00e9 sur le r\u00e9seau social russe VKontakte, les commentaires ironiques s\u2019encha\u00eenent, <a href=\"https:\/\/takiedela.ru\/notes\/feldshery-i-rody\/\" rel=\"nofollow noopener\" target=\"_blank\" data-ylk=\"slk:comme le souligne le m\u00e9dia russe Takie Dela;elm:context_link;itc:0;sec:content-canvas\" class=\"link \">comme le souligne le m\u00e9dia russe <strong>Takie Dela<\/strong><\/a><strong>, <\/strong>apr\u00e8s l\u2019annonce du nouvel arr\u00eat\u00e9 du minist\u00e8re de la Sant\u00e9 russe.<\/p>\n<p>\u00c0 partir du 1er septembre, les feldsher, des praticiens param\u00e9dicaux exer\u00e7ant dans les \u201cinfirmeries [des entreprises du secteur de l\u2019industrie], les cabinets de m\u00e9decine g\u00e9n\u00e9rale, les ambulances ou les polycliniques\u201d pourront l\u00e9galement assurer le suivi gyn\u00e9cologique des patientes, prescrire des m\u00e9dicaments, voire assister des accouchements, <a href=\"https:\/\/www.kommersant.ru\/doc\/7658769\" rel=\"nofollow noopener\" target=\"_blank\" data-ylk=\"slk:rapporte le journal moscovite Kommersant;elm:context_link;itc:0;sec:content-canvas\" class=\"link \">rapporte le journal moscovite <strong>Kommersant<\/strong><\/a><strong>.<\/strong><\/p>\n<p>Cette d\u00e9l\u00e9gation de t\u00e2ches pourra \u00eatre d\u00e9cid\u00e9e par \u201cle chef d\u2019\u00e9tablissement m\u00e9dical en cas de manque de sp\u00e9cialistes dipl\u00f4m\u00e9s\u201d en m\u00e9decine. Une situation qui n\u2019a rien d\u2019exceptionnel en Russie ces derni\u00e8res ann\u00e9es.<\/p>\n<p>\u201cPlus de 3 600 postes de gyn\u00e9cologue obst\u00e9tricien et 1 730 de n\u00e9onatologue restent vacants dans le secteur public\u201d, rappelait en 2024 le professeur russe Gennady Sukhikh, directeur du Centre national de recherche en obst\u00e9trique et gyn\u00e9cologie, cit\u00e9 par Kommersant. En cause, selon lui, le non-respect des obligations d\u2019affectation par une partie de jeunes dipl\u00f4m\u00e9s, malgr\u00e9 une formation enti\u00e8rement financ\u00e9e par l\u2019\u00c9tat.<\/p>\n<p>La version pr\u00e9c\u00e9dente de l\u2019arr\u00eat\u00e9, en vigueur depuis 2012, permettait d\u00e9j\u00e0 aux feldsher d\u2019\u201cexercer comme th\u00e9rapeute, p\u00e9diatre ou m\u00e9decin g\u00e9n\u00e9raliste\u201d dans les structures sous-dot\u00e9es sur d\u00e9cision du chef de service, indique Takie Dela, un m\u00e9dia qui \u00e9crit sur les probl\u00e8mes soci\u00e9taux en Russie. D\u00e9sormais, les missions de gyn\u00e9cologie s\u2019ajoutent \u00e0 la liste.<\/p>\n<p>\u201cQui sera tenu pour responsable ?\u201d<\/p>\n<p>\u201cDans certaines r\u00e9gions rurales, il manque jusqu\u2019\u00e0 70 % des effectifs n\u00e9cessaires\u201d, selon les chiffres cit\u00e9s par Yan Vlasov, copr\u00e9sident de l\u2019Union nationale des patients. \u201cLa situation est encore pire parmi le personnel soignant de niveau interm\u00e9diaire\u201d, explique-t-il \u00e0 Takie Dela. Pointant du doigt \u201cdes salaires tr\u00e8s bas, des conditions de travail mauvaises, l\u2019absence de perspectives de carri\u00e8re\u201d, Vlasov d\u00e9nonce un syst\u00e8me qui pousse \u00e0 \u201cremplacer les m\u00e9decins par des personnels param\u00e9dicaux moins co\u00fbteux \u00e0 former\u201d. \u201cCes personnels sont plus vite op\u00e9rationnels et moins chers \u00e0 r\u00e9mun\u00e9rer\u201d, <a href=\"https:\/\/novayagazeta.eu\/articles\/2025\/04\/30\/mozhet-li-feldsher-zamenit-terapevta-ili-pediatra-a-akusher-ginekologa\" rel=\"nofollow noopener\" target=\"_blank\" data-ylk=\"slk:confirme Nova\u00efa Gazeta Europe;elm:context_link;itc:0;sec:content-canvas\" class=\"link \">confirme <strong>Nova\u00efa Gazeta Europe<\/strong><\/a><strong>, <\/strong>qui note que les effectifs de feldsher sont eux-m\u00eames en forte baisse.<\/p>\n<p>[&#8230;] <strong><a href=\"https:\/\/www.courrierinternational.com\/article\/sante-face-au-manque-de-gynecologues-le-recours-aux-feldsher-inquiete-en-russie_230666\" rel=\"nofollow noopener\" target=\"_blank\" data-ylk=\"slk:Lire la suite sur Courrier international;elm:context_link;itc:0;sec:content-canvas\" class=\"link \">Lire la suite sur Courrier international<\/a><\/strong><\/p>\n<p>Sur le m\u00eame sujet :<\/p>\n","protected":false},"excerpt":{"rendered":"\u201cEncore un peu et on nous laissera op\u00e9rer.\u201d Sous un post du groupe Typichny Feldsher (\u201cLe feldsher typique\u201d)&hellip;\n","protected":false},"author":2,"featured_media":91881,"comment_status":"","ping_status":"","sticky":false,"template":"","format":"standard","meta":{"footnotes":""},"categories":[1591],"tags":[11,1887,20332,125,12,1885,1886,132,20333,20331],"class_list":{"0":"post-91880","1":"post","2":"type-post","3":"status-publish","4":"format-standard","5":"has-post-thumbnail","7":"category-russie","8":"tag-actualites","9":"tag-federation-de-russie","10":"tag-kommersant","11":"tag-ministere-de-la-sante","12":"tag-news","13":"tag-russia","14":"tag-russian-federation","15":"tag-russie","16":"tag-typichny-feldsher","17":"tag-vkontakte"},"share_on_mastodon":{"url":"https:\/\/pubeurope.com\/@fr\/114489447113771884","error":""},"_links":{"self":[{"href":"https:\/\/www.europesays.com\/fr\/wp-json\/wp\/v2\/posts\/91880","targetHints":{"allow":["GET"]}}],"collection":[{"href":"https:\/\/www.europesays.com\/fr\/wp-json\/wp\/v2\/posts"}],"about":[{"href":"https:\/\/www.europesays.com\/fr\/wp-json\/wp\/v2\/types\/post"}],"author":[{"embeddable":true,"href":"https:\/\/www.europesays.com\/fr\/wp-json\/wp\/v2\/users\/2"}],"replies":[{"embeddable":true,"href":"https:\/\/www.europesays.com\/fr\/wp-json\/wp\/v2\/comments?post=91880"}],"version-history":[{"count":0,"href":"https:\/\/www.europesays.com\/fr\/wp-json\/wp\/v2\/posts\/91880\/revisions"}],"wp:featuredmedia":[{"embeddable":true,"href":"https:\/\/www.europesays.com\/fr\/wp-json\/wp\/v2\/media\/91881"}],"wp:attachment":[{"href":"https:\/\/www.europesays.com\/fr\/wp-json\/wp\/v2\/media?parent=91880"}],"wp:term":[{"taxonomy":"category","embeddable":true,"href":"https:\/\/www.europesays.com\/fr\/wp-json\/wp\/v2\/categories?post=91880"},{"taxonomy":"post_tag","embeddable":true,"href":"https:\/\/www.europesays.com\/fr\/wp-json\/wp\/v2\/tags?post=91880"}],"curies":[{"name":"wp","href":"https:\/\/api.w.org\/{rel}","templated":true}]}}