{"id":9189,"date":"2025-04-08T02:25:40","date_gmt":"2025-04-08T02:25:40","guid":{"rendered":"https:\/\/www.europesays.com\/fr\/9189\/"},"modified":"2025-04-08T02:25:40","modified_gmt":"2025-04-08T02:25:40","slug":"lyon-bat-lille-et-saccroche-a-son-objectif-de-ligue-des-champions-2","status":"publish","type":"post","link":"https:\/\/www.europesays.com\/fr\/9189\/","title":{"rendered":"Lyon bat Lille et s&rsquo;accroche \u00e0 son objectif de Ligue des Champions"},"content":{"rendered":"<p>Lyon s&rsquo;est provisoirement hiss\u00e9 au 4e rang de la Ligue 1 apr\u00e8s avoir battu Lille (2-1), samedi dans son Groupama stadium au terme d&rsquo;un match assez m\u00e9diocre de la 28e journ\u00e9e au cours duquel il a \u00e9t\u00e9 men\u00e9 d&rsquo;entr\u00e9e.<\/p>\n<p>Si les Lyonnais, septi\u00e8mes au coup d&rsquo;envoi \u00e0 deux longueurs du LOSC, ont bien r\u00e9agi apr\u00e8s leur d\u00e9faite \u00e0 Strasbourg (4-1), le 28 mars, les Lillois d\u00e9sormais sixi\u00e8mes en attendant le match de Strasbourg \u00e0 Reims dimanche, rechutent apr\u00e8s avoir gagn\u00e9 contre Lens (1-0), confirmant ainsi leur irr\u00e9gularit\u00e9.<\/p>\n<p>L&rsquo;OL reste donc en phase avec son objectif de terminer dans le Top 4, voire de monter sur le podium, afin de retrouver la Ligue des Champions qu&rsquo;il n&rsquo;a plus disput\u00e9e depuis la saison 2019-2020, une ambition quasi vitale pour renforcer une situation financi\u00e8re difficile.<\/p>\n<p>Les Rhodaniens pointent m\u00eame \u00e0 deux longueurs de Monaco, 2e et battu \u00e0 Brest (2-1), samedi et \u00e0 un point de Marseille, qui re\u00e7oit Toulouse dimanche.<\/p>\n<p>Mais le niveau global reste n\u00e9anmoins assez faible par rapport aux standards exig\u00e9s par la C1.<\/p>\n<p>Durant une grande partie de la premi\u00e8re p\u00e9riode, l&rsquo;OL a \u00e9t\u00e9 en difficult\u00e9 notamment dans l&rsquo;entrejeu, incapable de peser offensivement.<\/p>\n<p>&#8211; Lyon men\u00e9 d&rsquo;entr\u00e9e &#8211;<\/p>\n<p>La partie avait m\u00eame carr\u00e9ment mal commenc\u00e9 pour Lyon qui a conc\u00e9d\u00e9 un but apr\u00e8s seulement 49 secondes, marqu\u00e9 de la t\u00eate par Diakit\u00e9 apr\u00e8s une remise de Benjamin Andr\u00e9 \u00e0 la r\u00e9ception d&rsquo;un corner de Mitchel Bakker (1). Peu apr\u00e8s, l&rsquo;OL a perdu Ernest Nuamah, bless\u00e9 \u00e0 un genou, remplac\u00e9 par Rayan Cherki d\u00e8s la 7e minute.<\/p>\n<p>Une nouvelle reprise de la t\u00eate de Bafod\u00e9 Diakit\u00e9, apr\u00e8s un centre d&rsquo;Hakon Haraldsson, est pass\u00e9e de peu \u00e0 c\u00f4t\u00e9 (18).<\/p>\n<p>L&rsquo;OL a toutefois r\u00e9ussi \u00e0 \u00e9galiser par Alexandre Lacazette qui avait obtenu un penalty apr\u00e8s une reprise de la t\u00eate contr\u00e9e de la main par Thomas Meunier sur un centre d\u00e9livr\u00e9 de l&rsquo;aile droite par Ainsley Maitland-Niles, une action v\u00e9rifi\u00e9e par la vid\u00e9o-assistance (37).<\/p>\n<p>A partir de l\u00e0, l&rsquo;Olympique lyonnais a mieux termin\u00e9 la premi\u00e8re p\u00e9riode face \u00e0 des Lillois semblant d\u00e9stabilis\u00e9s.<\/p>\n<p>A la 41e minute, le portier nordiste Lucas Chevalier a su se montrer vigilant en d\u00e9tournant en corner un centre manqu\u00e9 de Maitland-Niles.<\/p>\n<p>Apr\u00e8s la mi-temps, les Dogues ont manqu\u00e9 l&rsquo;opportunit\u00e9 de reprendre l&rsquo;avantage par Matias Fernandez-Pardo mais ce dernier s&rsquo;est heurt\u00e9 \u00e0 la sortie du gardien Lucas Perri (64) avant que Rayan Cherki ne donne l&rsquo;avantage aux siens apr\u00e8s une passe de la t\u00eate de Corentin Tolisso \u00e0 la conclusion d&rsquo;une action initi\u00e9e par Cherki lui-m\u00eame (70).<\/p>\n<p>En fin de partie, une reprise \u00e0 bout portant de Thiago Almada, servi par Georges Mikautadze, a \u00e9t\u00e9 arr\u00eat\u00e9e par Lucas Chevalier (90).<\/p>\n<p>Hormis une premi\u00e8re demi-heure satisfaisante au cours de laquelle ils ont contr\u00f4l\u00e9 le match, les Lillois ont \u00e9t\u00e9 trop laborieux techniquement et collectivement pour mettre r\u00e9ellement l&rsquo;OL en danger dans un match qui a enregistr\u00e9 quatre tirs cadr\u00e9s pour chacune des deux \u00e9quipes.<\/p>\n<p>fjt\/dar<\/p>\n","protected":false},"excerpt":{"rendered":"Lyon s&rsquo;est provisoirement hiss\u00e9 au 4e rang de la Ligue 1 apr\u00e8s avoir battu Lille (2-1), samedi dans&hellip;\n","protected":false},"author":2,"featured_media":9190,"comment_status":"","ping_status":"","sticky":false,"template":"","format":"standard","meta":{"footnotes":""},"categories":[2815],"tags":[1111,11,4674,3450,4672,4680,4675,1777,674,4669,1011,27,4677,4681,811,4671,3279,1307,4670,2267,4668,4679,2428,4673,3127,12,4243,25,640,4678,4676,2312],"class_list":{"0":"post-9189","1":"post","2":"type-post","3":"status-publish","4":"format-standard","5":"has-post-thumbnail","7":"category-lille","8":"tag-actu","9":"tag-actualites","10":"tag-alexandre-lacazette","11":"tag-brest","12":"tag-cherki","13":"tag-corentin-tolisso","14":"tag-ernest-nuamah","15":"tag-eu","16":"tag-europe","17":"tag-fin-de-partie","18":"tag-fr","19":"tag-france","20":"tag-georges-mikautadze","21":"tag-haraldsson","22":"tag-hauts-de-france","23":"tag-lol","24":"tag-lolympique-lyonnais","25":"tag-lille","26":"tag-lillois","27":"tag-losc","28":"tag-lucas-chevalier","29":"tag-lucas-perri","30":"tag-lyon","31":"tag-mitchel-bakker","32":"tag-monaco","33":"tag-news","34":"tag-reims","35":"tag-republique-francaise","36":"tag-strasbourg","37":"tag-thiago-almada","38":"tag-thomas-meunier","39":"tag-toulouse"},"share_on_mastodon":{"url":"https:\/\/pubeurope.com\/@fr\/114299975980393083","error":""},"_links":{"self":[{"href":"https:\/\/www.europesays.com\/fr\/wp-json\/wp\/v2\/posts\/9189","targetHints":{"allow":["GET"]}}],"collection":[{"href":"https:\/\/www.europesays.com\/fr\/wp-json\/wp\/v2\/posts"}],"about":[{"href":"https:\/\/www.europesays.com\/fr\/wp-json\/wp\/v2\/types\/post"}],"author":[{"embeddable":true,"href":"https:\/\/www.europesays.com\/fr\/wp-json\/wp\/v2\/users\/2"}],"replies":[{"embeddable":true,"href":"https:\/\/www.europesays.com\/fr\/wp-json\/wp\/v2\/comments?post=9189"}],"version-history":[{"count":0,"href":"https:\/\/www.europesays.com\/fr\/wp-json\/wp\/v2\/posts\/9189\/revisions"}],"wp:featuredmedia":[{"embeddable":true,"href":"https:\/\/www.europesays.com\/fr\/wp-json\/wp\/v2\/media\/9190"}],"wp:attachment":[{"href":"https:\/\/www.europesays.com\/fr\/wp-json\/wp\/v2\/media?parent=9189"}],"wp:term":[{"taxonomy":"category","embeddable":true,"href":"https:\/\/www.europesays.com\/fr\/wp-json\/wp\/v2\/categories?post=9189"},{"taxonomy":"post_tag","embeddable":true,"href":"https:\/\/www.europesays.com\/fr\/wp-json\/wp\/v2\/tags?post=9189"}],"curies":[{"name":"wp","href":"https:\/\/api.w.org\/{rel}","templated":true}]}}