{"id":91892,"date":"2025-05-11T13:36:09","date_gmt":"2025-05-11T13:36:09","guid":{"rendered":"https:\/\/www.europesays.com\/fr\/91892\/"},"modified":"2025-05-11T13:36:09","modified_gmt":"2025-05-11T13:36:09","slug":"la-revision-de-laccord-ue-israel-est-legitime-estime-la-france-lexpress","status":"publish","type":"post","link":"https:\/\/www.europesays.com\/fr\/91892\/","title":{"rendered":"la r\u00e9vision de l&rsquo;accord UE\/Isra\u00ebl est \u00ab\u00a0l\u00e9gitime\u00a0\u00bb, estime la France \u2013 L&rsquo;Express"},"content":{"rendered":"<p class=\"paragraph article-body-paragraph article__item   article-body-paragraph--first \">La demande des Pays-Bas visant \u00e0 r\u00e9viser l&rsquo;accord d&rsquo;association entre l&rsquo;Union europ\u00e9enne et\u00a0Isra\u00ebl\u00a0est \u00ab\u00a0l\u00e9gitime\u00a0\u00bb, a estim\u00e9 dimanche le chef de la diplomatie fran\u00e7aise, invitant\u00a0\u00ab\u00a0la Commission europ\u00e9enne \u00e0 instruire\u00a0\u00bb le dossier alors que\u00a0l&rsquo;<a href=\"https:\/\/www.lexpress.fr\/monde\/proche-moyen-orient\/gaza-lancien-premier-ministre-israelien-ehoud-olmert-prone-une-solution-a-deux-etats-QGXP3IAGVRBTPNSGTOJEYQNVXU\/\" target=\"_self\" rel=\"noopener\" title=\"https:\/\/www.lexpress.fr\/monde\/proche-moyen-orient\/gaza-lancien-premier-ministre-israelien-ehoud-olmert-prone-une-solution-a-deux-etats-QGXP3IAGVRBTPNSGTOJEYQNVXU\/\">aide humanitaire ne parvient plus \u00e0 Gaza<\/a>\u00a0depuis plus de deux mois.\u00a0\u00ab\u00a0Les Pays-Bas ont demand\u00e9 \u00e0 la Commission europ\u00e9enne d&rsquo;analyser le respect par le gouvernement isra\u00e9lien de l&rsquo;article 2 de cet accord d&rsquo;association avec Isra\u00ebl\u00a0\u00bb, a rappel\u00e9\u00a0<a href=\"https:\/\/www.lexpress.fr\/monde\/europe\/jean-noel-barrot-la-france-na-jamais-ete-aussi-influente-en-europe-GI4QOP32H5EX5N3C4Y3P7AP7ZY\/\" target=\"_self\" rel=\"noopener\" title=\"https:\/\/www.lexpress.fr\/monde\/europe\/jean-noel-barrot-la-france-na-jamais-ete-aussi-influente-en-europe-GI4QOP32H5EX5N3C4Y3P7AP7ZY\/\">Jean-No\u00ebl Barrot<\/a>, invit\u00e9 de France Info\/Le Monde. Celui-ci pr\u00e9cise que les relations entre l&rsquo;UE et Isra\u00ebl sont bas\u00e9es sur le respect des droits humains et des principes d\u00e9mocratiques. \u00ab\u00a0C&rsquo;est une demande qui est l\u00e9gitime et j&rsquo;invite la Commission europ\u00e9enne \u00e0 l&rsquo;instruire\u00a0\u00bb, a-t-il ajout\u00e9.<\/p>\n<p class=\"paragraph article-body-paragraph article__item   \">\u00c0 la question de savoir si cela signifiait que la France \u00e9tait favorable \u00e0 la remise en question de cet accord, le ministre a r\u00e9pondu : \u00ab\u00a0Voyons l&rsquo;analyse que fera la Commission europ\u00e9enne du <a href=\"https:\/\/www.lexpress.fr\/monde\/proche-moyen-orient\/gaza-israel-mobilise-des-milliers-de-reservistes-pour-contraindre-le-hamas-RH27FPREVFC4DKS2PXORZIHG7M\/\" target=\"_self\" rel=\"noopener\" title=\"https:\/\/www.lexpress.fr\/monde\/proche-moyen-orient\/gaza-israel-mobilise-des-milliers-de-reservistes-pour-contraindre-le-hamas-RH27FPREVFC4DKS2PXORZIHG7M\/\">respect ou non par Isra\u00ebl de l&rsquo;article 2<\/a> de cet accord.\u00a0\u00bb<\/p>\n<p>\u00ab\u00a0Attitude incompr\u00e9hensible du gouvernement isra\u00e9lien\u00a0\u00bb<\/p>\n<p class=\"paragraph article-body-paragraph article__item   \">Le ministre a insist\u00e9 la situation humanitaire catastrophique \u00e0 Gaza.\u00a0\u00ab\u00a0Je crois qu&rsquo;il faut mettre des mots sur la r\u00e9alit\u00e9. La r\u00e9alit\u00e9, c&rsquo;est que les Palestiniens \u00e0 Gaza sont affam\u00e9s, qu&rsquo;ils sont assoiff\u00e9s, qu&rsquo;ils manquent de tout et que la bande de Gaza est aujourd&rsquo;hui au bord du chaos et de l&rsquo;effondrement de la famine\u00a0\u00bb, a-t-il d\u00e9nonc\u00e9.\u00a0\u00ab\u00a0Je crois que tout le monde s&rsquo;en aper\u00e7oit\u00a0\u00bb, a-t-il poursuivi.\u00a0\u00ab\u00a0On entend, y compris dans la communaut\u00e9 juive, des voix s&rsquo;\u00e9mouvoir de cette attitude incompr\u00e9hensible du gouvernement isra\u00e9lien\u00a0\u00bb, a-t-il dit. \u00ab\u00a0Et c&rsquo;est en donnant de la voix qu&rsquo;on peut sans doute esp\u00e9rer infl\u00e9chir la position des Isra\u00e9lien.\u00a0\u00bb<\/p>\n<p><strong class=\"article-body-link-list__item text-gray-800 article-body-link-list__item--one-item\">LIRE AUSSI : <a class=\"article-body-link-list__item-link\" href=\"https:\/\/www.lexpress.fr\/monde\/proche-moyen-orient\/gaza-avec-son-plan-de-conquete-israel-franchit-un-nouveau-cap-4WVAFWINKZFU7INZHXE42OMEBM\/\" target=\"_blank\" rel=\"noreferrer noopener\">Guerre \u00e0 Gaza : avec son plan de conqu\u00eate, Isra\u00ebl franchit un nouveau cap<\/a><\/strong><\/p>\n<p class=\"paragraph article-body-paragraph article__item    article__text__endpicto\">La cheffe de la diplomatie europ\u00e9enne Kaja Kallas a propos\u00e9 mercredi \u00e0 Isra\u00ebl de l&rsquo;aider \u00e0 acheminer l&rsquo;aide humanitaire \u00e0 Gaza. Et le ministre n\u00e9erlandais des Affaires \u00e9trang\u00e8res Caspar Veldkamp lui avait adress\u00e9 une lettre dans laquelle il r\u00e9clame une r\u00e9vision de l&rsquo;accord d&rsquo;association entre l&rsquo;Union europ\u00e9enne et Isra\u00ebl, conform\u00e9ment \u00e0 son article 2. \u00ab\u00a0Je voudrais demander un examen du respect par Isra\u00ebl de l&rsquo;article 2 dans les plus brefs d\u00e9lais\u00a0\u00bb,\u00a0a \u00e9crit le ministre dans cette lettre, dont l&rsquo;AFP a obtenu une copie.<\/p>\n","protected":false},"excerpt":{"rendered":"La demande des Pays-Bas visant \u00e0 r\u00e9viser l&rsquo;accord d&rsquo;association entre l&rsquo;Union europ\u00e9enne et\u00a0Isra\u00ebl\u00a0est \u00ab\u00a0l\u00e9gitime\u00a0\u00bb, a estim\u00e9 dimanche le&hellip;\n","protected":false},"author":2,"featured_media":91893,"comment_status":"","ping_status":"","sticky":false,"template":"","format":"standard","meta":{"footnotes":""},"categories":[1586],"tags":[11,1777,674,1779,1011,27,74,12,31,25,1778,364],"class_list":{"0":"post-91892","1":"post","2":"type-post","3":"status-publish","4":"format-standard","5":"has-post-thumbnail","7":"category-europe","8":"tag-actualites","9":"tag-eu","10":"tag-europe","11":"tag-european-union","12":"tag-fr","13":"tag-france","14":"tag-monde","15":"tag-news","16":"tag-proche-et-moyen-orient","17":"tag-republique-francaise","18":"tag-ue","19":"tag-union-europeenne"},"share_on_mastodon":{"url":"https:\/\/pubeurope.com\/@fr\/114489470737586868","error":""},"_links":{"self":[{"href":"https:\/\/www.europesays.com\/fr\/wp-json\/wp\/v2\/posts\/91892","targetHints":{"allow":["GET"]}}],"collection":[{"href":"https:\/\/www.europesays.com\/fr\/wp-json\/wp\/v2\/posts"}],"about":[{"href":"https:\/\/www.europesays.com\/fr\/wp-json\/wp\/v2\/types\/post"}],"author":[{"embeddable":true,"href":"https:\/\/www.europesays.com\/fr\/wp-json\/wp\/v2\/users\/2"}],"replies":[{"embeddable":true,"href":"https:\/\/www.europesays.com\/fr\/wp-json\/wp\/v2\/comments?post=91892"}],"version-history":[{"count":0,"href":"https:\/\/www.europesays.com\/fr\/wp-json\/wp\/v2\/posts\/91892\/revisions"}],"wp:featuredmedia":[{"embeddable":true,"href":"https:\/\/www.europesays.com\/fr\/wp-json\/wp\/v2\/media\/91893"}],"wp:attachment":[{"href":"https:\/\/www.europesays.com\/fr\/wp-json\/wp\/v2\/media?parent=91892"}],"wp:term":[{"taxonomy":"category","embeddable":true,"href":"https:\/\/www.europesays.com\/fr\/wp-json\/wp\/v2\/categories?post=91892"},{"taxonomy":"post_tag","embeddable":true,"href":"https:\/\/www.europesays.com\/fr\/wp-json\/wp\/v2\/tags?post=91892"}],"curies":[{"name":"wp","href":"https:\/\/api.w.org\/{rel}","templated":true}]}}