{"id":91895,"date":"2025-05-11T13:38:08","date_gmt":"2025-05-11T13:38:08","guid":{"rendered":"https:\/\/www.europesays.com\/fr\/91895\/"},"modified":"2025-05-11T13:38:08","modified_gmt":"2025-05-11T13:38:08","slug":"israel-dit-que-la-reconnaissance-dun-etat-palestinien-entrainera-des-mesures-unilaterales-en-reponse","status":"publish","type":"post","link":"https:\/\/www.europesays.com\/fr\/91895\/","title":{"rendered":"Isra\u00ebl dit que la reconnaissance d&rsquo;un \u00c9tat palestinien entra\u00eenera des \u00abmesures unilat\u00e9rales\u00bb en r\u00e9ponse"},"content":{"rendered":"<p>Gideon Saar, le ministre isra\u00e9lien des Affaires \u00e9trang\u00e8res, a r\u00e9agi en r\u00e9action aux discussions en cours sur la question.<\/p>\n<p class=\"fig-paragraph\">La reconnaissance unilat\u00e9rale d&rsquo;un \u00c9tat palestinien conduira Isra\u00ebl \u00e0 prendre des \u00abmesures unilat\u00e9rales\u00bb, a averti dimanche le ministre isra\u00e9lien des Affaires \u00e9trang\u00e8res, Gideon Saar, en r\u00e9action aux discussions en cours sur la question.<\/p>\n<p class=\"fig-paragraph\">\u00abToute tentative (de reconnaissance) unilat\u00e9rale (&#8230;) ne fera que nuire aux perspectives futures d&rsquo;un processus bilat\u00e9ral et nous poussera \u00e0 prendre des mesures unilat\u00e9rales en r\u00e9ponse\u00bb, a d\u00e9clar\u00e9 M. Saar \u00e0 l&rsquo;issue d&rsquo;une rencontre avec son homologue allemand, Johann Wadephul, \u00e0 J\u00e9rusalem.<\/p>\n","protected":false},"excerpt":{"rendered":"Gideon Saar, le ministre isra\u00e9lien des Affaires \u00e9trang\u00e8res, a r\u00e9agi en r\u00e9action aux discussions en cours sur la&hellip;\n","protected":false},"author":2,"featured_media":91896,"comment_status":"","ping_status":"","sticky":false,"template":"","format":"standard","meta":{"footnotes":""},"categories":[2],"tags":[1111,47,11,1109,1112,118,1108,107,1106,1107,1011,27,1110,1114,14,12,1113,316,25],"class_list":{"0":"post-91895","1":"post","2":"type-post","3":"status-publish","4":"format-standard","5":"has-post-thumbnail","7":"category-actualites","8":"tag-actu","9":"tag-actualite","10":"tag-actualites","11":"tag-breves","12":"tag-depeches","13":"tag-faits-divers","14":"tag-fil","15":"tag-fil-info","16":"tag-flash","17":"tag-flash-actu","18":"tag-fr","19":"tag-france","20":"tag-informations","21":"tag-infos","22":"tag-international","23":"tag-news","24":"tag-nouvelles","25":"tag-politique","26":"tag-republique-francaise"},"share_on_mastodon":{"url":"https:\/\/pubeurope.com\/@fr\/114489478574109375","error":""},"_links":{"self":[{"href":"https:\/\/www.europesays.com\/fr\/wp-json\/wp\/v2\/posts\/91895","targetHints":{"allow":["GET"]}}],"collection":[{"href":"https:\/\/www.europesays.com\/fr\/wp-json\/wp\/v2\/posts"}],"about":[{"href":"https:\/\/www.europesays.com\/fr\/wp-json\/wp\/v2\/types\/post"}],"author":[{"embeddable":true,"href":"https:\/\/www.europesays.com\/fr\/wp-json\/wp\/v2\/users\/2"}],"replies":[{"embeddable":true,"href":"https:\/\/www.europesays.com\/fr\/wp-json\/wp\/v2\/comments?post=91895"}],"version-history":[{"count":0,"href":"https:\/\/www.europesays.com\/fr\/wp-json\/wp\/v2\/posts\/91895\/revisions"}],"wp:featuredmedia":[{"embeddable":true,"href":"https:\/\/www.europesays.com\/fr\/wp-json\/wp\/v2\/media\/91896"}],"wp:attachment":[{"href":"https:\/\/www.europesays.com\/fr\/wp-json\/wp\/v2\/media?parent=91895"}],"wp:term":[{"taxonomy":"category","embeddable":true,"href":"https:\/\/www.europesays.com\/fr\/wp-json\/wp\/v2\/categories?post=91895"},{"taxonomy":"post_tag","embeddable":true,"href":"https:\/\/www.europesays.com\/fr\/wp-json\/wp\/v2\/tags?post=91895"}],"curies":[{"name":"wp","href":"https:\/\/api.w.org\/{rel}","templated":true}]}}