{"id":91901,"date":"2025-05-11T13:42:08","date_gmt":"2025-05-11T13:42:08","guid":{"rendered":"https:\/\/www.europesays.com\/fr\/91901\/"},"modified":"2025-05-11T13:42:08","modified_gmt":"2025-05-11T13:42:08","slug":"ca-ne-fait-que-conforter-ma-colere-ugo-mola-regrette-toujours-lelimination-de-toulouse-en-champions-cup","status":"publish","type":"post","link":"https:\/\/www.europesays.com\/fr\/91901\/","title":{"rendered":"\u00ab\u00c7a ne fait que conforter ma col\u00e8re\u00bb, Ugo Mola regrette toujours l\u2019\u00e9limination de Toulouse en Champions Cup"},"content":{"rendered":"<p>Malgr\u00e9 le r\u00e9cital de son \u00e9quipe samedi soir au stade V\u00e9lodrome de Marseille face \u00e0 Toulon (16-50), le manager toulousain n\u2019a pas dig\u00e9r\u00e9 la d\u00e9faite contre l\u2019UBB en coupe d\u2019Europe.<\/p>\n<p class=\"fig-paragraph\">Un r\u00e9cital, huit essais inscrits,\u00a0<a href=\"http:\/\/www.lefigaro.fr\/sports\/rugby\/top-14\/top-14-toulouse-pulverise-un-toulon-en-inferiorite-numerique-au-velodrome-20250510\" data-fig-type=\"NewsFlash\" data-gtm-custom-categorie=\"navigation\" data-gtm-custom-action=\"crossclick\" data-gtm-custom-label=\"Contextuel\" data-gtm-event=\"customEventSPE\" data-fig-domain=\"LEFIGARO\" target=\"_blank\" rel=\"noopener\">un triomphe 50 \u00e0 16 face \u00e0 Toulon<\/a>\u00a0devant 70.000 spectateurs, samedi soir au stade V\u00e9lodrome de Marseille dans le cadre de la 23e journ\u00e9e du Top 14. Insuffisant cependant pour effacer les regrets d\u2019Ugo Mola, encore sous le coup de<a href=\"http:\/\/www.lefigaro.fr\/sports\/rugby\/coupe-d-europe\/rugby-champions-cup-se-chercher-des-excuses-avec-les-absents-ca-serait-malvenu-avance-ugo-mola-20250504\" data-fig-type=\"NewsFlash\" data-gtm-custom-categorie=\"navigation\" data-gtm-custom-action=\"crossclick\" data-gtm-custom-label=\"Contextuel\" data-gtm-event=\"customEventSPE\" data-fig-domain=\"LEFIGARO\" target=\"_blank\" rel=\"noopener\">\u00a0l\u2019\u00e9limination du Stade Toulousain en demi-finale de Champions Cup<\/a>, une semaine plus t\u00f4t, face \u00e0 l\u2019UBB.<\/p>\n<p class=\"fig-paragraph\">\u00abLe manager est rest\u00e9 scotch\u00e9 \u00e0 dimanche dernier, a avou\u00e9 Ugo Mola au micro de Canal+ apr\u00e8s la rencontre. On a encore quelques d\u00e9mons \u00e0 sortir dans les semaines qui vont venir, parce qu\u2019on n\u2019avait pas le droit de montrer un visage comme \u00e7a. M\u00eame si on a fait bonne figure la semaine derni\u00e8re, on avait besoin de remettre les choses dans l\u2019ordre.\u00bb<\/p>\n<blockquote class=\"fig-quote&#10;    \">\n<p class=\"fig-quote__text\">On va continuer de se remettre en question parce qu\u2019il ne faut pas qu\u2019il y ait une r\u00e9action \u00e9pidermique et plus rien derri\u00e8re.<\/p>\n<p>            Ugo Mola\n    <\/p><\/blockquote>\n<p class=\"fig-paragraph\">\u00ab\u00c0 15 contre 14, le fait de tenir le ballon, de tenter, de jouer, d\u2019oser et d\u2019\u00eatre plus audacieux&#8230; Ce sont des choses que nous n\u2019avons pas faites la semaine derni\u00e8re. On ne va pas y rester des ann\u00e9es mais \u00e7a ne fait que conforter ma col\u00e8re. Malheureusement, la semaine derni\u00e8re, nous n\u2019avons pas su trouver les bonnes cl\u00e9s. Mon discours n\u2019a tr\u00e8s certainement pas \u00e9t\u00e9 \u00e0 la hauteur de l\u2019\u00e9v\u00e9nement. On va continuer de se remettre en question parce qu\u2019il ne faut pas qu\u2019il y ait une r\u00e9action \u00e9pidermique et plus rien derri\u00e8re. Il faut qu\u2019il y ait plus jusqu\u2019\u00e0 la fin. Il reste trois matchs de championnat, peu importe qu\u2019on soit d\u00e9j\u00e0 en demi-finale, ce qu\u2019on veut, c\u2019est finir premiers.\u00bb<\/p>\n<p class=\"fig-paragraph\">Il a \u00e9galement \u00e9voqu\u00e9 la blessure de son jeune arri\u00e8re belge Matias Remue et\u00a0<a href=\"http:\/\/www.lefigaro.fr\/sports\/rugby\/top-14\/top-14-romain-ntamack-victime-d-une-commotion-au-velodrome-face-a-toulon-20250510\" data-fig-type=\"NewsFlash\" data-gtm-custom-categorie=\"navigation\" data-gtm-custom-action=\"crossclick\" data-gtm-custom-label=\"Contextuel\" data-gtm-event=\"customEventSPE\" data-fig-domain=\"LEFIGARO\" target=\"_blank\" rel=\"noopener\">la commotion subie par Romain Ntamack<\/a>. \u00ab\u00c7a fait quatre ou cinq saisons o\u00f9 il y a peu de tr\u00eaves, peu de r\u00e9cup\u00e9rations. Ce groupe est meurtri, on perd encore du monde ce soir (samedi soir). Mais il y a des comportements de joueurs de rugby qui me paraissent quand m\u00eame assez incroyables. Ce sport est g\u00e9nial quand on le joue, pas quand on le regarde et qu\u2019on laisse les autres le faire.\u00bb<\/p>\n","protected":false},"excerpt":{"rendered":"Malgr\u00e9 le r\u00e9cital de son \u00e9quipe samedi soir au stade V\u00e9lodrome de Marseille face \u00e0 Toulon (16-50), le&hellip;\n","protected":false},"author":2,"featured_media":91902,"comment_status":"","ping_status":"","sticky":false,"template":"","format":"standard","meta":{"footnotes":""},"categories":[1416],"tags":[525,4590,1981,2313,814,1011,27,955,4589,2311,3461,1980,479,1468,2259,60,476,478,2310,2312,1088],"class_list":{"0":"post-91901","1":"post","2":"type-post","3":"status-publish","4":"format-standard","5":"has-post-thumbnail","7":"category-rugby","8":"tag-calendrier","9":"tag-championnat-france","10":"tag-classement","11":"tag-clermont","12":"tag-direct","13":"tag-fr","14":"tag-france","15":"tag-match","16":"tag-phase-finale","17":"tag-racing","18":"tag-rct","19":"tag-resultats","20":"tag-rugby","21":"tag-rugby-football","22":"tag-score","23":"tag-sports","24":"tag-stade-toulousain","25":"tag-top-14","26":"tag-toulon","27":"tag-toulouse","28":"tag-ugo-mola"},"share_on_mastodon":{"url":"https:\/\/pubeurope.com\/@fr\/114489494334099422","error":""},"_links":{"self":[{"href":"https:\/\/www.europesays.com\/fr\/wp-json\/wp\/v2\/posts\/91901","targetHints":{"allow":["GET"]}}],"collection":[{"href":"https:\/\/www.europesays.com\/fr\/wp-json\/wp\/v2\/posts"}],"about":[{"href":"https:\/\/www.europesays.com\/fr\/wp-json\/wp\/v2\/types\/post"}],"author":[{"embeddable":true,"href":"https:\/\/www.europesays.com\/fr\/wp-json\/wp\/v2\/users\/2"}],"replies":[{"embeddable":true,"href":"https:\/\/www.europesays.com\/fr\/wp-json\/wp\/v2\/comments?post=91901"}],"version-history":[{"count":0,"href":"https:\/\/www.europesays.com\/fr\/wp-json\/wp\/v2\/posts\/91901\/revisions"}],"wp:featuredmedia":[{"embeddable":true,"href":"https:\/\/www.europesays.com\/fr\/wp-json\/wp\/v2\/media\/91902"}],"wp:attachment":[{"href":"https:\/\/www.europesays.com\/fr\/wp-json\/wp\/v2\/media?parent=91901"}],"wp:term":[{"taxonomy":"category","embeddable":true,"href":"https:\/\/www.europesays.com\/fr\/wp-json\/wp\/v2\/categories?post=91901"},{"taxonomy":"post_tag","embeddable":true,"href":"https:\/\/www.europesays.com\/fr\/wp-json\/wp\/v2\/tags?post=91901"}],"curies":[{"name":"wp","href":"https:\/\/api.w.org\/{rel}","templated":true}]}}