{"id":919115,"date":"2026-05-08T08:22:31","date_gmt":"2026-05-08T08:22:31","guid":{"rendered":"https:\/\/www.europesays.com\/fr\/919115\/"},"modified":"2026-05-08T08:22:31","modified_gmt":"2026-05-08T08:22:31","slug":"saint-etienne-sanime-pour-soutenir-lasse-vers-la-ligue-1","status":"publish","type":"post","link":"https:\/\/www.europesays.com\/fr\/919115\/","title":{"rendered":"Saint-\u00c9tienne s&rsquo;anime pour soutenir l&rsquo;ASSE vers la Ligue 1"},"content":{"rendered":"<p><img loading=\"lazy\" decoding=\"async\" alt=\"\u00a9 Ville de Saint-\u00c9tienne - Plusieurs animations pour la famille et les enfants sont pr\u00e9vues dans le centre-ville de Saint-\u00c9tienne en soutien de l'ASSE ce samedi 9 mai.\" data-zoom-src=\"https:\/\/www.europesays.com\/fr\/wp-content\/uploads\/2026\/05\/initial-ville-de-saint-etienne-animation-asse.jpg\" data-zoomable=\"\" height=\"702\" src=\"https:\/\/www.europesays.com\/fr\/wp-content\/uploads\/2026\/05\/initial-ville-de-saint-etienne-animation-asse.jpg\" width=\"1248\"\/>  <\/p>\n<p class=\"article-desc\">\u00a9 Ville de Saint-\u00c9tienne &#8211; Plusieurs animations pour la famille et les enfants sont pr\u00e9vues dans le centre-ville de Saint-\u00c9tienne en soutien de l&rsquo;ASSE ce samedi 9 mai. <\/p>\n<p><strong>L\u2019ASSE<\/strong> retrouvera-t-elle l\u2019\u00e9lite et un retour en Ligue 1 ce <strong>samedi 9 mai<\/strong>, aux alentours des 22 heures ? La question trotte dans toutes les t\u00eates des supporters des Verts depuis plusieurs semaines. Elle est \u00e9galement dans celle de l&rsquo;ex\u00e9cutif de Saint-\u00c9tienne qui a d\u00e9cid\u00e9 de cr\u00e9er un \u00e9v\u00e8nement autour de cette ultime journ\u00e9e de Ligue 2. <\/p>\n<p>De la place de <strong>l\u2019H\u00f4tel-de-Ville \u00e0 la place Jean-Jaur\u00e8s<\/strong>, en passant par <strong>les places Dorian ou Waldeck-Rousseau<\/strong>, les animations s\u2019encha\u00eeneront tout au long de la journ\u00e9e. Les plus jeunes ne seront pas en reste avec un espace d\u00e9di\u00e9 inspir\u00e9 de l\u2019univers de l\u2019AS Saint-\u00c9tienne : <strong>parcours football<\/strong>, <strong>babyfoot humain<\/strong>, <strong>jeux vid\u00e9o<\/strong> et pr\u00e9sence de la mascotte devraient ravir les familles.<\/p>\n<p> La ville de Saint-\u00c9tienne veut se mettre au vert, avant un match \u00e0 guichet ferm\u00e9 <\/p>\n<p>C\u00f4t\u00e9 sport, les initiations et d\u00e9fis ludiques se multiplieront : structures gonflables, escalade, tir de pr\u00e9cision ou encore activit\u00e9s inclusives. Sur la place Dorian,<strong> place au spectacle vivant<\/strong>, tandis que la place Waldeck-Rousseau fera la part belle \u00e0 la cr\u00e9ativit\u00e9 et aux animations pour petits et grands.<\/p>\n<p>Fanfares, bandas et batucadas viendront rythmer cette journ\u00e9e qui sera conclue par le match \u00e0 Geoffroy-Guichard contre Amiens, pour tenter de rejoindre directement la Ligue 1. Pour ce faire, les joueurs pourront compter sur une ferveur puisque le stade sera, comme souvent, \u00e0 <strong>guichet ferm\u00e9<\/strong> pour cette ultime journ\u00e9e.<\/p>\n","protected":false},"excerpt":{"rendered":"\u00a9 Ville de Saint-\u00c9tienne &#8211; Plusieurs animations pour la famille et les enfants sont pr\u00e9vues dans le centre-ville&hellip;\n","protected":false},"author":2,"featured_media":919116,"comment_status":"","ping_status":"","sticky":false,"template":"","format":"standard","meta":{"footnotes":"","_share_on_mastodon":"0"},"categories":[9653],"tags":[1111,11,1063,461,2430,1777,674,1011,27,66,446,12,25,4001,15880],"class_list":["post-919115","post","type-post","status-publish","format-standard","has-post-thumbnail","category-saint-etienne","tag-actu","tag-actualites","tag-animations","tag-asse","tag-auvergne-rhone-alpes","tag-eu","tag-europe","tag-fr","tag-france","tag-ligue-1","tag-ligue-2","tag-news","tag-republique-francaise","tag-saint-etienne","tag-ville-de-saint-etienne"],"share_on_mastodon":{"url":"https:\/\/pubeurope.com\/@fr\/116537993574409230","error":""},"_links":{"self":[{"href":"https:\/\/www.europesays.com\/fr\/wp-json\/wp\/v2\/posts\/919115","targetHints":{"allow":["GET"]}}],"collection":[{"href":"https:\/\/www.europesays.com\/fr\/wp-json\/wp\/v2\/posts"}],"about":[{"href":"https:\/\/www.europesays.com\/fr\/wp-json\/wp\/v2\/types\/post"}],"author":[{"embeddable":true,"href":"https:\/\/www.europesays.com\/fr\/wp-json\/wp\/v2\/users\/2"}],"replies":[{"embeddable":true,"href":"https:\/\/www.europesays.com\/fr\/wp-json\/wp\/v2\/comments?post=919115"}],"version-history":[{"count":0,"href":"https:\/\/www.europesays.com\/fr\/wp-json\/wp\/v2\/posts\/919115\/revisions"}],"wp:featuredmedia":[{"embeddable":true,"href":"https:\/\/www.europesays.com\/fr\/wp-json\/wp\/v2\/media\/919116"}],"wp:attachment":[{"href":"https:\/\/www.europesays.com\/fr\/wp-json\/wp\/v2\/media?parent=919115"}],"wp:term":[{"taxonomy":"category","embeddable":true,"href":"https:\/\/www.europesays.com\/fr\/wp-json\/wp\/v2\/categories?post=919115"},{"taxonomy":"post_tag","embeddable":true,"href":"https:\/\/www.europesays.com\/fr\/wp-json\/wp\/v2\/tags?post=919115"}],"curies":[{"name":"wp","href":"https:\/\/api.w.org\/{rel}","templated":true}]}}