{"id":91912,"date":"2025-05-11T13:49:08","date_gmt":"2025-05-11T13:49:08","guid":{"rendered":"https:\/\/www.europesays.com\/fr\/91912\/"},"modified":"2025-05-11T13:49:08","modified_gmt":"2025-05-11T13:49:08","slug":"brigitte-bardot-prisonniere-ses-tristes-confidences-sur-sa-vie-reclue-a-saint-tropez","status":"publish","type":"post","link":"https:\/\/www.europesays.com\/fr\/91912\/","title":{"rendered":"Brigitte Bardot \u00ab\u00a0prisonni\u00e8re\u00a0\u00bb : ses tristes confidences sur sa vie reclue \u00e0 Saint-Tropez"},"content":{"rendered":"<p align=\"justify\">C\u2019est une ic\u00f4ne, <a href=\"https:\/\/www.closermag.fr\/people\/brigitte-bardot-cest-un-porc-elle-sort-la-sulfateuse-contre-une-icone-du-cinema-et-cest-inattendu-3479460\" target=\"_blank\" rel=\"noopener nofollow\">qui a un style et un caract\u00e8re bien<br \/>\n\u00e0 elle<\/a>, depuis toujours. Elle a fait fantasmer de nombreuses<br \/>\npersonnes, les a parfois choqu\u00e9es, fascin\u00e9es, et elle reste encore<br \/>\nun grand myst\u00e8re pour beaucoup. Mais, plus que tout, elle aura<br \/>\nmarqu\u00e9 les esprits par son talent et son empreinte laiss\u00e9e dans de<br \/>\nmultiples domaines artistiques, notamment le cin\u00e9ma et la<br \/>\nchanson.<\/p>\n<p align=\"justify\">En dehors de son art, Brigitte Bardot a toujours<br \/>\nbeaucoup fait parler d\u2019elle pour une cause qui lui tient \u00e0<br \/>\ncoeur\u00a0: la protection des animaux. En effet, B.B a fait de<br \/>\ncette cause sa bataille, et n\u2019h\u00e9site pas \u00e0 prendre la parole \u00e0 ce<br \/>\nsujet, malgr\u00e9 sa discr\u00e9tion m\u00e9diatique depuis de nombreuses ann\u00e9es.<br \/>\nElle a d\u2019ailleurs cr\u00e9\u00e9 sa propre fondation pour venir en aide aux<br \/>\nanimaux.<\/p>\n<p>11 ans d\u2019absence \u00e0 la t\u00e9l\u00e9vision<\/p>\n<p align=\"justify\">D\u00e9sormais tr\u00e8s discr\u00e8te m\u00e9diatiquement, sauf<br \/>\nquand il s\u2019agit de parler de protection animale, Brigitte Bardot a<br \/>\nre\u00e7u Steven Bellery, le chef du service culture <a href=\"https:\/\/www.telestar.fr\/actu_tv\/brigitte-bardot-elle-tire-a-balles-reelles-sur-bfmtv-il-y-a-toujours-des-cons-qui-me-1716110\" target=\"_blank\" rel=\"nofollow noopener\">de la cha\u00eene info BFMTV<\/a><br \/>\nchez elle, ce vendredi 9 mai. Cela apr\u00e8s 11 ans d\u2019absence \u00e0 la<br \/>\nt\u00e9l\u00e9vision. Elle s\u2019est livr\u00e9e pendant plus d&rsquo;une heure sur de<br \/>\nmultiples sujets.<\/p>\n<p align=\"justify\">C\u2019est ainsi depuis la terrasse de La Garrigue,<br \/>\nsur les hauteurs de Saint-Tropez, qu\u2019elle a \u00e9voqu\u00e9 le temps qui<br \/>\npasse, l\u2019\u00e9poque, le f\u00e9minisme, mais aussi sa relation avec le<br \/>\npr\u00e9sident de la R\u00e9publique actuel, son pass\u00e9 en tant qu\u2019actrice<br \/>\n<a href=\"https:\/\/www.closermag.fr\/people\/brigitte-bardot-la-france-devrait-me-laccorder-ce-cadeau-dont-elle-reve-pour-ses-90-ans-3478133\" target=\"_blank\" rel=\"noopener nofollow\">et la l\u00e9gende qu\u2019elle est<br \/>\ndevenue<\/a>. Et, bien \u00e9videmment, elle a longuement parl\u00e9 de la<br \/>\ncause animale qu\u2019elle d\u00e9fend.<\/p>\n<p>Brigitte Bardot \u00ab\u00a0Je<br \/>\nsuis prisonni\u00e8re de moi-m\u00eame\u00a0\u00bb<\/p>\n<p align=\"justify\">Elle a en effet expliqu\u00e9 qu\u2019elle va envoyer une<br \/>\nlettre ouverte au pr\u00e9sident de la R\u00e9publique, au Premier ministre<br \/>\net aux parlementaires. Elle y demandera ainsi officiellement<br \/>\nl&rsquo;abolition de la chasse \u00e0 courre. Il s\u2019agit l\u00e0 de son \u00ab\u00a0ultime<br \/>\ncombat\u00a0\u00bb. Elle y d\u00e9clarera ce message\u00a0: \u00ab\u00a0La<br \/>\nFondation Brigitte Bardot vous offre le moyen d&rsquo;entendre ses<br \/>\ndemandes\u00a0\u00bb, ont r\u00e9v\u00e9l\u00e9 en exclusivit\u00e9 nos confr\u00e8res de <a href=\"https:\/\/www.latribune.fr\/la-tribune-dimanche\" target=\"_blank\" rel=\"nofollow noopener\">La Tribune Dimanche<\/a>.<\/p>\n<p align=\"justify\">Dans d\u2019autres confessions, Brigitte Bardot a<br \/>\n\u00e9galement \u00e9voqu\u00e9 sa solitude\u00a0: \u00ab\u00a0Je suis<br \/>\nprisonni\u00e8re de moi-m\u00eame. De toute ma vie, je n\u2019ai pas pu aller<br \/>\nboire un caf\u00e9 en terrasse. Je ne peux pas m\u2019\u00e9vader de moi.<br \/>\nJ\u2019ai fait des folies, heureusement, sinon c\u2019est trop<br \/>\nemmerdant\u00a0\u00bb. Des mots qui lui ressemblent, et qui<br \/>\nprouvent encore son caract\u00e8re et sa l\u00e9gende.<\/p>\n","protected":false},"excerpt":{"rendered":"C\u2019est une ic\u00f4ne, qui a un style et un caract\u00e8re bien \u00e0 elle, depuis toujours. Elle a fait&hellip;\n","protected":false},"author":2,"featured_media":91913,"comment_status":"","ping_status":"","sticky":false,"template":"","format":"standard","meta":{"footnotes":""},"categories":[1359],"tags":[548,20224,58,1073,59,1011,27,973],"class_list":{"0":"post-91912","1":"post","2":"type-post","3":"status-publish","4":"format-standard","5":"has-post-thumbnail","7":"category-people","8":"tag-article-simple","9":"tag-brigitte-bardot","10":"tag-divertissement","11":"tag-emmanuel-macron","12":"tag-entertainment","13":"tag-fr","14":"tag-france","15":"tag-people"},"share_on_mastodon":{"url":"https:\/\/pubeurope.com\/@fr\/114489521789781256","error":""},"_links":{"self":[{"href":"https:\/\/www.europesays.com\/fr\/wp-json\/wp\/v2\/posts\/91912","targetHints":{"allow":["GET"]}}],"collection":[{"href":"https:\/\/www.europesays.com\/fr\/wp-json\/wp\/v2\/posts"}],"about":[{"href":"https:\/\/www.europesays.com\/fr\/wp-json\/wp\/v2\/types\/post"}],"author":[{"embeddable":true,"href":"https:\/\/www.europesays.com\/fr\/wp-json\/wp\/v2\/users\/2"}],"replies":[{"embeddable":true,"href":"https:\/\/www.europesays.com\/fr\/wp-json\/wp\/v2\/comments?post=91912"}],"version-history":[{"count":0,"href":"https:\/\/www.europesays.com\/fr\/wp-json\/wp\/v2\/posts\/91912\/revisions"}],"wp:featuredmedia":[{"embeddable":true,"href":"https:\/\/www.europesays.com\/fr\/wp-json\/wp\/v2\/media\/91913"}],"wp:attachment":[{"href":"https:\/\/www.europesays.com\/fr\/wp-json\/wp\/v2\/media?parent=91912"}],"wp:term":[{"taxonomy":"category","embeddable":true,"href":"https:\/\/www.europesays.com\/fr\/wp-json\/wp\/v2\/categories?post=91912"},{"taxonomy":"post_tag","embeddable":true,"href":"https:\/\/www.europesays.com\/fr\/wp-json\/wp\/v2\/tags?post=91912"}],"curies":[{"name":"wp","href":"https:\/\/api.w.org\/{rel}","templated":true}]}}