{"id":91916,"date":"2025-05-11T13:52:08","date_gmt":"2025-05-11T13:52:08","guid":{"rendered":"https:\/\/www.europesays.com\/fr\/91916\/"},"modified":"2025-05-11T13:52:08","modified_gmt":"2025-05-11T13:52:08","slug":"apres-deux-mois-de-derive-dans-locean-pacifique-5-pecheurs-retrouves-vivants","status":"publish","type":"post","link":"https:\/\/www.europesays.com\/fr\/91916\/","title":{"rendered":"Apr\u00e8s deux mois de d\u00e9rive dans l&rsquo;oc\u00e9an Pacifique, 5 p\u00eacheurs retrouv\u00e9s vivants"},"content":{"rendered":"<p>Un groupe de p\u00eacheurs sud-am\u00e9ricains a \u00e9t\u00e9 secouru mercredi par un thonier, a annonc\u00e9 la marine \u00e9quatorienne vendredi.Ces derniers avaient disparu en mer quelques jours apr\u00e8s leur d\u00e9part de Lima mi-mars.Leur \u00e9tat de sant\u00e9 est stable, a-t-il \u00e9t\u00e9 pr\u00e9cis\u00e9.<\/p>\n<p data-module=\"article-paragraph\" class=\"jsx-362436225 Paragraph\">Survivre en pleine de mer pendant deux mois, avec le strict minimum. C&rsquo;est le d\u00e9fi qu&rsquo;ont relev\u00e9, bien malgr\u00e9 eux, cinq p\u00eacheurs, originaires du P\u00e9rou et de Colombie, qui ont \u00e9t\u00e9 secourus ce mercredi apr\u00e8s 55 jours de d\u00e9rive avant de fouler la terre ferme ce samedi, a annonc\u00e9 la marine \u00e9quatorienne, dans une publication sur son compte X.\u00a0<\/p>\n<p data-module=\"article-paragraph\" class=\"jsx-362436225 Paragraph Paragraph__End\">Les cinq hommes, qui avaient quitt\u00e9 la baie de Pucusana, au sud de Lima au P\u00e9rou, le 12 mars, ont fait face \u00e0 un incident technique deux jours apr\u00e8s leur d\u00e9part.\u00a0<\/p>\n<blockquote class=\"jsx-2786790838 Quote__Text\"><p>Ils n\u2019avaient ni d\u00e9marreur ni lumi\u00e8re ni quoi que ce soit qui fonctionne avec une batterie<\/p><\/blockquote>\n<p>Maria Fares; capitaine de fr\u00e9gate dans la marine \u00e9quatorienne<\/p>\n<p data-module=\"article-paragraph\" class=\"jsx-362436225 Paragraph Paragraph__End\">\u00ab\u00a0Ils n\u2019avaient ni d\u00e9marreur ni lumi\u00e8re ni quoi que ce soit qui fonctionne avec une batterie\u00a0\u00bb, a expliqu\u00e9 le capitaine de fr\u00e9gate Maria Fares, membre de la marine \u00e9quatorienne, \u00e0 l\u2019agence <a href=\"https:\/\/apnews.com\/article\/ecuador-fishermen-galapagos-rescue-adrift-missing-9d057d6947485988da1729c82873d569\" rel=\"nofollow noopener\" target=\"_blank\">Associated Press<\/a>, pr\u00e9cisant qu&rsquo;un dommage \u00e0 l\u2019alternateur avait engendr\u00e9 des dysfonctionnements des syst\u00e8mes de navigation et de communication.\u00a0<\/p>\n<blockquote data-testid=\"EmbedTwitter\" id=\"tweet-1921255092226863298-:Remij9n79m:\" class=\"jsx-aeff1a1c40f54d7a twitter-tweet flex justify-center items-center\"><p>#Gal\u00e1pagos | Gracias a las coordinaciones realizadas por la  @armada_ecuador , fueron recibidos cinco n\u00e1ufragos: tres de nacionalidad peruana y dos de nacionalidad colombiana. Seg\u00fan la informaci\u00f3n recabada, permanecieron 55 d\u00edas a la deriva, desde el 12 de marzo hasta el 7 de mayo,\u2026  pic.twitter.com\/T4UnPYzXzN \u2014 Armada del Ecuador (@armada_ecuador)  May 10, 2025<\/p><\/blockquote>\n<p data-module=\"article-paragraph\" class=\"jsx-362436225 Paragraph\">Selon elle, le groupe de p\u00eacheurs a surv\u00e9cu en attrapant quelques poissons qu\u2019ils ont fait bouillir et en buvant de l\u2019eau de pluie mais aussi de l\u2019eau de mer.\u00a0<\/p>\n<p data-module=\"article-paragraph\" class=\"jsx-362436225 Paragraph Paragraph__End\">C&rsquo;est finalement un thonier \u00e9quatorien qui a rep\u00e9r\u00e9 et pris en charge les naufrag\u00e9s le 7 mai apr\u00e8s 55 jours de d\u00e9rive. Ces derniers ont \u00e9t\u00e9 conduits vers les \u00eeles Gal\u00e1pagos, o\u00f9 ils ont retrouv\u00e9 la terre ferme trois jours plus tard. Leur \u00e9tat de sant\u00e9 est toutefois d\u00e9crit pour l\u2019heure comme \u00ab\u00a0stable\u00a0\u00bb.\u00a0Ils devraient prochainement pouvoir regagner leur pays et leurs proches.<\/p>\n<p>A. LG<\/p>\n<p><script async src=\"https:\/\/platform.twitter.com\/widgets.js\" charset=\"utf-8\"><\/script><\/p>\n","protected":false},"excerpt":{"rendered":"Un groupe de p\u00eacheurs sud-am\u00e9ricains a \u00e9t\u00e9 secouru mercredi par un thonier, a annonc\u00e9 la marine \u00e9quatorienne vendredi.Ces&hellip;\n","protected":false},"author":2,"featured_media":91917,"comment_status":"","ping_status":"","sticky":false,"template":"","format":"standard","meta":{"footnotes":""},"categories":[1356],"tags":[3085,1111,11,1921,58,59,1011,27,1922,1757,252,1364,133,1920],"class_list":{"0":"post-91916","1":"post","2":"type-post","3":"status-publish","4":"format-standard","5":"has-post-thumbnail","7":"category-television","8":"tag-accidents","9":"tag-actu","10":"tag-actualites","11":"tag-article-video","12":"tag-divertissement","13":"tag-entertainment","14":"tag-fr","15":"tag-france","16":"tag-info","17":"tag-insolite","18":"tag-television","19":"tag-tv","20":"tag-video","21":"tag-video-international"},"share_on_mastodon":{"url":"https:\/\/pubeurope.com\/@fr\/114489533724487428","error":""},"_links":{"self":[{"href":"https:\/\/www.europesays.com\/fr\/wp-json\/wp\/v2\/posts\/91916","targetHints":{"allow":["GET"]}}],"collection":[{"href":"https:\/\/www.europesays.com\/fr\/wp-json\/wp\/v2\/posts"}],"about":[{"href":"https:\/\/www.europesays.com\/fr\/wp-json\/wp\/v2\/types\/post"}],"author":[{"embeddable":true,"href":"https:\/\/www.europesays.com\/fr\/wp-json\/wp\/v2\/users\/2"}],"replies":[{"embeddable":true,"href":"https:\/\/www.europesays.com\/fr\/wp-json\/wp\/v2\/comments?post=91916"}],"version-history":[{"count":0,"href":"https:\/\/www.europesays.com\/fr\/wp-json\/wp\/v2\/posts\/91916\/revisions"}],"wp:featuredmedia":[{"embeddable":true,"href":"https:\/\/www.europesays.com\/fr\/wp-json\/wp\/v2\/media\/91917"}],"wp:attachment":[{"href":"https:\/\/www.europesays.com\/fr\/wp-json\/wp\/v2\/media?parent=91916"}],"wp:term":[{"taxonomy":"category","embeddable":true,"href":"https:\/\/www.europesays.com\/fr\/wp-json\/wp\/v2\/categories?post=91916"},{"taxonomy":"post_tag","embeddable":true,"href":"https:\/\/www.europesays.com\/fr\/wp-json\/wp\/v2\/tags?post=91916"}],"curies":[{"name":"wp","href":"https:\/\/api.w.org\/{rel}","templated":true}]}}