{"id":91934,"date":"2025-05-11T14:01:08","date_gmt":"2025-05-11T14:01:08","guid":{"rendered":"https:\/\/www.europesays.com\/fr\/91934\/"},"modified":"2025-05-11T14:01:08","modified_gmt":"2025-05-11T14:01:08","slug":"un-rapport-presente-en-conseil-de-defense-le-21-mai","status":"publish","type":"post","link":"https:\/\/www.europesays.com\/fr\/91934\/","title":{"rendered":"un rapport pr\u00e9sent\u00e9 en conseil de d\u00e9fense le 21 mai"},"content":{"rendered":"<p>Bruno Retailleau avait annonc\u00e9 il y a deux semaines son intention de rendre public un rapport \u00abaccablant\u00bb, \u00abconstitu\u00e9 \u00e0 partir de renseignements des services les plus qualifi\u00e9s de l\u2019\u00c9tat\u00bb, sur le \u00ab\u201cfr\u00e9risme\u201d, les fr\u00e8res musulmans et leur entrisme\u00bb.<\/p>\n<p class=\"fig-paragraph\">Un rapport sur le\u00a0<a href=\"http:\/\/www.lefigaro.fr\/actualite-france\/nathalie-goulet-bloquer-la-contribution-francaise-a-l-union-europeenne-pour-obtenir-l-arret-du-financement-des-freres-musulmans-20250507\" target=\"_blank\" data-fig-type=\"Article\" rel=\"noopener\" data-gtm-custom-categorie=\"navigation\" data-gtm-custom-action=\"crossclick\" data-gtm-custom-label=\"Contextuel\" data-gtm-event=\"customEventSPE\" data-fig-domain=\"LEFIGARO\">mouvement des Fr\u00e8res musulmans<\/a>\u00a0et son \u00abentrisme\u00bb sera au c\u0153ur d&rsquo;un conseil de d\u00e9fense pr\u00e9sid\u00e9 par\u00a0<a href=\"http:\/\/www.lefigaro.fr\/actualite-france\/corse-nouvelle-caledonie-emmanuel-macron-empetre-dans-les-differentes-lignes-de-son-gouvernement-20250506\" target=\"_blank\" data-fig-type=\"Article\" rel=\"noopener\" data-gtm-custom-categorie=\"navigation\" data-gtm-custom-action=\"crossclick\" data-gtm-custom-label=\"Contextuel\" data-gtm-event=\"customEventSPE\" data-fig-domain=\"LEFIGARO\">Emmanuel Macron<\/a>\u00a0le 21 mai, a d\u00e9clar\u00e9 dimanche le ministre de l&rsquo;Int\u00e9rieur Bruno Retailleau.<\/p>\n<p class=\"fig-paragraph\">Interrog\u00e9 lors du Grand Jury RTL\/M6\/Le Figaro\/Public S\u00e9nat sur la date de cette r\u00e9union\u00a0visant \u00e0\u00a0<a href=\"http:\/\/www.lefigaro.fr\/flash-actu\/le-gouvernement-demande-un-rapport-sur-les-freres-musulmans-a-deux-hauts-fonctionnaires-20240506\" target=\"_blank\" data-fig-type=\"NewsFlash\" rel=\"noopener\" data-gtm-custom-categorie=\"navigation\" data-gtm-custom-action=\"crossclick\" data-gtm-custom-label=\"Contextuel\" data-gtm-event=\"customEventSPE\" data-fig-domain=\"LEFIGARO\">\u00e9voquer ce rapport<\/a>\u00a0tenu pour l&rsquo;instant secret, le ministre a r\u00e9pondu qu&rsquo;\u00abil y aura bien ce conseil de d\u00e9fense qui sera pr\u00e9sid\u00e9 par le chef de l&rsquo;\u00c9tat\u00bb. \u00abIl sera bien le 21 mai et pour moi c&rsquo;est fondamental parce que cela signifie que cette question va \u00eatre plac\u00e9e au c\u0153ur de l&rsquo;\u00c9tat et de l&rsquo;interminist\u00e9riel\u00bb, a-t-il ajout\u00e9 en \u00e9voquant \u00abune menace pour la R\u00e9publique\u00bb.<\/p>\n<p>\u00abMatrice politique de l\u2019islamisme\u00bb<\/p>\n<p class=\"fig-paragraph\">Ce rapport n&rsquo;est pas publi\u00e9 \u00abparce qu&rsquo;il est classifi\u00e9 confidentiel d\u00e9fense\u00bb et renferme des informations \u00abqui, si elles \u00e9taient connues, y compris de ceux qui sont dans ce rapport, pourraient les renseigner\u00bb, mais une \u00abversion all\u00e9g\u00e9e\u00bb devrait \u00eatre diffus\u00e9e \u00e0 une date encore \u00e0 fixer, selon lui. Ce rapport pourrait-il proposer l&rsquo;interdiction des Fr\u00e8res musulmans? \u00abNon, parce que le probl\u00e8me des Fr\u00e8res musulmans, c&rsquo;est qu&rsquo;il y a peu de choses dans la confr\u00e9rie secr\u00e8te\u00bb mais \u00abc&rsquo;est l&rsquo;entrisme\u00bb, a r\u00e9torqu\u00e9 le ministre. \u00abLes Fr\u00e8res musulmans ont invent\u00e9 la matrice politique de l&rsquo;islamisme, mais ils ont un discours tr\u00e8s tr\u00e8s lisse. Et, aujourd&rsquo;hui, on n&rsquo;arriverait pas \u00e0 constituer des preuves pour une dissolution\u00bb, a-t-il d\u00e9velopp\u00e9.<\/p>\n<p class=\"fig-paragraph\">\u00abEn revanche, l\u00e0 o\u00f9 on peut taper et c&rsquo;est ce que l&rsquo;on fait (&#8230;), c&rsquo;est sur l&rsquo;entrisme dans les clubs de sport, dans les \u00e9coles Al Kindi par exemple, c&rsquo;est la question d&rsquo;Averro\u00e8s, la question de leur propre institut de formation \u00e0 Ch\u00e2teau-Chinon, dans la Ni\u00e8vre, qui vient d&rsquo;\u00eatre perquisitionn\u00e9\u00bb, a poursuivi Bruno Retailleau. Le ministre avait annonc\u00e9 il y a deux semaines son intention de rendre public \u00abdans quelques jours\u00bb un rapport \u00abaccablant\u00bb, \u00abconstitu\u00e9 \u00e0 partir de renseignements des services les plus qualifi\u00e9s de l&rsquo;\u00c9tat\u00bb, sur le \u00abfr\u00e9risme, les fr\u00e8res musulmans et leur entrisme\u00bb.<\/p>\n<p class=\"fig-paragraph\">Le gouvernement avait confi\u00e9 en mai 2024 une mission \u00e0 deux hauts fonctionnaires sur \u00abl&rsquo;islamisme politique et la\u00a0<a href=\"http:\/\/www.lefigaro.fr\/actualite-france\/europe-l-islam-face-a-l-entrisme-des-freres-musulmans-20230120\" target=\"_blank\" data-fig-type=\"Article\" rel=\"noopener\" data-gtm-custom-categorie=\"navigation\" data-gtm-custom-action=\"crossclick\" data-gtm-custom-label=\"Contextuel\" data-gtm-event=\"customEventSPE\" data-fig-domain=\"LEFIGARO\">mouvance des Fr\u00e8res musulmans\u00bb<\/a>, charg\u00e9e de rendre un rapport \u00e0 l&rsquo;automne 2024. Ces travaux sont pr\u00e9sent\u00e9s comme \u00e9tant dans la droite ligne du discours des Mureaux (Yvelines) sur le s\u00e9paratisme prononc\u00e9 par Emmanuel Macron en 2020 et qui a d\u00e9bouch\u00e9 sur la loi sur les principes et valeurs de la R\u00e9publique de 2021.<\/p>\n","protected":false},"excerpt":{"rendered":"Bruno Retailleau avait annonc\u00e9 il y a deux semaines son intention de rendre public un rapport \u00abaccablant\u00bb, \u00abconstitu\u00e9&hellip;\n","protected":false},"author":2,"featured_media":91935,"comment_status":"","ping_status":"","sticky":false,"template":"","format":"standard","meta":{"footnotes":""},"categories":[4],"tags":[47,1058,1054,1059,1060,1055,11,1057,118,1011,27,9305,1061,303,12,1062,25,656,104,1056,809],"class_list":{"0":"post-91934","1":"post","2":"type-post","3":"status-publish","4":"format-standard","5":"has-post-thumbnail","7":"category-france","8":"tag-actualite","9":"tag-actualite-education","10":"tag-actualite-france","11":"tag-actualite-justice","12":"tag-actualite-securite","13":"tag-actualite-societe","14":"tag-actualites","15":"tag-education","16":"tag-faits-divers","17":"tag-fr","18":"tag-france","19":"tag-freres-musulmans","20":"tag-immigration","21":"tag-justice","22":"tag-news","23":"tag-polemique","24":"tag-republique-francaise","25":"tag-securite","26":"tag-societe","27":"tag-societe-francaise","28":"tag-violence"},"share_on_mastodon":{"url":"https:\/\/pubeurope.com\/@fr\/114489569015485095","error":""},"_links":{"self":[{"href":"https:\/\/www.europesays.com\/fr\/wp-json\/wp\/v2\/posts\/91934","targetHints":{"allow":["GET"]}}],"collection":[{"href":"https:\/\/www.europesays.com\/fr\/wp-json\/wp\/v2\/posts"}],"about":[{"href":"https:\/\/www.europesays.com\/fr\/wp-json\/wp\/v2\/types\/post"}],"author":[{"embeddable":true,"href":"https:\/\/www.europesays.com\/fr\/wp-json\/wp\/v2\/users\/2"}],"replies":[{"embeddable":true,"href":"https:\/\/www.europesays.com\/fr\/wp-json\/wp\/v2\/comments?post=91934"}],"version-history":[{"count":0,"href":"https:\/\/www.europesays.com\/fr\/wp-json\/wp\/v2\/posts\/91934\/revisions"}],"wp:featuredmedia":[{"embeddable":true,"href":"https:\/\/www.europesays.com\/fr\/wp-json\/wp\/v2\/media\/91935"}],"wp:attachment":[{"href":"https:\/\/www.europesays.com\/fr\/wp-json\/wp\/v2\/media?parent=91934"}],"wp:term":[{"taxonomy":"category","embeddable":true,"href":"https:\/\/www.europesays.com\/fr\/wp-json\/wp\/v2\/categories?post=91934"},{"taxonomy":"post_tag","embeddable":true,"href":"https:\/\/www.europesays.com\/fr\/wp-json\/wp\/v2\/tags?post=91934"}],"curies":[{"name":"wp","href":"https:\/\/api.w.org\/{rel}","templated":true}]}}