{"id":91940,"date":"2025-05-11T14:07:09","date_gmt":"2025-05-11T14:07:09","guid":{"rendered":"https:\/\/www.europesays.com\/fr\/91940\/"},"modified":"2025-05-11T14:07:09","modified_gmt":"2025-05-11T14:07:09","slug":"maxeville-depart-de-la-marche-nancy-metz-depuis-la-salle-des-cailles-blanches","status":"publish","type":"post","link":"https:\/\/www.europesays.com\/fr\/91940\/","title":{"rendered":"Max\u00e9ville. D\u00e9part de la marche Nancy-Metz depuis la salle des Cailles Blanches"},"content":{"rendered":"<p>Pour sa 40e \u00e9dition, Nancy-Metz \u00e0 la marche a pris pour point de d\u00e9part la salle des Cailles Blanches, au bord du Canal. Le nombre de participants a \u00e9t\u00e9 limit\u00e9 \u00e0 2\u00a0500, un record pour l\u2019\u00e9preuve. Un millier d\u2019entre eux a pris le d\u00e9part depuis Max\u00e9ville, pour se lancer dans les 33 ou 66\u00a0km. D\u00e8s 5\u00a0h, les b\u00e9n\u00e9voles ont accueilli les marcheurs avec des boissons r\u00e9confortantes.<\/p>\n","protected":false},"excerpt":{"rendered":"Pour sa 40e \u00e9dition, Nancy-Metz \u00e0 la marche a pris pour point de d\u00e9part la salle des Cailles&hellip;\n","protected":false},"author":2,"featured_media":91941,"comment_status":"","ping_status":"","sticky":false,"template":"","format":"standard","meta":{"footnotes":""},"categories":[9635],"tags":[1111,11,1687,1704,1777,674,1011,27,775,10061,10262,1702,12,25],"class_list":{"0":"post-91940","1":"post","2":"type-post","3":"status-publish","4":"format-standard","5":"has-post-thumbnail","7":"category-nancy","8":"tag-actu","9":"tag-actualites","10":"tag-culture-loisirs","11":"tag-edition-nancy-et-agglomeration","12":"tag-eu","13":"tag-europe","14":"tag-fr","15":"tag-france","16":"tag-grand-est","17":"tag-maxeville","18":"tag-metropole-du-grand-nancy-54b5","19":"tag-nancy","20":"tag-news","21":"tag-republique-francaise"},"share_on_mastodon":{"url":"https:\/\/pubeurope.com\/@fr\/114489592570223520","error":""},"_links":{"self":[{"href":"https:\/\/www.europesays.com\/fr\/wp-json\/wp\/v2\/posts\/91940","targetHints":{"allow":["GET"]}}],"collection":[{"href":"https:\/\/www.europesays.com\/fr\/wp-json\/wp\/v2\/posts"}],"about":[{"href":"https:\/\/www.europesays.com\/fr\/wp-json\/wp\/v2\/types\/post"}],"author":[{"embeddable":true,"href":"https:\/\/www.europesays.com\/fr\/wp-json\/wp\/v2\/users\/2"}],"replies":[{"embeddable":true,"href":"https:\/\/www.europesays.com\/fr\/wp-json\/wp\/v2\/comments?post=91940"}],"version-history":[{"count":0,"href":"https:\/\/www.europesays.com\/fr\/wp-json\/wp\/v2\/posts\/91940\/revisions"}],"wp:featuredmedia":[{"embeddable":true,"href":"https:\/\/www.europesays.com\/fr\/wp-json\/wp\/v2\/media\/91941"}],"wp:attachment":[{"href":"https:\/\/www.europesays.com\/fr\/wp-json\/wp\/v2\/media?parent=91940"}],"wp:term":[{"taxonomy":"category","embeddable":true,"href":"https:\/\/www.europesays.com\/fr\/wp-json\/wp\/v2\/categories?post=91940"},{"taxonomy":"post_tag","embeddable":true,"href":"https:\/\/www.europesays.com\/fr\/wp-json\/wp\/v2\/tags?post=91940"}],"curies":[{"name":"wp","href":"https:\/\/api.w.org\/{rel}","templated":true}]}}